{"id":205952,"date":"2026-03-11T22:35:19","date_gmt":"2026-03-12T01:35:19","guid":{"rendered":"https:\/\/www.correiobraziliense.com.br\/cbradar\/?p=205952"},"modified":"2026-03-10T16:27:47","modified_gmt":"2026-03-10T19:27:47","slug":"conhecida-como-a-rainha-das-frutas-essa-fruta-exotica-chama-atencao-pelo-sabor-delicado-e-pelos-antioxidantes-naturais","status":"publish","type":"post","link":"https:\/\/www.correiobraziliense.com.br\/cbradar\/conhecida-como-a-rainha-das-frutas-essa-fruta-exotica-chama-atencao-pelo-sabor-delicado-e-pelos-antioxidantes-naturais\/","title":{"rendered":"Conhecida como a rainha das frutas, essa fruta ex\u00f3tica chama aten\u00e7\u00e3o pelo sabor delicado e pelos antioxidantes naturais"},"content":{"rendered":"\n<p>Voc\u00ea j\u00e1 imaginou provar uma fruta chamada <b>\u201crainha das frutas\u201d<\/b> e descobrir que, al\u00e9m de deliciosa, ela pode trazer <b>benef\u00edcios<\/b> para a sua sa\u00fade? O <b>mangost\u00e3o<\/b>, com sua casca roxa por fora e polpa branca por dentro, vem ganhando espa\u00e7o entre quem gosta de experimentar sabores diferentes e busca op\u00e7\u00f5es naturais para variar o card\u00e1pio do dia a dia, sem abrir m\u00e3o do cuidado com o corpo.<\/p>\n\n\n\n<h2 class=\"wp-block-heading\">O que \u00e9 o mangost\u00e3o e por que essa fruta chama tanta aten\u00e7\u00e3o<\/h2>\n\n\n\n<p>O mangost\u00e3o (<b>Garcinia mangostana<\/b>) \u00e9 uma fruta de origem <b>asi\u00e1tica<\/b>, com casca grossa roxa e gomos brancos por dentro, macios e bem suculentos. Ele costuma ser consumido fresco, mas tamb\u00e9m aparece em polpas congeladas, sucos, c\u00e1psulas e p\u00f3s desidratados, especialmente em lojas de produtos <b>naturais<\/b>.<\/p>\n\n\n\n<p>Al\u00e9m do sabor suave, levemente adocicado, o mangost\u00e3o cont\u00e9m <b>fibras<\/b>, vitaminas, minerais e compostos chamados xantonas, que s\u00e3o estudados pelo seu potencial antioxidante. Isso tem feito muita gente olhar para a fruta n\u00e3o s\u00f3 como um lanche diferente, mas como parte de uma alimenta\u00e7\u00e3o mais colorida e <b>variada<\/b>, contribuindo para uma rotina alimentar mais <b>equilibrada<\/b>.<\/p>\n\n\n<div class=\"wp-block-image\">\n<figure class=\"aligncenter size-full\"><img decoding=\"async\" width=\"1280\" height=\"720\" src=\"https:\/\/www.correiobraziliense.com.br\/cbradar\/wp-content\/uploads\/2026\/03\/Gemini_Generated_Image_r1ky4rr1ky4rr1ky-1.png\" alt=\"\" class=\"wp-image-206039\" srcset=\"https:\/\/www.correiobraziliense.com.br\/cbradar\/wp-content\/uploads\/2026\/03\/Gemini_Generated_Image_r1ky4rr1ky4rr1ky-1.png 1280w, https:\/\/www.correiobraziliense.com.br\/cbradar\/wp-content\/uploads\/2026\/03\/Gemini_Generated_Image_r1ky4rr1ky4rr1ky-1-300x169.png 300w, https:\/\/www.correiobraziliense.com.br\/cbradar\/wp-content\/uploads\/2026\/03\/Gemini_Generated_Image_r1ky4rr1ky4rr1ky-1-768x432.png 768w, https:\/\/www.correiobraziliense.com.br\/cbradar\/wp-content\/uploads\/2026\/03\/Gemini_Generated_Image_r1ky4rr1ky4rr1ky-1-750x422.png 750w, https:\/\/www.correiobraziliense.com.br\/cbradar\/wp-content\/uploads\/2026\/03\/Gemini_Generated_Image_r1ky4rr1ky4rr1ky-1-1140x641.png 1140w\" sizes=\"(max-width: 1280px) 100vw, 1280px\" \/><figcaption class=\"wp-element-caption\">Al\u00e9m do sabor suave, levemente adocicado, o mangost\u00e3o cont\u00e9m fibras, vitaminas, minerais e compostos chamados xantonas<\/figcaption><\/figure><\/div>\n\n\n<p>Leia tamb\u00e9m:&nbsp;<a href=\"https:\/\/www.correiobraziliense.com.br\/cbradar\/a-planta-poderosa-que-ajuda-a-eliminar-liquidos-e-proteger-os-rins\/\" target=\"_blank\" rel=\"noopener\">A planta poderosa que ajuda a eliminar l\u00edquidos e proteger os rins<\/a><\/p>\n\n\n\n<h2 class=\"wp-block-heading\">Quais s\u00e3o os poss\u00edveis benef\u00edcios do mangost\u00e3o para o organismo<\/h2>\n\n\n\n<p>Um dos pontos mais comentados sobre o mangost\u00e3o \u00e9 a presen\u00e7a de <b>antioxidantes<\/b>, em especial as xantonas, concentradas principalmente na casca. Esses compostos ajudam a neutralizar parte dos radicais livres, mol\u00e9culas que, em excesso, podem favorecer o estresse oxidativo e o <b>envelhecimento<\/b> precoce das c\u00e9lulas, al\u00e9m de contribuir para a prote\u00e7\u00e3o de tecidos <b>corporais<\/b>.<\/p>\n\n\n\n<p>A polpa tamb\u00e9m oferece <b>fibras<\/b>, que colaboram com o funcionamento do intestino, e pequenas quantidades de vitamina C, ligada \u00e0 prote\u00e7\u00e3o do sistema <b>imunol\u00f3gico<\/b>. Em conjunto com outras frutas, legumes e verduras, o mangost\u00e3o pode ser um complemento interessante, sem substituir fontes tradicionais como frutas <b>c\u00edtricas<\/b>, frutas vermelhas e vegetais coloridos.<\/p>\n\n\n\n<h2 class=\"wp-block-heading\">Como incluir o mangost\u00e3o na alimenta\u00e7\u00e3o do dia a dia de forma simples<\/h2>\n\n\n\n<p>Se voc\u00ea encontrar o mangost\u00e3o em feiras ou mercados especializados, a forma mais f\u00e1cil de consumir \u00e9 fresca: basta abrir a casca roxa com cuidado e retirar os gomos <b>brancos<\/b>. Outra op\u00e7\u00e3o \u00e9 bater a polpa em sucos mistos com <b>laranja<\/b>, abacaxi ou \u00e1gua de coco, o que deixa o sabor mais familiar para quem est\u00e1 provando pela primeira <b>vez<\/b>. Separamos esse v\u00eddeo do canal <a href=\"https:\/\/www.youtube.com\/@Dr.Sa%C3%BAdeOFICIAL-f4g\" target=\"_blank\" rel=\"noreferrer noopener\">Dr. Sa\u00fade OFICIAL<\/a> mostrando mais sobre os benef\u00edcios dessa fruta:<\/p>\n\n\n\n<figure class=\"wp-block-embed is-type-video is-provider-youtube wp-block-embed-youtube wp-embed-aspect-16-9 wp-has-aspect-ratio\"><div class=\"wp-block-embed__wrapper\">\n<div class=\"jeg_video_container jeg_video_content\"><iframe loading=\"lazy\" title=\"Os 15 Benef\u00edcios do Mangost\u00e3o Para Sa\u00fade | Dr. Sa\u00fade\" width=\"500\" height=\"281\" src=\"https:\/\/www.youtube.com\/embed\/n5HzEhrk6yk?start=1&#038;feature=oembed\" frameborder=\"0\" allow=\"accelerometer; autoplay; clipboard-write; encrypted-media; gyroscope; picture-in-picture; web-share\" referrerpolicy=\"strict-origin-when-cross-origin\" allowfullscreen><\/iframe><\/div>\n<\/div><\/figure>\n\n\n\n<p>Tamb\u00e9m \u00e9 poss\u00edvel usar o mangost\u00e3o em receitas pr\u00e1ticas, que combinam bem com a rotina. A lista abaixo traz algumas ideias para experimentar a fruta de maneiras diferentes, sem grandes <b>complica\u00e7\u00f5es<\/b> na cozinha, permitindo variar o consumo de frutas ao longo da <b>semana<\/b> e aumentar a oferta de alimentos de origem <b>vegetal<\/b>:<\/p>\n\n\n\n<ul class=\"wp-block-list\">\n<li>Consumir <b>mangost\u00e3o<\/b> fresco como lanche, acompanhado de outras <b>frutas<\/b>.<\/li>\n\n\n\n<li>Preparar sucos mistos com mangost\u00e3o, mantendo pouco <b>a\u00e7\u00facar<\/b> adicionado.<\/li>\n\n\n\n<li>Usar a polpa em <b>smoothies<\/b> com iogurte ou bebidas <b>vegetais<\/b>.<\/li>\n\n\n\n<li>Adicionar o mangost\u00e3o em saladas de frutas, alternando com ingredientes <b>regionais<\/b>.<\/li>\n<\/ul>\n\n\n\n<h2 class=\"wp-block-heading\">Quais cuidados e limita\u00e7\u00f5es s\u00e3o importantes ao consumir mangost\u00e3o<\/h2>\n\n\n\n<p>Mesmo sendo uma fruta, o mangost\u00e3o merece alguns <b>cuidados<\/b>. Pessoas com hist\u00f3rico de alergia a frutas tropicais devem observar como o corpo reage ap\u00f3s o consumo, principalmente nas primeiras <b>vezes<\/b>. J\u00e1 suplementos em c\u00e1psulas ou extratos concentrados podem oferecer doses elevadas de <b>compostos<\/b>, e por isso pedem orienta\u00e7\u00e3o de um profissional de sa\u00fade.<\/p>\n\n\n\n<p>\u00c9 importante lembrar que alimentos ricos em <b>antioxidantes<\/b> n\u00e3o substituem tratamentos m\u00e9dicos ou medicamentos prescritos. O mangost\u00e3o pode entrar como parte de uma alimenta\u00e7\u00e3o equilibrada, que inclua legumes, verduras, gr\u00e3os integrais, boas fontes de <b>prote\u00edna<\/b> e outras frutas. Outro ponto \u00e9 a disponibilidade: em muitas regi\u00f5es, ele ainda \u00e9 um produto sazonal e com <b>pre\u00e7o<\/b> mais elevado.<\/p>\n\n\n\n<h2 class=\"wp-block-heading\">Quais s\u00e3o os principais nutrientes do mangost\u00e3o por por\u00e7\u00e3o<\/h2>\n\n\n\n<p>A tabela abaixo mostra valores aproximados para 100 g de polpa de <b>mangost\u00e3o<\/b>, que correspondem a uma por\u00e7\u00e3o m\u00e9dia da fruta. Esses n\u00fameros podem variar conforme o tipo de <b>solo<\/b>, o clima e o ponto de matura\u00e7\u00e3o, mas j\u00e1 ajudam a ter uma ideia do que ela <b>oferece<\/b>.<\/p>\n\n\n\n<div class=\"google-auto-ads-ignore\" style=\"box-sizing: border-box; display: flex; flex-direction: column; width: 100%; max-width: 800px; margin: 30px auto; background-color: #ffffff; color: #1f1f1f; border-radius: 12px; overflow: hidden; font-family: 'Segoe UI', Roboto, Helvetica, Arial, sans-serif; box-shadow: 0 4px 15px rgba(0,0,0,0.08); border: 1px solid #e0e0e0; position: relative; z-index: 5;\">\n\n  <div style=\"background-color: #f8f9fa; padding: 25px; border-bottom: 3px solid #0984e3; text-align: left;\">\n    <h2 style=\"margin: 0; color: #2d3436; font-size: 1.4rem; line-height: 1.3;\">\ud83d\udccb Perfil Nutricional Detalhado<\/h2>\n    <div style=\"font-size: 0.9rem; margin-top: 8px; color: #636e72;\">Valores m\u00e9dios de refer\u00eancia baseados em uma por\u00e7\u00e3o de 100 g<\/div>\n  <\/div>\n\n  <div style=\"padding: 10px 25px;\">\n    <table style=\"width: 100%; border-collapse: collapse; margin: 15px 0; font-size: 0.95rem;\">\n      <thead>\n        <tr style=\"border-bottom: 2px solid #0984e3;\">\n          <th style=\"text-align: left; padding: 12px 10px; color: #2d3436; font-weight: 700; text-transform: uppercase; font-size: 0.8rem; letter-spacing: 0.5px;\">Nutriente<\/th>\n          <th style=\"text-align: right; padding: 12px 10px; color: #2d3436; font-weight: 700; text-transform: uppercase; font-size: 0.8rem; letter-spacing: 0.5px;\">Quantidade aproximada por 100 g<\/th>\n        <\/tr>\n      <\/thead>\n      <tbody>\n        <tr style=\"border-bottom: 1px solid #f1f2f6;\">\n          <td style=\"padding: 12px 10px; color: #2d3436; font-weight: 600;\">Valor energ\u00e9tico<\/td>\n          <td style=\"padding: 12px 10px; text-align: right; color: #2d3436;\">70\u201380 <strong style=\"color: #0984e3;\">kcal<\/strong><\/td>\n        <\/tr>\n        <tr style=\"border-bottom: 1px solid #f1f2f6; background-color: #fdfdfd;\">\n          <td style=\"padding: 12px 10px; color: #2d3436; font-weight: 600;\">Carboidratos totais<\/td>\n          <td style=\"padding: 12px 10px; text-align: right; color: #2d3436;\">17\u201320 <strong style=\"color: #636e72;\">g<\/strong><\/td>\n        <\/tr>\n        <tr style=\"border-bottom: 1px solid #f1f2f6;\">\n          <td style=\"padding: 12px 10px; color: #2d3436;\">Prote\u00ednas<\/td>\n          <td style=\"padding: 12px 10px; text-align: right; color: #2d3436;\">0,5\u20131,0 <strong style=\"color: #636e72;\">g<\/strong><\/td>\n        <\/tr>\n        <tr style=\"border-bottom: 1px solid #f1f2f6; background-color: #fdfdfd;\">\n          <td style=\"padding: 12px 10px; color: #2d3436;\">Gorduras totais<\/td>\n          <td style=\"padding: 12px 10px; text-align: right; color: #2d3436;\">0,2\u20130,6 <strong style=\"color: #636e72;\">g<\/strong><\/td>\n        <\/tr>\n        <tr style=\"border-bottom: 1px solid #f1f2f6;\">\n          <td style=\"padding: 12px 10px; color: #2d3436;\">Fibras alimentares<\/td>\n          <td style=\"padding: 12px 10px; text-align: right; color: #2d3436;\">1,5\u20132,5 <strong style=\"color: #636e72;\">g<\/strong><\/td>\n        <\/tr>\n        <tr style=\"border-bottom: 1px solid #f1f2f6; background-color: #fdfdfd;\">\n          <td style=\"padding: 12px 10px; color: #2d3436;\">Vitamina C<\/td>\n          <td style=\"padding: 12px 10px; text-align: right; color: #2d3436;\">2\u20136 <strong style=\"color: #636e72;\">mg<\/strong><\/td>\n        <\/tr>\n        <tr style=\"border-bottom: 1px solid #f1f2f6;\">\n          <td style=\"padding: 12px 10px; color: #2d3436;\">C\u00e1lcio<\/td>\n          <td style=\"padding: 12px 10px; text-align: right; color: #2d3436;\">5\u201315 <strong style=\"color: #636e72;\">mg<\/strong><\/td>\n        <\/tr>\n        <tr style=\"border-bottom: 1px solid #f1f2f6; background-color: #fdfdfd;\">\n          <td style=\"padding: 12px 10px; color: #2d3436;\">Pot\u00e1ssio<\/td>\n          <td style=\"padding: 12px 10px; text-align: right; color: #2d3436;\">40\u201360 <strong style=\"color: #636e72;\">mg<\/strong><\/td>\n        <\/tr>\n      <\/tbody>\n    <\/table>\n  <\/div>\n\n  <div style=\"background-color: #f1f2f6; padding: 12px 25px; border-top: 1px solid #dfe6e9; text-align: left;\">\n    <span style=\"font-size: 0.75rem; color: #636e72; font-style: italic;\">*Nota: Os valores podem apresentar varia\u00e7\u00f5es naturais conforme a safra e o armazenamento do produto.<\/span>\n  <\/div>\n<\/div>\n\n\n\n<p>Dentro da realidade atual, o mangost\u00e3o aparece como uma fruta capaz de enriquecer o prato com <b>sabor<\/b> diferente e compostos antioxidantes. Consumido com modera\u00e7\u00e3o e em conjunto com outros alimentos naturais, ele pode ser um aliado para deixar a rotina alimentar mais <b>variada<\/b>, sempre respeitando orienta\u00e7\u00f5es m\u00e9dicas e <b>nutricionais<\/b> quando forem necess\u00e1rias.<\/p>\n","protected":false},"excerpt":{"rendered":"<p>Voc\u00ea j\u00e1 imaginou provar uma fruta chamada \u201crainha das frutas\u201d e descobrir que, al\u00e9m de deliciosa, ela pode trazer benef\u00edcios para a sua sa\u00fade? O mangost\u00e3o, com sua casca roxa por fora e polpa branca por dentro, vem ganhando espa\u00e7o entre quem gosta de experimentar sabores diferentes e busca op\u00e7\u00f5es naturais para variar o card\u00e1pio [&hellip;]<\/p>\n","protected":false},"author":9,"featured_media":206322,"comment_status":"open","ping_status":"open","sticky":false,"template":"","format":"standard","meta":{"_yoast_wpseo_focuskw":"mangost\u00e3o","_yoast_wpseo_title":"","_yoast_wpseo_metadesc":"Uma fruta ex\u00f3tica e pouco conhecida vem despertando curiosidade pelo sabor e pelos nutrientes que podem ajudar na sa\u00fade.","jnews-multi-image_gallery":[],"jnews_single_post":{"format":"standard"},"jnews_primary_category":[],"jnews_social_meta":[],"jnews_override_counter":[],"footnotes":""},"categories":[119,4404],"post_tag":[7224,194,14197],"class_list":["post-205952","post","type-post","status-publish","format-standard","has-post-thumbnail","hentry","category-bem-estar","category-saude","tag-antioxidante","tag-beneficios","tag-mangostao"],"yoast_head":"<!-- This site is optimized with the Yoast SEO plugin v24.6 - https:\/\/yoast.com\/wordpress\/plugins\/seo\/ -->\n<title>Conhecida como a rainha das frutas, essa fruta ex\u00f3tica chama aten\u00e7\u00e3o pelo sabor delicado e pelos antioxidantes naturais - Correio Braziliense - Radar<\/title>\n<meta name=\"description\" content=\"Uma fruta ex\u00f3tica e pouco conhecida vem despertando curiosidade pelo sabor e pelos nutrientes que podem ajudar na sa\u00fade.\" \/>\n<meta name=\"robots\" content=\"index, follow, max-snippet:-1, max-image-preview:large, max-video-preview:-1\" \/>\n<link rel=\"canonical\" href=\"https:\/\/www.correiobraziliense.com.br\/cbradar\/conhecida-como-a-rainha-das-frutas-essa-fruta-exotica-chama-atencao-pelo-sabor-delicado-e-pelos-antioxidantes-naturais\/\" \/>\n<meta property=\"og:locale\" content=\"pt_BR\" \/>\n<meta property=\"og:type\" content=\"article\" \/>\n<meta property=\"og:title\" content=\"Conhecida como a rainha das frutas, essa fruta ex\u00f3tica chama aten\u00e7\u00e3o pelo sabor delicado e pelos antioxidantes naturais - Correio Braziliense - Radar\" \/>\n<meta property=\"og:description\" content=\"Uma fruta ex\u00f3tica e pouco conhecida vem despertando curiosidade pelo sabor e pelos nutrientes que podem ajudar na sa\u00fade.\" \/>\n<meta property=\"og:url\" content=\"https:\/\/www.correiobraziliense.com.br\/cbradar\/conhecida-como-a-rainha-das-frutas-essa-fruta-exotica-chama-atencao-pelo-sabor-delicado-e-pelos-antioxidantes-naturais\/\" \/>\n<meta property=\"og:site_name\" content=\"Correio Braziliense - Radar\" \/>\n<meta property=\"article:published_time\" content=\"2026-03-12T01:35:19+00:00\" \/>\n<meta property=\"og:image\" content=\"https:\/\/www.correiobraziliense.com.br\/cbradar\/wp-content\/uploads\/2026\/03\/freepik__mangosto-aberto-ao-meio-sobre-mesa-de-madeira-most__97675.jpeg\" \/>\n\t<meta property=\"og:image:width\" content=\"1280\" \/>\n\t<meta property=\"og:image:height\" content=\"720\" \/>\n\t<meta property=\"og:image:type\" content=\"image\/jpeg\" \/>\n<meta name=\"author\" content=\"Daniely Cardoso\" \/>\n<meta name=\"twitter:card\" content=\"summary_large_image\" \/>\n<meta name=\"twitter:label1\" content=\"Escrito por\" \/>\n\t<meta name=\"twitter:data1\" content=\"Daniely Cardoso\" \/>\n\t<meta name=\"twitter:label2\" content=\"Est. tempo de leitura\" \/>\n\t<meta name=\"twitter:data2\" content=\"5 minutos\" \/>\n<!-- \/ Yoast SEO plugin. -->","yoast_head_json":{"title":"Conhecida como a rainha das frutas, essa fruta ex\u00f3tica chama aten\u00e7\u00e3o pelo sabor delicado e pelos antioxidantes naturais - Correio Braziliense - Radar","description":"Uma fruta ex\u00f3tica e pouco conhecida vem despertando curiosidade pelo sabor e pelos nutrientes que podem ajudar na sa\u00fade.","robots":{"index":"index","follow":"follow","max-snippet":"max-snippet:-1","max-image-preview":"max-image-preview:large","max-video-preview":"max-video-preview:-1"},"canonical":"https:\/\/www.correiobraziliense.com.br\/cbradar\/conhecida-como-a-rainha-das-frutas-essa-fruta-exotica-chama-atencao-pelo-sabor-delicado-e-pelos-antioxidantes-naturais\/","og_locale":"pt_BR","og_type":"article","og_title":"Conhecida como a rainha das frutas, essa fruta ex\u00f3tica chama aten\u00e7\u00e3o pelo sabor delicado e pelos antioxidantes naturais - Correio Braziliense - Radar","og_description":"Uma fruta ex\u00f3tica e pouco conhecida vem despertando curiosidade pelo sabor e pelos nutrientes que podem ajudar na sa\u00fade.","og_url":"https:\/\/www.correiobraziliense.com.br\/cbradar\/conhecida-como-a-rainha-das-frutas-essa-fruta-exotica-chama-atencao-pelo-sabor-delicado-e-pelos-antioxidantes-naturais\/","og_site_name":"Correio Braziliense - Radar","article_published_time":"2026-03-12T01:35:19+00:00","og_image":[{"width":1280,"height":720,"url":"https:\/\/www.correiobraziliense.com.br\/cbradar\/wp-content\/uploads\/2026\/03\/freepik__mangosto-aberto-ao-meio-sobre-mesa-de-madeira-most__97675.jpeg","type":"image\/jpeg"}],"author":"Daniely Cardoso","twitter_card":"summary_large_image","twitter_misc":{"Escrito por":"Daniely Cardoso","Est. tempo de leitura":"5 minutos"},"schema":{"@context":"https:\/\/schema.org","@graph":[{"@type":"WebPage","@id":"https:\/\/www.correiobraziliense.com.br\/cbradar\/conhecida-como-a-rainha-das-frutas-essa-fruta-exotica-chama-atencao-pelo-sabor-delicado-e-pelos-antioxidantes-naturais\/","url":"https:\/\/www.correiobraziliense.com.br\/cbradar\/conhecida-como-a-rainha-das-frutas-essa-fruta-exotica-chama-atencao-pelo-sabor-delicado-e-pelos-antioxidantes-naturais\/","name":"Conhecida como a rainha das frutas, essa fruta ex\u00f3tica chama aten\u00e7\u00e3o pelo sabor delicado e pelos antioxidantes naturais - Correio Braziliense - Radar","isPartOf":{"@id":"https:\/\/www.correiobraziliense.com.br\/cbradar\/#website"},"primaryImageOfPage":{"@id":"https:\/\/www.correiobraziliense.com.br\/cbradar\/conhecida-como-a-rainha-das-frutas-essa-fruta-exotica-chama-atencao-pelo-sabor-delicado-e-pelos-antioxidantes-naturais\/#primaryimage"},"image":{"@id":"https:\/\/www.correiobraziliense.com.br\/cbradar\/conhecida-como-a-rainha-das-frutas-essa-fruta-exotica-chama-atencao-pelo-sabor-delicado-e-pelos-antioxidantes-naturais\/#primaryimage"},"thumbnailUrl":"https:\/\/www.correiobraziliense.com.br\/cbradar\/wp-content\/uploads\/2026\/03\/freepik__mangosto-aberto-ao-meio-sobre-mesa-de-madeira-most__97675.jpeg","datePublished":"2026-03-12T01:35:19+00:00","author":{"@id":"https:\/\/www.correiobraziliense.com.br\/cbradar\/#\/schema\/person\/7356666e12ec0ee53f348ee5db227032"},"description":"Uma fruta ex\u00f3tica e pouco conhecida vem despertando curiosidade pelo sabor e pelos nutrientes que podem ajudar na sa\u00fade.","breadcrumb":{"@id":"https:\/\/www.correiobraziliense.com.br\/cbradar\/conhecida-como-a-rainha-das-frutas-essa-fruta-exotica-chama-atencao-pelo-sabor-delicado-e-pelos-antioxidantes-naturais\/#breadcrumb"},"inLanguage":"pt-BR","potentialAction":[{"@type":"ReadAction","target":["https:\/\/www.correiobraziliense.com.br\/cbradar\/conhecida-como-a-rainha-das-frutas-essa-fruta-exotica-chama-atencao-pelo-sabor-delicado-e-pelos-antioxidantes-naturais\/"]}]},{"@type":"ImageObject","inLanguage":"pt-BR","@id":"https:\/\/www.correiobraziliense.com.br\/cbradar\/conhecida-como-a-rainha-das-frutas-essa-fruta-exotica-chama-atencao-pelo-sabor-delicado-e-pelos-antioxidantes-naturais\/#primaryimage","url":"https:\/\/www.correiobraziliense.com.br\/cbradar\/wp-content\/uploads\/2026\/03\/freepik__mangosto-aberto-ao-meio-sobre-mesa-de-madeira-most__97675.jpeg","contentUrl":"https:\/\/www.correiobraziliense.com.br\/cbradar\/wp-content\/uploads\/2026\/03\/freepik__mangosto-aberto-ao-meio-sobre-mesa-de-madeira-most__97675.jpeg","width":1280,"height":720,"caption":"O mangost\u00e3o \u00e9 uma fruta tropical origin\u00e1ria do Sudeste Asi\u00e1tico"},{"@type":"BreadcrumbList","@id":"https:\/\/www.correiobraziliense.com.br\/cbradar\/conhecida-como-a-rainha-das-frutas-essa-fruta-exotica-chama-atencao-pelo-sabor-delicado-e-pelos-antioxidantes-naturais\/#breadcrumb","itemListElement":[{"@type":"ListItem","position":1,"name":"In\u00edcio","item":"https:\/\/www.correiobraziliense.com.br\/cbradar\/"},{"@type":"ListItem","position":2,"name":"Conhecida como a rainha das frutas, essa fruta ex\u00f3tica chama aten\u00e7\u00e3o pelo sabor delicado e pelos antioxidantes naturais"}]},{"@type":"WebSite","@id":"https:\/\/www.correiobraziliense.com.br\/cbradar\/#website","url":"https:\/\/www.correiobraziliense.com.br\/cbradar\/","name":"Correio Braziliense - Radar","description":"Acompanhe as \u00faltimas not\u00edcias e fique bem informado sobre tudo o que acontece no Brasil e no mundo.","potentialAction":[{"@type":"SearchAction","target":{"@type":"EntryPoint","urlTemplate":"https:\/\/www.correiobraziliense.com.br\/cbradar\/?s={search_term_string}"},"query-input":{"@type":"PropertyValueSpecification","valueRequired":true,"valueName":"search_term_string"}}],"inLanguage":"pt-BR"},{"@type":"Person","@id":"https:\/\/www.correiobraziliense.com.br\/cbradar\/#\/schema\/person\/7356666e12ec0ee53f348ee5db227032","name":"Daniely Cardoso","image":{"@type":"ImageObject","inLanguage":"pt-BR","@id":"https:\/\/www.correiobraziliense.com.br\/cbradar\/#\/schema\/person\/image\/","url":"https:\/\/secure.gravatar.com\/avatar\/4b80ddbd124d1f071b626d52d62e5dff?s=96&d=mm&r=g","contentUrl":"https:\/\/secure.gravatar.com\/avatar\/4b80ddbd124d1f071b626d52d62e5dff?s=96&d=mm&r=g","caption":"Daniely Cardoso"},"description":"Redatora nos portais CB Radar e EM Foco, formada pela Universidade Federal de Goi\u00e1s, em Goi\u00e2nia. Apaixonada por comunica\u00e7\u00e3o, arte, decora\u00e7\u00e3o e tend\u00eancias, atuo na produ\u00e7\u00e3o de conte\u00fados envolventes sobre curiosidades, moda, beleza e paisagismo, sempre com um olhar atento \u00e0s novidades do momento.","sameAs":["https:\/\/www.correiobraziliense.com.br\/cbradar"],"url":"https:\/\/www.correiobraziliense.com.br\/cbradar\/author\/danielymyth\/"}]}},"_links":{"self":[{"href":"https:\/\/www.correiobraziliense.com.br\/cbradar\/wp-json\/wp\/v2\/posts\/205952","targetHints":{"allow":["GET"]}}],"collection":[{"href":"https:\/\/www.correiobraziliense.com.br\/cbradar\/wp-json\/wp\/v2\/posts"}],"about":[{"href":"https:\/\/www.correiobraziliense.com.br\/cbradar\/wp-json\/wp\/v2\/types\/post"}],"author":[{"embeddable":true,"href":"https:\/\/www.correiobraziliense.com.br\/cbradar\/wp-json\/wp\/v2\/users\/9"}],"replies":[{"embeddable":true,"href":"https:\/\/www.correiobraziliense.com.br\/cbradar\/wp-json\/wp\/v2\/comments?post=205952"}],"version-history":[{"count":2,"href":"https:\/\/www.correiobraziliense.com.br\/cbradar\/wp-json\/wp\/v2\/posts\/205952\/revisions"}],"predecessor-version":[{"id":206040,"href":"https:\/\/www.correiobraziliense.com.br\/cbradar\/wp-json\/wp\/v2\/posts\/205952\/revisions\/206040"}],"wp:featuredmedia":[{"embeddable":true,"href":"https:\/\/www.correiobraziliense.com.br\/cbradar\/wp-json\/wp\/v2\/media\/206322"}],"wp:attachment":[{"href":"https:\/\/www.correiobraziliense.com.br\/cbradar\/wp-json\/wp\/v2\/media?parent=205952"}],"wp:term":[{"taxonomy":"category","embeddable":true,"href":"https:\/\/www.correiobraziliense.com.br\/cbradar\/wp-json\/wp\/v2\/categories?post=205952"},{"taxonomy":"post_tag","embeddable":true,"href":"https:\/\/www.correiobraziliense.com.br\/cbradar\/wp-json\/wp\/v2\/post_tag?post=205952"}],"curies":[{"name":"wp","href":"https:\/\/api.w.org\/{rel}","templated":true}]}}