{"id":206054,"date":"2026-03-11T06:05:00","date_gmt":"2026-03-11T09:05:00","guid":{"rendered":"https:\/\/www.correiobraziliense.com.br\/cbradar\/?p=206054"},"modified":"2026-03-10T09:02:41","modified_gmt":"2026-03-10T12:02:41","slug":"as-bebidas-mais-importantes-para-proteger-o-figado-e-reduzir-inflamacoes-silenciosas","status":"publish","type":"post","link":"https:\/\/www.correiobraziliense.com.br\/cbradar\/as-bebidas-mais-importantes-para-proteger-o-figado-e-reduzir-inflamacoes-silenciosas\/","title":{"rendered":"As bebidas mais importantes para proteger o f\u00edgado e reduzir inflama\u00e7\u00f5es silenciosas"},"content":{"rendered":"\n<p>O f\u00edgado desempenha um papel crucial na filtragem de toxinas e na metaboliza\u00e7\u00e3o de nutrientes essenciais para nossa sa\u00fade, e seu bom funcionamento depende principalmente de uma alimenta\u00e7\u00e3o equilibrada, estilo de vida saud\u00e1vel e, em alguns casos, da inclus\u00e3o de bebidas que comprovadamente contribuem para a prote\u00e7\u00e3o e manuten\u00e7\u00e3o desse \u00f3rg\u00e3o vital.<\/p>\n\n\n\n<h2 class=\"wp-block-heading\">Quais bebidas favorecem a sa\u00fade do f\u00edgado?<\/h2>\n\n\n\n<p>Entre as op\u00e7\u00f5es ben\u00e9ficas, destaca-se o&nbsp;<strong>caf\u00e9<\/strong>, amplamente consumido no mundo todo. Em quantidades moderadas, entre 2 a 3 x\u00edcaras di\u00e1rias, o caf\u00e9 pode reduzir riscos de doen\u00e7as hep\u00e1ticas, como a esteatose hep\u00e1tica, fibrose e cirrose, devido aos seus compostos fen\u00f3licos com a\u00e7\u00e3o antioxidante.<\/p>\n\n\n\n<p>Al\u00e9m do caf\u00e9, o&nbsp;<em>ch\u00e1 verde<\/em>&nbsp;\u00e9 conhecido por sua riqueza em catequinas, antioxidantes potentes que ajudam a proteger as c\u00e9lulas do f\u00edgado contra danos por radicais livres. Estudos apontam que o consumo regular contribui para menor inflama\u00e7\u00e3o, melhor metabolismo de gorduras e redu\u00e7\u00e3o do risco de doen\u00e7a hep\u00e1tica gordurosa n\u00e3o alco\u00f3lica.<\/p>\n\n\n\n<p>Para compreender melhor como alguns h\u00e1bitos e bebidas podem influenciar a <strong>gordura no f\u00edgado<\/strong>, assista ao v\u00eddeo a seguir, no qual o especialista explica o assunto de forma clara e did\u00e1tica no canal respons\u00e1vel pelo conte\u00fado. Eu n\u00e3o consegui confirmar com seguran\u00e7a o nome do profissional nem o canal desse v\u00eddeo espec\u00edfico.<\/p>\n\n\n\n<iframe loading=\"lazy\" width=\"1396\" height=\"785\" src=\"https:\/\/www.youtube.com\/embed\/08xG-sOO920\" title=\"BEBA 1 X\u00cdCARA POR DIA para Remover Gordura do Seu F\u00edgado\" frameborder=\"0\" allow=\"accelerometer; autoplay; clipboard-write; encrypted-media; gyroscope; picture-in-picture; web-share\" referrerpolicy=\"strict-origin-when-cross-origin\" allowfullscreen><\/iframe>\n\n\n\n<h2 class=\"wp-block-heading\">Como incluir essas bebidas na rotina di\u00e1ria?<\/h2>\n\n\n\n<p>A utiliza\u00e7\u00e3o dessas bebidas deve ser feita de maneira moderada e ajustada \u00e0s necessidades individuais. O ideal \u00e9 alternar entre as op\u00e7\u00f5es ao longo do dia, respeitando limites indicados por nutricionistas e evitando adicionar excesso de a\u00e7\u00facar, cremes ou ado\u00e7antes.<\/p>\n\n\n\n<p>A \u00e1gua com lim\u00e3o pode ser ingerida em jejum para ajudar na hidrata\u00e7\u00e3o, enquanto o caf\u00e9 e o ch\u00e1 verde podem ser intercalados no decorrer do dia. De modo geral, recomenda-se aten\u00e7\u00e3o \u00e0s quantidades di\u00e1rias:<\/p>\n\n\n\n<style>\n  .make-wrap{\n    max-width: 760px;\n    margin: 26px auto;\n    padding: 18px;\n    border-radius: 18px;\n    background: linear-gradient(135deg,#fff7fb 0%,#f6f2ff 100%);\n    border: 1px solid #f7d4ea;\n    box-shadow: 0 8px 20px rgba(236,72,153,.12);\n    font-family: system-ui, -apple-system, Segoe UI, Roboto, Helvetica, Arial, sans-serif;\n  }\n\n  .make-title{\n    display:flex; \n    align-items:center; \n    gap:10px;\n    margin:0 0 12px 4px;\n    font-size:1.2rem; \n    font-weight:900; \n    color:#9d174d;\n  }\n\n  .make-table{\n    width:100%;\n    border-collapse:separate;\n    border-spacing:0;\n    overflow:hidden;\n    border-radius:16px;\n    border:1px solid #f7d4ea;\n    background:#fff;\n    font-size:.92rem;\n  }\n\n  .make-table thead th{\n    background:linear-gradient(90deg,#fde7f3 0%,#f8e9ff 100%);\n    padding:12px;\n    color:#7a1e63;\n    font-weight:800;\n    text-align:left;\n    border-bottom:1px solid #f7d4ea;\n  }\n\n  .make-table tbody td{\n    padding:12px;\n    color:#374151;\n    vertical-align:top;\n    border-bottom:1px dashed #f7d4ea;\n  }\n\n  .make-table tbody tr:nth-child(odd){\n    background:#fffaff;\n  }\n\n  .price{\n    display:inline-flex;\n    align-items:center;\n    background:#fff7ed;\n    color:#b45309;\n    padding:6px 10px;\n    border-radius:10px;\n    border:1px solid #fed7aa;\n    font-weight:700;\n    white-space:nowrap;\n  }\n\n  .badge{\n    display:inline-block;\n    background:#fde7f3;\n    color:#c026d3;\n    border:1px solid #fecdd3;\n    padding:4px 10px;\n    border-radius:999px;\n    font-weight:700;\n    font-size:.78rem;\n  }\n\n  @media (max-width:720px){\n    .make-table thead{display:none}\n    .make-table, .make-table tbody, .make-table tr, .make-table td{\n      display:block; \n      width:100%;\n    }\n    .make-table tr{\n      margin-bottom:12px;\n      border:1px solid #f7d4ea;\n      border-radius:14px;\n      overflow:hidden;\n      background:#fff;\n    }\n    .make-table td[data-label]:before{\n      content:attr(data-label);\n      display:block;\n      font-weight:800;\n      color:#7a1e63;\n      margin-bottom:4px;\n    }\n    .make-table tbody td:last-child{border-bottom:none}\n  }\n<\/style>\n\n<div class=\"make-wrap\">\n  <h3 class=\"make-title\">\u2615\u2728 Consumo di\u00e1rio recomendado de bebidas<\/h3>\n\n  <table class=\"make-table\">\n    <thead>\n      <tr>\n        <th>Bebida<\/th>\n        <th>Consumo recomendado<\/th>\n        <th>Observa\u00e7\u00e3o<\/th>\n      <\/tr>\n    <\/thead>\n    <tbody>\n      <tr>\n        <td data-label=\"Bebida\">Caf\u00e9<\/td>\n        <td data-label=\"Consumo recomendado\">At\u00e9 3 x\u00edcaras por dia<\/td>\n        <td data-label=\"Observa\u00e7\u00e3o\"><span class=\"badge\">Modera\u00e7\u00e3o<\/span><\/td>\n      <\/tr>\n      <tr>\n        <td data-label=\"Bebida\">Ch\u00e1 verde<\/td>\n        <td data-label=\"Consumo recomendado\">De 2 a 4 x\u00edcaras di\u00e1rias<\/td>\n        <td data-label=\"Observa\u00e7\u00e3o\"><span class=\"badge\">Di\u00e1rio<\/span><\/td>\n      <\/tr>\n      <tr>\n        <td data-label=\"Bebida\">\u00c1gua com lim\u00e3o<\/td>\n        <td data-label=\"Consumo recomendado\">Consumo livre<\/td>\n        <td data-label=\"Observa\u00e7\u00e3o\">Evitar excessos e respeitar a sensibilidade g\u00e1strica<\/td>\n      <\/tr>\n    <\/tbody>\n  <\/table>\n\n  <p style=\"margin-top:14px; color:#6b7280; font-size:.9rem;\">\n    \ud83d\udca1 <strong>Dica:<\/strong> Mesmo bebidas saud\u00e1veis devem ser consumidas com equil\u00edbrio para evitar desconfortos digestivos.\n  <\/p>\n<\/div>\n\n\n\n\n<h2 class=\"wp-block-heading\">Quem deve ter cuidado ao consumir essas bebidas?<\/h2>\n\n\n\n<p>Embora geralmente seguras, algumas dessas bebidas exigem aten\u00e7\u00e3o em situa\u00e7\u00f5es espec\u00edficas. O\u00a0<em>ch\u00e1 de boldo<\/em>, conhecido por auxiliar na digest\u00e3o e na <a href=\"https:\/\/www.correiobraziliense.com.br\/cbradar\/?p=205652&amp;preview=true\" target=\"_blank\" rel=\"noreferrer noopener\">sa\u00fade <\/a>biliar, n\u00e3o \u00e9 recomendado para gestantes, lactantes, crian\u00e7as ou pessoas com problemas na ves\u00edcula, especialmente em uso prolongado.<\/p>\n\n\n\n<p>Altas doses de <a href=\"https:\/\/pubmed.ncbi.nlm.nih.gov\/36036958\/\" target=\"_blank\" rel=\"noreferrer noopener\">ch\u00e1 verde<\/a> podem interferir na absor\u00e7\u00e3o de ferro e, em raros casos, afetar o f\u00edgado quando consumido em extrato concentrado. Pessoas com doen\u00e7as hep\u00e1ticas diagnosticadas devem conversar com profissionais de sa\u00fade antes de alterar a ingest\u00e3o de qualquer uma dessas bebidas.<\/p>\n\n\n\n<h2 class=\"wp-block-heading\">Como as evid\u00eancias cient\u00edficas apoiam essas pr\u00e1ticas?<\/h2>\n\n\n\n<p>Estudos cient\u00edficos respaldam os benef\u00edcios dessas bebidas para a sa\u00fade hep\u00e1tica, principalmente quando associadas a um padr\u00e3o alimentar equilibrado. Meta-an\u00e1lises indicam que tanto o caf\u00e9 quanto o ch\u00e1 verde est\u00e3o ligados \u00e0 redu\u00e7\u00e3o de marcadores de inflama\u00e7\u00e3o e de enzimas hep\u00e1ticas alteradas.<\/p>\n\n\n\n<p>Uma meta-an\u00e1lise publicada em 2024 na revista&nbsp;<em>Critical Reviews in Food Science and Nutrition<\/em>&nbsp;confirmou que o consumo de ch\u00e1 verde est\u00e1 associado a menor incid\u00eancia de c\u00e2ncer de f\u00edgado e \u00e0 redu\u00e7\u00e3o de n\u00edveis de enzimas hep\u00e1ticas. Integrar essas bebidas de forma consciente pode oferecer suporte relevante ao bem-estar do f\u00edgado, sempre com modera\u00e7\u00e3o e orienta\u00e7\u00e3o profissional.<\/p>\n\n\n<a href=\"https:\/\/www.instagram.com\/dra.annaluisabf\/\" target=\"_blank\" rel=\"noopener\" style=\"text-decoration: none; color: inherit;\">\n    <span style=\"display: inline-block; border: 1px solid #ccc; border-radius: 10px; padding: 15px; max-width: 550px; font-family: sans-serif; box-shadow: 0 2px 5px rgba(0,0,0,0.1); width: 100%;\">\n\n      <!-- T\u00edtulo -->\n      <span style=\"display: block; margin: 0 0 15px 0; font-weight: bold; color: #2c3e50; text-align: center;\">\n        Entre em contato:\n      <\/span>\n\n      <!-- Linha do perfil -->\n      <span style=\"display: flex; align-items: center; gap: 15px;\">\n        <img decoding=\"async\"\n          src=\"https:\/\/www.correiobraziliense.com.br\/cbradar\/wp-content\/uploads\/2025\/08\/dra_anna_luisa.jpeg\"\n          alt=\"Foto da Dra. Anna Lu\u00edsa\"\n          style=\"border-radius: 50%; width: 80px; height: 80px; object-fit: cover;\"\n        \/>\n        <span style=\"display: flex; flex-direction: column;\">\n          <span style=\"font-size: 18px; font-weight: 700; color: #2c3e50;\">Dra. Anna Lu\u00edsa Barbosa Fernandes<\/span>\n          <span style=\"color: #555;\">CRM-GO 33.271<\/span>\n        <\/span>\n      <\/span>\n\n      <!-- Redes -->\n      <span style=\"display: flex; align-items: center; gap: 10px; margin-top: 12px;\">\n        <img decoding=\"async\" src=\"https:\/\/cdn-icons-png.flaticon.com\/24\/1384\/1384063.png\" alt=\"Instagram\" width=\"24\" height=\"24\" \/>\n        <span style=\"text-decoration: underline; color: #2c3e50;\">@dra.annaluisabf<\/span>\n      <\/span>\n\n    <\/span>\n  <\/a>","protected":false},"excerpt":{"rendered":"<p>O f\u00edgado desempenha um papel crucial na filtragem de toxinas e na metaboliza\u00e7\u00e3o de nutrientes essenciais para nossa sa\u00fade, e seu bom funcionamento depende principalmente de uma alimenta\u00e7\u00e3o equilibrada, estilo de vida saud\u00e1vel e, em alguns casos, da inclus\u00e3o de bebidas que comprovadamente contribuem para a prote\u00e7\u00e3o e manuten\u00e7\u00e3o desse \u00f3rg\u00e3o vital. Quais bebidas favorecem [&hellip;]<\/p>\n","protected":false},"author":14,"featured_media":43113,"comment_status":"open","ping_status":"open","sticky":false,"template":"","format":"standard","meta":{"jnews-multi-image_gallery":[],"jnews_single_post":{"format":"standard"},"jnews_primary_category":[],"jnews_social_meta":[],"jnews_override_counter":[],"footnotes":""},"categories":[4404],"post_tag":[120,247,1318],"class_list":["post-206054","post","type-post","status-publish","format-standard","has-post-thumbnail","hentry","category-saude","tag-bem-estar","tag-qualidade-de-vida","tag-saude-2"],"yoast_head":"<!-- This site is optimized with the Yoast SEO plugin v24.6 - https:\/\/yoast.com\/wordpress\/plugins\/seo\/ -->\n<title>As bebidas mais importantes para proteger o f\u00edgado e reduzir inflama\u00e7\u00f5es silenciosas - Correio Braziliense - Radar<\/title>\n<meta name=\"description\" content=\"Algumas bebidas podem ajudar na sa\u00fade do f\u00edgado e reduzir inflama\u00e7\u00f5es. Descubra quais op\u00e7\u00f5es v\u00eam ganhando destaque.\" \/>\n<meta name=\"robots\" content=\"index, follow, max-snippet:-1, max-image-preview:large, max-video-preview:-1\" \/>\n<link rel=\"canonical\" href=\"https:\/\/www.correiobraziliense.com.br\/cbradar\/as-bebidas-mais-importantes-para-proteger-o-figado-e-reduzir-inflamacoes-silenciosas\/\" \/>\n<meta property=\"og:locale\" content=\"pt_BR\" \/>\n<meta property=\"og:type\" content=\"article\" \/>\n<meta property=\"og:title\" content=\"As bebidas mais importantes para proteger o f\u00edgado e reduzir inflama\u00e7\u00f5es silenciosas - Correio Braziliense - Radar\" \/>\n<meta property=\"og:description\" content=\"Algumas bebidas podem ajudar na sa\u00fade do f\u00edgado e reduzir inflama\u00e7\u00f5es. Descubra quais op\u00e7\u00f5es v\u00eam ganhando destaque.\" \/>\n<meta property=\"og:url\" content=\"https:\/\/www.correiobraziliense.com.br\/cbradar\/as-bebidas-mais-importantes-para-proteger-o-figado-e-reduzir-inflamacoes-silenciosas\/\" \/>\n<meta property=\"og:site_name\" content=\"Correio Braziliense - Radar\" \/>\n<meta property=\"article:published_time\" content=\"2026-03-11T09:05:00+00:00\" \/>\n<meta property=\"og:image\" content=\"https:\/\/www.correiobraziliense.com.br\/cbradar\/wp-content\/uploads\/2025\/05\/coffe_1748267491378.jpg\" \/>\n\t<meta property=\"og:image:width\" content=\"1280\" \/>\n\t<meta property=\"og:image:height\" content=\"720\" \/>\n\t<meta property=\"og:image:type\" content=\"image\/jpeg\" \/>\n<meta name=\"author\" content=\"guilherme_saude\" \/>\n<meta name=\"twitter:card\" content=\"summary_large_image\" \/>\n<meta name=\"twitter:label1\" content=\"Escrito por\" \/>\n\t<meta name=\"twitter:data1\" content=\"guilherme_saude\" \/>\n\t<meta name=\"twitter:label2\" content=\"Est. tempo de leitura\" \/>\n\t<meta name=\"twitter:data2\" content=\"4 minutos\" \/>\n<!-- \/ Yoast SEO plugin. -->","yoast_head_json":{"title":"As bebidas mais importantes para proteger o f\u00edgado e reduzir inflama\u00e7\u00f5es silenciosas - Correio Braziliense - Radar","description":"Algumas bebidas podem ajudar na sa\u00fade do f\u00edgado e reduzir inflama\u00e7\u00f5es. Descubra quais op\u00e7\u00f5es v\u00eam ganhando destaque.","robots":{"index":"index","follow":"follow","max-snippet":"max-snippet:-1","max-image-preview":"max-image-preview:large","max-video-preview":"max-video-preview:-1"},"canonical":"https:\/\/www.correiobraziliense.com.br\/cbradar\/as-bebidas-mais-importantes-para-proteger-o-figado-e-reduzir-inflamacoes-silenciosas\/","og_locale":"pt_BR","og_type":"article","og_title":"As bebidas mais importantes para proteger o f\u00edgado e reduzir inflama\u00e7\u00f5es silenciosas - Correio Braziliense - Radar","og_description":"Algumas bebidas podem ajudar na sa\u00fade do f\u00edgado e reduzir inflama\u00e7\u00f5es. Descubra quais op\u00e7\u00f5es v\u00eam ganhando destaque.","og_url":"https:\/\/www.correiobraziliense.com.br\/cbradar\/as-bebidas-mais-importantes-para-proteger-o-figado-e-reduzir-inflamacoes-silenciosas\/","og_site_name":"Correio Braziliense - Radar","article_published_time":"2026-03-11T09:05:00+00:00","og_image":[{"width":1280,"height":720,"url":"https:\/\/www.correiobraziliense.com.br\/cbradar\/wp-content\/uploads\/2025\/05\/coffe_1748267491378.jpg","type":"image\/jpeg"}],"author":"guilherme_saude","twitter_card":"summary_large_image","twitter_misc":{"Escrito por":"guilherme_saude","Est. tempo de leitura":"4 minutos"},"schema":{"@context":"https:\/\/schema.org","@graph":[{"@type":"WebPage","@id":"https:\/\/www.correiobraziliense.com.br\/cbradar\/as-bebidas-mais-importantes-para-proteger-o-figado-e-reduzir-inflamacoes-silenciosas\/","url":"https:\/\/www.correiobraziliense.com.br\/cbradar\/as-bebidas-mais-importantes-para-proteger-o-figado-e-reduzir-inflamacoes-silenciosas\/","name":"As bebidas mais importantes para proteger o f\u00edgado e reduzir inflama\u00e7\u00f5es silenciosas - Correio Braziliense - Radar","isPartOf":{"@id":"https:\/\/www.correiobraziliense.com.br\/cbradar\/#website"},"primaryImageOfPage":{"@id":"https:\/\/www.correiobraziliense.com.br\/cbradar\/as-bebidas-mais-importantes-para-proteger-o-figado-e-reduzir-inflamacoes-silenciosas\/#primaryimage"},"image":{"@id":"https:\/\/www.correiobraziliense.com.br\/cbradar\/as-bebidas-mais-importantes-para-proteger-o-figado-e-reduzir-inflamacoes-silenciosas\/#primaryimage"},"thumbnailUrl":"https:\/\/www.correiobraziliense.com.br\/cbradar\/wp-content\/uploads\/2025\/05\/coffe_1748267491378.jpg","datePublished":"2026-03-11T09:05:00+00:00","author":{"@id":"https:\/\/www.correiobraziliense.com.br\/cbradar\/#\/schema\/person\/5aa4bf3c8fa699c267933611de12978b"},"description":"Algumas bebidas podem ajudar na sa\u00fade do f\u00edgado e reduzir inflama\u00e7\u00f5es. Descubra quais op\u00e7\u00f5es v\u00eam ganhando destaque.","breadcrumb":{"@id":"https:\/\/www.correiobraziliense.com.br\/cbradar\/as-bebidas-mais-importantes-para-proteger-o-figado-e-reduzir-inflamacoes-silenciosas\/#breadcrumb"},"inLanguage":"pt-BR","potentialAction":[{"@type":"ReadAction","target":["https:\/\/www.correiobraziliense.com.br\/cbradar\/as-bebidas-mais-importantes-para-proteger-o-figado-e-reduzir-inflamacoes-silenciosas\/"]}]},{"@type":"ImageObject","inLanguage":"pt-BR","@id":"https:\/\/www.correiobraziliense.com.br\/cbradar\/as-bebidas-mais-importantes-para-proteger-o-figado-e-reduzir-inflamacoes-silenciosas\/#primaryimage","url":"https:\/\/www.correiobraziliense.com.br\/cbradar\/wp-content\/uploads\/2025\/05\/coffe_1748267491378.jpg","contentUrl":"https:\/\/www.correiobraziliense.com.br\/cbradar\/wp-content\/uploads\/2025\/05\/coffe_1748267491378.jpg","width":1280,"height":720,"caption":"Caf\u00e9 - Cr\u00e9ditos: depositphotos.com \/ EdZbarzhyvetsky"},{"@type":"BreadcrumbList","@id":"https:\/\/www.correiobraziliense.com.br\/cbradar\/as-bebidas-mais-importantes-para-proteger-o-figado-e-reduzir-inflamacoes-silenciosas\/#breadcrumb","itemListElement":[{"@type":"ListItem","position":1,"name":"In\u00edcio","item":"https:\/\/www.correiobraziliense.com.br\/cbradar\/"},{"@type":"ListItem","position":2,"name":"As bebidas mais importantes para proteger o f\u00edgado e reduzir inflama\u00e7\u00f5es silenciosas"}]},{"@type":"WebSite","@id":"https:\/\/www.correiobraziliense.com.br\/cbradar\/#website","url":"https:\/\/www.correiobraziliense.com.br\/cbradar\/","name":"Correio Braziliense - Radar","description":"Acompanhe as \u00faltimas not\u00edcias e fique bem informado sobre tudo o que acontece no Brasil e no mundo.","potentialAction":[{"@type":"SearchAction","target":{"@type":"EntryPoint","urlTemplate":"https:\/\/www.correiobraziliense.com.br\/cbradar\/?s={search_term_string}"},"query-input":{"@type":"PropertyValueSpecification","valueRequired":true,"valueName":"search_term_string"}}],"inLanguage":"pt-BR"},{"@type":"Person","@id":"https:\/\/www.correiobraziliense.com.br\/cbradar\/#\/schema\/person\/5aa4bf3c8fa699c267933611de12978b","name":"guilherme_saude","image":{"@type":"ImageObject","inLanguage":"pt-BR","@id":"https:\/\/www.correiobraziliense.com.br\/cbradar\/#\/schema\/person\/image\/","url":"https:\/\/secure.gravatar.com\/avatar\/df9adfb835d344bc0af109d41756253f?s=96&d=mm&r=g","contentUrl":"https:\/\/secure.gravatar.com\/avatar\/df9adfb835d344bc0af109d41756253f?s=96&d=mm&r=g","caption":"guilherme_saude"},"url":"https:\/\/www.correiobraziliense.com.br\/cbradar\/author\/guilherme_saude\/"}]}},"_links":{"self":[{"href":"https:\/\/www.correiobraziliense.com.br\/cbradar\/wp-json\/wp\/v2\/posts\/206054","targetHints":{"allow":["GET"]}}],"collection":[{"href":"https:\/\/www.correiobraziliense.com.br\/cbradar\/wp-json\/wp\/v2\/posts"}],"about":[{"href":"https:\/\/www.correiobraziliense.com.br\/cbradar\/wp-json\/wp\/v2\/types\/post"}],"author":[{"embeddable":true,"href":"https:\/\/www.correiobraziliense.com.br\/cbradar\/wp-json\/wp\/v2\/users\/14"}],"replies":[{"embeddable":true,"href":"https:\/\/www.correiobraziliense.com.br\/cbradar\/wp-json\/wp\/v2\/comments?post=206054"}],"version-history":[{"count":1,"href":"https:\/\/www.correiobraziliense.com.br\/cbradar\/wp-json\/wp\/v2\/posts\/206054\/revisions"}],"predecessor-version":[{"id":206056,"href":"https:\/\/www.correiobraziliense.com.br\/cbradar\/wp-json\/wp\/v2\/posts\/206054\/revisions\/206056"}],"wp:featuredmedia":[{"embeddable":true,"href":"https:\/\/www.correiobraziliense.com.br\/cbradar\/wp-json\/wp\/v2\/media\/43113"}],"wp:attachment":[{"href":"https:\/\/www.correiobraziliense.com.br\/cbradar\/wp-json\/wp\/v2\/media?parent=206054"}],"wp:term":[{"taxonomy":"category","embeddable":true,"href":"https:\/\/www.correiobraziliense.com.br\/cbradar\/wp-json\/wp\/v2\/categories?post=206054"},{"taxonomy":"post_tag","embeddable":true,"href":"https:\/\/www.correiobraziliense.com.br\/cbradar\/wp-json\/wp\/v2\/post_tag?post=206054"}],"curies":[{"name":"wp","href":"https:\/\/api.w.org\/{rel}","templated":true}]}}