{"id":206060,"date":"2026-03-11T06:45:00","date_gmt":"2026-03-11T09:45:00","guid":{"rendered":"https:\/\/www.correiobraziliense.com.br\/cbradar\/?p=206060"},"modified":"2026-03-10T15:12:40","modified_gmt":"2026-03-10T18:12:40","slug":"nomes-de-meninas-usados-pelas-avos-que-estao-voltando-aos-registros-de-bebes","status":"publish","type":"post","link":"https:\/\/www.correiobraziliense.com.br\/cbradar\/nomes-de-meninas-usados-pelas-avos-que-estao-voltando-aos-registros-de-bebes\/","title":{"rendered":"Nomes de meninas usados pelas av\u00f3s que est\u00e3o voltando aos registros de beb\u00eas"},"content":{"rendered":"\n<p>A escolha de nomes para beb\u00eas costuma seguir ciclos geracionais que resgatam cl\u00e1ssicos do passado com uma roupagem moderna. Atualmente, nomes usados pelas av\u00f3s voltaram com for\u00e7a total aos registros civis brasileiros, trazendo eleg\u00e2ncia e tradi\u00e7\u00e3o. Entender essa tend\u00eancia ajuda pais indecisos a encontrar op\u00e7\u00f5es que transmitem for\u00e7a, hist\u00f3ria e muita sofistica\u00e7\u00e3o.<\/p>\n\n\n\n<h2 class=\"wp-block-heading\">Por que os nomes de antigamente exercem tanto fasc\u00ednio hoje?<\/h2>\n\n\n\n<p>O resgate de nomenclaturas cl\u00e1ssicas ocorre devido ao desejo profundo de conex\u00e3o com as ra\u00edzes familiares mais antigas. Muitos pais modernos buscam homenagear figuras queridas de suas inf\u00e2ncias, transformando nomes tradicionais em escolhas contempor\u00e2neas cheias de significado. Essa tend\u00eancia reflete a valoriza\u00e7\u00e3o da heran\u00e7a cultural brasileira e a busca por identidades que nunca saem de moda.<\/p>\n\n\n\n<p>Al\u00e9m do fator emocional, a sonoridade suave dos nomes vintage oferece uma alternativa elegante aos modismos passageiros do mercado atual. Escolher uma op\u00e7\u00e3o que atravessou gera\u00e7\u00f5es garante que a crian\u00e7a tenha uma identidade reconhec\u00edvel e respeitada em qualquer ambiente social. Essa est\u00e9tica retr\u00f4 conquista fam\u00edlias que priorizam a simplicidade aliada a uma personalidade forte e bastante duradoura.<\/p>\n\n\n\n<figure class=\"wp-block-image size-full\"><img decoding=\"async\" width=\"1280\" height=\"720\" src=\"https:\/\/www.correiobraziliense.com.br\/cbradar\/wp-content\/uploads\/2026\/03\/Gemini_Generated_Image_yw8no3yw8no3yw8n-1-1.png\" alt=\"Nomes de meninas usados pelas av\u00f3s que est\u00e3o voltando aos registros de beb\u00eas\" class=\"wp-image-206064\" srcset=\"https:\/\/www.correiobraziliense.com.br\/cbradar\/wp-content\/uploads\/2026\/03\/Gemini_Generated_Image_yw8no3yw8no3yw8n-1-1.png 1280w, https:\/\/www.correiobraziliense.com.br\/cbradar\/wp-content\/uploads\/2026\/03\/Gemini_Generated_Image_yw8no3yw8no3yw8n-1-1-300x169.png 300w, https:\/\/www.correiobraziliense.com.br\/cbradar\/wp-content\/uploads\/2026\/03\/Gemini_Generated_Image_yw8no3yw8no3yw8n-1-1-768x432.png 768w, https:\/\/www.correiobraziliense.com.br\/cbradar\/wp-content\/uploads\/2026\/03\/Gemini_Generated_Image_yw8no3yw8no3yw8n-1-1-750x422.png 750w, https:\/\/www.correiobraziliense.com.br\/cbradar\/wp-content\/uploads\/2026\/03\/Gemini_Generated_Image_yw8no3yw8no3yw8n-1-1-1140x641.png 1140w\" sizes=\"(max-width: 1280px) 100vw, 1280px\" \/><figcaption class=\"wp-element-caption\">Nomes cl\u00e1ssicos de av\u00f3s voltaram a se tornar tend\u00eancia entre beb\u00eas brasileiros<\/figcaption><\/figure>\n\n\n\n<h2 class=\"wp-block-heading\">Como a moda c\u00edclica influencia as escolhas nos cart\u00f3rios nacionais?<\/h2>\n\n\n\n<p>A influ\u00eancia de produ\u00e7\u00f5es audiovisuais ambientadas no passado desperta o interesse por nomes que estavam esquecidos pela popula\u00e7\u00e3o brasileira. S\u00e9ries e novelas de \u00e9poca reapresentam personagens marcantes, fazendo com que op\u00e7\u00f5es antigas voltem a soar frescas e inovadoras para as novas gera\u00e7\u00f5es. Assim, o ciclo da popularidade se renova, elevando nomes tradicionais ao topo dos registros.<\/p>\n\n\n\n<p>A percep\u00e7\u00e3o de que nomes cl\u00e1ssicos possuem uma densidade hist\u00f3rica maior atrai pais que valorizam a continuidade das hist\u00f3rias familiares. Optar por uma nomenclatura que j\u00e1 pertenceu aos antepassados confere um senso de perenidade essencial em um mundo digital vol\u00e1til. Essa escolha consciente celebra a identidade nacional, mantendo vivas as tradi\u00e7\u00f5es que moldaram a nossa sociedade atual.<\/p>\n\n\n\n<h2 class=\"wp-block-heading\">Quais s\u00e3o as op\u00e7\u00f5es favoritas que est\u00e3o brilhando novamente?<\/h2>\n\n\n\n<p>Diversos nomes que dominavam as certid\u00f5es de nascimento h\u00e1 d\u00e9cadas reapareceram com um brilho renovado nos cart\u00f3rios de todo o pa\u00eds. Essas escolhas combinam perfeitamente com os sobrenomes brasileiros mais comuns, facilitando a aceita\u00e7\u00e3o social e a pron\u00fancia correta. \u00c9 fascinante observar como a popularidade consegue se reinventar, transformando nomes cl\u00e1ssicos em verdadeiros fen\u00f4menos das listas atuais.<\/p>\n\n\n\n<p>Confira a lista abaixo:<\/p>\n\n\n\n<ul class=\"wp-block-list\">\n<li><strong>Helena<\/strong><\/li>\n\n\n\n<li><strong>Cec\u00edlia<\/strong><\/li>\n\n\n\n<li><strong>Ant\u00f4nia<\/strong><\/li>\n\n\n\n<li><strong>Ol\u00edvia<\/strong><\/li>\n\n\n\n<li><strong>Aurora<\/strong><\/li>\n<\/ul>\n\n\n\n<h2 class=\"wp-block-heading\">O estilo vintage realmente combina com o mundo contempor\u00e2neo?<\/h2>\n\n\n\n<p>Combinar a sonoridade tradicional de nomes antigos com apelidos carinhosos e modernos \u00e9 uma estrat\u00e9gia eficiente utilizada por muitas fam\u00edlias. Essa flexibilidade permite que a identidade seja formal nos documentos, mas mantenha uma leveza jovial no cotidiano escolar da crian\u00e7a. O equil\u00edbrio entre o passado e o presente define o sucesso dessas escolhas que encantam pais brasileiros.<\/p>\n\n\n\n<p>Especialistas afirmam que a renova\u00e7\u00e3o dos nomes \u00e9 um fen\u00f4meno global que atinge diversas camadas sociais de forma simult\u00e2nea e r\u00e1pida. Quando uma op\u00e7\u00e3o atinge seu ponto mais baixo de uso, ela se torna <strong>original novamente<\/strong> para as novas fam\u00edlias que buscam exclusividade. Dessa forma, a diversidade cultural do Brasil permanece protegida atrav\u00e9s dessa reciclagem constante e rica.<\/p>\n\n\n\n<p>No v\u00eddeo abaixo do TikTok <strong><em>Ajupy<\/em><\/strong>, que conta com mais de <strong><em>195 mil <\/em><\/strong>seguidores, ela cita os nomes de av\u00f3s que n\u00e3o s\u00e3o muito usados hoje em dia:<\/p>\n\n\n\n<blockquote class=\"tiktok-embed\" cite=\"https:\/\/www.tiktok.com\/@ajupy\/video\/7088341070328745222\" data-video-id=\"7088341070328745222\" style=\"max-width: 605px;min-width: 325px;\" > <section> <a target=\"_blank\" title=\"@ajupy\" href=\"https:\/\/www.tiktok.com\/@ajupy?refer=embed\">@ajupy<\/a> Nomes que s\u00f3 pessoas mais velhas t\u00eam <a title=\"nomes\" target=\"_blank\" href=\"https:\/\/www.tiktok.com\/tag\/nomes?refer=embed\">#nomes<\/a> <a title=\"comedia\" target=\"_blank\" href=\"https:\/\/www.tiktok.com\/tag\/comedia?refer=embed\">#comedia<\/a> <a title=\"nomesdemeninas\" target=\"_blank\" href=\"https:\/\/www.tiktok.com\/tag\/nomesdemeninas?refer=embed\">#nomesdemeninas<\/a> <a target=\"_blank\" title=\"\u266c Famous piano songs for comedy and cooking programs - moshimo sound design\" href=\"https:\/\/www.tiktok.com\/music\/Famous-piano-songs-for-comedy-and-cooking-programs-6817665502509271041?refer=embed\">\u266c Famous piano songs for comedy and cooking programs &#8211; moshimo sound design<\/a> <\/section> <\/blockquote> <script async src=\"https:\/\/www.tiktok.com\/embed.js\"><\/script>\n\n\n\n<p>Leia tamb\u00e9m: <a href=\"https:\/\/www.correiobraziliense.com.br\/cbradar\/quando-o-nome-comeca-com-v-existem-ideias-femininas-cheias-de-significado\/\" target=\"_blank\" rel=\"noreferrer noopener\">Quando o nome come\u00e7a com V, existem ideias femininas cheias de significado<\/a><\/p>\n\n\n\n<h2 class=\"wp-block-heading\">Qual a melhor forma de conferir a popularidade atual?<\/h2>\n\n\n\n<p>Consultar dados estat\u00edsticos atualizados \u00e9 fundamental para pais que desejam entender as reais tend\u00eancias do registro civil em territ\u00f3rio nacional. O portal oficial da transpar\u00eancia fornece uma vis\u00e3o detalhada sobre quais nomenclaturas est\u00e3o em ascens\u00e3o e quais perderam o interesse geral. Basear sua decis\u00e3o final em n\u00fameros concretos garante uma <strong>escolha segura<\/strong> e muito bem fundamentada para todos.<\/p>\n\n\n\n<p>A <strong>Associa\u00e7\u00e3o Nacional dos Registradores de Pessoas Naturais<\/strong> monitora o ranking de registros em cada estado brasileiro de forma muito precisa. Utilizar essa ferramenta gratuita permite verificar a frequ\u00eancia exata de cada nome ao longo dos anos, facilitando a busca por originalidade. Para explorar as estat\u00edsticas completas e oficiais do pa\u00eds, visite o portal do <a href=\"https:\/\/transparencia.registrocivil.org.br\/inicio\" target=\"_blank\" rel=\"noreferrer noopener\">Registro Civil<\/a> agora.<\/p>\n","protected":false},"excerpt":{"rendered":"<p>A escolha de nomes para beb\u00eas costuma seguir ciclos geracionais que resgatam cl\u00e1ssicos do passado com uma roupagem moderna. Atualmente, nomes usados pelas av\u00f3s voltaram com for\u00e7a total aos registros civis brasileiros, trazendo eleg\u00e2ncia e tradi\u00e7\u00e3o. Entender essa tend\u00eancia ajuda pais indecisos a encontrar op\u00e7\u00f5es que transmitem for\u00e7a, hist\u00f3ria e muita sofistica\u00e7\u00e3o. Por que os [&hellip;]<\/p>\n","protected":false},"author":21,"featured_media":206063,"comment_status":"open","ping_status":"open","sticky":false,"template":"","format":"standard","meta":{"_yoast_wpseo_focuskw":"nomes de av\u00f3s para beb\u00eas","_yoast_wpseo_title":"","_yoast_wpseo_metadesc":"Nomes que eram comuns entre av\u00f3s voltaram a ganhar destaque entre os beb\u00eas brasileiros, resgatando tradi\u00e7\u00e3o e eleg\u00e2ncia","jnews-multi-image_gallery":[],"jnews_single_post":{"format":"standard"},"jnews_primary_category":[],"jnews_social_meta":[],"jnews_override_counter":[],"footnotes":""},"categories":[112],"tags":[5901,5202,11783,11480],"class_list":["post-206060","post","type-post","status-publish","format-standard","has-post-thumbnail","hentry","category-curiosidades","tag-bebes","tag-nomes","tag-nomes-de-bebes","tag-nomes-de-meninas"],"yoast_head":"<!-- This site is optimized with the Yoast SEO plugin v24.6 - https:\/\/yoast.com\/wordpress\/plugins\/seo\/ -->\n<title>Nomes de meninas usados pelas av\u00f3s que est\u00e3o voltando aos registros de beb\u00eas - Correio Braziliense - Radar<\/title>\n<meta name=\"description\" content=\"Nomes que eram comuns entre av\u00f3s voltaram a ganhar destaque entre os beb\u00eas brasileiros, resgatando tradi\u00e7\u00e3o e eleg\u00e2ncia\" \/>\n<meta name=\"robots\" content=\"index, follow, max-snippet:-1, max-image-preview:large, max-video-preview:-1\" \/>\n<link rel=\"canonical\" href=\"https:\/\/www.correiobraziliense.com.br\/cbradar\/nomes-de-meninas-usados-pelas-avos-que-estao-voltando-aos-registros-de-bebes\/\" \/>\n<meta property=\"og:locale\" content=\"pt_BR\" \/>\n<meta property=\"og:type\" content=\"article\" \/>\n<meta property=\"og:title\" content=\"Nomes de meninas usados pelas av\u00f3s que est\u00e3o voltando aos registros de beb\u00eas - Correio Braziliense - Radar\" \/>\n<meta property=\"og:description\" content=\"Nomes que eram comuns entre av\u00f3s voltaram a ganhar destaque entre os beb\u00eas brasileiros, resgatando tradi\u00e7\u00e3o e eleg\u00e2ncia\" \/>\n<meta property=\"og:url\" content=\"https:\/\/www.correiobraziliense.com.br\/cbradar\/nomes-de-meninas-usados-pelas-avos-que-estao-voltando-aos-registros-de-bebes\/\" \/>\n<meta property=\"og:site_name\" content=\"Correio Braziliense - Radar\" \/>\n<meta property=\"article:published_time\" content=\"2026-03-11T09:45:00+00:00\" \/>\n<meta property=\"og:image\" content=\"https:\/\/www.correiobraziliense.com.br\/cbradar\/wp-content\/uploads\/2026\/03\/Gemini_Generated_Image_42rvas42rvas42rv-1-1.png\" \/>\n\t<meta property=\"og:image:width\" content=\"1280\" \/>\n\t<meta property=\"og:image:height\" content=\"720\" \/>\n\t<meta property=\"og:image:type\" content=\"image\/png\" \/>\n<meta name=\"author\" content=\"Patrick Silva\" \/>\n<meta name=\"twitter:card\" content=\"summary_large_image\" \/>\n<meta name=\"twitter:label1\" content=\"Escrito por\" \/>\n\t<meta name=\"twitter:data1\" content=\"Patrick Silva\" \/>\n\t<meta name=\"twitter:label2\" content=\"Est. tempo de leitura\" \/>\n\t<meta name=\"twitter:data2\" content=\"5 minutos\" \/>\n<!-- \/ Yoast SEO plugin. -->","yoast_head_json":{"title":"Nomes de meninas usados pelas av\u00f3s que est\u00e3o voltando aos registros de beb\u00eas - Correio Braziliense - Radar","description":"Nomes que eram comuns entre av\u00f3s voltaram a ganhar destaque entre os beb\u00eas brasileiros, resgatando tradi\u00e7\u00e3o e eleg\u00e2ncia","robots":{"index":"index","follow":"follow","max-snippet":"max-snippet:-1","max-image-preview":"max-image-preview:large","max-video-preview":"max-video-preview:-1"},"canonical":"https:\/\/www.correiobraziliense.com.br\/cbradar\/nomes-de-meninas-usados-pelas-avos-que-estao-voltando-aos-registros-de-bebes\/","og_locale":"pt_BR","og_type":"article","og_title":"Nomes de meninas usados pelas av\u00f3s que est\u00e3o voltando aos registros de beb\u00eas - Correio Braziliense - Radar","og_description":"Nomes que eram comuns entre av\u00f3s voltaram a ganhar destaque entre os beb\u00eas brasileiros, resgatando tradi\u00e7\u00e3o e eleg\u00e2ncia","og_url":"https:\/\/www.correiobraziliense.com.br\/cbradar\/nomes-de-meninas-usados-pelas-avos-que-estao-voltando-aos-registros-de-bebes\/","og_site_name":"Correio Braziliense - Radar","article_published_time":"2026-03-11T09:45:00+00:00","og_image":[{"width":1280,"height":720,"url":"https:\/\/www.correiobraziliense.com.br\/cbradar\/wp-content\/uploads\/2026\/03\/Gemini_Generated_Image_42rvas42rvas42rv-1-1.png","type":"image\/png"}],"author":"Patrick Silva","twitter_card":"summary_large_image","twitter_misc":{"Escrito por":"Patrick Silva","Est. tempo de leitura":"5 minutos"},"schema":{"@context":"https:\/\/schema.org","@graph":[{"@type":"WebPage","@id":"https:\/\/www.correiobraziliense.com.br\/cbradar\/nomes-de-meninas-usados-pelas-avos-que-estao-voltando-aos-registros-de-bebes\/","url":"https:\/\/www.correiobraziliense.com.br\/cbradar\/nomes-de-meninas-usados-pelas-avos-que-estao-voltando-aos-registros-de-bebes\/","name":"Nomes de meninas usados pelas av\u00f3s que est\u00e3o voltando aos registros de beb\u00eas - Correio Braziliense - Radar","isPartOf":{"@id":"https:\/\/www.correiobraziliense.com.br\/cbradar\/#website"},"primaryImageOfPage":{"@id":"https:\/\/www.correiobraziliense.com.br\/cbradar\/nomes-de-meninas-usados-pelas-avos-que-estao-voltando-aos-registros-de-bebes\/#primaryimage"},"image":{"@id":"https:\/\/www.correiobraziliense.com.br\/cbradar\/nomes-de-meninas-usados-pelas-avos-que-estao-voltando-aos-registros-de-bebes\/#primaryimage"},"thumbnailUrl":"https:\/\/www.correiobraziliense.com.br\/cbradar\/wp-content\/uploads\/2026\/03\/Gemini_Generated_Image_42rvas42rvas42rv-1-1.png","datePublished":"2026-03-11T09:45:00+00:00","author":{"@id":"https:\/\/www.correiobraziliense.com.br\/cbradar\/#\/schema\/person\/5440b72be9c7eb74f446c846479dc4da"},"description":"Nomes que eram comuns entre av\u00f3s voltaram a ganhar destaque entre os beb\u00eas brasileiros, resgatando tradi\u00e7\u00e3o e eleg\u00e2ncia","breadcrumb":{"@id":"https:\/\/www.correiobraziliense.com.br\/cbradar\/nomes-de-meninas-usados-pelas-avos-que-estao-voltando-aos-registros-de-bebes\/#breadcrumb"},"inLanguage":"pt-BR","potentialAction":[{"@type":"ReadAction","target":["https:\/\/www.correiobraziliense.com.br\/cbradar\/nomes-de-meninas-usados-pelas-avos-que-estao-voltando-aos-registros-de-bebes\/"]}]},{"@type":"ImageObject","inLanguage":"pt-BR","@id":"https:\/\/www.correiobraziliense.com.br\/cbradar\/nomes-de-meninas-usados-pelas-avos-que-estao-voltando-aos-registros-de-bebes\/#primaryimage","url":"https:\/\/www.correiobraziliense.com.br\/cbradar\/wp-content\/uploads\/2026\/03\/Gemini_Generated_Image_42rvas42rvas42rv-1-1.png","contentUrl":"https:\/\/www.correiobraziliense.com.br\/cbradar\/wp-content\/uploads\/2026\/03\/Gemini_Generated_Image_42rvas42rvas42rv-1-1.png","width":1280,"height":720,"caption":"Nomes cl\u00e1ssicos de av\u00f3s voltaram a se tornar tend\u00eancia entre beb\u00eas brasileiros"},{"@type":"BreadcrumbList","@id":"https:\/\/www.correiobraziliense.com.br\/cbradar\/nomes-de-meninas-usados-pelas-avos-que-estao-voltando-aos-registros-de-bebes\/#breadcrumb","itemListElement":[{"@type":"ListItem","position":1,"name":"In\u00edcio","item":"https:\/\/www.correiobraziliense.com.br\/cbradar\/"},{"@type":"ListItem","position":2,"name":"Nomes de meninas usados pelas av\u00f3s que est\u00e3o voltando aos registros de beb\u00eas"}]},{"@type":"WebSite","@id":"https:\/\/www.correiobraziliense.com.br\/cbradar\/#website","url":"https:\/\/www.correiobraziliense.com.br\/cbradar\/","name":"Correio Braziliense - Radar","description":"Acompanhe as \u00faltimas not\u00edcias e fique bem informado sobre tudo o que acontece no Brasil e no mundo.","potentialAction":[{"@type":"SearchAction","target":{"@type":"EntryPoint","urlTemplate":"https:\/\/www.correiobraziliense.com.br\/cbradar\/?s={search_term_string}"},"query-input":{"@type":"PropertyValueSpecification","valueRequired":true,"valueName":"search_term_string"}}],"inLanguage":"pt-BR"},{"@type":"Person","@id":"https:\/\/www.correiobraziliense.com.br\/cbradar\/#\/schema\/person\/5440b72be9c7eb74f446c846479dc4da","name":"Patrick Silva","image":{"@type":"ImageObject","inLanguage":"pt-BR","@id":"https:\/\/www.correiobraziliense.com.br\/cbradar\/#\/schema\/person\/image\/","url":"https:\/\/secure.gravatar.com\/avatar\/944109df296fc087785c9715fd5f80b2?s=96&d=mm&r=g","contentUrl":"https:\/\/secure.gravatar.com\/avatar\/944109df296fc087785c9715fd5f80b2?s=96&d=mm&r=g","caption":"Patrick Silva"},"sameAs":["https:\/\/www.correiobraziliense.com.br\/cbradar\/"],"url":"https:\/\/www.correiobraziliense.com.br\/cbradar\/author\/patrick-silva\/"}]}},"_links":{"self":[{"href":"https:\/\/www.correiobraziliense.com.br\/cbradar\/wp-json\/wp\/v2\/posts\/206060","targetHints":{"allow":["GET"]}}],"collection":[{"href":"https:\/\/www.correiobraziliense.com.br\/cbradar\/wp-json\/wp\/v2\/posts"}],"about":[{"href":"https:\/\/www.correiobraziliense.com.br\/cbradar\/wp-json\/wp\/v2\/types\/post"}],"author":[{"embeddable":true,"href":"https:\/\/www.correiobraziliense.com.br\/cbradar\/wp-json\/wp\/v2\/users\/21"}],"replies":[{"embeddable":true,"href":"https:\/\/www.correiobraziliense.com.br\/cbradar\/wp-json\/wp\/v2\/comments?post=206060"}],"version-history":[{"count":1,"href":"https:\/\/www.correiobraziliense.com.br\/cbradar\/wp-json\/wp\/v2\/posts\/206060\/revisions"}],"predecessor-version":[{"id":206065,"href":"https:\/\/www.correiobraziliense.com.br\/cbradar\/wp-json\/wp\/v2\/posts\/206060\/revisions\/206065"}],"wp:featuredmedia":[{"embeddable":true,"href":"https:\/\/www.correiobraziliense.com.br\/cbradar\/wp-json\/wp\/v2\/media\/206063"}],"wp:attachment":[{"href":"https:\/\/www.correiobraziliense.com.br\/cbradar\/wp-json\/wp\/v2\/media?parent=206060"}],"wp:term":[{"taxonomy":"category","embeddable":true,"href":"https:\/\/www.correiobraziliense.com.br\/cbradar\/wp-json\/wp\/v2\/categories?post=206060"},{"taxonomy":"post_tag","embeddable":true,"href":"https:\/\/www.correiobraziliense.com.br\/cbradar\/wp-json\/wp\/v2\/tags?post=206060"}],"curies":[{"name":"wp","href":"https:\/\/api.w.org\/{rel}","templated":true}]}}