{"id":206061,"date":"2026-03-11T12:05:00","date_gmt":"2026-03-11T15:05:00","guid":{"rendered":"https:\/\/www.correiobraziliense.com.br\/cbradar\/?p=206061"},"modified":"2026-03-10T15:13:11","modified_gmt":"2026-03-10T18:13:11","slug":"tendencias-de-nomes-de-bebes-para-2026-apos-o-sucesso-das-series-medievais-de-fantasia","status":"publish","type":"post","link":"https:\/\/www.correiobraziliense.com.br\/cbradar\/tendencias-de-nomes-de-bebes-para-2026-apos-o-sucesso-das-series-medievais-de-fantasia\/","title":{"rendered":"Tend\u00eancias de nomes de beb\u00eas para 2026 ap\u00f3s o sucesso das s\u00e9ries medievais de fantasia"},"content":{"rendered":"\n<p>O sucesso estrondoso das grandes produ\u00e7\u00f5es de fantasia medieval transformou radicalmente o cen\u00e1rio dos registros civis brasileiros para o pr\u00f3ximo ano. Pais contempor\u00e2neos buscam agora inspira\u00e7\u00f5es em personagens que transmitem for\u00e7a, honra e uma aura de nobreza atemporal. Entender como essas tend\u00eancias influenciam o comportamento social ajuda na escolha perfeita.<\/p>\n\n\n\n<h2 class=\"wp-block-heading\">Por que o universo da fantasia medieval fascina tanto os pais brasileiros?<\/h2>\n\n\n\n<p>A influ\u00eancia da cultura pop sobre os registros de nascimentos ocorre de forma c\u00edclica e muito intensa em todo o territ\u00f3rio nacional atualmente. S\u00e9ries que exploram reinos distantes, drag\u00f5es e batalhas \u00e9picas trazem nomes com sonoridades robustas que evocam sentimentos de coragem e lideran\u00e7a imediata. Essa conex\u00e3o emocional com her\u00f3is ficcionais fortalece a identidade das novas gera\u00e7\u00f5es de beb\u00eas.<\/p>\n\n\n\n<p>Al\u00e9m do impacto visual das produ\u00e7\u00f5es, a busca por nomes que fogem do comum impulsiona essa tend\u00eancia de forma muito acelerada. Nomes medievais oferecem uma alternativa sofisticada para quem deseja evitar op\u00e7\u00f5es saturadas, garantindo uma exclusividade que muitos casais valorizam no momento do registro. A originalidade aliada ao peso hist\u00f3rico transforma essas escolhas em verdadeiros fen\u00f4menos sociais marcantes em todo o pa\u00eds.<\/p>\n\n\n\n<figure class=\"wp-block-image size-full\"><img decoding=\"async\" width=\"1280\" height=\"720\" src=\"https:\/\/www.correiobraziliense.com.br\/cbradar\/wp-content\/uploads\/2026\/03\/Gemini_Generated_Image_aqjmvwaqjmvwaqjm-1-1.png\" alt=\"Tend\u00eancias de nomes de beb\u00eas para 2026 ap\u00f3s o sucesso das s\u00e9ries medievais de fantasia\" class=\"wp-image-206078\" srcset=\"https:\/\/www.correiobraziliense.com.br\/cbradar\/wp-content\/uploads\/2026\/03\/Gemini_Generated_Image_aqjmvwaqjmvwaqjm-1-1.png 1280w, https:\/\/www.correiobraziliense.com.br\/cbradar\/wp-content\/uploads\/2026\/03\/Gemini_Generated_Image_aqjmvwaqjmvwaqjm-1-1-300x169.png 300w, https:\/\/www.correiobraziliense.com.br\/cbradar\/wp-content\/uploads\/2026\/03\/Gemini_Generated_Image_aqjmvwaqjmvwaqjm-1-1-768x432.png 768w, https:\/\/www.correiobraziliense.com.br\/cbradar\/wp-content\/uploads\/2026\/03\/Gemini_Generated_Image_aqjmvwaqjmvwaqjm-1-1-750x422.png 750w, https:\/\/www.correiobraziliense.com.br\/cbradar\/wp-content\/uploads\/2026\/03\/Gemini_Generated_Image_aqjmvwaqjmvwaqjm-1-1-1140x641.png 1140w\" sizes=\"(max-width: 1280px) 100vw, 1280px\" \/><figcaption class=\"wp-element-caption\">Nomes de fantasia medieval est\u00e3o inspirando novas tend\u00eancias para beb\u00eas<\/figcaption><\/figure>\n\n\n\n<h2 class=\"wp-block-heading\">Como a sonoridade antiga consegue soar t\u00e3o moderna nos dias atuais?<\/h2>\n\n\n\n<p>O segredo reside na estrutura fon\u00e9tica dessas nomenclaturas, que geralmente utilizam jun\u00e7\u00f5es de consoantes fortes e vogais abertas muito harmoniosas. Essa caracter\u00edstica permite que nomes arcaicos sejam percebidos como inovadores quando inseridos em um contexto social contempor\u00e2neo e digital. Pais buscam esse equil\u00edbrio entre o tradicionalismo e a modernidade para conferir uma personalidade \u00fanica aos seus filhos rec\u00e9m-nascidos hoje.<\/p>\n\n\n\n<p>A facilidade de pron\u00fancia em diferentes idiomas tamb\u00e9m contribui para que essas escolhas ganhem espa\u00e7o nos cora\u00e7\u00f5es das fam\u00edlias brasileiras conectadas. Nomes de guerreiros e rainhas de fantasia costumam ser curtos e diretos, facilitando a memoriza\u00e7\u00e3o e o reconhecimento social em qualquer ambiente escolar futuro. Essa praticidade t\u00e9cnica aliada ao charme est\u00e9tico garante a sobreviv\u00eancia das tend\u00eancias por muitas d\u00e9cadas de forma sustent\u00e1vel.<\/p>\n\n\n\n<h2 class=\"wp-block-heading\">Quais personagens ic\u00f4nicos est\u00e3o inspirando as listas de nomes para 2026?<\/h2>\n\n\n\n<p>Diversos protagonistas de sagas liter\u00e1rias adaptadas para as telas tornaram-se refer\u00eancias diretas para milhares de fam\u00edlias que buscam nomes aut\u00eanticos agora. A for\u00e7a de personagens femininas independentes e l\u00edderes estrategistas motiva a escolha de nomes que remetem ao poder e \u00e0 sabedoria ancestral. \u00c9 fascinante observar como a fic\u00e7\u00e3o molda a realidade dos cart\u00f3rios de forma t\u00e3o profunda.<\/p>\n\n\n\n<p>Confira a lista abaixo:<\/p>\n\n\n\n<ul class=\"wp-block-list\">\n<li><strong>Arya<\/strong><\/li>\n\n\n\n<li><strong>Rhaenyra<\/strong><\/li>\n\n\n\n<li><strong>Arthur<\/strong><\/li>\n\n\n\n<li><strong>Elowen<\/strong><\/li>\n\n\n\n<li><strong>Daemon<\/strong><\/li>\n<\/ul>\n\n\n\n<h2 class=\"wp-block-heading\">Existe alguma preocupa\u00e7\u00e3o \u00e9tica ao escolher nomes de origem ficcional?<\/h2>\n\n\n\n<p>A principal recomenda\u00e7\u00e3o dos especialistas em genealogia \u00e9 avaliar como o nome escolhido ser\u00e1 percebido durante a vida adulta da crian\u00e7a. Embora a inspira\u00e7\u00e3o venha da fantasia, o nome deve carregar uma dignidade que acompanhe o indiv\u00edduo em contextos profissionais s\u00e9rios e formais. Analisar o significado profundo por tr\u00e1s da escolha evita arrependimentos futuros e garante uma transi\u00e7\u00e3o tranquila para a maturidade.<\/p>\n\n\n\n<p>Verificar se a grafia original do personagem \u00e9 f\u00e1cil de ser compreendida no cotidiano brasileiro evita transtornos burocr\u00e1ticos desnecess\u00e1rios nos documentos oficiais. Nomes muito complexos podem gerar dificuldades de alfabetiza\u00e7\u00e3o e problemas de pron\u00fancia que afetam a autoestima da crian\u00e7a ao longo do tempo. O equil\u00edbrio entre a criatividade e o bom senso \u00e9 a <strong>chave do sucesso<\/strong> para qualquer planejamento familiar.<\/p>\n\n\n\n<p>No v\u00eddeo abaixo do TikTok <strong><em>Erineditts<\/em><\/strong>, que conta com mais de <strong><em>111 mil <\/em><\/strong>seguidores, cita os nomes medievais para voc\u00ea se inspirar:<\/p>\n\n\n\n<blockquote class=\"tiktok-embed\" cite=\"https:\/\/www.tiktok.com\/@erineditts\/video\/7350024173000887558\" data-video-id=\"7350024173000887558\" style=\"max-width: 605px;min-width: 325px;\" > <section> <a target=\"_blank\" title=\"@erineditts\" href=\"https:\/\/www.tiktok.com\/@erineditts?refer=embed\">@erineditts<\/a> Boa Noite, com v\u00eddeo novo pra vcs ! \ud83e\udd81&#8230; <a title=\"nomesraros\" target=\"_blank\" href=\"https:\/\/www.tiktok.com\/tag\/nomesraros?refer=embed\">#nomesraros<\/a> <a title=\"nomescompostos\" target=\"_blank\" href=\"https:\/\/www.tiktok.com\/tag\/nomescompostos?refer=embed\">#nomescompostos<\/a> <a title=\"nomeslindos\" target=\"_blank\" href=\"https:\/\/www.tiktok.com\/tag\/nomeslindos?refer=embed\">#nomeslindos<\/a> <a title=\"nomesrarosparabebes\" target=\"_blank\" href=\"https:\/\/www.tiktok.com\/tag\/nomesrarosparabebes?refer=embed\">#nomesrarosparabebes<\/a> <a title=\"nomesdebebes2024\" target=\"_blank\" href=\"https:\/\/www.tiktok.com\/tag\/nomesdebebes2024?refer=embed\">#nomesdebebes2024<\/a> <a title=\"nomesfemininos\" target=\"_blank\" href=\"https:\/\/www.tiktok.com\/tag\/nomesfemininos?refer=embed\">#nomesfemininos<\/a> <a title=\"foryou\" target=\"_blank\" href=\"https:\/\/www.tiktok.com\/tag\/foryou?refer=embed\">#foryou<\/a> <a title=\"fyp\u30b7\" target=\"_blank\" href=\"https:\/\/www.tiktok.com\/tag\/fyp%E3%82%B7?refer=embed\">#fyp\u30b7<\/a> <a title=\"fyp\u30b7\" target=\"_blank\" href=\"https:\/\/www.tiktok.com\/tag\/fyp%E3%82%B7?refer=embed\">#fyp\u30b7<\/a> <a title=\"nomesbrasileiros\" target=\"_blank\" href=\"https:\/\/www.tiktok.com\/tag\/nomesbrasileiros?refer=embed\">#nomesbrasileiros<\/a> <a title=\"nomesbrasileiros\" target=\"_blank\" href=\"https:\/\/www.tiktok.com\/tag\/nomesbrasileiros?refer=embed\">#nomesbrasileiros<\/a> <a target=\"_blank\" title=\"\u266c Home - Matthew Hall\" href=\"https:\/\/www.tiktok.com\/music\/Home-7176237473075300354?refer=embed\">\u266c Home &#8211; Matthew Hall<\/a> <\/section> <\/blockquote> <script async src=\"https:\/\/www.tiktok.com\/embed.js\"><\/script>\n\n\n\n<p>Leia tamb\u00e9m: <a href=\"https:\/\/www.correiobraziliense.com.br\/cbradar\/quando-o-nome-comeca-com-v-existem-ideias-femininas-cheias-de-significado\/\" target=\"_blank\" rel=\"noreferrer noopener\">Quando o nome come\u00e7a com V, existem ideias femininas cheias de significado<\/a><\/p>\n\n\n\n<h2 class=\"wp-block-heading\">Qual a melhor ferramenta para monitorar as estat\u00edsticas de nomes no pa\u00eds?<\/h2>\n\n\n\n<p>Consultar dados oficiais atualizados permite que os pais entendam quais nomes est\u00e3o se tornando excessivamente comuns em cada regi\u00e3o espec\u00edfica do Brasil. O acompanhamento das m\u00e9tricas de registro civil oferece uma vis\u00e3o clara sobre o comportamento da sociedade frente \u00e0s influ\u00eancias da m\u00eddia global. Basear sua decis\u00e3o em n\u00fameros reais traz mais seguran\u00e7a para quem deseja uma <strong>identidade exclusiva<\/strong> e marcante.<\/p>\n\n\n\n<p>O <strong>Portal da Transpar\u00eancia<\/strong> fornece um panorama detalhado sobre a frequ\u00eancia de registros, ajudando a identificar nomes que est\u00e3o em franca ascens\u00e3o nacional. Essa ferramenta \u00e9 essencial para quem busca originalidade e deseja fugir de tend\u00eancias saturadas que perdem o charme rapidamente. Para conferir o ranking oficial dos registros e planejar sua escolha, visite o site do <a href=\"https:\/\/transparencia.registrocivil.org.br\/inicio\" target=\"_blank\" rel=\"noreferrer noopener\">Registro Civil<\/a> e verifique os dados reais.<\/p>\n","protected":false},"excerpt":{"rendered":"<p>O sucesso estrondoso das grandes produ\u00e7\u00f5es de fantasia medieval transformou radicalmente o cen\u00e1rio dos registros civis brasileiros para o pr\u00f3ximo ano. Pais contempor\u00e2neos buscam agora inspira\u00e7\u00f5es em personagens que transmitem for\u00e7a, honra e uma aura de nobreza atemporal. Entender como essas tend\u00eancias influenciam o comportamento social ajuda na escolha perfeita. Por que o universo da [&hellip;]<\/p>\n","protected":false},"author":21,"featured_media":206073,"comment_status":"open","ping_status":"open","sticky":false,"template":"","format":"standard","meta":{"jnews-multi-image_gallery":[],"jnews_single_post":{"format":"standard"},"jnews_primary_category":[],"jnews_social_meta":[],"jnews_override_counter":[],"footnotes":""},"categories":[112],"post_tag":[3414,15936,5202,11783],"class_list":["post-206061","post","type-post","status-publish","format-standard","has-post-thumbnail","hentry","category-curiosidades","tag-fantasia","tag-medievla","tag-nomes","tag-nomes-de-bebes"],"yoast_head":"<!-- This site is optimized with the Yoast SEO plugin v24.6 - https:\/\/yoast.com\/wordpress\/plugins\/seo\/ -->\n<title>Tend\u00eancias de nomes de beb\u00eas para 2026 ap\u00f3s o sucesso das s\u00e9ries medievais de fantasia - Correio Braziliense - Radar<\/title>\n<meta name=\"description\" content=\"Nomes inspirados em personagens de fantasia medieval est\u00e3o ganhando popularidade entre beb\u00eas e influenciando novas escolhas nos registros\" \/>\n<meta name=\"robots\" content=\"index, follow, max-snippet:-1, max-image-preview:large, max-video-preview:-1\" \/>\n<link rel=\"canonical\" href=\"https:\/\/www.correiobraziliense.com.br\/cbradar\/tendencias-de-nomes-de-bebes-para-2026-apos-o-sucesso-das-series-medievais-de-fantasia\/\" \/>\n<meta property=\"og:locale\" content=\"pt_BR\" \/>\n<meta property=\"og:type\" content=\"article\" \/>\n<meta property=\"og:title\" content=\"Tend\u00eancias de nomes de beb\u00eas para 2026 ap\u00f3s o sucesso das s\u00e9ries medievais de fantasia - Correio Braziliense - Radar\" \/>\n<meta property=\"og:description\" content=\"Nomes inspirados em personagens de fantasia medieval est\u00e3o ganhando popularidade entre beb\u00eas e influenciando novas escolhas nos registros\" \/>\n<meta property=\"og:url\" content=\"https:\/\/www.correiobraziliense.com.br\/cbradar\/tendencias-de-nomes-de-bebes-para-2026-apos-o-sucesso-das-series-medievais-de-fantasia\/\" \/>\n<meta property=\"og:site_name\" content=\"Correio Braziliense - Radar\" \/>\n<meta property=\"article:published_time\" content=\"2026-03-11T15:05:00+00:00\" \/>\n<meta property=\"og:image\" content=\"https:\/\/www.correiobraziliense.com.br\/cbradar\/wp-content\/uploads\/2026\/03\/Gemini_Generated_Image_5g5t9s5g5t9s5g5t-1-1.png\" \/>\n\t<meta property=\"og:image:width\" content=\"1280\" \/>\n\t<meta property=\"og:image:height\" content=\"720\" \/>\n\t<meta property=\"og:image:type\" content=\"image\/png\" \/>\n<meta name=\"author\" content=\"Patrick Silva\" \/>\n<meta name=\"twitter:card\" content=\"summary_large_image\" \/>\n<meta name=\"twitter:label1\" content=\"Escrito por\" \/>\n\t<meta name=\"twitter:data1\" content=\"Patrick Silva\" \/>\n\t<meta name=\"twitter:label2\" content=\"Est. tempo de leitura\" \/>\n\t<meta name=\"twitter:data2\" content=\"5 minutos\" \/>\n<!-- \/ Yoast SEO plugin. -->","yoast_head_json":{"title":"Tend\u00eancias de nomes de beb\u00eas para 2026 ap\u00f3s o sucesso das s\u00e9ries medievais de fantasia - Correio Braziliense - Radar","description":"Nomes inspirados em personagens de fantasia medieval est\u00e3o ganhando popularidade entre beb\u00eas e influenciando novas escolhas nos registros","robots":{"index":"index","follow":"follow","max-snippet":"max-snippet:-1","max-image-preview":"max-image-preview:large","max-video-preview":"max-video-preview:-1"},"canonical":"https:\/\/www.correiobraziliense.com.br\/cbradar\/tendencias-de-nomes-de-bebes-para-2026-apos-o-sucesso-das-series-medievais-de-fantasia\/","og_locale":"pt_BR","og_type":"article","og_title":"Tend\u00eancias de nomes de beb\u00eas para 2026 ap\u00f3s o sucesso das s\u00e9ries medievais de fantasia - Correio Braziliense - Radar","og_description":"Nomes inspirados em personagens de fantasia medieval est\u00e3o ganhando popularidade entre beb\u00eas e influenciando novas escolhas nos registros","og_url":"https:\/\/www.correiobraziliense.com.br\/cbradar\/tendencias-de-nomes-de-bebes-para-2026-apos-o-sucesso-das-series-medievais-de-fantasia\/","og_site_name":"Correio Braziliense - Radar","article_published_time":"2026-03-11T15:05:00+00:00","og_image":[{"width":1280,"height":720,"url":"https:\/\/www.correiobraziliense.com.br\/cbradar\/wp-content\/uploads\/2026\/03\/Gemini_Generated_Image_5g5t9s5g5t9s5g5t-1-1.png","type":"image\/png"}],"author":"Patrick Silva","twitter_card":"summary_large_image","twitter_misc":{"Escrito por":"Patrick Silva","Est. tempo de leitura":"5 minutos"},"schema":{"@context":"https:\/\/schema.org","@graph":[{"@type":"WebPage","@id":"https:\/\/www.correiobraziliense.com.br\/cbradar\/tendencias-de-nomes-de-bebes-para-2026-apos-o-sucesso-das-series-medievais-de-fantasia\/","url":"https:\/\/www.correiobraziliense.com.br\/cbradar\/tendencias-de-nomes-de-bebes-para-2026-apos-o-sucesso-das-series-medievais-de-fantasia\/","name":"Tend\u00eancias de nomes de beb\u00eas para 2026 ap\u00f3s o sucesso das s\u00e9ries medievais de fantasia - Correio Braziliense - Radar","isPartOf":{"@id":"https:\/\/www.correiobraziliense.com.br\/cbradar\/#website"},"primaryImageOfPage":{"@id":"https:\/\/www.correiobraziliense.com.br\/cbradar\/tendencias-de-nomes-de-bebes-para-2026-apos-o-sucesso-das-series-medievais-de-fantasia\/#primaryimage"},"image":{"@id":"https:\/\/www.correiobraziliense.com.br\/cbradar\/tendencias-de-nomes-de-bebes-para-2026-apos-o-sucesso-das-series-medievais-de-fantasia\/#primaryimage"},"thumbnailUrl":"https:\/\/www.correiobraziliense.com.br\/cbradar\/wp-content\/uploads\/2026\/03\/Gemini_Generated_Image_5g5t9s5g5t9s5g5t-1-1.png","datePublished":"2026-03-11T15:05:00+00:00","author":{"@id":"https:\/\/www.correiobraziliense.com.br\/cbradar\/#\/schema\/person\/5440b72be9c7eb74f446c846479dc4da"},"description":"Nomes inspirados em personagens de fantasia medieval est\u00e3o ganhando popularidade entre beb\u00eas e influenciando novas escolhas nos registros","breadcrumb":{"@id":"https:\/\/www.correiobraziliense.com.br\/cbradar\/tendencias-de-nomes-de-bebes-para-2026-apos-o-sucesso-das-series-medievais-de-fantasia\/#breadcrumb"},"inLanguage":"pt-BR","potentialAction":[{"@type":"ReadAction","target":["https:\/\/www.correiobraziliense.com.br\/cbradar\/tendencias-de-nomes-de-bebes-para-2026-apos-o-sucesso-das-series-medievais-de-fantasia\/"]}]},{"@type":"ImageObject","inLanguage":"pt-BR","@id":"https:\/\/www.correiobraziliense.com.br\/cbradar\/tendencias-de-nomes-de-bebes-para-2026-apos-o-sucesso-das-series-medievais-de-fantasia\/#primaryimage","url":"https:\/\/www.correiobraziliense.com.br\/cbradar\/wp-content\/uploads\/2026\/03\/Gemini_Generated_Image_5g5t9s5g5t9s5g5t-1-1.png","contentUrl":"https:\/\/www.correiobraziliense.com.br\/cbradar\/wp-content\/uploads\/2026\/03\/Gemini_Generated_Image_5g5t9s5g5t9s5g5t-1-1.png","width":1280,"height":720,"caption":"Nomes de fantasia medieval est\u00e3o inspirando novas tend\u00eancias para beb\u00eas"},{"@type":"BreadcrumbList","@id":"https:\/\/www.correiobraziliense.com.br\/cbradar\/tendencias-de-nomes-de-bebes-para-2026-apos-o-sucesso-das-series-medievais-de-fantasia\/#breadcrumb","itemListElement":[{"@type":"ListItem","position":1,"name":"In\u00edcio","item":"https:\/\/www.correiobraziliense.com.br\/cbradar\/"},{"@type":"ListItem","position":2,"name":"Tend\u00eancias de nomes de beb\u00eas para 2026 ap\u00f3s o sucesso das s\u00e9ries medievais de fantasia"}]},{"@type":"WebSite","@id":"https:\/\/www.correiobraziliense.com.br\/cbradar\/#website","url":"https:\/\/www.correiobraziliense.com.br\/cbradar\/","name":"Correio Braziliense - Radar","description":"Acompanhe as \u00faltimas not\u00edcias e fique bem informado sobre tudo o que acontece no Brasil e no mundo.","potentialAction":[{"@type":"SearchAction","target":{"@type":"EntryPoint","urlTemplate":"https:\/\/www.correiobraziliense.com.br\/cbradar\/?s={search_term_string}"},"query-input":{"@type":"PropertyValueSpecification","valueRequired":true,"valueName":"search_term_string"}}],"inLanguage":"pt-BR"},{"@type":"Person","@id":"https:\/\/www.correiobraziliense.com.br\/cbradar\/#\/schema\/person\/5440b72be9c7eb74f446c846479dc4da","name":"Patrick Silva","image":{"@type":"ImageObject","inLanguage":"pt-BR","@id":"https:\/\/www.correiobraziliense.com.br\/cbradar\/#\/schema\/person\/image\/","url":"https:\/\/secure.gravatar.com\/avatar\/944109df296fc087785c9715fd5f80b2?s=96&d=mm&r=g","contentUrl":"https:\/\/secure.gravatar.com\/avatar\/944109df296fc087785c9715fd5f80b2?s=96&d=mm&r=g","caption":"Patrick Silva"},"sameAs":["https:\/\/www.correiobraziliense.com.br\/cbradar\/"],"url":"https:\/\/www.correiobraziliense.com.br\/cbradar\/author\/patrick-silva\/"}]}},"_links":{"self":[{"href":"https:\/\/www.correiobraziliense.com.br\/cbradar\/wp-json\/wp\/v2\/posts\/206061","targetHints":{"allow":["GET"]}}],"collection":[{"href":"https:\/\/www.correiobraziliense.com.br\/cbradar\/wp-json\/wp\/v2\/posts"}],"about":[{"href":"https:\/\/www.correiobraziliense.com.br\/cbradar\/wp-json\/wp\/v2\/types\/post"}],"author":[{"embeddable":true,"href":"https:\/\/www.correiobraziliense.com.br\/cbradar\/wp-json\/wp\/v2\/users\/21"}],"replies":[{"embeddable":true,"href":"https:\/\/www.correiobraziliense.com.br\/cbradar\/wp-json\/wp\/v2\/comments?post=206061"}],"version-history":[{"count":2,"href":"https:\/\/www.correiobraziliense.com.br\/cbradar\/wp-json\/wp\/v2\/posts\/206061\/revisions"}],"predecessor-version":[{"id":206079,"href":"https:\/\/www.correiobraziliense.com.br\/cbradar\/wp-json\/wp\/v2\/posts\/206061\/revisions\/206079"}],"wp:featuredmedia":[{"embeddable":true,"href":"https:\/\/www.correiobraziliense.com.br\/cbradar\/wp-json\/wp\/v2\/media\/206073"}],"wp:attachment":[{"href":"https:\/\/www.correiobraziliense.com.br\/cbradar\/wp-json\/wp\/v2\/media?parent=206061"}],"wp:term":[{"taxonomy":"category","embeddable":true,"href":"https:\/\/www.correiobraziliense.com.br\/cbradar\/wp-json\/wp\/v2\/categories?post=206061"},{"taxonomy":"post_tag","embeddable":true,"href":"https:\/\/www.correiobraziliense.com.br\/cbradar\/wp-json\/wp\/v2\/post_tag?post=206061"}],"curies":[{"name":"wp","href":"https:\/\/api.w.org\/{rel}","templated":true}]}}