{"id":206067,"date":"2026-03-11T21:35:00","date_gmt":"2026-03-12T00:35:00","guid":{"rendered":"https:\/\/www.correiobraziliense.com.br\/cbradar\/?p=206067"},"modified":"2026-03-10T15:13:39","modified_gmt":"2026-03-10T18:13:39","slug":"os-nomes-de-bebes-mais-populares-na-alemanha-em-2025-foram-revelados-e-podem-chegar-ao-brasil","status":"publish","type":"post","link":"https:\/\/www.correiobraziliense.com.br\/cbradar\/os-nomes-de-bebes-mais-populares-na-alemanha-em-2025-foram-revelados-e-podem-chegar-ao-brasil\/","title":{"rendered":"Os nomes de beb\u00eas mais populares na Alemanha em 2025 foram revelados e podem chegar ao Brasil"},"content":{"rendered":"\n<p>A recente divulga\u00e7\u00e3o dos nomes de beb\u00eas mais registrados na Alemanha em 2025 revela tend\u00eancias fascinantes que j\u00e1 come\u00e7am a influenciar o gosto das fam\u00edlias brasileiras. Com op\u00e7\u00f5es curtas e de f\u00e1cil pron\u00fancia internacional, essas escolhas refletem um desejo por modernidade e tradi\u00e7\u00e3o. Entender esse fen\u00f4meno cultural ajuda pais na busca pela identidade perfeita.<\/p>\n\n\n\n<h2 class=\"wp-block-heading\">Qual \u00e9 o segredo por tr\u00e1s da ascens\u00e3o de Sophia ao topo da lista?<\/h2>\n\n\n\n<p>A mudan\u00e7a na lideran\u00e7a feminina alem\u00e3 ocorreu de forma surpreendente, com o nome <strong>Sophia<\/strong> desbancando a favorita <strong>Emilia<\/strong> ap\u00f3s anos de dom\u00ednio absoluto nos cart\u00f3rios. Essa escolha reflete uma prefer\u00eancia global por nomes cl\u00e1ssicos que transmitem sabedoria e sofistica\u00e7\u00e3o sem perder a leveza. A sonoridade aberta facilita sua aceita\u00e7\u00e3o em diversos pa\u00edses do mundo moderno.<\/p>\n\n\n\n<p>Al\u00e9m da beleza fon\u00e9tica, a versatilidade de <strong>Sophia<\/strong> permite que ele seja facilmente combinado com sobrenomes de diferentes origens culturais, inclusive na diversidade brasileira. Pais contempor\u00e2neos valorizam nomes que funcionam bem tanto na escrita quanto na fala cotidiana em ambientes bil\u00edngues. Essa praticidade t\u00e9cnica \u00e9 um dos pilares que sustenta o sucesso estrondoso desta nomenclatura atualmente.<\/p>\n\n\n\n<figure class=\"wp-block-image size-full\"><img decoding=\"async\" width=\"1280\" height=\"720\" src=\"https:\/\/www.correiobraziliense.com.br\/cbradar\/wp-content\/uploads\/2026\/03\/Gemini_Generated_Image_qn3paqn3paqn3paq-1-1.png\" alt=\"Os nomes de beb\u00eas mais populares na Alemanha em 2025 foram revelados e podem chegar ao Brasil\" class=\"wp-image-206089\" srcset=\"https:\/\/www.correiobraziliense.com.br\/cbradar\/wp-content\/uploads\/2026\/03\/Gemini_Generated_Image_qn3paqn3paqn3paq-1-1.png 1280w, https:\/\/www.correiobraziliense.com.br\/cbradar\/wp-content\/uploads\/2026\/03\/Gemini_Generated_Image_qn3paqn3paqn3paq-1-1-300x169.png 300w, https:\/\/www.correiobraziliense.com.br\/cbradar\/wp-content\/uploads\/2026\/03\/Gemini_Generated_Image_qn3paqn3paqn3paq-1-1-768x432.png 768w, https:\/\/www.correiobraziliense.com.br\/cbradar\/wp-content\/uploads\/2026\/03\/Gemini_Generated_Image_qn3paqn3paqn3paq-1-1-750x422.png 750w, https:\/\/www.correiobraziliense.com.br\/cbradar\/wp-content\/uploads\/2026\/03\/Gemini_Generated_Image_qn3paqn3paqn3paq-1-1-1140x641.png 1140w\" sizes=\"(max-width: 1280px) 100vw, 1280px\" \/><figcaption class=\"wp-element-caption\">Os nomes mais registrados na Alemanha em 2025 revelam novas tend\u00eancias<\/figcaption><\/figure>\n\n\n\n<h2 class=\"wp-block-heading\">Por que os nomes de meninos permanecem t\u00e3o est\u00e1veis nas prefer\u00eancias?<\/h2>\n\n\n\n<p>Diferente da lista feminina, o ranking masculino alem\u00e3o mostrou uma resili\u00eancia not\u00e1vel, com o nome <strong>Noah<\/strong> mantendo-se como a escolha n\u00famero um por mais um ano. Esse fen\u00f4meno demonstra que, para meninos, os pais buscam significados ligados ao conforto e \u00e0 paz duradoura. A simplicidade de quatro letras garante uma assinatura visual limpa e muito impactante.<\/p>\n\n\n\n<p>Outras op\u00e7\u00f5es como <strong>Matteo<\/strong> e <strong>Elias<\/strong> tamb\u00e9m consolidaram suas posi\u00e7\u00f5es de destaque, provando que a influ\u00eancia italiana e b\u00edblica continua forte no cora\u00e7\u00e3o da Europa. Essas sonoridades mel\u00f3dicas atraem fam\u00edlias brasileiras que buscam fugir do \u00f3bvio, mas ainda desejam um nome reconhec\u00edvel. O equil\u00edbrio entre o tradicional e o inovador define a est\u00e9tica desses registros nos cart\u00f3rios.<\/p>\n\n\n\n<h2 class=\"wp-block-heading\">Como a facilidade de pron\u00fancia impacta a escolha dos novos registros?<\/h2>\n\n\n\n<p>A tend\u00eancia de nomes curtos e sem caracteres especiais facilita a integra\u00e7\u00e3o da crian\u00e7a em um mundo cada vez mais conectado digitalmente e sem fronteiras. Nomes que possuem a mesma escrita em diferentes idiomas reduzem problemas burocr\u00e1ticos e promovem uma identidade globalizada muito valorizada. A clareza sonora \u00e9, sem d\u00favida, o <strong>grande diferencial competitivo<\/strong> das novas gera\u00e7\u00f5es brasileiras.<\/p>\n\n\n\n<p>Para que sua experi\u00eancia inicial na escolha da identidade ideal seja totalmente proveitosa e livre de d\u00favidas, considere os nomes que est\u00e3o no topo da prefer\u00eancia internacional:<\/p>\n\n\n\n<ul class=\"wp-block-list\">\n<li><strong>Sophia<\/strong><\/li>\n\n\n\n<li><strong>Noah<\/strong><\/li>\n\n\n\n<li><strong>Emma<\/strong><\/li>\n\n\n\n<li><strong>Matteo<\/strong><\/li>\n\n\n\n<li><strong>Emilia<\/strong><\/li>\n<\/ul>\n\n\n\n<h2 class=\"wp-block-heading\">Existe alguma influ\u00eancia surpreendente nas tend\u00eancias para o pr\u00f3ximo ano?<\/h2>\n\n\n\n<p>Uma das maiores surpresas nos dados de 2025 foi o salto impressionante do nome <strong>Leo<\/strong>, que entrou pela primeira vez no prestigiado grupo dos dez mais populares. Especialistas sugerem que influ\u00eancias culturais e figuras p\u00fablicas marcantes podem ter impulsionado esse crescimento r\u00e1pido entre os jovens casais. A brevidade do nome \u00e9 um convite \u00e0 modernidade e \u00e0 for\u00e7a pessoal.<\/p>\n\n\n\n<p>Nomes inspirados na natureza e em astros celestiais tamb\u00e9m come\u00e7am a ganhar espa\u00e7o nas listas secund\u00e1rias, indicando um desejo por maior conex\u00e3o com o meio ambiente. Essas escolhas refletem uma mudan\u00e7a de mentalidade nas fam\u00edlias que priorizam a harmonia e a originalidade em suas decis\u00f5es. Estar atento a essas varia\u00e7\u00f5es \u00e9 fundamental para quem deseja <strong>exclusividade e charme<\/strong>.<\/p>\n\n\n\n<p>No v\u00eddeo abaixo do TikTok <strong><em>Babynameees<\/em><\/strong>, que conta com mais de <strong><em>336 mil <\/em><\/strong>seguidores, sugere nomes femininos alem\u00e3es para meninas:<\/p>\n\n\n\n<blockquote class=\"tiktok-embed\" cite=\"https:\/\/www.tiktok.com\/@babynameees\/video\/7389320586696199429\" data-video-id=\"7389320586696199429\" style=\"max-width: 605px;min-width: 325px;\" > <section> <a target=\"_blank\" title=\"@babynameees\" href=\"https:\/\/www.tiktok.com\/@babynameees?refer=embed\">@babynameees<\/a> Nomes alem\u00e3es lindos para meninas\ud83c\udde9\ud83c\uddea\ud83d\udc96\u2728 . . <a title=\"nomesdemeninas\" target=\"_blank\" href=\"https:\/\/www.tiktok.com\/tag\/nomesdemeninas?refer=embed\">#nomesdemeninas<\/a> <a title=\"nomesdebebes\" target=\"_blank\" href=\"https:\/\/www.tiktok.com\/tag\/nomesdebebes?refer=embed\">#nomesdebebes<\/a> <a title=\"bebe\" target=\"_blank\" href=\"https:\/\/www.tiktok.com\/tag\/bebe?refer=embed\">#bebe<\/a> <a target=\"_blank\" title=\"\u266c Epic Music(863502) - Draganov89\" href=\"https:\/\/www.tiktok.com\/music\/Epic-Music-863502-6873501791145691137?refer=embed\">\u266c Epic Music(863502) &#8211; Draganov89<\/a> <\/section> <\/blockquote> <script async src=\"https:\/\/www.tiktok.com\/embed.js\"><\/script>\n\n\n\n<p>Leia tamb\u00e9m: <a href=\"https:\/\/www.correiobraziliense.com.br\/cbradar\/quando-o-nome-comeca-com-v-existem-ideias-femininas-cheias-de-significado\/\" target=\"_blank\" rel=\"noreferrer noopener\">Quando o nome come\u00e7a com V, existem ideias femininas cheias de significado<\/a><\/p>\n\n\n\n<h2 class=\"wp-block-heading\">Como \u00e9 poss\u00edvel validar as estat\u00edsticas oficiais de forma segura?<\/h2>\n\n\n\n<p>Consultar portais de autoridade lingu\u00edstica \u00e9 o caminho mais recomendado para quem busca dados precisos sobre a evolu\u00e7\u00e3o dos prenomes em territ\u00f3rio europeu e mundial. Essas institui\u00e7\u00f5es fornecem relat\u00f3rios detalhados que explicam as mudan\u00e7as comportamentais da sociedade atrav\u00e9s da escolha das novas identidades. Ter acesso a informa\u00e7\u00f5es ver\u00eddicas garante uma <strong>decis\u00e3o final s\u00f3lida<\/strong>, consciente e muito bem fundamentada.<\/p>\n\n\n\n<p>A <strong>GfdS<\/strong> divulga anualmente os nomes mais frequentes em toda a Alemanha baseando-se em dados de centenas de cart\u00f3rios. Ao analisar essas m\u00e9tricas, percebe-se como a cultura molda as futuras gera\u00e7\u00f5es de maneira profunda. Para verificar o ranking oficial, visite o site da <a target=\"_blank\" rel=\"noreferrer noopener\" href=\"https:\/\/gfds.de\/vornamen\/beliebteste-vornamen\/\">GfdS<\/a> e explore as tend\u00eancias demogr\u00e1ficas atuais e seguras hoje.<\/p>\n","protected":false},"excerpt":{"rendered":"<p>A recente divulga\u00e7\u00e3o dos nomes de beb\u00eas mais registrados na Alemanha em 2025 revela tend\u00eancias fascinantes que j\u00e1 come\u00e7am a influenciar o gosto das fam\u00edlias brasileiras. Com op\u00e7\u00f5es curtas e de f\u00e1cil pron\u00fancia internacional, essas escolhas refletem um desejo por modernidade e tradi\u00e7\u00e3o. Entender esse fen\u00f4meno cultural ajuda pais na busca pela identidade perfeita. Qual [&hellip;]<\/p>\n","protected":false},"author":21,"featured_media":206088,"comment_status":"open","ping_status":"open","sticky":false,"template":"","format":"standard","meta":{"_yoast_wpseo_focuskw":"nomes de beb\u00eas na Alemanha","_yoast_wpseo_title":"","_yoast_wpseo_metadesc":"Os nomes de beb\u00eas mais registrados na Alemanha em 2025 revelam tend\u00eancias internacionais que tamb\u00e9m come\u00e7am a influenciar no Brasil","jnews-multi-image_gallery":[],"jnews_single_post":{"format":"standard"},"jnews_primary_category":[],"jnews_social_meta":[],"jnews_override_counter":[],"footnotes":""},"categories":[112],"post_tag":[469,5901,11783],"class_list":["post-206067","post","type-post","status-publish","format-standard","has-post-thumbnail","hentry","category-curiosidades","tag-alemanha","tag-bebes","tag-nomes-de-bebes"],"yoast_head":"<!-- This site is optimized with the Yoast SEO plugin v24.6 - https:\/\/yoast.com\/wordpress\/plugins\/seo\/ -->\n<title>Os nomes de beb\u00eas mais populares na Alemanha em 2025 foram revelados e podem chegar ao Brasil - Correio Braziliense - Radar<\/title>\n<meta name=\"description\" content=\"Os nomes de beb\u00eas mais registrados na Alemanha em 2025 revelam tend\u00eancias internacionais que tamb\u00e9m come\u00e7am a influenciar no Brasil\" \/>\n<meta name=\"robots\" content=\"index, follow, max-snippet:-1, max-image-preview:large, max-video-preview:-1\" \/>\n<link rel=\"canonical\" href=\"https:\/\/www.correiobraziliense.com.br\/cbradar\/os-nomes-de-bebes-mais-populares-na-alemanha-em-2025-foram-revelados-e-podem-chegar-ao-brasil\/\" \/>\n<meta property=\"og:locale\" content=\"pt_BR\" \/>\n<meta property=\"og:type\" content=\"article\" \/>\n<meta property=\"og:title\" content=\"Os nomes de beb\u00eas mais populares na Alemanha em 2025 foram revelados e podem chegar ao Brasil - Correio Braziliense - Radar\" \/>\n<meta property=\"og:description\" content=\"Os nomes de beb\u00eas mais registrados na Alemanha em 2025 revelam tend\u00eancias internacionais que tamb\u00e9m come\u00e7am a influenciar no Brasil\" \/>\n<meta property=\"og:url\" content=\"https:\/\/www.correiobraziliense.com.br\/cbradar\/os-nomes-de-bebes-mais-populares-na-alemanha-em-2025-foram-revelados-e-podem-chegar-ao-brasil\/\" \/>\n<meta property=\"og:site_name\" content=\"Correio Braziliense - Radar\" \/>\n<meta property=\"article:published_time\" content=\"2026-03-12T00:35:00+00:00\" \/>\n<meta property=\"og:image\" content=\"https:\/\/www.correiobraziliense.com.br\/cbradar\/wp-content\/uploads\/2026\/03\/Gemini_Generated_Image_ol762xol762xol76-1-1.png\" \/>\n\t<meta property=\"og:image:width\" content=\"1280\" \/>\n\t<meta property=\"og:image:height\" content=\"720\" \/>\n\t<meta property=\"og:image:type\" content=\"image\/png\" \/>\n<meta name=\"author\" content=\"Patrick Silva\" \/>\n<meta name=\"twitter:card\" content=\"summary_large_image\" \/>\n<meta name=\"twitter:label1\" content=\"Escrito por\" \/>\n\t<meta name=\"twitter:data1\" content=\"Patrick Silva\" \/>\n\t<meta name=\"twitter:label2\" content=\"Est. tempo de leitura\" \/>\n\t<meta name=\"twitter:data2\" content=\"5 minutos\" \/>\n<!-- \/ Yoast SEO plugin. -->","yoast_head_json":{"title":"Os nomes de beb\u00eas mais populares na Alemanha em 2025 foram revelados e podem chegar ao Brasil - Correio Braziliense - Radar","description":"Os nomes de beb\u00eas mais registrados na Alemanha em 2025 revelam tend\u00eancias internacionais que tamb\u00e9m come\u00e7am a influenciar no Brasil","robots":{"index":"index","follow":"follow","max-snippet":"max-snippet:-1","max-image-preview":"max-image-preview:large","max-video-preview":"max-video-preview:-1"},"canonical":"https:\/\/www.correiobraziliense.com.br\/cbradar\/os-nomes-de-bebes-mais-populares-na-alemanha-em-2025-foram-revelados-e-podem-chegar-ao-brasil\/","og_locale":"pt_BR","og_type":"article","og_title":"Os nomes de beb\u00eas mais populares na Alemanha em 2025 foram revelados e podem chegar ao Brasil - Correio Braziliense - Radar","og_description":"Os nomes de beb\u00eas mais registrados na Alemanha em 2025 revelam tend\u00eancias internacionais que tamb\u00e9m come\u00e7am a influenciar no Brasil","og_url":"https:\/\/www.correiobraziliense.com.br\/cbradar\/os-nomes-de-bebes-mais-populares-na-alemanha-em-2025-foram-revelados-e-podem-chegar-ao-brasil\/","og_site_name":"Correio Braziliense - Radar","article_published_time":"2026-03-12T00:35:00+00:00","og_image":[{"width":1280,"height":720,"url":"https:\/\/www.correiobraziliense.com.br\/cbradar\/wp-content\/uploads\/2026\/03\/Gemini_Generated_Image_ol762xol762xol76-1-1.png","type":"image\/png"}],"author":"Patrick Silva","twitter_card":"summary_large_image","twitter_misc":{"Escrito por":"Patrick Silva","Est. tempo de leitura":"5 minutos"},"schema":{"@context":"https:\/\/schema.org","@graph":[{"@type":"WebPage","@id":"https:\/\/www.correiobraziliense.com.br\/cbradar\/os-nomes-de-bebes-mais-populares-na-alemanha-em-2025-foram-revelados-e-podem-chegar-ao-brasil\/","url":"https:\/\/www.correiobraziliense.com.br\/cbradar\/os-nomes-de-bebes-mais-populares-na-alemanha-em-2025-foram-revelados-e-podem-chegar-ao-brasil\/","name":"Os nomes de beb\u00eas mais populares na Alemanha em 2025 foram revelados e podem chegar ao Brasil - Correio Braziliense - Radar","isPartOf":{"@id":"https:\/\/www.correiobraziliense.com.br\/cbradar\/#website"},"primaryImageOfPage":{"@id":"https:\/\/www.correiobraziliense.com.br\/cbradar\/os-nomes-de-bebes-mais-populares-na-alemanha-em-2025-foram-revelados-e-podem-chegar-ao-brasil\/#primaryimage"},"image":{"@id":"https:\/\/www.correiobraziliense.com.br\/cbradar\/os-nomes-de-bebes-mais-populares-na-alemanha-em-2025-foram-revelados-e-podem-chegar-ao-brasil\/#primaryimage"},"thumbnailUrl":"https:\/\/www.correiobraziliense.com.br\/cbradar\/wp-content\/uploads\/2026\/03\/Gemini_Generated_Image_ol762xol762xol76-1-1.png","datePublished":"2026-03-12T00:35:00+00:00","author":{"@id":"https:\/\/www.correiobraziliense.com.br\/cbradar\/#\/schema\/person\/5440b72be9c7eb74f446c846479dc4da"},"description":"Os nomes de beb\u00eas mais registrados na Alemanha em 2025 revelam tend\u00eancias internacionais que tamb\u00e9m come\u00e7am a influenciar no Brasil","breadcrumb":{"@id":"https:\/\/www.correiobraziliense.com.br\/cbradar\/os-nomes-de-bebes-mais-populares-na-alemanha-em-2025-foram-revelados-e-podem-chegar-ao-brasil\/#breadcrumb"},"inLanguage":"pt-BR","potentialAction":[{"@type":"ReadAction","target":["https:\/\/www.correiobraziliense.com.br\/cbradar\/os-nomes-de-bebes-mais-populares-na-alemanha-em-2025-foram-revelados-e-podem-chegar-ao-brasil\/"]}]},{"@type":"ImageObject","inLanguage":"pt-BR","@id":"https:\/\/www.correiobraziliense.com.br\/cbradar\/os-nomes-de-bebes-mais-populares-na-alemanha-em-2025-foram-revelados-e-podem-chegar-ao-brasil\/#primaryimage","url":"https:\/\/www.correiobraziliense.com.br\/cbradar\/wp-content\/uploads\/2026\/03\/Gemini_Generated_Image_ol762xol762xol76-1-1.png","contentUrl":"https:\/\/www.correiobraziliense.com.br\/cbradar\/wp-content\/uploads\/2026\/03\/Gemini_Generated_Image_ol762xol762xol76-1-1.png","width":1280,"height":720,"caption":"Os nomes mais registrados na Alemanha em 2025 revelam novas tend\u00eancias"},{"@type":"BreadcrumbList","@id":"https:\/\/www.correiobraziliense.com.br\/cbradar\/os-nomes-de-bebes-mais-populares-na-alemanha-em-2025-foram-revelados-e-podem-chegar-ao-brasil\/#breadcrumb","itemListElement":[{"@type":"ListItem","position":1,"name":"In\u00edcio","item":"https:\/\/www.correiobraziliense.com.br\/cbradar\/"},{"@type":"ListItem","position":2,"name":"Os nomes de beb\u00eas mais populares na Alemanha em 2025 foram revelados e podem chegar ao Brasil"}]},{"@type":"WebSite","@id":"https:\/\/www.correiobraziliense.com.br\/cbradar\/#website","url":"https:\/\/www.correiobraziliense.com.br\/cbradar\/","name":"Correio Braziliense - Radar","description":"Acompanhe as \u00faltimas not\u00edcias e fique bem informado sobre tudo o que acontece no Brasil e no mundo.","potentialAction":[{"@type":"SearchAction","target":{"@type":"EntryPoint","urlTemplate":"https:\/\/www.correiobraziliense.com.br\/cbradar\/?s={search_term_string}"},"query-input":{"@type":"PropertyValueSpecification","valueRequired":true,"valueName":"search_term_string"}}],"inLanguage":"pt-BR"},{"@type":"Person","@id":"https:\/\/www.correiobraziliense.com.br\/cbradar\/#\/schema\/person\/5440b72be9c7eb74f446c846479dc4da","name":"Patrick Silva","image":{"@type":"ImageObject","inLanguage":"pt-BR","@id":"https:\/\/www.correiobraziliense.com.br\/cbradar\/#\/schema\/person\/image\/","url":"https:\/\/secure.gravatar.com\/avatar\/944109df296fc087785c9715fd5f80b2?s=96&d=mm&r=g","contentUrl":"https:\/\/secure.gravatar.com\/avatar\/944109df296fc087785c9715fd5f80b2?s=96&d=mm&r=g","caption":"Patrick Silva"},"sameAs":["https:\/\/www.correiobraziliense.com.br\/cbradar\/"],"url":"https:\/\/www.correiobraziliense.com.br\/cbradar\/author\/patrick-silva\/"}]}},"_links":{"self":[{"href":"https:\/\/www.correiobraziliense.com.br\/cbradar\/wp-json\/wp\/v2\/posts\/206067","targetHints":{"allow":["GET"]}}],"collection":[{"href":"https:\/\/www.correiobraziliense.com.br\/cbradar\/wp-json\/wp\/v2\/posts"}],"about":[{"href":"https:\/\/www.correiobraziliense.com.br\/cbradar\/wp-json\/wp\/v2\/types\/post"}],"author":[{"embeddable":true,"href":"https:\/\/www.correiobraziliense.com.br\/cbradar\/wp-json\/wp\/v2\/users\/21"}],"replies":[{"embeddable":true,"href":"https:\/\/www.correiobraziliense.com.br\/cbradar\/wp-json\/wp\/v2\/comments?post=206067"}],"version-history":[{"count":1,"href":"https:\/\/www.correiobraziliense.com.br\/cbradar\/wp-json\/wp\/v2\/posts\/206067\/revisions"}],"predecessor-version":[{"id":206092,"href":"https:\/\/www.correiobraziliense.com.br\/cbradar\/wp-json\/wp\/v2\/posts\/206067\/revisions\/206092"}],"wp:featuredmedia":[{"embeddable":true,"href":"https:\/\/www.correiobraziliense.com.br\/cbradar\/wp-json\/wp\/v2\/media\/206088"}],"wp:attachment":[{"href":"https:\/\/www.correiobraziliense.com.br\/cbradar\/wp-json\/wp\/v2\/media?parent=206067"}],"wp:term":[{"taxonomy":"category","embeddable":true,"href":"https:\/\/www.correiobraziliense.com.br\/cbradar\/wp-json\/wp\/v2\/categories?post=206067"},{"taxonomy":"post_tag","embeddable":true,"href":"https:\/\/www.correiobraziliense.com.br\/cbradar\/wp-json\/wp\/v2\/post_tag?post=206067"}],"curies":[{"name":"wp","href":"https:\/\/api.w.org\/{rel}","templated":true}]}}