{"id":206094,"date":"2026-03-11T08:45:00","date_gmt":"2026-03-11T11:45:00","guid":{"rendered":"https:\/\/www.correiobraziliense.com.br\/cbradar\/?p=206094"},"modified":"2026-03-10T15:14:02","modified_gmt":"2026-03-10T18:14:02","slug":"ha-ou-a-a-regra-de-portugues-sobre-tempo-que-muita-gente-confunde","status":"publish","type":"post","link":"https:\/\/www.correiobraziliense.com.br\/cbradar\/ha-ou-a-a-regra-de-portugues-sobre-tempo-que-muita-gente-confunde\/","title":{"rendered":"\u201cH\u00e1\u201d ou \u201ca\u201d? A regra de portugu\u00eas sobre tempo que muita gente confunde"},"content":{"rendered":"\n<p>Dominar a diferen\u00e7a entre &#8220;h\u00e1&#8221; e &#8220;a&#8221; \u00e9 essencial para quem deseja escrever com clareza e precis\u00e3o na l\u00edngua portuguesa. Muitas pessoas confundem essas formas ao indicar tempo, o que pode comprometer a credibilidade de textos profissionais. Aprender a regra correta ajuda a evitar erros gramaticais comuns no seu cotidiano atual e muito importante hoje.<\/p>\n\n\n\n<h2 class=\"wp-block-heading\">Por que o uso do verbo haver gera tanta d\u00favida?<\/h2>\n\n\n\n<p>O uso do &#8220;h\u00e1&#8221; ocorre exclusivamente quando pretendemos indicar um tempo que j\u00e1 passou, funcionando como sin\u00f4nimo do verbo fazer em contextos cronol\u00f3gicos. Essa forma verbal \u00e9 fundamental para construir frases que remetem ao passado distante ou recente com total corre\u00e7\u00e3o gramatical. Muitos redatores experientes utilizam essa regra para garantir que a mensagem seja clara.<\/p>\n\n\n\n<p>Quando voc\u00ea escreve que algo aconteceu h\u00e1 dez anos, est\u00e1 utilizando o sentido de exist\u00eancia no tempo decorrido de maneira correta e muito elegante. \u00c9 um erro comum tentar substituir essa forma pela preposi\u00e7\u00e3o simples, o que altera completamente a l\u00f3gica da ora\u00e7\u00e3o escrita. Manter a <strong>aten\u00e7\u00e3o aos detalhes<\/strong> evita falhas que prejudicam sua autoridade.<\/p>\n\n\n\n<figure class=\"wp-block-image size-full\"><img decoding=\"async\" width=\"1280\" height=\"720\" src=\"https:\/\/www.correiobraziliense.com.br\/cbradar\/wp-content\/uploads\/2026\/03\/Gemini_Generated_Image_ycyo2dycyo2dycyo-1-1.png\" alt=\"\u201cH\u00e1\u201d ou \u201ca\u201d? A regra de portugu\u00eas sobre tempo que muita gente confunde\" class=\"wp-image-206108\" srcset=\"https:\/\/www.correiobraziliense.com.br\/cbradar\/wp-content\/uploads\/2026\/03\/Gemini_Generated_Image_ycyo2dycyo2dycyo-1-1.png 1280w, https:\/\/www.correiobraziliense.com.br\/cbradar\/wp-content\/uploads\/2026\/03\/Gemini_Generated_Image_ycyo2dycyo2dycyo-1-1-300x169.png 300w, https:\/\/www.correiobraziliense.com.br\/cbradar\/wp-content\/uploads\/2026\/03\/Gemini_Generated_Image_ycyo2dycyo2dycyo-1-1-768x432.png 768w, https:\/\/www.correiobraziliense.com.br\/cbradar\/wp-content\/uploads\/2026\/03\/Gemini_Generated_Image_ycyo2dycyo2dycyo-1-1-750x422.png 750w, https:\/\/www.correiobraziliense.com.br\/cbradar\/wp-content\/uploads\/2026\/03\/Gemini_Generated_Image_ycyo2dycyo2dycyo-1-1-1140x641.png 1140w\" sizes=\"(max-width: 1280px) 100vw, 1280px\" \/><figcaption class=\"wp-element-caption\">Aprenda quando usar \u201ch\u00e1\u201d e \u201ca\u201d corretamente ao indicar tempo nas frases<\/figcaption><\/figure>\n\n\n\n<h2 class=\"wp-block-heading\">Como a preposi\u00e7\u00e3o simples indica o futuro nas frases?<\/h2>\n\n\n\n<p>A preposi\u00e7\u00e3o &#8220;a&#8221; deve ser empregada sempre que a inten\u00e7\u00e3o for mencionar um tempo que ainda vai acontecer no futuro pr\u00f3ximo ou distante. Essa pequena letra desempenha um papel crucial na orienta\u00e7\u00e3o temporal do leitor, indicando a dist\u00e2ncia que nos separa de um evento esperado. Utilizar a forma correta demonstra um <strong>dom\u00ednio t\u00e9cnico da l\u00edngua<\/strong>.<\/p>\n\n\n\n<p>Se voc\u00ea pretende dizer que a reuni\u00e3o ocorrer\u00e1 daqui a duas horas, o uso da preposi\u00e7\u00e3o \u00e9 a \u00fanica escolha gramaticalmente aceit\u00e1vel e l\u00f3gica. Nesse contexto, n\u00e3o existe a ideia de passado ou de exist\u00eancia, mas sim de uma contagem regressiva para um fato futuro. Revisar seus textos com esse crit\u00e9rio garante uma <strong>comunica\u00e7\u00e3o assertiva<\/strong>.<\/p>\n\n\n\n<h2 class=\"wp-block-heading\">Qual o truque definitivo para nunca mais errar?<\/h2>\n\n\n\n<p>Um segredo pr\u00e1tico para validar sua frase \u00e9 tentar substituir o termo em d\u00favida pelo verbo fazer sem alterar o sentido principal da ora\u00e7\u00e3o escrita. Se a substitui\u00e7\u00e3o funcionar perfeitamente, o uso correto \u00e9 o &#8220;h\u00e1&#8221; com a letra H, indicando tempo decorrido. Essa t\u00e9cnica simples garante que sua gram\u00e1tica esteja sempre em <strong>conformidade absoluta<\/strong>.<\/p>\n\n\n\n<p>Para que voc\u00ea possa visualizar melhor a aplica\u00e7\u00e3o dessas regras fundamentais e garantir que seus textos profissionais sejam sempre impec\u00e1veis e corretos:<\/p>\n\n\n\n<ul class=\"wp-block-list\">\n<li>&#8220;H\u00e1&#8221; indica tempo passado (Faz).<\/li>\n\n\n\n<li>&#8220;A&#8221; indica tempo futuro.<\/li>\n\n\n\n<li>&#8220;H\u00e1&#8221; pode indicar exist\u00eancia.<\/li>\n\n\n\n<li>&#8220;A&#8221; indica dist\u00e2ncia temporal.<\/li>\n\n\n\n<li>&#8220;H\u00e1&#8221; exige o verbo haver.<\/li>\n<\/ul>\n\n\n\n<h2 class=\"wp-block-heading\">O pleonasmo vicioso pode arruinar sua escrita?<\/h2>\n\n\n\n<p>Evitar express\u00f5es como &#8220;h\u00e1 dez anos atr\u00e1s&#8221; \u00e9 um passo fundamental para quem busca uma escrita enxuta e tecnicamente correta no dia a dia. Como o verbo j\u00e1 carrega a ideia de passado, o uso da palavra atr\u00e1s torna-se uma repeti\u00e7\u00e3o desnecess\u00e1ria e errada. Manter a economia de palavras fortalece o impacto da mensagem e demonstra <strong>conhecimento<\/strong>.<\/p>\n\n\n\n<p>Redutores de redund\u00e2ncia garantem que o texto flua melhor e que o leitor n\u00e3o se canse com informa\u00e7\u00f5es que j\u00e1 foram apresentadas anteriormente na frase. Escolher entre &#8220;h\u00e1 dez anos&#8221; ou &#8220;dez anos atr\u00e1s&#8221; resolve o problema do pleonasmo de maneira elegante e aceit\u00e1vel. A precis\u00e3o vocabular \u00e9 um diferencial competitivo muito valorizado em ambientes de trabalho.<\/p>\n\n\n\n<p>No v\u00eddeo abaixo do TikTok <strong><em>Paulonunosousa<\/em><\/strong>, que conta com mais de <strong><em>360 mil<\/em><\/strong> seguidores, ele explica a forma correta de utilizar o &#8220;h\u00e1&#8221;, &#8220;\u00e1&#8221; ou a:<\/p>\n\n\n\n<blockquote class=\"tiktok-embed\" cite=\"https:\/\/www.tiktok.com\/@paulonunosousa\/video\/7467636326884592918\" data-video-id=\"7467636326884592918\" style=\"max-width: 605px;min-width: 325px;\" > <section> <a target=\"_blank\" title=\"@paulonunosousa\" href=\"https:\/\/www.tiktok.com\/@paulonunosousa?refer=embed\">@paulonunosousa<\/a> Afinal, escreve-se \u201c\u00e1\u201d, \u201ch\u00e1\u201d ou \u201c\u00e0\u201d? <a title=\"dicasdeportugu\u00eas\" target=\"_blank\" href=\"https:\/\/www.tiktok.com\/tag\/dicasdeportugu%C3%AAs?refer=embed\">#DicasDePortugu\u00eas<\/a> <a title=\"portugu\u00eassemd\u00favidas\" target=\"_blank\" href=\"https:\/\/www.tiktok.com\/tag\/portugu%C3%AAssemd%C3%BAvidas?refer=embed\">#Portugu\u00easSemD\u00favidas<\/a> <a target=\"_blank\" title=\"\u266c som original - Paulo Sousa\" href=\"https:\/\/www.tiktok.com\/music\/som-original-7467636329074002710?refer=embed\">\u266c som original &#8211; Paulo Sousa<\/a> <\/section> <\/blockquote> <script async src=\"https:\/\/www.tiktok.com\/embed.js\"><\/script>\n\n\n\n<p>Leia tamb\u00e9m: <a href=\"https:\/\/www.correiobraziliense.com.br\/cbradar\/as-7-palavras-com-s-que-muita-gente-ainda-escreve-com-z\/\" target=\"_blank\" rel=\"noreferrer noopener\">As 7 palavras com \u201cS\u201d que muita gente ainda escreve com \u201cZ\u201d<\/a><\/p>\n\n\n\n<h2 class=\"wp-block-heading\">Qual o local ideal para confirmar as normas lingu\u00edsticas?<\/h2>\n\n\n\n<p>Consultar ferramentas digitais de autoridade \u00e9 o caminho mais seguro para quem deseja validar grafias e regras gramaticais antes de publicar conte\u00fados relevantes na rede. A utiliza\u00e7\u00e3o de fontes confi\u00e1veis evita a propaga\u00e7\u00e3o de erros comuns que podem manchar a reputa\u00e7\u00e3o de um autor experiente. Estar atualizado com as normas vigentes garante uma <strong>comunica\u00e7\u00e3o livre<\/strong>.<\/p>\n\n\n\n<p>O <strong>Vocabul\u00e1rio Ortogr\u00e1fico da L\u00edngua Portuguesa<\/strong> \u00e9 a fonte m\u00e1xima de consulta para resolver qualquer d\u00favida sobre a grafia correta dos termos em nosso idioma. Ao acessar este recurso, voc\u00ea tem a garantia de seguir os padr\u00f5es acad\u00eamicos aceitos nacionalmente por especialistas. Verifique a norma oficial no portal da <a href=\"https:\/\/www.academia.org.br\" target=\"_blank\" rel=\"noreferrer noopener\">Academia Brasileira de Letras<\/a> agora mesmo.<\/p>\n","protected":false},"excerpt":{"rendered":"<p>Dominar a diferen\u00e7a entre &#8220;h\u00e1&#8221; e &#8220;a&#8221; \u00e9 essencial para quem deseja escrever com clareza e precis\u00e3o na l\u00edngua portuguesa. Muitas pessoas confundem essas formas ao indicar tempo, o que pode comprometer a credibilidade de textos profissionais. Aprender a regra correta ajuda a evitar erros gramaticais comuns no seu cotidiano atual e muito importante hoje. [&hellip;]<\/p>\n","protected":false},"author":21,"featured_media":206106,"comment_status":"open","ping_status":"open","sticky":false,"template":"","format":"standard","meta":{"_yoast_wpseo_focuskw":"diferen\u00e7a entre h\u00e1 e a","_yoast_wpseo_title":"","_yoast_wpseo_metadesc":"A diferen\u00e7a entre \u201ch\u00e1\u201d e \u201ca\u201d ainda causa d\u00favidas na escrita. Quando usar cada forma ao indicar tempo passado ou futuro e evite erros comuns","jnews-multi-image_gallery":[],"jnews_single_post":{"format":"standard"},"jnews_primary_category":[],"jnews_social_meta":[],"jnews_override_counter":[],"footnotes":""},"categories":[112],"post_tag":[12816,10902,6081,12876],"class_list":["post-206094","post","type-post","status-publish","format-standard","has-post-thumbnail","hentry","category-curiosidades","tag-gramatica","tag-lingua-portuguesa","tag-portugues","tag-regra"],"yoast_head":"<!-- This site is optimized with the Yoast SEO plugin v24.6 - https:\/\/yoast.com\/wordpress\/plugins\/seo\/ -->\n<title>\u201cH\u00e1\u201d ou \u201ca\u201d? A regra de portugu\u00eas sobre tempo que muita gente confunde - Correio Braziliense - Radar<\/title>\n<meta name=\"description\" content=\"A diferen\u00e7a entre \u201ch\u00e1\u201d e \u201ca\u201d ainda causa d\u00favidas na escrita. Quando usar cada forma ao indicar tempo passado ou futuro e evite erros comuns\" \/>\n<meta name=\"robots\" content=\"index, follow, max-snippet:-1, max-image-preview:large, max-video-preview:-1\" \/>\n<link rel=\"canonical\" href=\"https:\/\/www.correiobraziliense.com.br\/cbradar\/ha-ou-a-a-regra-de-portugues-sobre-tempo-que-muita-gente-confunde\/\" \/>\n<meta property=\"og:locale\" content=\"pt_BR\" \/>\n<meta property=\"og:type\" content=\"article\" \/>\n<meta property=\"og:title\" content=\"\u201cH\u00e1\u201d ou \u201ca\u201d? A regra de portugu\u00eas sobre tempo que muita gente confunde - Correio Braziliense - Radar\" \/>\n<meta property=\"og:description\" content=\"A diferen\u00e7a entre \u201ch\u00e1\u201d e \u201ca\u201d ainda causa d\u00favidas na escrita. Quando usar cada forma ao indicar tempo passado ou futuro e evite erros comuns\" \/>\n<meta property=\"og:url\" content=\"https:\/\/www.correiobraziliense.com.br\/cbradar\/ha-ou-a-a-regra-de-portugues-sobre-tempo-que-muita-gente-confunde\/\" \/>\n<meta property=\"og:site_name\" content=\"Correio Braziliense - Radar\" \/>\n<meta property=\"article:published_time\" content=\"2026-03-11T11:45:00+00:00\" \/>\n<meta property=\"og:image\" content=\"https:\/\/www.correiobraziliense.com.br\/cbradar\/wp-content\/uploads\/2026\/03\/Gemini_Generated_Image_sl5r9ysl5r9ysl5r-1-1.png\" \/>\n\t<meta property=\"og:image:width\" content=\"1280\" \/>\n\t<meta property=\"og:image:height\" content=\"720\" \/>\n\t<meta property=\"og:image:type\" content=\"image\/png\" \/>\n<meta name=\"author\" content=\"Patrick Silva\" \/>\n<meta name=\"twitter:card\" content=\"summary_large_image\" \/>\n<meta name=\"twitter:label1\" content=\"Escrito por\" \/>\n\t<meta name=\"twitter:data1\" content=\"Patrick Silva\" \/>\n\t<meta name=\"twitter:label2\" content=\"Est. tempo de leitura\" \/>\n\t<meta name=\"twitter:data2\" content=\"5 minutos\" \/>\n<!-- \/ Yoast SEO plugin. -->","yoast_head_json":{"title":"\u201cH\u00e1\u201d ou \u201ca\u201d? A regra de portugu\u00eas sobre tempo que muita gente confunde - Correio Braziliense - Radar","description":"A diferen\u00e7a entre \u201ch\u00e1\u201d e \u201ca\u201d ainda causa d\u00favidas na escrita. Quando usar cada forma ao indicar tempo passado ou futuro e evite erros comuns","robots":{"index":"index","follow":"follow","max-snippet":"max-snippet:-1","max-image-preview":"max-image-preview:large","max-video-preview":"max-video-preview:-1"},"canonical":"https:\/\/www.correiobraziliense.com.br\/cbradar\/ha-ou-a-a-regra-de-portugues-sobre-tempo-que-muita-gente-confunde\/","og_locale":"pt_BR","og_type":"article","og_title":"\u201cH\u00e1\u201d ou \u201ca\u201d? A regra de portugu\u00eas sobre tempo que muita gente confunde - Correio Braziliense - Radar","og_description":"A diferen\u00e7a entre \u201ch\u00e1\u201d e \u201ca\u201d ainda causa d\u00favidas na escrita. Quando usar cada forma ao indicar tempo passado ou futuro e evite erros comuns","og_url":"https:\/\/www.correiobraziliense.com.br\/cbradar\/ha-ou-a-a-regra-de-portugues-sobre-tempo-que-muita-gente-confunde\/","og_site_name":"Correio Braziliense - Radar","article_published_time":"2026-03-11T11:45:00+00:00","og_image":[{"width":1280,"height":720,"url":"https:\/\/www.correiobraziliense.com.br\/cbradar\/wp-content\/uploads\/2026\/03\/Gemini_Generated_Image_sl5r9ysl5r9ysl5r-1-1.png","type":"image\/png"}],"author":"Patrick Silva","twitter_card":"summary_large_image","twitter_misc":{"Escrito por":"Patrick Silva","Est. tempo de leitura":"5 minutos"},"schema":{"@context":"https:\/\/schema.org","@graph":[{"@type":"WebPage","@id":"https:\/\/www.correiobraziliense.com.br\/cbradar\/ha-ou-a-a-regra-de-portugues-sobre-tempo-que-muita-gente-confunde\/","url":"https:\/\/www.correiobraziliense.com.br\/cbradar\/ha-ou-a-a-regra-de-portugues-sobre-tempo-que-muita-gente-confunde\/","name":"\u201cH\u00e1\u201d ou \u201ca\u201d? A regra de portugu\u00eas sobre tempo que muita gente confunde - Correio Braziliense - Radar","isPartOf":{"@id":"https:\/\/www.correiobraziliense.com.br\/cbradar\/#website"},"primaryImageOfPage":{"@id":"https:\/\/www.correiobraziliense.com.br\/cbradar\/ha-ou-a-a-regra-de-portugues-sobre-tempo-que-muita-gente-confunde\/#primaryimage"},"image":{"@id":"https:\/\/www.correiobraziliense.com.br\/cbradar\/ha-ou-a-a-regra-de-portugues-sobre-tempo-que-muita-gente-confunde\/#primaryimage"},"thumbnailUrl":"https:\/\/www.correiobraziliense.com.br\/cbradar\/wp-content\/uploads\/2026\/03\/Gemini_Generated_Image_sl5r9ysl5r9ysl5r-1-1.png","datePublished":"2026-03-11T11:45:00+00:00","author":{"@id":"https:\/\/www.correiobraziliense.com.br\/cbradar\/#\/schema\/person\/5440b72be9c7eb74f446c846479dc4da"},"description":"A diferen\u00e7a entre \u201ch\u00e1\u201d e \u201ca\u201d ainda causa d\u00favidas na escrita. Quando usar cada forma ao indicar tempo passado ou futuro e evite erros comuns","breadcrumb":{"@id":"https:\/\/www.correiobraziliense.com.br\/cbradar\/ha-ou-a-a-regra-de-portugues-sobre-tempo-que-muita-gente-confunde\/#breadcrumb"},"inLanguage":"pt-BR","potentialAction":[{"@type":"ReadAction","target":["https:\/\/www.correiobraziliense.com.br\/cbradar\/ha-ou-a-a-regra-de-portugues-sobre-tempo-que-muita-gente-confunde\/"]}]},{"@type":"ImageObject","inLanguage":"pt-BR","@id":"https:\/\/www.correiobraziliense.com.br\/cbradar\/ha-ou-a-a-regra-de-portugues-sobre-tempo-que-muita-gente-confunde\/#primaryimage","url":"https:\/\/www.correiobraziliense.com.br\/cbradar\/wp-content\/uploads\/2026\/03\/Gemini_Generated_Image_sl5r9ysl5r9ysl5r-1-1.png","contentUrl":"https:\/\/www.correiobraziliense.com.br\/cbradar\/wp-content\/uploads\/2026\/03\/Gemini_Generated_Image_sl5r9ysl5r9ysl5r-1-1.png","width":1280,"height":720,"caption":"Aprenda quando usar \u201ch\u00e1\u201d e \u201ca\u201d corretamente ao indicar tempo nas frases"},{"@type":"BreadcrumbList","@id":"https:\/\/www.correiobraziliense.com.br\/cbradar\/ha-ou-a-a-regra-de-portugues-sobre-tempo-que-muita-gente-confunde\/#breadcrumb","itemListElement":[{"@type":"ListItem","position":1,"name":"In\u00edcio","item":"https:\/\/www.correiobraziliense.com.br\/cbradar\/"},{"@type":"ListItem","position":2,"name":"\u201cH\u00e1\u201d ou \u201ca\u201d? A regra de portugu\u00eas sobre tempo que muita gente confunde"}]},{"@type":"WebSite","@id":"https:\/\/www.correiobraziliense.com.br\/cbradar\/#website","url":"https:\/\/www.correiobraziliense.com.br\/cbradar\/","name":"Correio Braziliense - Radar","description":"Acompanhe as \u00faltimas not\u00edcias e fique bem informado sobre tudo o que acontece no Brasil e no mundo.","potentialAction":[{"@type":"SearchAction","target":{"@type":"EntryPoint","urlTemplate":"https:\/\/www.correiobraziliense.com.br\/cbradar\/?s={search_term_string}"},"query-input":{"@type":"PropertyValueSpecification","valueRequired":true,"valueName":"search_term_string"}}],"inLanguage":"pt-BR"},{"@type":"Person","@id":"https:\/\/www.correiobraziliense.com.br\/cbradar\/#\/schema\/person\/5440b72be9c7eb74f446c846479dc4da","name":"Patrick Silva","image":{"@type":"ImageObject","inLanguage":"pt-BR","@id":"https:\/\/www.correiobraziliense.com.br\/cbradar\/#\/schema\/person\/image\/","url":"https:\/\/secure.gravatar.com\/avatar\/944109df296fc087785c9715fd5f80b2?s=96&d=mm&r=g","contentUrl":"https:\/\/secure.gravatar.com\/avatar\/944109df296fc087785c9715fd5f80b2?s=96&d=mm&r=g","caption":"Patrick Silva"},"sameAs":["https:\/\/www.correiobraziliense.com.br\/cbradar\/"],"url":"https:\/\/www.correiobraziliense.com.br\/cbradar\/author\/patrick-silva\/"}]}},"_links":{"self":[{"href":"https:\/\/www.correiobraziliense.com.br\/cbradar\/wp-json\/wp\/v2\/posts\/206094","targetHints":{"allow":["GET"]}}],"collection":[{"href":"https:\/\/www.correiobraziliense.com.br\/cbradar\/wp-json\/wp\/v2\/posts"}],"about":[{"href":"https:\/\/www.correiobraziliense.com.br\/cbradar\/wp-json\/wp\/v2\/types\/post"}],"author":[{"embeddable":true,"href":"https:\/\/www.correiobraziliense.com.br\/cbradar\/wp-json\/wp\/v2\/users\/21"}],"replies":[{"embeddable":true,"href":"https:\/\/www.correiobraziliense.com.br\/cbradar\/wp-json\/wp\/v2\/comments?post=206094"}],"version-history":[{"count":1,"href":"https:\/\/www.correiobraziliense.com.br\/cbradar\/wp-json\/wp\/v2\/posts\/206094\/revisions"}],"predecessor-version":[{"id":206110,"href":"https:\/\/www.correiobraziliense.com.br\/cbradar\/wp-json\/wp\/v2\/posts\/206094\/revisions\/206110"}],"wp:featuredmedia":[{"embeddable":true,"href":"https:\/\/www.correiobraziliense.com.br\/cbradar\/wp-json\/wp\/v2\/media\/206106"}],"wp:attachment":[{"href":"https:\/\/www.correiobraziliense.com.br\/cbradar\/wp-json\/wp\/v2\/media?parent=206094"}],"wp:term":[{"taxonomy":"category","embeddable":true,"href":"https:\/\/www.correiobraziliense.com.br\/cbradar\/wp-json\/wp\/v2\/categories?post=206094"},{"taxonomy":"post_tag","embeddable":true,"href":"https:\/\/www.correiobraziliense.com.br\/cbradar\/wp-json\/wp\/v2\/post_tag?post=206094"}],"curies":[{"name":"wp","href":"https:\/\/api.w.org\/{rel}","templated":true}]}}