{"id":206096,"date":"2026-03-11T15:15:00","date_gmt":"2026-03-11T18:15:00","guid":{"rendered":"https:\/\/www.correiobraziliense.com.br\/cbradar\/?p=206096"},"modified":"2026-03-10T12:54:50","modified_gmt":"2026-03-10T15:54:50","slug":"a-frase-que-muitos-brasileiros-dizem-todos-os-dias-sem-perceber-o-erro-para-mim-fazer","status":"publish","type":"post","link":"https:\/\/www.correiobraziliense.com.br\/cbradar\/a-frase-que-muitos-brasileiros-dizem-todos-os-dias-sem-perceber-o-erro-para-mim-fazer\/","title":{"rendered":"A frase que muitos brasileiros dizem todos os dias sem perceber o erro: \u201cPara mim fazer\u201d"},"content":{"rendered":"\n<p>Muitos brasileiros utilizam a express\u00e3o &#8220;para mim fazer&#8221; no cotidiano sem notar o deslize gramatical que compromete a clareza da comunica\u00e7\u00e3o formal. Entender a regra correta \u00e9 fundamental para quem deseja transmitir autoridade e profissionalismo em e-mails, reda\u00e7\u00f5es ou conversas s\u00e9rias. Aprender a distinguir os pronomes garante uma escrita muito mais elegante.<\/p>\n\n\n\n<h2 class=\"wp-block-heading\">Qual a raz\u00e3o t\u00e9cnica para esse deslize ser t\u00e3o comum na fala?<\/h2>\n\n\n\n<p>O erro ocorre principalmente devido \u00e0 confus\u00e3o entre pronomes pessoais do caso reto e obl\u00edquo durante a fala r\u00e1pida e informal do dia a dia. Muitas pessoas acreditam que o som da frase soa natural, ignorando que o pronome obl\u00edquo &#8220;mim&#8221; nunca deve exercer a fun\u00e7\u00e3o de sujeito em uma ora\u00e7\u00e3o com verbo no infinitivo.<\/p>\n\n\n\n<p>A gram\u00e1tica normativa estabelece que fun\u00e7\u00f5es de execu\u00e7\u00e3o exigem pronomes retos, como &#8220;eu&#8221;, para indicar quem realiza a a\u00e7\u00e3o descrita pelo verbo principal da frase. Ao utilizar a forma incorreta, o falante demonstra falta de dom\u00ednio sobre as normas b\u00e1sicas que estruturam a nossa l\u00edngua portuguesa oficial. Corrigir esse h\u00e1bito \u00e9 um <strong>passo essencial para o sucesso<\/strong>.<\/p>\n\n\n\n<figure class=\"wp-block-image size-full\"><img decoding=\"async\" width=\"1280\" height=\"720\" src=\"https:\/\/www.correiobraziliense.com.br\/cbradar\/wp-content\/uploads\/2026\/03\/Gemini_Generated_Image_m4a8qim4a8qim4a8-1-1.png\" alt=\"A frase que muitos brasileiros dizem todos os dias sem perceber o erro: \u201cPara mim fazer\u201d\" class=\"wp-image-206115\" srcset=\"https:\/\/www.correiobraziliense.com.br\/cbradar\/wp-content\/uploads\/2026\/03\/Gemini_Generated_Image_m4a8qim4a8qim4a8-1-1.png 1280w, https:\/\/www.correiobraziliense.com.br\/cbradar\/wp-content\/uploads\/2026\/03\/Gemini_Generated_Image_m4a8qim4a8qim4a8-1-1-300x169.png 300w, https:\/\/www.correiobraziliense.com.br\/cbradar\/wp-content\/uploads\/2026\/03\/Gemini_Generated_Image_m4a8qim4a8qim4a8-1-1-768x432.png 768w, https:\/\/www.correiobraziliense.com.br\/cbradar\/wp-content\/uploads\/2026\/03\/Gemini_Generated_Image_m4a8qim4a8qim4a8-1-1-750x422.png 750w, https:\/\/www.correiobraziliense.com.br\/cbradar\/wp-content\/uploads\/2026\/03\/Gemini_Generated_Image_m4a8qim4a8qim4a8-1-1-1140x641.png 1140w\" sizes=\"(max-width: 1280px) 100vw, 1280px\" \/><figcaption class=\"wp-element-caption\">Entenda por que \u201cpara mim fazer\u201d est\u00e1 errado e quando usar \u201cpara eu\u201d<\/figcaption><\/figure>\n\n\n\n<h2 class=\"wp-block-heading\">Como a regra do sujeito ajuda a identificar a grafia correta?<\/h2>\n\n\n\n<p>Para identificar o uso correto, basta observar se o pronome est\u00e1 agindo como o autor da a\u00e7\u00e3o que vir\u00e1 logo em seguida na constru\u00e7\u00e3o frasal. Se existir um verbo no infinitivo, como &#8220;fazer&#8221; ou &#8220;trazer&#8221;, a forma &#8220;eu&#8221; \u00e9 a \u00fanica op\u00e7\u00e3o aceit\u00e1vel para manter a concord\u00e2ncia t\u00e9cnica exigida pelos manuais de reda\u00e7\u00e3o profissional.<\/p>\n\n\n\n<p>Quando o pronome aparece no final da frase ou n\u00e3o \u00e9 o executor da a\u00e7\u00e3o, o uso de &#8220;mim&#8221; torna-se gramaticalmente correto e necess\u00e1rio. Essa distin\u00e7\u00e3o clara evita que voc\u00ea cometa erros embara\u00e7osos em contextos formais que exigem um alto n\u00edvel de instru\u00e7\u00e3o e cuidado. Entender essa l\u00f3gica gramatical transforma a sua <strong>capacidade de express\u00e3o escrita<\/strong>.<\/p>\n\n\n\n<h2 class=\"wp-block-heading\">Quais exemplos pr\u00e1ticos facilitam a memoriza\u00e7\u00e3o dessas diferen\u00e7as lingu\u00edsticas?<\/h2>\n\n\n\n<p>Praticar com frases curtas ajuda a fixar o conceito de que &#8220;mim&#8221; n\u00e3o faz nada, pois funciona apenas como um complemento na ora\u00e7\u00e3o. Ao internalizar que o pronome reto \u00e9 o verdadeiro agente, voc\u00ea ganha confian\u00e7a para redigir textos complexos sem hesita\u00e7\u00f5es gramaticais. A aplica\u00e7\u00e3o constante dessas regras b\u00e1sicas \u00e9 o <strong>segredo para o dom\u00ednio ortogr\u00e1fico<\/strong>.<\/p>\n\n\n\n<p>Para que sua experi\u00eancia inicial na corre\u00e7\u00e3o deste h\u00e1bito seja totalmente proveitosa e livre de d\u00favidas, considere as estruturas fundamentais que organizam o pensamento gramatical:<\/p>\n\n\n\n<figure class=\"wp-block-image size-large\"><img decoding=\"async\" width=\"1113\" height=\"720\" src=\"https:\/\/www.correiobraziliense.com.br\/cbradar\/wp-content\/uploads\/2026\/03\/convertido-8-1113x720.jpg\" alt=\"\" class=\"wp-image-206195\" srcset=\"https:\/\/www.correiobraziliense.com.br\/cbradar\/wp-content\/uploads\/2026\/03\/convertido-8-1113x720.jpg 1113w, https:\/\/www.correiobraziliense.com.br\/cbradar\/wp-content\/uploads\/2026\/03\/convertido-8-300x194.jpg 300w, https:\/\/www.correiobraziliense.com.br\/cbradar\/wp-content\/uploads\/2026\/03\/convertido-8-768x497.jpg 768w, https:\/\/www.correiobraziliense.com.br\/cbradar\/wp-content\/uploads\/2026\/03\/convertido-8-750x485.jpg 750w, https:\/\/www.correiobraziliense.com.br\/cbradar\/wp-content\/uploads\/2026\/03\/convertido-8-1140x737.jpg 1140w, https:\/\/www.correiobraziliense.com.br\/cbradar\/wp-content\/uploads\/2026\/03\/convertido-8.jpg 1280w\" sizes=\"(max-width: 1113px) 100vw, 1113px\" \/><\/figure>\n\n\n\n<h2 class=\"wp-block-heading\">O que acontece quando o pronome aparece ap\u00f3s uma preposi\u00e7\u00e3o?<\/h2>\n\n\n\n<p>As preposi\u00e7\u00f5es geralmente exigem o uso do pronome obl\u00edquo quando a inten\u00e7\u00e3o \u00e9 indicar o destinat\u00e1rio final de uma a\u00e7\u00e3o ou sentimento descrito. Nesses casos espec\u00edficos, a forma &#8220;para mim&#8221; \u00e9 perfeita e necess\u00e1ria, pois encerra a ideia sem a necessidade de um verbo de a\u00e7\u00e3o subsequente na frase. O uso do <strong>portugu\u00eas correto<\/strong> impressiona.<\/p>\n\n\n\n<p>Inverter a ordem das palavras tamb\u00e9m pode gerar d\u00favidas, mas a l\u00f3gica do sujeito agente permanece sempre a mesma em qualquer contexto escrito. Se voc\u00ea come\u00e7ar a frase com o objetivo de realizar algo, o &#8220;eu&#8221; deve ser o seu guia principal para evitar falhas t\u00e9cnicas. A precis\u00e3o vocabular reflete o seu <strong>comprometimento com a excel\u00eancia profissional<\/strong>.<\/p>\n\n\n\n<p>No v\u00eddeo abaixo do TikTok <strong><em>Flaviaplucas<\/em><\/strong>, que conta com mais de <strong><em>554 mil<\/em><\/strong> seguidores, ela explica qual a forma certa de usar:<\/p>\n\n\n\n<blockquote class=\"tiktok-embed\" cite=\"https:\/\/www.tiktok.com\/@flaviaplucas\/video\/7197111541806796038\" data-video-id=\"7197111541806796038\" style=\"max-width: 605px;min-width: 325px;\" > <section> <a target=\"_blank\" title=\"@flaviaplucas\" href=\"https:\/\/www.tiktok.com\/@flaviaplucas?refer=embed\">@flaviaplucas<\/a> Vamos acertar essa l\u00edngua? <a title=\"portugues\" target=\"_blank\" href=\"https:\/\/www.tiktok.com\/tag\/portugues?refer=embed\">#portugues<\/a> <a title=\"gramatica\" target=\"_blank\" href=\"https:\/\/www.tiktok.com\/tag\/gramatica?refer=embed\">#gramatica<\/a> <a title=\"professoradeportugu\u00eas\" target=\"_blank\" href=\"https:\/\/www.tiktok.com\/tag\/professoradeportugu%C3%AAs?refer=embed\">#professoradeportugu\u00eas<\/a> <a target=\"_blank\" title=\"\u266c som original - Fl\u00e1via Lucas\" href=\"https:\/\/www.tiktok.com\/music\/som-original-7197111575483419398?refer=embed\">\u266c som original &#8211; Fl\u00e1via Lucas<\/a> <\/section> <\/blockquote> <script async src=\"https:\/\/www.tiktok.com\/embed.js\"><\/script>\n\n\n\n<p>Leia tamb\u00e9m: <a href=\"https:\/\/www.correiobraziliense.com.br\/cbradar\/as-7-palavras-com-s-que-muita-gente-ainda-escreve-com-z\/\" target=\"_blank\" rel=\"noreferrer noopener\">As 7 palavras com \u201cS\u201d que muita gente ainda escreve com \u201cZ\u201d<\/a> <\/p>\n\n\n\n<h2 class=\"wp-block-heading\">Qual o melhor recurso para validar sua gram\u00e1tica em tempo real?<\/h2>\n\n\n\n<p>Consultar ferramentas de autoridade m\u00e1xima \u00e9 o caminho mais seguro para quem deseja evitar deslizes ortogr\u00e1ficos em documentos de grande impacto social. A utiliza\u00e7\u00e3o de manuais oficiais garante que voc\u00ea siga as normas vigentes, protegendo sua reputa\u00e7\u00e3o profissional contra cr\u00edticas evit\u00e1veis. Estar atualizado com as mudan\u00e7as lingu\u00edsticas \u00e9 uma <strong>vantagem competitiva moderna<\/strong> e muito valorizada hoje.<\/p>\n\n\n\n<p>A <strong>Academia Brasileira de Letras<\/strong> oferece recursos digitais que facilitam a consulta r\u00e1pida \u00e0s regras de emprego dos pronomes em nossa l\u00edngua portuguesa oficial. Ao utilizar essas diretrizes, voc\u00ea assegura que cada constru\u00e7\u00e3o frasal esteja em total conformidade acad\u00eamica e t\u00e9cnica. Verifique a explica\u00e7\u00e3o completa no portal da <a href=\"https:\/\/www.academia.org.br\/nossa-lingua\/busca-no-vocabulario\" target=\"_blank\" rel=\"noreferrer noopener\">Academia Brasileira de Letras<\/a> para sanar todas as suas d\u00favidas ortogr\u00e1ficas definitivamente.<\/p>\n","protected":false},"excerpt":{"rendered":"<p>Muitos brasileiros utilizam a express\u00e3o &#8220;para mim fazer&#8221; no cotidiano sem notar o deslize gramatical que compromete a clareza da comunica\u00e7\u00e3o formal. Entender a regra correta \u00e9 fundamental para quem deseja transmitir autoridade e profissionalismo em e-mails, reda\u00e7\u00f5es ou conversas s\u00e9rias. Aprender a distinguir os pronomes garante uma escrita muito mais elegante. Qual a raz\u00e3o [&hellip;]<\/p>\n","protected":false},"author":21,"featured_media":206113,"comment_status":"open","ping_status":"open","sticky":false,"template":"","format":"standard","meta":{"_yoast_wpseo_focuskw":"para mim fazer ou para eu fazer","_yoast_wpseo_title":"","_yoast_wpseo_metadesc":"A express\u00e3o \u201cpara mim fazer\u201d est\u00e1 errada na norma culta. Entenda quando usar \u201cmim\u201d e quando usar \u201ceu\u201d antes de verbos no infinitivo","jnews-multi-image_gallery":[],"jnews_single_post":{"format":"standard"},"jnews_primary_category":[],"jnews_social_meta":[],"jnews_override_counter":[],"footnotes":""},"categories":[112],"tags":[13378,8840,10902,6081],"class_list":["post-206096","post","type-post","status-publish","format-standard","has-post-thumbnail","hentry","category-curiosidades","tag-correcao","tag-erro","tag-lingua-portuguesa","tag-portugues"],"yoast_head":"<!-- This site is optimized with the Yoast SEO plugin v24.6 - https:\/\/yoast.com\/wordpress\/plugins\/seo\/ -->\n<title>A frase que muitos brasileiros dizem todos os dias sem perceber o erro: \u201cPara mim fazer\u201d - Correio Braziliense - Radar<\/title>\n<meta name=\"description\" content=\"A express\u00e3o \u201cpara mim fazer\u201d est\u00e1 errada na norma culta. Entenda quando usar \u201cmim\u201d e quando usar \u201ceu\u201d antes de verbos no infinitivo\" \/>\n<meta name=\"robots\" content=\"index, follow, max-snippet:-1, max-image-preview:large, max-video-preview:-1\" \/>\n<link rel=\"canonical\" href=\"https:\/\/www.correiobraziliense.com.br\/cbradar\/a-frase-que-muitos-brasileiros-dizem-todos-os-dias-sem-perceber-o-erro-para-mim-fazer\/\" \/>\n<meta property=\"og:locale\" content=\"pt_BR\" \/>\n<meta property=\"og:type\" content=\"article\" \/>\n<meta property=\"og:title\" content=\"A frase que muitos brasileiros dizem todos os dias sem perceber o erro: \u201cPara mim fazer\u201d - Correio Braziliense - Radar\" \/>\n<meta property=\"og:description\" content=\"A express\u00e3o \u201cpara mim fazer\u201d est\u00e1 errada na norma culta. Entenda quando usar \u201cmim\u201d e quando usar \u201ceu\u201d antes de verbos no infinitivo\" \/>\n<meta property=\"og:url\" content=\"https:\/\/www.correiobraziliense.com.br\/cbradar\/a-frase-que-muitos-brasileiros-dizem-todos-os-dias-sem-perceber-o-erro-para-mim-fazer\/\" \/>\n<meta property=\"og:site_name\" content=\"Correio Braziliense - Radar\" \/>\n<meta property=\"article:published_time\" content=\"2026-03-11T18:15:00+00:00\" \/>\n<meta property=\"og:image\" content=\"https:\/\/www.correiobraziliense.com.br\/cbradar\/wp-content\/uploads\/2026\/03\/Gemini_Generated_Image_qlr10cqlr10cqlr1-1-1.png\" \/>\n\t<meta property=\"og:image:width\" content=\"1280\" \/>\n\t<meta property=\"og:image:height\" content=\"720\" \/>\n\t<meta property=\"og:image:type\" content=\"image\/png\" \/>\n<meta name=\"author\" content=\"Patrick Silva\" \/>\n<meta name=\"twitter:card\" content=\"summary_large_image\" \/>\n<meta name=\"twitter:label1\" content=\"Escrito por\" \/>\n\t<meta name=\"twitter:data1\" content=\"Patrick Silva\" \/>\n\t<meta name=\"twitter:label2\" content=\"Est. tempo de leitura\" \/>\n\t<meta name=\"twitter:data2\" content=\"5 minutos\" \/>\n<!-- \/ Yoast SEO plugin. -->","yoast_head_json":{"title":"A frase que muitos brasileiros dizem todos os dias sem perceber o erro: \u201cPara mim fazer\u201d - Correio Braziliense - Radar","description":"A express\u00e3o \u201cpara mim fazer\u201d est\u00e1 errada na norma culta. Entenda quando usar \u201cmim\u201d e quando usar \u201ceu\u201d antes de verbos no infinitivo","robots":{"index":"index","follow":"follow","max-snippet":"max-snippet:-1","max-image-preview":"max-image-preview:large","max-video-preview":"max-video-preview:-1"},"canonical":"https:\/\/www.correiobraziliense.com.br\/cbradar\/a-frase-que-muitos-brasileiros-dizem-todos-os-dias-sem-perceber-o-erro-para-mim-fazer\/","og_locale":"pt_BR","og_type":"article","og_title":"A frase que muitos brasileiros dizem todos os dias sem perceber o erro: \u201cPara mim fazer\u201d - Correio Braziliense - Radar","og_description":"A express\u00e3o \u201cpara mim fazer\u201d est\u00e1 errada na norma culta. Entenda quando usar \u201cmim\u201d e quando usar \u201ceu\u201d antes de verbos no infinitivo","og_url":"https:\/\/www.correiobraziliense.com.br\/cbradar\/a-frase-que-muitos-brasileiros-dizem-todos-os-dias-sem-perceber-o-erro-para-mim-fazer\/","og_site_name":"Correio Braziliense - Radar","article_published_time":"2026-03-11T18:15:00+00:00","og_image":[{"width":1280,"height":720,"url":"https:\/\/www.correiobraziliense.com.br\/cbradar\/wp-content\/uploads\/2026\/03\/Gemini_Generated_Image_qlr10cqlr10cqlr1-1-1.png","type":"image\/png"}],"author":"Patrick Silva","twitter_card":"summary_large_image","twitter_misc":{"Escrito por":"Patrick Silva","Est. tempo de leitura":"5 minutos"},"schema":{"@context":"https:\/\/schema.org","@graph":[{"@type":"WebPage","@id":"https:\/\/www.correiobraziliense.com.br\/cbradar\/a-frase-que-muitos-brasileiros-dizem-todos-os-dias-sem-perceber-o-erro-para-mim-fazer\/","url":"https:\/\/www.correiobraziliense.com.br\/cbradar\/a-frase-que-muitos-brasileiros-dizem-todos-os-dias-sem-perceber-o-erro-para-mim-fazer\/","name":"A frase que muitos brasileiros dizem todos os dias sem perceber o erro: \u201cPara mim fazer\u201d - Correio Braziliense - Radar","isPartOf":{"@id":"https:\/\/www.correiobraziliense.com.br\/cbradar\/#website"},"primaryImageOfPage":{"@id":"https:\/\/www.correiobraziliense.com.br\/cbradar\/a-frase-que-muitos-brasileiros-dizem-todos-os-dias-sem-perceber-o-erro-para-mim-fazer\/#primaryimage"},"image":{"@id":"https:\/\/www.correiobraziliense.com.br\/cbradar\/a-frase-que-muitos-brasileiros-dizem-todos-os-dias-sem-perceber-o-erro-para-mim-fazer\/#primaryimage"},"thumbnailUrl":"https:\/\/www.correiobraziliense.com.br\/cbradar\/wp-content\/uploads\/2026\/03\/Gemini_Generated_Image_qlr10cqlr10cqlr1-1-1.png","datePublished":"2026-03-11T18:15:00+00:00","author":{"@id":"https:\/\/www.correiobraziliense.com.br\/cbradar\/#\/schema\/person\/5440b72be9c7eb74f446c846479dc4da"},"description":"A express\u00e3o \u201cpara mim fazer\u201d est\u00e1 errada na norma culta. Entenda quando usar \u201cmim\u201d e quando usar \u201ceu\u201d antes de verbos no infinitivo","breadcrumb":{"@id":"https:\/\/www.correiobraziliense.com.br\/cbradar\/a-frase-que-muitos-brasileiros-dizem-todos-os-dias-sem-perceber-o-erro-para-mim-fazer\/#breadcrumb"},"inLanguage":"pt-BR","potentialAction":[{"@type":"ReadAction","target":["https:\/\/www.correiobraziliense.com.br\/cbradar\/a-frase-que-muitos-brasileiros-dizem-todos-os-dias-sem-perceber-o-erro-para-mim-fazer\/"]}]},{"@type":"ImageObject","inLanguage":"pt-BR","@id":"https:\/\/www.correiobraziliense.com.br\/cbradar\/a-frase-que-muitos-brasileiros-dizem-todos-os-dias-sem-perceber-o-erro-para-mim-fazer\/#primaryimage","url":"https:\/\/www.correiobraziliense.com.br\/cbradar\/wp-content\/uploads\/2026\/03\/Gemini_Generated_Image_qlr10cqlr10cqlr1-1-1.png","contentUrl":"https:\/\/www.correiobraziliense.com.br\/cbradar\/wp-content\/uploads\/2026\/03\/Gemini_Generated_Image_qlr10cqlr10cqlr1-1-1.png","width":1280,"height":720,"caption":"Entenda por que \u201cpara mim fazer\u201d est\u00e1 errado e quando usar \u201cpara eu\u201d"},{"@type":"BreadcrumbList","@id":"https:\/\/www.correiobraziliense.com.br\/cbradar\/a-frase-que-muitos-brasileiros-dizem-todos-os-dias-sem-perceber-o-erro-para-mim-fazer\/#breadcrumb","itemListElement":[{"@type":"ListItem","position":1,"name":"In\u00edcio","item":"https:\/\/www.correiobraziliense.com.br\/cbradar\/"},{"@type":"ListItem","position":2,"name":"A frase que muitos brasileiros dizem todos os dias sem perceber o erro: \u201cPara mim fazer\u201d"}]},{"@type":"WebSite","@id":"https:\/\/www.correiobraziliense.com.br\/cbradar\/#website","url":"https:\/\/www.correiobraziliense.com.br\/cbradar\/","name":"Correio Braziliense - Radar","description":"Acompanhe as \u00faltimas not\u00edcias e fique bem informado sobre tudo o que acontece no Brasil e no mundo.","potentialAction":[{"@type":"SearchAction","target":{"@type":"EntryPoint","urlTemplate":"https:\/\/www.correiobraziliense.com.br\/cbradar\/?s={search_term_string}"},"query-input":{"@type":"PropertyValueSpecification","valueRequired":true,"valueName":"search_term_string"}}],"inLanguage":"pt-BR"},{"@type":"Person","@id":"https:\/\/www.correiobraziliense.com.br\/cbradar\/#\/schema\/person\/5440b72be9c7eb74f446c846479dc4da","name":"Patrick Silva","image":{"@type":"ImageObject","inLanguage":"pt-BR","@id":"https:\/\/www.correiobraziliense.com.br\/cbradar\/#\/schema\/person\/image\/","url":"https:\/\/secure.gravatar.com\/avatar\/944109df296fc087785c9715fd5f80b2?s=96&d=mm&r=g","contentUrl":"https:\/\/secure.gravatar.com\/avatar\/944109df296fc087785c9715fd5f80b2?s=96&d=mm&r=g","caption":"Patrick Silva"},"sameAs":["https:\/\/www.correiobraziliense.com.br\/cbradar\/"],"url":"https:\/\/www.correiobraziliense.com.br\/cbradar\/author\/patrick-silva\/"}]}},"_links":{"self":[{"href":"https:\/\/www.correiobraziliense.com.br\/cbradar\/wp-json\/wp\/v2\/posts\/206096","targetHints":{"allow":["GET"]}}],"collection":[{"href":"https:\/\/www.correiobraziliense.com.br\/cbradar\/wp-json\/wp\/v2\/posts"}],"about":[{"href":"https:\/\/www.correiobraziliense.com.br\/cbradar\/wp-json\/wp\/v2\/types\/post"}],"author":[{"embeddable":true,"href":"https:\/\/www.correiobraziliense.com.br\/cbradar\/wp-json\/wp\/v2\/users\/21"}],"replies":[{"embeddable":true,"href":"https:\/\/www.correiobraziliense.com.br\/cbradar\/wp-json\/wp\/v2\/comments?post=206096"}],"version-history":[{"count":2,"href":"https:\/\/www.correiobraziliense.com.br\/cbradar\/wp-json\/wp\/v2\/posts\/206096\/revisions"}],"predecessor-version":[{"id":206196,"href":"https:\/\/www.correiobraziliense.com.br\/cbradar\/wp-json\/wp\/v2\/posts\/206096\/revisions\/206196"}],"wp:featuredmedia":[{"embeddable":true,"href":"https:\/\/www.correiobraziliense.com.br\/cbradar\/wp-json\/wp\/v2\/media\/206113"}],"wp:attachment":[{"href":"https:\/\/www.correiobraziliense.com.br\/cbradar\/wp-json\/wp\/v2\/media?parent=206096"}],"wp:term":[{"taxonomy":"category","embeddable":true,"href":"https:\/\/www.correiobraziliense.com.br\/cbradar\/wp-json\/wp\/v2\/categories?post=206096"},{"taxonomy":"post_tag","embeddable":true,"href":"https:\/\/www.correiobraziliense.com.br\/cbradar\/wp-json\/wp\/v2\/tags?post=206096"}],"curies":[{"name":"wp","href":"https:\/\/api.w.org\/{rel}","templated":true}]}}