{"id":206100,"date":"2026-03-11T09:35:00","date_gmt":"2026-03-11T12:35:00","guid":{"rendered":"https:\/\/www.correiobraziliense.com.br\/cbradar\/?p=206100"},"modified":"2026-03-10T11:38:35","modified_gmt":"2026-03-10T14:38:35","slug":"roer-unhas-pode-causar-infeccoes-e-expor-um-problema-emocional-mais-profundo","status":"publish","type":"post","link":"https:\/\/www.correiobraziliense.com.br\/cbradar\/roer-unhas-pode-causar-infeccoes-e-expor-um-problema-emocional-mais-profundo\/","title":{"rendered":"Roer unhas pode causar infec\u00e7\u00f5es e expor um problema emocional mais profundo"},"content":{"rendered":"\n<p>Roubar unhas \u00e9 uma pr\u00e1tica que vai al\u00e9m de uma mera quest\u00e3o est\u00e9tica. De acordo com terapeutas e psic\u00f3logos, essa a\u00e7\u00e3o repetitiva est\u00e1 muitas vezes associada a problemas emocionais como ansiedade e estresse acumulado. A condi\u00e7\u00e3o, conhecida como onicofagia, \u00e9 classificada como um comportamento focado no corpo, em que a pessoa busca aliviar tens\u00f5es internas atrav\u00e9s de a\u00e7\u00f5es autom\u00e1ticas no pr\u00f3prio corpo, afetando <a href=\"https:\/\/www.correiobraziliense.com.br\/cbradar\/?p=205652&amp;preview=true\" target=\"_blank\" rel=\"noreferrer noopener\">sa\u00fade <\/a>mental, f\u00edsica e a qualidade de vida.<\/p>\n\n\n\n<h2 class=\"wp-block-heading\">O que \u00e9 onicofagia e por que esse h\u00e1bito preocupa os especialistas?<\/h2>\n\n\n\n<p>Os especialistas em sa\u00fade mental categorizam a onicofagia sob o guarda-chuva dos transtornos obsessivo-compulsivos. Roer unhas funciona como uma v\u00e1lvula de escape emocional, ligada a padr\u00f5es de ansiedade e tens\u00e3o interna, muitas vezes iniciados na inf\u00e2ncia ou adolesc\u00eancia.<\/p>\n\n\n\n<p>O ato pode oferecer um al\u00edvio tempor\u00e1rio para sentimentos de nervosismo ou inquieta\u00e7\u00e3o, mas os benef\u00edcios s\u00e3o fugazes. Com o tempo, o h\u00e1bito tende a se tornar autom\u00e1tico, dif\u00edcil de controlar e associado a uma s\u00e9rie de danos potenciais \u00e0 sa\u00fade.<\/p>\n\n\n\n<p><\/p>\n\n\n\n<iframe loading=\"lazy\" width=\"1396\" height=\"785\" src=\"https:\/\/www.youtube.com\/embed\/u16JWfCraco\" title=\"POR QUE FICO ROENDO AS UNHAS? | Onicofagia | Dr Eduardo Adnet | Psiquiatra\" frameborder=\"0\" allow=\"accelerometer; autoplay; clipboard-write; encrypted-media; gyroscope; picture-in-picture; web-share\" referrerpolicy=\"strict-origin-when-cross-origin\" allowfullscreen><\/iframe>\n\n\n\n<h2 class=\"wp-block-heading\">Quais s\u00e3o os riscos f\u00edsicos de roer as unhas?<\/h2>\n\n\n\n<p>As consequ\u00eancias de roer as unhas ultrapassam o desconforto visual e a vergonha est\u00e9tica. Os riscos de sa\u00fade incluem infec\u00e7\u00f5es dermatol\u00f3gicas, altera\u00e7\u00f5es na estrutura das unhas e complica\u00e7\u00f5es orais, podendo at\u00e9 interferir na mastiga\u00e7\u00e3o e na fala.<\/p>\n\n\n\n<p>Les\u00f5es na pele ao redor das unhas podem levar a infec\u00e7\u00f5es bacterianas e f\u00fangicas, como a paron\u00edquia, que muitas vezes exige tratamento m\u00e9dico. Al\u00e9m disso, o h\u00e1bito danifica o esmalte dos dentes e pode causar problemas gastrointestinais devido \u00e0 ingest\u00e3o de fragmentos de unhas e microrganismos.<\/p>\n\n\n<div class=\"wp-block-image\">\n<figure class=\"aligncenter size-large\"><img decoding=\"async\" width=\"1024\" height=\"576\" src=\"https:\/\/www.correiobraziliense.com.br\/cbradar\/wp-content\/uploads\/2025\/10\/Roer-as-Unhas_1761954747704-1024x576.jpg\" alt=\"\" class=\"wp-image-129107\" srcset=\"https:\/\/www.correiobraziliense.com.br\/cbradar\/wp-content\/uploads\/2025\/10\/Roer-as-Unhas_1761954747704-1024x576.jpg 1024w, https:\/\/www.correiobraziliense.com.br\/cbradar\/wp-content\/uploads\/2025\/10\/Roer-as-Unhas_1761954747704-300x169.jpg 300w, https:\/\/www.correiobraziliense.com.br\/cbradar\/wp-content\/uploads\/2025\/10\/Roer-as-Unhas_1761954747704-768x432.jpg 768w, https:\/\/www.correiobraziliense.com.br\/cbradar\/wp-content\/uploads\/2025\/10\/Roer-as-Unhas_1761954747704-750x422.jpg 750w, https:\/\/www.correiobraziliense.com.br\/cbradar\/wp-content\/uploads\/2025\/10\/Roer-as-Unhas_1761954747704-1140x641.jpg 1140w, https:\/\/www.correiobraziliense.com.br\/cbradar\/wp-content\/uploads\/2025\/10\/Roer-as-Unhas_1761954747704.jpg 1280w\" sizes=\"(max-width: 1024px) 100vw, 1024px\" \/><figcaption class=\"wp-element-caption\">Roer as Unhas &#8211; Cr\u00e9ditos: depositphotos.com \/ diego_cervo<\/figcaption><\/figure><\/div>\n\n\n<h2 class=\"wp-block-heading\">Como \u00e9 feito o tratamento eficaz para a onicofagia?<\/h2>\n\n\n\n<p>Muitas estrat\u00e9gias podem ser eficazes para abandonar o h\u00e1bito de roer as unhas, especialmente quando combinadas. Especialistas em terapias comportamentais recomendam a terapia cognitivo-comportamental (TCC) como uma das abordagens principais, aliada ao acompanhamento m\u00e9dico quando necess\u00e1rio.<\/p>\n\n\n\n<p>Um estudo realizado na Alemanha demonstrou que a t\u00e9cnica de substitui\u00e7\u00e3o de h\u00e1bito, que envolve tocar levemente a pele em vez de roer as unhas, mostrou resultados promissores, reduzindo o h\u00e1bito em mais da metade dos participantes. Complementarmente, t\u00e9cnicas de relaxamento como medita\u00e7\u00e3o, respira\u00e7\u00e3o controlada e mindfulness podem ajudar no gerenciamento da ansiedade subjacente.<\/p>\n\n\n\n<h2 class=\"wp-block-heading\">Quando se deve buscar ajuda profissional para roer unhas?<\/h2>\n\n\n\n<p>Embora muitas pessoas roam as unhas ocasionalmente sem grandes repercuss\u00f5es, alguns sinais indicam que o problema exige aten\u00e7\u00e3o especializada. Nesses casos, a interven\u00e7\u00e3o de um psic\u00f3logo ou psiquiatra \u00e9 importante para entender o quadro e planejar o tratamento.<\/p>\n\n\n\n<p>\u00c9 recomend\u00e1vel buscar ajuda profissional especialmente quando o h\u00e1bito est\u00e1 associado a les\u00f5es, sofrimento emocional ou preju\u00edzos na rotina. Alguns ind\u00edcios de alerta incluem:<\/p>\n\n\n\n<style>\n  .make-wrap{\n    max-width: 760px;\n    margin: 26px auto;\n    padding: 18px;\n    border-radius: 18px;\n    background: linear-gradient(135deg,#fff7fb 0%,#f6f2ff 100%);\n    border: 1px solid #f7d4ea;\n    box-shadow: 0 8px 20px rgba(236,72,153,.12);\n    font-family: system-ui, -apple-system, Segoe UI, Roboto, Helvetica, Arial, sans-serif;\n  }\n\n  .make-title{\n    display:flex; \n    align-items:center; \n    gap:10px;\n    margin:0 0 12px 4px;\n    font-size:1.2rem; \n    font-weight:900; \n    color:#9d174d;\n  }\n\n  .make-table{\n    width:100%;\n    border-collapse:separate;\n    border-spacing:0;\n    overflow:hidden;\n    border-radius:16px;\n    border:1px solid #f7d4ea;\n    background:#fff;\n    font-size:.92rem;\n  }\n\n  .make-table thead th{\n    background:linear-gradient(90deg,#fde7f3 0%,#f8e9ff 100%);\n    padding:12px;\n    color:#7a1e63;\n    font-weight:800;\n    text-align:left;\n    border-bottom:1px solid #f7d4ea;\n  }\n\n  .make-table tbody td{\n    padding:12px;\n    color:#374151;\n    vertical-align:top;\n    border-bottom:1px dashed #f7d4ea;\n  }\n\n  .make-table tbody tr:nth-child(odd){\n    background:#fffaff;\n  }\n\n  .price{\n    display:inline-flex;\n    align-items:center;\n    background:#fff7ed;\n    color:#b45309;\n    padding:6px 10px;\n    border-radius:10px;\n    border:1px solid #fed7aa;\n    font-weight:700;\n    white-space:nowrap;\n  }\n\n  .badge{\n    display:inline-block;\n    background:#fde7f3;\n    color:#c026d3;\n    border:1px solid #fecdd3;\n    padding:4px 10px;\n    border-radius:999px;\n    font-weight:700;\n    font-size:.78rem;\n  }\n\n  @media (max-width:720px){\n    .make-table thead{display:none}\n    .make-table, .make-table tbody, .make-table tr, .make-table td{\n      display:block; \n      width:100%;\n    }\n    .make-table tr{\n      margin-bottom:12px;\n      border:1px solid #f7d4ea;\n      border-radius:14px;\n      overflow:hidden;\n      background:#fff;\n    }\n    .make-table td[data-label]:before{\n      content:attr(data-label);\n      display:block;\n      font-weight:800;\n      color:#7a1e63;\n      margin-bottom:4px;\n    }\n    .make-table tbody td:last-child{border-bottom:none}\n  }\n<\/style>\n\n<div class=\"make-wrap\">\n  <h3 class=\"make-title\">\u26a0\ufe0f\u2728 Sinais de alerta ao roer unhas<\/h3>\n\n  <table class=\"make-table\">\n    <thead>\n      <tr>\n        <th>Sinal de alerta<\/th>\n        <th>Descri\u00e7\u00e3o<\/th>\n      <\/tr>\n    <\/thead>\n    <tbody>\n      <tr>\n        <td data-label=\"Sinal de alerta\">Feridas ou sangramentos<\/td>\n        <td data-label=\"Descri\u00e7\u00e3o\">Feridas vis\u00edveis, sangramentos frequentes ou deforma\u00e7\u00f5es nas unhas.<\/td>\n      <\/tr>\n      <tr>\n        <td data-label=\"Sinal de alerta\">Infec\u00e7\u00f5es recorrentes<\/td>\n        <td data-label=\"Descri\u00e7\u00e3o\">Infec\u00e7\u00f5es recorrentes na pele ao redor das unhas ou na boca.<\/td>\n      <\/tr>\n      <tr>\n        <td data-label=\"Sinal de alerta\">Impacto emocional<\/td>\n        <td data-label=\"Descri\u00e7\u00e3o\">Vergonha intensa, isolamento social ou evitar mostrar as m\u00e3os.<\/td>\n      <\/tr>\n      <tr>\n        <td data-label=\"Sinal de alerta\">Dificuldade de parar<\/td>\n        <td data-label=\"Descri\u00e7\u00e3o\">Dificuldade de interromper o h\u00e1bito mesmo com tentativas repetidas.<\/td>\n      <\/tr>\n    <\/tbody>\n  <\/table>\n\n  <p style=\"margin-top:14px; color:#6b7280; font-size:.9rem;\">\n    \ud83d\udca1 <strong>Dica:<\/strong> Se esses sinais aparecerem com frequ\u00eancia, buscar orienta\u00e7\u00e3o profissional pode ajudar a controlar o h\u00e1bito.\n  <\/p>\n<\/div>\n\n\n\n\n<h2 class=\"wp-block-heading\">Como controlar a ansiedade e evitar roer as unhas no dia a dia?<\/h2>\n\n\n\n<p>A ado\u00e7\u00e3o de h\u00e1bitos saud\u00e1veis \u00e9 uma ferramenta valiosa no controle da ansiedade que leva \u00e0 onicofagia. Pr\u00e1ticas regulares de exerc\u00edcio f\u00edsico, sono de qualidade e uma dieta balanceada ajudam a estabilizar o humor e reduzir a tens\u00e3o interna.<\/p>\n\n\n\n<p>Manter as m\u00e3os ocupadas, seja atrav\u00e9s de atividades manuais ou utilizando objetos como bolinhas antiestresse, tamb\u00e9m pode favorecer a distra\u00e7\u00e3o e o redirecionamento da energia emocional. O objetivo \u00e9 tratar a ansiedade na sua raiz, evitando que o h\u00e1bito de roer as unhas seja substitu\u00eddo por outro comportamento compulsivo e promovendo um cuidado integral com a sa\u00fade mental.<\/p>\n\n\n<a href=\"https:\/\/www.instagram.com\/dra.annaluisabf\/\" target=\"_blank\" rel=\"noopener\" style=\"text-decoration: none; color: inherit;\">\n    <span style=\"display: inline-block; border: 1px solid #ccc; border-radius: 10px; padding: 15px; max-width: 550px; font-family: sans-serif; box-shadow: 0 2px 5px rgba(0,0,0,0.1); width: 100%;\">\n\n      <!-- T\u00edtulo -->\n      <span style=\"display: block; margin: 0 0 15px 0; font-weight: bold; color: #2c3e50; text-align: center;\">\n        Entre em contato:\n      <\/span>\n\n      <!-- Linha do perfil -->\n      <span style=\"display: flex; align-items: center; gap: 15px;\">\n        <img decoding=\"async\"\n          src=\"https:\/\/www.correiobraziliense.com.br\/cbradar\/wp-content\/uploads\/2025\/08\/dra_anna_luisa.jpeg\"\n          alt=\"Foto da Dra. Anna Lu\u00edsa\"\n          style=\"border-radius: 50%; width: 80px; height: 80px; object-fit: cover;\"\n        \/>\n        <span style=\"display: flex; flex-direction: column;\">\n          <span style=\"font-size: 18px; font-weight: 700; color: #2c3e50;\">Dra. Anna Lu\u00edsa Barbosa Fernandes<\/span>\n          <span style=\"color: #555;\">CRM-GO 33.271<\/span>\n        <\/span>\n      <\/span>\n\n      <!-- Redes -->\n      <span style=\"display: flex; align-items: center; gap: 10px; margin-top: 12px;\">\n        <img decoding=\"async\" src=\"https:\/\/cdn-icons-png.flaticon.com\/24\/1384\/1384063.png\" alt=\"Instagram\" width=\"24\" height=\"24\" \/>\n        <span style=\"text-decoration: underline; color: #2c3e50;\">@dra.annaluisabf<\/span>\n      <\/span>\n\n    <\/span>\n  <\/a>","protected":false},"excerpt":{"rendered":"<p>Roubar unhas \u00e9 uma pr\u00e1tica que vai al\u00e9m de uma mera quest\u00e3o est\u00e9tica. De acordo com terapeutas e psic\u00f3logos, essa a\u00e7\u00e3o repetitiva est\u00e1 muitas vezes associada a problemas emocionais como ansiedade e estresse acumulado. A condi\u00e7\u00e3o, conhecida como onicofagia, \u00e9 classificada como um comportamento focado no corpo, em que a pessoa busca aliviar tens\u00f5es internas [&hellip;]<\/p>\n","protected":false},"author":14,"featured_media":129108,"comment_status":"open","ping_status":"open","sticky":false,"template":"","format":"standard","meta":{"_yoast_wpseo_focuskw":"Roer unhas","_yoast_wpseo_title":"","_yoast_wpseo_metadesc":"Roer unhas pode estar ligado \u00e0 ansiedade e causar infec\u00e7\u00f5es, les\u00f5es e desgaste emocional. Entenda quando o h\u00e1bito preocupa.","jnews-multi-image_gallery":[],"jnews_single_post":{"format":"standard"},"jnews_primary_category":[],"jnews_social_meta":[],"jnews_override_counter":[],"footnotes":""},"categories":[4404],"post_tag":[120,247,1318],"class_list":["post-206100","post","type-post","status-publish","format-standard","has-post-thumbnail","hentry","category-saude","tag-bem-estar","tag-qualidade-de-vida","tag-saude-2"],"yoast_head":"<!-- This site is optimized with the Yoast SEO plugin v24.6 - https:\/\/yoast.com\/wordpress\/plugins\/seo\/ -->\n<title>Roer unhas pode causar infec\u00e7\u00f5es e expor um problema emocional mais profundo - Correio Braziliense - Radar<\/title>\n<meta name=\"description\" content=\"Roer unhas pode estar ligado \u00e0 ansiedade e causar infec\u00e7\u00f5es, les\u00f5es e desgaste emocional. Entenda quando o h\u00e1bito preocupa.\" \/>\n<meta name=\"robots\" content=\"index, follow, max-snippet:-1, max-image-preview:large, max-video-preview:-1\" \/>\n<link rel=\"canonical\" href=\"https:\/\/www.correiobraziliense.com.br\/cbradar\/roer-unhas-pode-causar-infeccoes-e-expor-um-problema-emocional-mais-profundo\/\" \/>\n<meta property=\"og:locale\" content=\"pt_BR\" \/>\n<meta property=\"og:type\" content=\"article\" \/>\n<meta property=\"og:title\" content=\"Roer unhas pode causar infec\u00e7\u00f5es e expor um problema emocional mais profundo - Correio Braziliense - Radar\" \/>\n<meta property=\"og:description\" content=\"Roer unhas pode estar ligado \u00e0 ansiedade e causar infec\u00e7\u00f5es, les\u00f5es e desgaste emocional. Entenda quando o h\u00e1bito preocupa.\" \/>\n<meta property=\"og:url\" content=\"https:\/\/www.correiobraziliense.com.br\/cbradar\/roer-unhas-pode-causar-infeccoes-e-expor-um-problema-emocional-mais-profundo\/\" \/>\n<meta property=\"og:site_name\" content=\"Correio Braziliense - Radar\" \/>\n<meta property=\"article:published_time\" content=\"2026-03-11T12:35:00+00:00\" \/>\n<meta property=\"og:image\" content=\"https:\/\/www.correiobraziliense.com.br\/cbradar\/wp-content\/uploads\/2025\/10\/Roer-as-Unhas_1761954772486.jpg\" \/>\n\t<meta property=\"og:image:width\" content=\"1280\" \/>\n\t<meta property=\"og:image:height\" content=\"720\" \/>\n\t<meta property=\"og:image:type\" content=\"image\/jpeg\" \/>\n<meta name=\"author\" content=\"guilherme_saude\" \/>\n<meta name=\"twitter:card\" content=\"summary_large_image\" \/>\n<meta name=\"twitter:label1\" content=\"Escrito por\" \/>\n\t<meta name=\"twitter:data1\" content=\"guilherme_saude\" \/>\n\t<meta name=\"twitter:label2\" content=\"Est. tempo de leitura\" \/>\n\t<meta name=\"twitter:data2\" content=\"5 minutos\" \/>\n<!-- \/ Yoast SEO plugin. -->","yoast_head_json":{"title":"Roer unhas pode causar infec\u00e7\u00f5es e expor um problema emocional mais profundo - Correio Braziliense - Radar","description":"Roer unhas pode estar ligado \u00e0 ansiedade e causar infec\u00e7\u00f5es, les\u00f5es e desgaste emocional. Entenda quando o h\u00e1bito preocupa.","robots":{"index":"index","follow":"follow","max-snippet":"max-snippet:-1","max-image-preview":"max-image-preview:large","max-video-preview":"max-video-preview:-1"},"canonical":"https:\/\/www.correiobraziliense.com.br\/cbradar\/roer-unhas-pode-causar-infeccoes-e-expor-um-problema-emocional-mais-profundo\/","og_locale":"pt_BR","og_type":"article","og_title":"Roer unhas pode causar infec\u00e7\u00f5es e expor um problema emocional mais profundo - Correio Braziliense - Radar","og_description":"Roer unhas pode estar ligado \u00e0 ansiedade e causar infec\u00e7\u00f5es, les\u00f5es e desgaste emocional. Entenda quando o h\u00e1bito preocupa.","og_url":"https:\/\/www.correiobraziliense.com.br\/cbradar\/roer-unhas-pode-causar-infeccoes-e-expor-um-problema-emocional-mais-profundo\/","og_site_name":"Correio Braziliense - Radar","article_published_time":"2026-03-11T12:35:00+00:00","og_image":[{"width":1280,"height":720,"url":"https:\/\/www.correiobraziliense.com.br\/cbradar\/wp-content\/uploads\/2025\/10\/Roer-as-Unhas_1761954772486.jpg","type":"image\/jpeg"}],"author":"guilherme_saude","twitter_card":"summary_large_image","twitter_misc":{"Escrito por":"guilherme_saude","Est. tempo de leitura":"5 minutos"},"schema":{"@context":"https:\/\/schema.org","@graph":[{"@type":"WebPage","@id":"https:\/\/www.correiobraziliense.com.br\/cbradar\/roer-unhas-pode-causar-infeccoes-e-expor-um-problema-emocional-mais-profundo\/","url":"https:\/\/www.correiobraziliense.com.br\/cbradar\/roer-unhas-pode-causar-infeccoes-e-expor-um-problema-emocional-mais-profundo\/","name":"Roer unhas pode causar infec\u00e7\u00f5es e expor um problema emocional mais profundo - Correio Braziliense - Radar","isPartOf":{"@id":"https:\/\/www.correiobraziliense.com.br\/cbradar\/#website"},"primaryImageOfPage":{"@id":"https:\/\/www.correiobraziliense.com.br\/cbradar\/roer-unhas-pode-causar-infeccoes-e-expor-um-problema-emocional-mais-profundo\/#primaryimage"},"image":{"@id":"https:\/\/www.correiobraziliense.com.br\/cbradar\/roer-unhas-pode-causar-infeccoes-e-expor-um-problema-emocional-mais-profundo\/#primaryimage"},"thumbnailUrl":"https:\/\/www.correiobraziliense.com.br\/cbradar\/wp-content\/uploads\/2025\/10\/Roer-as-Unhas_1761954772486.jpg","datePublished":"2026-03-11T12:35:00+00:00","author":{"@id":"https:\/\/www.correiobraziliense.com.br\/cbradar\/#\/schema\/person\/5aa4bf3c8fa699c267933611de12978b"},"description":"Roer unhas pode estar ligado \u00e0 ansiedade e causar infec\u00e7\u00f5es, les\u00f5es e desgaste emocional. Entenda quando o h\u00e1bito preocupa.","breadcrumb":{"@id":"https:\/\/www.correiobraziliense.com.br\/cbradar\/roer-unhas-pode-causar-infeccoes-e-expor-um-problema-emocional-mais-profundo\/#breadcrumb"},"inLanguage":"pt-BR","potentialAction":[{"@type":"ReadAction","target":["https:\/\/www.correiobraziliense.com.br\/cbradar\/roer-unhas-pode-causar-infeccoes-e-expor-um-problema-emocional-mais-profundo\/"]}]},{"@type":"ImageObject","inLanguage":"pt-BR","@id":"https:\/\/www.correiobraziliense.com.br\/cbradar\/roer-unhas-pode-causar-infeccoes-e-expor-um-problema-emocional-mais-profundo\/#primaryimage","url":"https:\/\/www.correiobraziliense.com.br\/cbradar\/wp-content\/uploads\/2025\/10\/Roer-as-Unhas_1761954772486.jpg","contentUrl":"https:\/\/www.correiobraziliense.com.br\/cbradar\/wp-content\/uploads\/2025\/10\/Roer-as-Unhas_1761954772486.jpg","width":1280,"height":720,"caption":"Roer as Unhas - Cr\u00e9ditos: depositphotos.com \/ diego_cervo"},{"@type":"BreadcrumbList","@id":"https:\/\/www.correiobraziliense.com.br\/cbradar\/roer-unhas-pode-causar-infeccoes-e-expor-um-problema-emocional-mais-profundo\/#breadcrumb","itemListElement":[{"@type":"ListItem","position":1,"name":"In\u00edcio","item":"https:\/\/www.correiobraziliense.com.br\/cbradar\/"},{"@type":"ListItem","position":2,"name":"Roer unhas pode causar infec\u00e7\u00f5es e expor um problema emocional mais profundo"}]},{"@type":"WebSite","@id":"https:\/\/www.correiobraziliense.com.br\/cbradar\/#website","url":"https:\/\/www.correiobraziliense.com.br\/cbradar\/","name":"Correio Braziliense - Radar","description":"Acompanhe as \u00faltimas not\u00edcias e fique bem informado sobre tudo o que acontece no Brasil e no mundo.","potentialAction":[{"@type":"SearchAction","target":{"@type":"EntryPoint","urlTemplate":"https:\/\/www.correiobraziliense.com.br\/cbradar\/?s={search_term_string}"},"query-input":{"@type":"PropertyValueSpecification","valueRequired":true,"valueName":"search_term_string"}}],"inLanguage":"pt-BR"},{"@type":"Person","@id":"https:\/\/www.correiobraziliense.com.br\/cbradar\/#\/schema\/person\/5aa4bf3c8fa699c267933611de12978b","name":"guilherme_saude","image":{"@type":"ImageObject","inLanguage":"pt-BR","@id":"https:\/\/www.correiobraziliense.com.br\/cbradar\/#\/schema\/person\/image\/","url":"https:\/\/secure.gravatar.com\/avatar\/df9adfb835d344bc0af109d41756253f?s=96&d=mm&r=g","contentUrl":"https:\/\/secure.gravatar.com\/avatar\/df9adfb835d344bc0af109d41756253f?s=96&d=mm&r=g","caption":"guilherme_saude"},"url":"https:\/\/www.correiobraziliense.com.br\/cbradar\/author\/guilherme_saude\/"}]}},"_links":{"self":[{"href":"https:\/\/www.correiobraziliense.com.br\/cbradar\/wp-json\/wp\/v2\/posts\/206100","targetHints":{"allow":["GET"]}}],"collection":[{"href":"https:\/\/www.correiobraziliense.com.br\/cbradar\/wp-json\/wp\/v2\/posts"}],"about":[{"href":"https:\/\/www.correiobraziliense.com.br\/cbradar\/wp-json\/wp\/v2\/types\/post"}],"author":[{"embeddable":true,"href":"https:\/\/www.correiobraziliense.com.br\/cbradar\/wp-json\/wp\/v2\/users\/14"}],"replies":[{"embeddable":true,"href":"https:\/\/www.correiobraziliense.com.br\/cbradar\/wp-json\/wp\/v2\/comments?post=206100"}],"version-history":[{"count":1,"href":"https:\/\/www.correiobraziliense.com.br\/cbradar\/wp-json\/wp\/v2\/posts\/206100\/revisions"}],"predecessor-version":[{"id":206104,"href":"https:\/\/www.correiobraziliense.com.br\/cbradar\/wp-json\/wp\/v2\/posts\/206100\/revisions\/206104"}],"wp:featuredmedia":[{"embeddable":true,"href":"https:\/\/www.correiobraziliense.com.br\/cbradar\/wp-json\/wp\/v2\/media\/129108"}],"wp:attachment":[{"href":"https:\/\/www.correiobraziliense.com.br\/cbradar\/wp-json\/wp\/v2\/media?parent=206100"}],"wp:term":[{"taxonomy":"category","embeddable":true,"href":"https:\/\/www.correiobraziliense.com.br\/cbradar\/wp-json\/wp\/v2\/categories?post=206100"},{"taxonomy":"post_tag","embeddable":true,"href":"https:\/\/www.correiobraziliense.com.br\/cbradar\/wp-json\/wp\/v2\/post_tag?post=206100"}],"curies":[{"name":"wp","href":"https:\/\/api.w.org\/{rel}","templated":true}]}}