{"id":206109,"date":"2026-03-12T00:25:00","date_gmt":"2026-03-12T03:25:00","guid":{"rendered":"https:\/\/www.correiobraziliense.com.br\/cbradar\/?p=206109"},"modified":"2026-03-11T20:00:52","modified_gmt":"2026-03-11T23:00:52","slug":"a-frase-de-3-palavras-que-ajuda-criancas-a-lidar-com-frustracao-segundo-a-neuropsicologia-infantil","status":"publish","type":"post","link":"https:\/\/www.correiobraziliense.com.br\/cbradar\/a-frase-de-3-palavras-que-ajuda-criancas-a-lidar-com-frustracao-segundo-a-neuropsicologia-infantil\/","title":{"rendered":"A frase de 3 palavras que ajuda crian\u00e7as a lidar com frustra\u00e7\u00e3o, segundo a neuropsicologia infantil"},"content":{"rendered":"\n<p>A neuropsicologia infantil aponta que frases simples possuem um impacto profundo no desenvolvimento do c\u00f3rtex pr\u00e9-frontal das crian\u00e7as pequenas. Utilizar as palavras certas durante uma crise de choro ajuda a acalmar o sistema l\u00edmbico de forma r\u00e1pida. Essa pr\u00e1tica fortalece o v\u00ednculo afetivo e ensina o autocontrole emocional necess\u00e1rio e vital.<\/p>\n\n\n\n<h2 class=\"wp-block-heading\">Como o c\u00e9rebro infantil reage diante de grandes desafios?<\/h2>\n\n\n\n<p>Quando uma crian\u00e7a enfrenta uma frustra\u00e7\u00e3o intensa, sua am\u00edgdala cerebral assume o controle total das rea\u00e7\u00f5es f\u00edsicas e <strong><a href=\"https:\/\/www.correiobraziliense.com.br\/cbradar\/o-que-significa-gostar-de-ficar-sozinho-segundo-a-psicologia-e-o-que-isso-revela-sobre-sua-personalidade\/\" target=\"_blank\" rel=\"noreferrer noopener\">emocionais<\/a><\/strong> imediatas. Nesse estado de alerta, o racioc\u00ednio l\u00f3gico fica temporariamente bloqueado, impedindo que o pequeno entenda explica\u00e7\u00f5es complexas ou broncas demoradas. \u00c9 fundamental oferecer suporte para que o equil\u00edbrio biol\u00f3gico retorne ao estado de calma hoje e agora.<\/p>\n\n\n\n<p>A imaturidade neurol\u00f3gica impede que os filhos gerenciem sentimentos fortes sem a ajuda direta de um adulto regulador e calmo. Durante esses epis\u00f3dios, o suporte externo atua como um c\u00f3rtex auxiliar, guiando o comportamento para uma resolu\u00e7\u00e3o pac\u00edfica e segura. Compreender essa vulnerabilidade biol\u00f3gica transforma a maneira como os pais reagem aos momentos de estresse cotidiano e pesado nas fam\u00edlias.<\/p>\n\n\n\n<figure class=\"wp-block-image size-full\"><img decoding=\"async\" width=\"1280\" height=\"720\" src=\"https:\/\/www.correiobraziliense.com.br\/cbradar\/wp-content\/uploads\/2026\/03\/Gemini_Generated_Image_bxspbjbxspbjbxsp-1-1.png\" alt=\"A frase de 3 palavras que ajuda crian\u00e7as a lidar com frustra\u00e7\u00e3o, segundo a neuropsicologia infantil\" class=\"wp-image-206121\" srcset=\"https:\/\/www.correiobraziliense.com.br\/cbradar\/wp-content\/uploads\/2026\/03\/Gemini_Generated_Image_bxspbjbxspbjbxsp-1-1.png 1280w, https:\/\/www.correiobraziliense.com.br\/cbradar\/wp-content\/uploads\/2026\/03\/Gemini_Generated_Image_bxspbjbxspbjbxsp-1-1-300x169.png 300w, https:\/\/www.correiobraziliense.com.br\/cbradar\/wp-content\/uploads\/2026\/03\/Gemini_Generated_Image_bxspbjbxspbjbxsp-1-1-768x432.png 768w, https:\/\/www.correiobraziliense.com.br\/cbradar\/wp-content\/uploads\/2026\/03\/Gemini_Generated_Image_bxspbjbxspbjbxsp-1-1-750x422.png 750w, https:\/\/www.correiobraziliense.com.br\/cbradar\/wp-content\/uploads\/2026\/03\/Gemini_Generated_Image_bxspbjbxspbjbxsp-1-1-1140x641.png 1140w\" sizes=\"(max-width: 1280px) 100vw, 1280px\" \/><figcaption class=\"wp-element-caption\">A frase simples que a psicologia recomenda para acalmar crian\u00e7as durante crises emocionais<\/figcaption><\/figure>\n\n\n\n<h2 class=\"wp-block-heading\">Qual o segredo por tr\u00e1s da valida\u00e7\u00e3o emocional imediata?<\/h2>\n\n\n\n<p>A frase m\u00e1gica <strong>&#8220;Eu te entendo&#8221;<\/strong> funciona como um interruptor que desliga a resposta de luta ou fuga no c\u00e9rebro infantil. Ao ouvir essas tr\u00eas palavras, a crian\u00e7a sente que suas emo\u00e7\u00f5es s\u00e3o leg\u00edtimas e que n\u00e3o est\u00e1 sozinha no sofrimento. Essa conex\u00e3o imediata reduz a intensidade da birra e abre espa\u00e7o para o di\u00e1logo produtivo e equilibrado.<\/p>\n\n\n\n<p>Validar o sentimento n\u00e3o significa concordar com o comportamento inadequado, mas sim reconhecer a dor que o pequeno est\u00e1 sentindo. Esse acolhimento diminui a produ\u00e7\u00e3o de cortisol e aumenta a libera\u00e7\u00e3o de ocitocina, promovendo uma sensa\u00e7\u00e3o de seguran\u00e7a instant\u00e2nea. Pais que utilizam essa ferramenta conseguem resolver conflitos de forma muito mais r\u00e1pida, eficaz, humana e bastante carinhosa.<\/p>\n\n\n\n<h2 class=\"wp-block-heading\">Como aplicar essa t\u00e9cnica no calor do momento?<\/h2>\n\n\n\n<p>O sucesso dessa abordagem depende da calma e da empatia demonstradas pelo cuidador no momento da crise emocional aguda. Abaixar-se para manter o contato visual na mesma altura da crian\u00e7a aumenta a efic\u00e1cia da comunica\u00e7\u00e3o n\u00e3o verbal positiva. Pronunciar a frase com tom de voz sereno transmite a seguran\u00e7a que o c\u00e9rebro infantil precisa desesperadamente para se acalmar.<\/p>\n\n\n\n<figure class=\"wp-block-image size-full\"><img decoding=\"async\" width=\"1280\" height=\"713\" src=\"https:\/\/www.correiobraziliense.com.br\/cbradar\/wp-content\/uploads\/2026\/03\/convertido-3.jpg\" alt=\"\" class=\"wp-image-206116\" srcset=\"https:\/\/www.correiobraziliense.com.br\/cbradar\/wp-content\/uploads\/2026\/03\/convertido-3.jpg 1280w, https:\/\/www.correiobraziliense.com.br\/cbradar\/wp-content\/uploads\/2026\/03\/convertido-3-300x167.jpg 300w, https:\/\/www.correiobraziliense.com.br\/cbradar\/wp-content\/uploads\/2026\/03\/convertido-3-768x428.jpg 768w, https:\/\/www.correiobraziliense.com.br\/cbradar\/wp-content\/uploads\/2026\/03\/convertido-3-750x418.jpg 750w, https:\/\/www.correiobraziliense.com.br\/cbradar\/wp-content\/uploads\/2026\/03\/convertido-3-1140x635.jpg 1140w\" sizes=\"(max-width: 1280px) 100vw, 1280px\" \/><\/figure>\n\n\n\n<h2 class=\"wp-block-heading\">Quais os impactos de longo prazo na sa\u00fade mental?<\/h2>\n\n\n\n<p>Crian\u00e7as que crescem em ambientes onde suas emo\u00e7\u00f5es s\u00e3o validadas desenvolvem uma intelig\u00eancia emocional superior na vida adulta produtiva. Elas aprendem a identificar os pr\u00f3prios gatilhos de estresse e a buscar solu\u00e7\u00f5es saud\u00e1veis para resolver problemas complexos. Esse aprendizado precoce previne dist\u00farbios de ansiedade e fortalece a resili\u00eancia diante das adversidades inevit\u00e1veis da vida comum e real.<\/p>\n\n\n\n<p>O fortalecimento das conex\u00f5es neurais ligadas \u00e0 empatia cria adultos mais seguros e capazes de estabelecer relacionamentos interpessoais est\u00e1veis. A repeti\u00e7\u00e3o dessa frase consolida uma autoimagem positiva e a confian\u00e7a de que os sentimentos podem ser expressos sem medo. Investir na regula\u00e7\u00e3o emocional hoje garante um futuro mais equilibrado para toda a fam\u00edlia brasileira de forma s\u00f3lida e segura.<\/p>\n\n\n\n<figure class=\"wp-block-image size-full\"><img decoding=\"async\" width=\"1280\" height=\"720\" src=\"https:\/\/www.correiobraziliense.com.br\/cbradar\/wp-content\/uploads\/2026\/03\/Gemini_Generated_Image_gpt0x2gpt0x2gpt0-1-1.png\" alt=\"A frase de 3 palavras que ajuda crian\u00e7as a lidar com frustra\u00e7\u00e3o, segundo a neuropsicologia infantil\" class=\"wp-image-206124\" srcset=\"https:\/\/www.correiobraziliense.com.br\/cbradar\/wp-content\/uploads\/2026\/03\/Gemini_Generated_Image_gpt0x2gpt0x2gpt0-1-1.png 1280w, https:\/\/www.correiobraziliense.com.br\/cbradar\/wp-content\/uploads\/2026\/03\/Gemini_Generated_Image_gpt0x2gpt0x2gpt0-1-1-300x169.png 300w, https:\/\/www.correiobraziliense.com.br\/cbradar\/wp-content\/uploads\/2026\/03\/Gemini_Generated_Image_gpt0x2gpt0x2gpt0-1-1-768x432.png 768w, https:\/\/www.correiobraziliense.com.br\/cbradar\/wp-content\/uploads\/2026\/03\/Gemini_Generated_Image_gpt0x2gpt0x2gpt0-1-1-750x422.png 750w, https:\/\/www.correiobraziliense.com.br\/cbradar\/wp-content\/uploads\/2026\/03\/Gemini_Generated_Image_gpt0x2gpt0x2gpt0-1-1-1140x641.png 1140w\" sizes=\"(max-width: 1280px) 100vw, 1280px\" \/><figcaption class=\"wp-element-caption\">A frase simples que a psicologia recomenda para acalmar crian\u00e7as durante crises emocionais<\/figcaption><\/figure>\n\n\n\n<h2 class=\"wp-block-heading\">Existe comprova\u00e7\u00e3o cient\u00edfica para essa estrat\u00e9gia de acolhimento?<\/h2>\n\n\n\n<p>Estudos realizados por institui\u00e7\u00f5es globais confirmam que o suporte parental responsivo acelera o amadurecimento das \u00e1reas cerebrais ligadas ao controle inibit\u00f3rio. A neuroci\u00eancia moderna enfatiza que puni\u00e7\u00f5es severas s\u00e3o menos eficazes do que o acolhimento estruturado para o aprendizado real. Criar um ambiente seguro \u00e9 a base para o desenvolvimento de habilidades socioemocionais fundamentais e duradouras para todas as gera\u00e7\u00f5es futuras.<\/p>\n\n\n\n<p>Voc\u00ea pode acessar as diretrizes completas sobre o desenvolvimento saud\u00e1vel e o suporte emocional na inf\u00e2ncia no portal da <a href=\"https:\/\/www.unicef.org\/parenting\/child-development\/your-babys-developmental-milestones\" target=\"_blank\" rel=\"noreferrer noopener\">UNICEF<\/a>, que oferece orienta\u00e7\u00f5es baseadas em evid\u00eancias cient\u00edficas s\u00f3lidas. Compreender a biologia do comportamento permite que educadores e pais transformem momentos dif\u00edceis em oportunidades valiosas de crescimento. O conhecimento t\u00e9cnico \u00e9 o caminho para uma educa\u00e7\u00e3o baseada no respeito, na ci\u00eancia e no amor.<\/p>\n","protected":false},"excerpt":{"rendered":"<p>A neuropsicologia infantil aponta que frases simples possuem um impacto profundo no desenvolvimento do c\u00f3rtex pr\u00e9-frontal das crian\u00e7as pequenas. Utilizar as palavras certas durante uma crise de choro ajuda a acalmar o sistema l\u00edmbico de forma r\u00e1pida. Essa pr\u00e1tica fortalece o v\u00ednculo afetivo e ensina o autocontrole emocional necess\u00e1rio e vital. Como o c\u00e9rebro infantil [&hellip;]<\/p>\n","protected":false},"author":21,"featured_media":206120,"comment_status":"open","ping_status":"open","sticky":false,"template":"","format":"standard","meta":{"_yoast_wpseo_focuskw":"frase que acalma crian\u00e7a psicologia","_yoast_wpseo_title":"","_yoast_wpseo_metadesc":"Neuropsicologia revela a frase simples que pode acalmar crian\u00e7as em crise e fortalecer o v\u00ednculo emocional com os pais.","jnews-multi-image_gallery":[],"jnews_single_post":{"format":"standard"},"jnews_primary_category":[],"jnews_social_meta":[],"jnews_override_counter":[],"footnotes":""},"categories":[112],"post_tag":[4377,5310,15638,15594],"class_list":["post-206109","post","type-post","status-publish","format-standard","has-post-thumbnail","hentry","category-curiosidades","tag-criancas","tag-frases","tag-frustracao","tag-infantil"],"yoast_head":"<!-- This site is optimized with the Yoast SEO plugin v24.6 - https:\/\/yoast.com\/wordpress\/plugins\/seo\/ -->\n<title>A frase de 3 palavras que ajuda crian\u00e7as a lidar com frustra\u00e7\u00e3o, segundo a neuropsicologia infantil - Correio Braziliense - Radar<\/title>\n<meta name=\"description\" content=\"Neuropsicologia revela a frase simples que pode acalmar crian\u00e7as em crise e fortalecer o v\u00ednculo emocional com os pais.\" \/>\n<meta name=\"robots\" content=\"index, follow, max-snippet:-1, max-image-preview:large, max-video-preview:-1\" \/>\n<link rel=\"canonical\" href=\"https:\/\/www.correiobraziliense.com.br\/cbradar\/a-frase-de-3-palavras-que-ajuda-criancas-a-lidar-com-frustracao-segundo-a-neuropsicologia-infantil\/\" \/>\n<meta property=\"og:locale\" content=\"pt_BR\" \/>\n<meta property=\"og:type\" content=\"article\" \/>\n<meta property=\"og:title\" content=\"A frase de 3 palavras que ajuda crian\u00e7as a lidar com frustra\u00e7\u00e3o, segundo a neuropsicologia infantil - Correio Braziliense - Radar\" \/>\n<meta property=\"og:description\" content=\"Neuropsicologia revela a frase simples que pode acalmar crian\u00e7as em crise e fortalecer o v\u00ednculo emocional com os pais.\" \/>\n<meta property=\"og:url\" content=\"https:\/\/www.correiobraziliense.com.br\/cbradar\/a-frase-de-3-palavras-que-ajuda-criancas-a-lidar-com-frustracao-segundo-a-neuropsicologia-infantil\/\" \/>\n<meta property=\"og:site_name\" content=\"Correio Braziliense - Radar\" \/>\n<meta property=\"article:published_time\" content=\"2026-03-12T03:25:00+00:00\" \/>\n<meta property=\"og:image\" content=\"https:\/\/www.correiobraziliense.com.br\/cbradar\/wp-content\/uploads\/2026\/03\/Gemini_Generated_Image_t0cjkwt0cjkwt0cj-1-1.png\" \/>\n\t<meta property=\"og:image:width\" content=\"1280\" \/>\n\t<meta property=\"og:image:height\" content=\"720\" \/>\n\t<meta property=\"og:image:type\" content=\"image\/png\" \/>\n<meta name=\"author\" content=\"Patrick Silva\" \/>\n<meta name=\"twitter:card\" content=\"summary_large_image\" \/>\n<meta name=\"twitter:label1\" content=\"Escrito por\" \/>\n\t<meta name=\"twitter:data1\" content=\"Patrick Silva\" \/>\n\t<meta name=\"twitter:label2\" content=\"Est. tempo de leitura\" \/>\n\t<meta name=\"twitter:data2\" content=\"5 minutos\" \/>\n<!-- \/ Yoast SEO plugin. -->","yoast_head_json":{"title":"A frase de 3 palavras que ajuda crian\u00e7as a lidar com frustra\u00e7\u00e3o, segundo a neuropsicologia infantil - Correio Braziliense - Radar","description":"Neuropsicologia revela a frase simples que pode acalmar crian\u00e7as em crise e fortalecer o v\u00ednculo emocional com os pais.","robots":{"index":"index","follow":"follow","max-snippet":"max-snippet:-1","max-image-preview":"max-image-preview:large","max-video-preview":"max-video-preview:-1"},"canonical":"https:\/\/www.correiobraziliense.com.br\/cbradar\/a-frase-de-3-palavras-que-ajuda-criancas-a-lidar-com-frustracao-segundo-a-neuropsicologia-infantil\/","og_locale":"pt_BR","og_type":"article","og_title":"A frase de 3 palavras que ajuda crian\u00e7as a lidar com frustra\u00e7\u00e3o, segundo a neuropsicologia infantil - Correio Braziliense - Radar","og_description":"Neuropsicologia revela a frase simples que pode acalmar crian\u00e7as em crise e fortalecer o v\u00ednculo emocional com os pais.","og_url":"https:\/\/www.correiobraziliense.com.br\/cbradar\/a-frase-de-3-palavras-que-ajuda-criancas-a-lidar-com-frustracao-segundo-a-neuropsicologia-infantil\/","og_site_name":"Correio Braziliense - Radar","article_published_time":"2026-03-12T03:25:00+00:00","og_image":[{"width":1280,"height":720,"url":"https:\/\/www.correiobraziliense.com.br\/cbradar\/wp-content\/uploads\/2026\/03\/Gemini_Generated_Image_t0cjkwt0cjkwt0cj-1-1.png","type":"image\/png"}],"author":"Patrick Silva","twitter_card":"summary_large_image","twitter_misc":{"Escrito por":"Patrick Silva","Est. tempo de leitura":"5 minutos"},"schema":{"@context":"https:\/\/schema.org","@graph":[{"@type":"WebPage","@id":"https:\/\/www.correiobraziliense.com.br\/cbradar\/a-frase-de-3-palavras-que-ajuda-criancas-a-lidar-com-frustracao-segundo-a-neuropsicologia-infantil\/","url":"https:\/\/www.correiobraziliense.com.br\/cbradar\/a-frase-de-3-palavras-que-ajuda-criancas-a-lidar-com-frustracao-segundo-a-neuropsicologia-infantil\/","name":"A frase de 3 palavras que ajuda crian\u00e7as a lidar com frustra\u00e7\u00e3o, segundo a neuropsicologia infantil - Correio Braziliense - Radar","isPartOf":{"@id":"https:\/\/www.correiobraziliense.com.br\/cbradar\/#website"},"primaryImageOfPage":{"@id":"https:\/\/www.correiobraziliense.com.br\/cbradar\/a-frase-de-3-palavras-que-ajuda-criancas-a-lidar-com-frustracao-segundo-a-neuropsicologia-infantil\/#primaryimage"},"image":{"@id":"https:\/\/www.correiobraziliense.com.br\/cbradar\/a-frase-de-3-palavras-que-ajuda-criancas-a-lidar-com-frustracao-segundo-a-neuropsicologia-infantil\/#primaryimage"},"thumbnailUrl":"https:\/\/www.correiobraziliense.com.br\/cbradar\/wp-content\/uploads\/2026\/03\/Gemini_Generated_Image_t0cjkwt0cjkwt0cj-1-1.png","datePublished":"2026-03-12T03:25:00+00:00","author":{"@id":"https:\/\/www.correiobraziliense.com.br\/cbradar\/#\/schema\/person\/5440b72be9c7eb74f446c846479dc4da"},"description":"Neuropsicologia revela a frase simples que pode acalmar crian\u00e7as em crise e fortalecer o v\u00ednculo emocional com os pais.","breadcrumb":{"@id":"https:\/\/www.correiobraziliense.com.br\/cbradar\/a-frase-de-3-palavras-que-ajuda-criancas-a-lidar-com-frustracao-segundo-a-neuropsicologia-infantil\/#breadcrumb"},"inLanguage":"pt-BR","potentialAction":[{"@type":"ReadAction","target":["https:\/\/www.correiobraziliense.com.br\/cbradar\/a-frase-de-3-palavras-que-ajuda-criancas-a-lidar-com-frustracao-segundo-a-neuropsicologia-infantil\/"]}]},{"@type":"ImageObject","inLanguage":"pt-BR","@id":"https:\/\/www.correiobraziliense.com.br\/cbradar\/a-frase-de-3-palavras-que-ajuda-criancas-a-lidar-com-frustracao-segundo-a-neuropsicologia-infantil\/#primaryimage","url":"https:\/\/www.correiobraziliense.com.br\/cbradar\/wp-content\/uploads\/2026\/03\/Gemini_Generated_Image_t0cjkwt0cjkwt0cj-1-1.png","contentUrl":"https:\/\/www.correiobraziliense.com.br\/cbradar\/wp-content\/uploads\/2026\/03\/Gemini_Generated_Image_t0cjkwt0cjkwt0cj-1-1.png","width":1280,"height":720,"caption":"A frase simples que a psicologia recomenda para acalmar crian\u00e7as durante crises emocionais"},{"@type":"BreadcrumbList","@id":"https:\/\/www.correiobraziliense.com.br\/cbradar\/a-frase-de-3-palavras-que-ajuda-criancas-a-lidar-com-frustracao-segundo-a-neuropsicologia-infantil\/#breadcrumb","itemListElement":[{"@type":"ListItem","position":1,"name":"In\u00edcio","item":"https:\/\/www.correiobraziliense.com.br\/cbradar\/"},{"@type":"ListItem","position":2,"name":"A frase de 3 palavras que ajuda crian\u00e7as a lidar com frustra\u00e7\u00e3o, segundo a neuropsicologia infantil"}]},{"@type":"WebSite","@id":"https:\/\/www.correiobraziliense.com.br\/cbradar\/#website","url":"https:\/\/www.correiobraziliense.com.br\/cbradar\/","name":"Correio Braziliense - Radar","description":"Acompanhe as \u00faltimas not\u00edcias e fique bem informado sobre tudo o que acontece no Brasil e no mundo.","potentialAction":[{"@type":"SearchAction","target":{"@type":"EntryPoint","urlTemplate":"https:\/\/www.correiobraziliense.com.br\/cbradar\/?s={search_term_string}"},"query-input":{"@type":"PropertyValueSpecification","valueRequired":true,"valueName":"search_term_string"}}],"inLanguage":"pt-BR"},{"@type":"Person","@id":"https:\/\/www.correiobraziliense.com.br\/cbradar\/#\/schema\/person\/5440b72be9c7eb74f446c846479dc4da","name":"Patrick Silva","image":{"@type":"ImageObject","inLanguage":"pt-BR","@id":"https:\/\/www.correiobraziliense.com.br\/cbradar\/#\/schema\/person\/image\/","url":"https:\/\/secure.gravatar.com\/avatar\/944109df296fc087785c9715fd5f80b2?s=96&d=mm&r=g","contentUrl":"https:\/\/secure.gravatar.com\/avatar\/944109df296fc087785c9715fd5f80b2?s=96&d=mm&r=g","caption":"Patrick Silva"},"sameAs":["https:\/\/www.correiobraziliense.com.br\/cbradar\/"],"url":"https:\/\/www.correiobraziliense.com.br\/cbradar\/author\/patrick-silva\/"}]}},"_links":{"self":[{"href":"https:\/\/www.correiobraziliense.com.br\/cbradar\/wp-json\/wp\/v2\/posts\/206109","targetHints":{"allow":["GET"]}}],"collection":[{"href":"https:\/\/www.correiobraziliense.com.br\/cbradar\/wp-json\/wp\/v2\/posts"}],"about":[{"href":"https:\/\/www.correiobraziliense.com.br\/cbradar\/wp-json\/wp\/v2\/types\/post"}],"author":[{"embeddable":true,"href":"https:\/\/www.correiobraziliense.com.br\/cbradar\/wp-json\/wp\/v2\/users\/21"}],"replies":[{"embeddable":true,"href":"https:\/\/www.correiobraziliense.com.br\/cbradar\/wp-json\/wp\/v2\/comments?post=206109"}],"version-history":[{"count":5,"href":"https:\/\/www.correiobraziliense.com.br\/cbradar\/wp-json\/wp\/v2\/posts\/206109\/revisions"}],"predecessor-version":[{"id":206125,"href":"https:\/\/www.correiobraziliense.com.br\/cbradar\/wp-json\/wp\/v2\/posts\/206109\/revisions\/206125"}],"wp:featuredmedia":[{"embeddable":true,"href":"https:\/\/www.correiobraziliense.com.br\/cbradar\/wp-json\/wp\/v2\/media\/206120"}],"wp:attachment":[{"href":"https:\/\/www.correiobraziliense.com.br\/cbradar\/wp-json\/wp\/v2\/media?parent=206109"}],"wp:term":[{"taxonomy":"category","embeddable":true,"href":"https:\/\/www.correiobraziliense.com.br\/cbradar\/wp-json\/wp\/v2\/categories?post=206109"},{"taxonomy":"post_tag","embeddable":true,"href":"https:\/\/www.correiobraziliense.com.br\/cbradar\/wp-json\/wp\/v2\/post_tag?post=206109"}],"curies":[{"name":"wp","href":"https:\/\/api.w.org\/{rel}","templated":true}]}}