{"id":206111,"date":"2026-03-11T18:15:00","date_gmt":"2026-03-11T21:15:00","guid":{"rendered":"https:\/\/www.correiobraziliense.com.br\/cbradar\/?p=206111"},"modified":"2026-03-10T15:14:13","modified_gmt":"2026-03-10T18:14:13","slug":"a-frase-que-parece-errada-ao-falar-mas-esta-correta-segundo-a-gramatica-entre-mim-e-voce","status":"publish","type":"post","link":"https:\/\/www.correiobraziliense.com.br\/cbradar\/a-frase-que-parece-errada-ao-falar-mas-esta-correta-segundo-a-gramatica-entre-mim-e-voce\/","title":{"rendered":"A frase que parece errada ao falar, mas est\u00e1 correta segundo a gram\u00e1tica: \u201cEntre mim e voc\u00ea\u201d"},"content":{"rendered":"\n<p>Muitos brasileiros sentem um estranhamento natural ao pronunciar a express\u00e3o correta regida pelas normas gramaticais da l\u00edngua portuguesa contempor\u00e2nea. A confus\u00e3o entre pronomes retos e obl\u00edquos ap\u00f3s preposi\u00e7\u00f5es gera d\u00favidas persistentes em ambientes formais e profissionais. Compreender essa regra espec\u00edfica \u00e9 fundamental para garantir que sua comunica\u00e7\u00e3o escrita seja sempre impec\u00e1vel, clara e tecnicamente perfeita.<\/p>\n\n\n\n<h2 class=\"wp-block-heading\">Por que o uso do pronome reto \u00e9 considerado um erro grave?<\/h2>\n\n\n\n<p>A norma culta estabelece que, ap\u00f3s preposi\u00e7\u00f5es como entre, para ou contra, devemos utilizar obrigatoriamente os pronomes pessoais do caso obl\u00edquo t\u00f4nico. Usar o termo eu nesse contexto \u00e9 um equ\u00edvoco comum, pois os pronomes retos devem exercer apenas a fun\u00e7\u00e3o de sujeito da ora\u00e7\u00e3o. Essa distin\u00e7\u00e3o gramatical garante a <strong>coes\u00e3o textual e a eleg\u00e2ncia necess\u00e1ria<\/strong>.<\/p>\n\n\n\n<p>Quando voc\u00ea utiliza a forma errada, demonstra uma falta de dom\u00ednio sobre as estruturas b\u00e1sicas que regem a nossa gram\u00e1tica normativa oficial. A substitui\u00e7\u00e3o por pronomes obl\u00edquos assegura que a reg\u00eancia preposicional seja respeitada integralmente em qualquer documento escrito ou discurso falado. Manter a <strong>aten\u00e7\u00e3o aos detalhes lingu\u00edsticos<\/strong> evita ru\u00eddos de comunica\u00e7\u00e3o desnecess\u00e1rios no ambiente profissional atual e importante.<\/p>\n\n\n\n<figure class=\"wp-block-image size-full\"><img decoding=\"async\" width=\"1280\" height=\"720\" src=\"https:\/\/www.correiobraziliense.com.br\/cbradar\/wp-content\/uploads\/2026\/03\/Gemini_Generated_Image_oof90zoof90zoof9-1-1.png\" alt=\"A frase que parece errada ao falar, mas est\u00e1 correta segundo a gram\u00e1tica: \u201cEntre mim e voc\u00ea\u201d\" class=\"wp-image-206138\" srcset=\"https:\/\/www.correiobraziliense.com.br\/cbradar\/wp-content\/uploads\/2026\/03\/Gemini_Generated_Image_oof90zoof90zoof9-1-1.png 1280w, https:\/\/www.correiobraziliense.com.br\/cbradar\/wp-content\/uploads\/2026\/03\/Gemini_Generated_Image_oof90zoof90zoof9-1-1-300x169.png 300w, https:\/\/www.correiobraziliense.com.br\/cbradar\/wp-content\/uploads\/2026\/03\/Gemini_Generated_Image_oof90zoof90zoof9-1-1-768x432.png 768w, https:\/\/www.correiobraziliense.com.br\/cbradar\/wp-content\/uploads\/2026\/03\/Gemini_Generated_Image_oof90zoof90zoof9-1-1-750x422.png 750w, https:\/\/www.correiobraziliense.com.br\/cbradar\/wp-content\/uploads\/2026\/03\/Gemini_Generated_Image_oof90zoof90zoof9-1-1-1140x641.png 1140w\" sizes=\"(max-width: 1280px) 100vw, 1280px\" \/><figcaption class=\"wp-element-caption\">Entenda qual \u00e9 a forma correta: \u201centre mim e voc\u00ea\u201d ou \u201centre eu e voc\u00ea\u201d<\/figcaption><\/figure>\n\n\n\n<h2 class=\"wp-block-heading\">Como a sonoridade engana o falante durante a conversa informal?<\/h2>\n\n\n\n<p>A repeti\u00e7\u00e3o constante de termos incorretos em m\u00fasicas e di\u00e1logos cotidianos acaba condicionando o nosso ouvido a aceitar erros como formas naturais. Essa percep\u00e7\u00e3o auditiva distorcida dificulta a memoriza\u00e7\u00e3o da regra padr\u00e3o, fazendo com que a corre\u00e7\u00e3o soe artificial para muitas pessoas hoje. \u00c9 preciso um esfor\u00e7o consciente para <strong>reeducar a fala e a escrita t\u00e9cnica<\/strong> com muito rigor.<\/p>\n\n\n\n<p>O fen\u00f4meno da hipercorre\u00e7\u00e3o tamb\u00e9m contribui para que as pessoas tentem soar mais formais utilizando pronomes retos onde eles n\u00e3o cabem. Esse desejo de sofistica\u00e7\u00e3o acaba gerando justamente o efeito contr\u00e1rio, revelando uma inseguran\u00e7a gramatical que pode ser facilmente evitada com estudo. A <strong>precis\u00e3o vocabular \u00e9 um diferencial valioso<\/strong> para qualquer profissional que deseja transmitir m\u00e1xima autoridade intelectual e clareza.<\/p>\n\n\n\n<h2 class=\"wp-block-heading\">Quais s\u00e3o as combina\u00e7\u00f5es que exigem o uso do pronome obl\u00edquo?<\/h2>\n\n\n\n<p>Existem estruturas fixas onde o uso do pronome mim \u00e9 a \u00fanica op\u00e7\u00e3o v\u00e1lida para manter a concord\u00e2ncia exigida pelos manuais de reda\u00e7\u00e3o. Identificar essas situa\u00e7\u00f5es impede que voc\u00ea cometa deslizes em e-mails importantes ou apresenta\u00e7\u00f5es corporativas de alto impacto social. A pr\u00e1tica constante dessas formas corretas torna o processo de escrita muito <strong>mais fluido, seguro e natural<\/strong>.<\/p>\n\n\n\n<p>Confira a lista abaixo:<\/p>\n\n\n\n<ul class=\"wp-block-list\">\n<li>Entre mim e ti.<\/li>\n\n\n\n<li>Entre mim e ela.<\/li>\n\n\n\n<li>Contra mim e eles.<\/li>\n\n\n\n<li>Para mim e voc\u00ea.<\/li>\n\n\n\n<li>At\u00e9 mim e os demais.<\/li>\n<\/ul>\n\n\n\n<h2 class=\"wp-block-heading\">Existe alguma exce\u00e7\u00e3o onde o pronome reto volta a ser permitido?<\/h2>\n\n\n\n<p>A \u00fanica situa\u00e7\u00e3o em que o uso do eu \u00e9 permitido ap\u00f3s uma preposi\u00e7\u00e3o ocorre quando ele \u00e9 o sujeito de um verbo. Se houver uma a\u00e7\u00e3o a ser realizada logo em seguida, o pronome reto retoma sua fun\u00e7\u00e3o original de agente principal da frase escrita. Essa diferencia\u00e7\u00e3o t\u00e9cnica \u00e9 a <strong>chave para dominar a reg\u00eancia verbal completa<\/strong> sem confus\u00f5es.<\/p>\n\n\n\n<p>Diferenciar o destinat\u00e1rio da a\u00e7\u00e3o do executor da tarefa \u00e9 o segredo para nunca mais errar em contextos formais ou acad\u00eamicos complexos. Se o pronome n\u00e3o estiver realizando um verbo no infinitivo, a forma obl\u00edqua deve ser mantida com rigor gramatical absoluto. Compreender essa l\u00f3gica estrutural permite que voc\u00ea redija textos com <strong>total confian\u00e7a e clareza absoluta<\/strong> agora.<\/p>\n\n\n\n<p>No v\u00eddeo abaixo do TikTok<strong><em> Prof.murilove<\/em><\/strong>, que conta com mais de<strong><em> 34 mil <\/em><\/strong>seguidores, ele explica a forma correta da frase:<\/p>\n\n\n\n<blockquote class=\"tiktok-embed\" cite=\"https:\/\/www.tiktok.com\/@prof.murilove\/video\/7537716924248018181\" data-video-id=\"7537716924248018181\" style=\"max-width: 605px;min-width: 325px;\" > <section> <a target=\"_blank\" title=\"@prof.murilove\" href=\"https:\/\/www.tiktok.com\/@prof.murilove?refer=embed\">@prof.murilove<\/a> <p>Muita gente, at\u00e9 em situa\u00e7\u00f5es formais, acaba dizendo \u201centre eu e voc\u00ea\u201d sem perceber que est\u00e1 cometendo um erro gramatical. O pronome eu \u00e9 usado exclusivamente na fun\u00e7\u00e3o de sujeito, nunca como objeto da preposi\u00e7\u00e3o. Quando usamos a express\u00e3o \u201centre &#8230; e &#8230;\u201d, a palavra que vem logo depois est\u00e1 regida pela preposi\u00e7\u00e3o \u201centre\u201d e, portanto, deve estar no caso obl\u00edquo. Assim, o correto \u00e9 \u201centre mim e voc\u00ea\u201d. Esse detalhe n\u00e3o \u00e9 mera formalidade: ele garante que a frase esteja de acordo com a norma culta e evita deslizes que podem comprometer a clareza e a credibilidade de quem fala ou escreve. Pequenas corre\u00e7\u00f5es como essa fazem grande diferen\u00e7a na comunica\u00e7\u00e3o. E voc\u00ea, j\u00e1 tinha parado para pensar nisso? Comente, curta e compartilhe para que mais pessoas evitem esse erro t\u00e3o comum. #LinguaPortuguesa #Gramatica #EstudoDeLinguas #PortuguesCorreto #Educacao #CuriosidadesDaLingua #AprenderPortugues #DicasDePortugues #Cultura #LinguagemCorreta<\/p> <a target=\"_blank\" title=\"\u266c som original  - prof.murilove\" href=\"https:\/\/www.tiktok.com\/music\/som-original-profmurilove-7537716972373773062?refer=embed\">\u266c som original  &#8211; prof.murilove<\/a> <\/section> <\/blockquote> <script async src=\"https:\/\/www.tiktok.com\/embed.js\"><\/script>\n\n\n\n<p>Leia tamb\u00e9m: <a href=\"https:\/\/www.correiobraziliense.com.br\/cbradar\/as-7-palavras-com-s-que-muita-gente-ainda-escreve-com-z\/\" target=\"_blank\" rel=\"noreferrer noopener\">As 7 palavras com \u201cS\u201d que muita gente ainda escreve com \u201cZ\u201d<\/a><\/p>\n\n\n\n<h2 class=\"wp-block-heading\">Qual \u00e9 a fonte definitiva para validar estas regras de reg\u00eancia?<\/h2>\n\n\n\n<p>Consultar o dicion\u00e1rio oficial e os manuais de gram\u00e1tica renomados \u00e9 o caminho mais seguro para quem busca sanar d\u00favidas lingu\u00edsticas persistentes. A utiliza\u00e7\u00e3o de fontes de autoridade m\u00e1xima garante que sua produ\u00e7\u00e3o textual esteja em conformidade com o acordo ortogr\u00e1fico vigente em todo o pa\u00eds. Estar atualizado com as normas \u00e9 uma <strong>vantagem competitiva moderna e essencial<\/strong>.<\/p>\n\n\n\n<p>O portal da <strong>Academia Brasileira de Letras<\/strong> oferece recursos valiosos para esclarecer o uso correto dos pronomes e preposi\u00e7\u00f5es na nossa l\u00edngua oficial. Ao seguir essas diretrizes, voc\u00ea assegura que cada constru\u00e7\u00e3o frasal esteja tecnicamente correta perante os especialistas. Verifique a explica\u00e7\u00e3o oficial no portal da <a href=\"https:\/\/www.academia.org.br\/nossa-lingua\/abl-responde\" target=\"_blank\" rel=\"noreferrer noopener\">Academia Brasileira de Letras<\/a> para aprimorar seu conhecimento sobre a reg\u00eancia dos pronomes agora.<\/p>\n","protected":false},"excerpt":{"rendered":"<p>Muitos brasileiros sentem um estranhamento natural ao pronunciar a express\u00e3o correta regida pelas normas gramaticais da l\u00edngua portuguesa contempor\u00e2nea. A confus\u00e3o entre pronomes retos e obl\u00edquos ap\u00f3s preposi\u00e7\u00f5es gera d\u00favidas persistentes em ambientes formais e profissionais. Compreender essa regra espec\u00edfica \u00e9 fundamental para garantir que sua comunica\u00e7\u00e3o escrita seja sempre impec\u00e1vel, clara e tecnicamente perfeita. [&hellip;]<\/p>\n","protected":false},"author":21,"featured_media":206135,"comment_status":"open","ping_status":"open","sticky":false,"template":"","format":"standard","meta":{"_yoast_wpseo_focuskw":"entre mim e voc\u00ea ou entre eu e voc\u00ea","_yoast_wpseo_title":"","_yoast_wpseo_metadesc":"A d\u00favida entre \u201centre mim e voc\u00ea\u201d ou \u201centre eu e voc\u00ea\u201d \u00e9 comum. Entenda qual forma est\u00e1 correta segundo a gram\u00e1tica da l\u00edngua portuguesa","jnews-multi-image_gallery":[],"jnews_single_post":{"format":"standard"},"jnews_primary_category":[],"jnews_social_meta":[],"jnews_override_counter":[],"footnotes":""},"categories":[112],"tags":[13378,12816,10902,6081],"class_list":["post-206111","post","type-post","status-publish","format-standard","has-post-thumbnail","hentry","category-curiosidades","tag-correcao","tag-gramatica","tag-lingua-portuguesa","tag-portugues"],"yoast_head":"<!-- This site is optimized with the Yoast SEO plugin v24.6 - https:\/\/yoast.com\/wordpress\/plugins\/seo\/ -->\n<title>A frase que parece errada ao falar, mas est\u00e1 correta segundo a gram\u00e1tica: \u201cEntre mim e voc\u00ea\u201d - Correio Braziliense - Radar<\/title>\n<meta name=\"description\" content=\"A d\u00favida entre \u201centre mim e voc\u00ea\u201d ou \u201centre eu e voc\u00ea\u201d \u00e9 comum. Entenda qual forma est\u00e1 correta segundo a gram\u00e1tica da l\u00edngua portuguesa\" \/>\n<meta name=\"robots\" content=\"index, follow, max-snippet:-1, max-image-preview:large, max-video-preview:-1\" \/>\n<link rel=\"canonical\" href=\"https:\/\/www.correiobraziliense.com.br\/cbradar\/a-frase-que-parece-errada-ao-falar-mas-esta-correta-segundo-a-gramatica-entre-mim-e-voce\/\" \/>\n<meta property=\"og:locale\" content=\"pt_BR\" \/>\n<meta property=\"og:type\" content=\"article\" \/>\n<meta property=\"og:title\" content=\"A frase que parece errada ao falar, mas est\u00e1 correta segundo a gram\u00e1tica: \u201cEntre mim e voc\u00ea\u201d - Correio Braziliense - Radar\" \/>\n<meta property=\"og:description\" content=\"A d\u00favida entre \u201centre mim e voc\u00ea\u201d ou \u201centre eu e voc\u00ea\u201d \u00e9 comum. Entenda qual forma est\u00e1 correta segundo a gram\u00e1tica da l\u00edngua portuguesa\" \/>\n<meta property=\"og:url\" content=\"https:\/\/www.correiobraziliense.com.br\/cbradar\/a-frase-que-parece-errada-ao-falar-mas-esta-correta-segundo-a-gramatica-entre-mim-e-voce\/\" \/>\n<meta property=\"og:site_name\" content=\"Correio Braziliense - Radar\" \/>\n<meta property=\"article:published_time\" content=\"2026-03-11T21:15:00+00:00\" \/>\n<meta property=\"og:image\" content=\"https:\/\/www.correiobraziliense.com.br\/cbradar\/wp-content\/uploads\/2026\/03\/Gemini_Generated_Image_427s92427s92427s-1-1.png\" \/>\n\t<meta property=\"og:image:width\" content=\"1280\" \/>\n\t<meta property=\"og:image:height\" content=\"720\" \/>\n\t<meta property=\"og:image:type\" content=\"image\/png\" \/>\n<meta name=\"author\" content=\"Patrick Silva\" \/>\n<meta name=\"twitter:card\" content=\"summary_large_image\" \/>\n<meta name=\"twitter:label1\" content=\"Escrito por\" \/>\n\t<meta name=\"twitter:data1\" content=\"Patrick Silva\" \/>\n\t<meta name=\"twitter:label2\" content=\"Est. tempo de leitura\" \/>\n\t<meta name=\"twitter:data2\" content=\"5 minutos\" \/>\n<!-- \/ Yoast SEO plugin. -->","yoast_head_json":{"title":"A frase que parece errada ao falar, mas est\u00e1 correta segundo a gram\u00e1tica: \u201cEntre mim e voc\u00ea\u201d - Correio Braziliense - Radar","description":"A d\u00favida entre \u201centre mim e voc\u00ea\u201d ou \u201centre eu e voc\u00ea\u201d \u00e9 comum. Entenda qual forma est\u00e1 correta segundo a gram\u00e1tica da l\u00edngua portuguesa","robots":{"index":"index","follow":"follow","max-snippet":"max-snippet:-1","max-image-preview":"max-image-preview:large","max-video-preview":"max-video-preview:-1"},"canonical":"https:\/\/www.correiobraziliense.com.br\/cbradar\/a-frase-que-parece-errada-ao-falar-mas-esta-correta-segundo-a-gramatica-entre-mim-e-voce\/","og_locale":"pt_BR","og_type":"article","og_title":"A frase que parece errada ao falar, mas est\u00e1 correta segundo a gram\u00e1tica: \u201cEntre mim e voc\u00ea\u201d - Correio Braziliense - Radar","og_description":"A d\u00favida entre \u201centre mim e voc\u00ea\u201d ou \u201centre eu e voc\u00ea\u201d \u00e9 comum. Entenda qual forma est\u00e1 correta segundo a gram\u00e1tica da l\u00edngua portuguesa","og_url":"https:\/\/www.correiobraziliense.com.br\/cbradar\/a-frase-que-parece-errada-ao-falar-mas-esta-correta-segundo-a-gramatica-entre-mim-e-voce\/","og_site_name":"Correio Braziliense - Radar","article_published_time":"2026-03-11T21:15:00+00:00","og_image":[{"width":1280,"height":720,"url":"https:\/\/www.correiobraziliense.com.br\/cbradar\/wp-content\/uploads\/2026\/03\/Gemini_Generated_Image_427s92427s92427s-1-1.png","type":"image\/png"}],"author":"Patrick Silva","twitter_card":"summary_large_image","twitter_misc":{"Escrito por":"Patrick Silva","Est. tempo de leitura":"5 minutos"},"schema":{"@context":"https:\/\/schema.org","@graph":[{"@type":"WebPage","@id":"https:\/\/www.correiobraziliense.com.br\/cbradar\/a-frase-que-parece-errada-ao-falar-mas-esta-correta-segundo-a-gramatica-entre-mim-e-voce\/","url":"https:\/\/www.correiobraziliense.com.br\/cbradar\/a-frase-que-parece-errada-ao-falar-mas-esta-correta-segundo-a-gramatica-entre-mim-e-voce\/","name":"A frase que parece errada ao falar, mas est\u00e1 correta segundo a gram\u00e1tica: \u201cEntre mim e voc\u00ea\u201d - Correio Braziliense - Radar","isPartOf":{"@id":"https:\/\/www.correiobraziliense.com.br\/cbradar\/#website"},"primaryImageOfPage":{"@id":"https:\/\/www.correiobraziliense.com.br\/cbradar\/a-frase-que-parece-errada-ao-falar-mas-esta-correta-segundo-a-gramatica-entre-mim-e-voce\/#primaryimage"},"image":{"@id":"https:\/\/www.correiobraziliense.com.br\/cbradar\/a-frase-que-parece-errada-ao-falar-mas-esta-correta-segundo-a-gramatica-entre-mim-e-voce\/#primaryimage"},"thumbnailUrl":"https:\/\/www.correiobraziliense.com.br\/cbradar\/wp-content\/uploads\/2026\/03\/Gemini_Generated_Image_427s92427s92427s-1-1.png","datePublished":"2026-03-11T21:15:00+00:00","author":{"@id":"https:\/\/www.correiobraziliense.com.br\/cbradar\/#\/schema\/person\/5440b72be9c7eb74f446c846479dc4da"},"description":"A d\u00favida entre \u201centre mim e voc\u00ea\u201d ou \u201centre eu e voc\u00ea\u201d \u00e9 comum. Entenda qual forma est\u00e1 correta segundo a gram\u00e1tica da l\u00edngua portuguesa","breadcrumb":{"@id":"https:\/\/www.correiobraziliense.com.br\/cbradar\/a-frase-que-parece-errada-ao-falar-mas-esta-correta-segundo-a-gramatica-entre-mim-e-voce\/#breadcrumb"},"inLanguage":"pt-BR","potentialAction":[{"@type":"ReadAction","target":["https:\/\/www.correiobraziliense.com.br\/cbradar\/a-frase-que-parece-errada-ao-falar-mas-esta-correta-segundo-a-gramatica-entre-mim-e-voce\/"]}]},{"@type":"ImageObject","inLanguage":"pt-BR","@id":"https:\/\/www.correiobraziliense.com.br\/cbradar\/a-frase-que-parece-errada-ao-falar-mas-esta-correta-segundo-a-gramatica-entre-mim-e-voce\/#primaryimage","url":"https:\/\/www.correiobraziliense.com.br\/cbradar\/wp-content\/uploads\/2026\/03\/Gemini_Generated_Image_427s92427s92427s-1-1.png","contentUrl":"https:\/\/www.correiobraziliense.com.br\/cbradar\/wp-content\/uploads\/2026\/03\/Gemini_Generated_Image_427s92427s92427s-1-1.png","width":1280,"height":720,"caption":"Entenda qual \u00e9 a forma correta: \u201centre mim e voc\u00ea\u201d ou \u201centre eu e voc\u00ea\u201d"},{"@type":"BreadcrumbList","@id":"https:\/\/www.correiobraziliense.com.br\/cbradar\/a-frase-que-parece-errada-ao-falar-mas-esta-correta-segundo-a-gramatica-entre-mim-e-voce\/#breadcrumb","itemListElement":[{"@type":"ListItem","position":1,"name":"In\u00edcio","item":"https:\/\/www.correiobraziliense.com.br\/cbradar\/"},{"@type":"ListItem","position":2,"name":"A frase que parece errada ao falar, mas est\u00e1 correta segundo a gram\u00e1tica: \u201cEntre mim e voc\u00ea\u201d"}]},{"@type":"WebSite","@id":"https:\/\/www.correiobraziliense.com.br\/cbradar\/#website","url":"https:\/\/www.correiobraziliense.com.br\/cbradar\/","name":"Correio Braziliense - Radar","description":"Acompanhe as \u00faltimas not\u00edcias e fique bem informado sobre tudo o que acontece no Brasil e no mundo.","potentialAction":[{"@type":"SearchAction","target":{"@type":"EntryPoint","urlTemplate":"https:\/\/www.correiobraziliense.com.br\/cbradar\/?s={search_term_string}"},"query-input":{"@type":"PropertyValueSpecification","valueRequired":true,"valueName":"search_term_string"}}],"inLanguage":"pt-BR"},{"@type":"Person","@id":"https:\/\/www.correiobraziliense.com.br\/cbradar\/#\/schema\/person\/5440b72be9c7eb74f446c846479dc4da","name":"Patrick Silva","image":{"@type":"ImageObject","inLanguage":"pt-BR","@id":"https:\/\/www.correiobraziliense.com.br\/cbradar\/#\/schema\/person\/image\/","url":"https:\/\/secure.gravatar.com\/avatar\/944109df296fc087785c9715fd5f80b2?s=96&d=mm&r=g","contentUrl":"https:\/\/secure.gravatar.com\/avatar\/944109df296fc087785c9715fd5f80b2?s=96&d=mm&r=g","caption":"Patrick Silva"},"sameAs":["https:\/\/www.correiobraziliense.com.br\/cbradar\/"],"url":"https:\/\/www.correiobraziliense.com.br\/cbradar\/author\/patrick-silva\/"}]}},"_links":{"self":[{"href":"https:\/\/www.correiobraziliense.com.br\/cbradar\/wp-json\/wp\/v2\/posts\/206111","targetHints":{"allow":["GET"]}}],"collection":[{"href":"https:\/\/www.correiobraziliense.com.br\/cbradar\/wp-json\/wp\/v2\/posts"}],"about":[{"href":"https:\/\/www.correiobraziliense.com.br\/cbradar\/wp-json\/wp\/v2\/types\/post"}],"author":[{"embeddable":true,"href":"https:\/\/www.correiobraziliense.com.br\/cbradar\/wp-json\/wp\/v2\/users\/21"}],"replies":[{"embeddable":true,"href":"https:\/\/www.correiobraziliense.com.br\/cbradar\/wp-json\/wp\/v2\/comments?post=206111"}],"version-history":[{"count":1,"href":"https:\/\/www.correiobraziliense.com.br\/cbradar\/wp-json\/wp\/v2\/posts\/206111\/revisions"}],"predecessor-version":[{"id":206143,"href":"https:\/\/www.correiobraziliense.com.br\/cbradar\/wp-json\/wp\/v2\/posts\/206111\/revisions\/206143"}],"wp:featuredmedia":[{"embeddable":true,"href":"https:\/\/www.correiobraziliense.com.br\/cbradar\/wp-json\/wp\/v2\/media\/206135"}],"wp:attachment":[{"href":"https:\/\/www.correiobraziliense.com.br\/cbradar\/wp-json\/wp\/v2\/media?parent=206111"}],"wp:term":[{"taxonomy":"category","embeddable":true,"href":"https:\/\/www.correiobraziliense.com.br\/cbradar\/wp-json\/wp\/v2\/categories?post=206111"},{"taxonomy":"post_tag","embeddable":true,"href":"https:\/\/www.correiobraziliense.com.br\/cbradar\/wp-json\/wp\/v2\/tags?post=206111"}],"curies":[{"name":"wp","href":"https:\/\/api.w.org\/{rel}","templated":true}]}}