{"id":206112,"date":"2026-03-11T20:35:00","date_gmt":"2026-03-11T23:35:00","guid":{"rendered":"https:\/\/www.correiobraziliense.com.br\/cbradar\/?p=206112"},"modified":"2026-03-10T15:14:25","modified_gmt":"2026-03-10T18:14:25","slug":"tem-ou-tem-a-regra-de-acentuacao-que-muita-gente-esquece","status":"publish","type":"post","link":"https:\/\/www.correiobraziliense.com.br\/cbradar\/tem-ou-tem-a-regra-de-acentuacao-que-muita-gente-esquece\/","title":{"rendered":"\u201cTem\u201d ou \u201ct\u00eam\u201d? A regra de acentua\u00e7\u00e3o que muita gente esquece"},"content":{"rendered":"\n<p>Dominar as regras de acentua\u00e7\u00e3o do verbo ter \u00e9 fundamental para garantir a clareza e a corre\u00e7\u00e3o gramatical em qualquer documento escrito formal. Muitos redatores ainda hesitam ao diferenciar o uso do singular e do plural, o que pode comprometer seriamente a credibilidade profissional. Compreender essa norma simples transforma sua escrita de maneira pr\u00e1tica.<\/p>\n\n\n\n<h2 class=\"wp-block-heading\">Por que um simples acento faz tanta diferen\u00e7a na sua escrita?<\/h2>\n\n\n\n<p>O acento circunflexo no verbo ter funciona como um sinal de diferencia\u00e7\u00e3o num\u00e9rica essencial dentro da estrutura de uma frase escrita. Sem essa marca\u00e7\u00e3o visual correta, o leitor pode ter dificuldade em identificar rapidamente se o sujeito da ora\u00e7\u00e3o est\u00e1 no singular ou no plural. A <strong>precis\u00e3o gramatical<\/strong> \u00e9 o segredo para uma comunica\u00e7\u00e3o clara.<\/p>\n\n\n\n<p>Erros de concord\u00e2ncia verbal s\u00e3o facilmente evitados quando o escritor dedica aten\u00e7\u00e3o aos detalhes t\u00e9cnicos que regem a norma culta brasileira atual. Utilizar a grafia adequada demonstra um alto n\u00edvel de instru\u00e7\u00e3o e cuidado com a pr\u00f3pria imagem profissional no mercado de trabalho. Manter o <strong>dom\u00ednio da l\u00edngua<\/strong> \u00e9 vital para o sucesso em todas as carreiras.<\/p>\n\n\n\n<figure class=\"wp-block-image size-full\"><img decoding=\"async\" width=\"1280\" height=\"720\" src=\"https:\/\/www.correiobraziliense.com.br\/cbradar\/wp-content\/uploads\/2026\/03\/Gemini_Generated_Image_r1cabsr1cabsr1ca-1-1.png\" alt=\"\u201cTem\u201d ou \u201ct\u00eam\u201d? A regra de acentua\u00e7\u00e3o que muita gente esquece\" class=\"wp-image-206153\" srcset=\"https:\/\/www.correiobraziliense.com.br\/cbradar\/wp-content\/uploads\/2026\/03\/Gemini_Generated_Image_r1cabsr1cabsr1ca-1-1.png 1280w, https:\/\/www.correiobraziliense.com.br\/cbradar\/wp-content\/uploads\/2026\/03\/Gemini_Generated_Image_r1cabsr1cabsr1ca-1-1-300x169.png 300w, https:\/\/www.correiobraziliense.com.br\/cbradar\/wp-content\/uploads\/2026\/03\/Gemini_Generated_Image_r1cabsr1cabsr1ca-1-1-768x432.png 768w, https:\/\/www.correiobraziliense.com.br\/cbradar\/wp-content\/uploads\/2026\/03\/Gemini_Generated_Image_r1cabsr1cabsr1ca-1-1-750x422.png 750w, https:\/\/www.correiobraziliense.com.br\/cbradar\/wp-content\/uploads\/2026\/03\/Gemini_Generated_Image_r1cabsr1cabsr1ca-1-1-1140x641.png 1140w\" sizes=\"(max-width: 1280px) 100vw, 1280px\" \/><figcaption class=\"wp-element-caption\">Entenda a diferen\u00e7a entre \u201ctem\u201d e \u201ct\u00eam\u201d no singular e no plural<\/figcaption><\/figure>\n\n\n\n<h2 class=\"wp-block-heading\">Qual \u00e9 o segredo para nunca mais esquecer a regra do plural?<\/h2>\n\n\n\n<p>A regra b\u00e1sica determina que a forma sem acento deve ser utilizada exclusivamente quando o sujeito da frase for singular. Quando o contexto exigir a representa\u00e7\u00e3o de v\u00e1rias pessoas ou objetos, o acento circunflexo torna-se obrigat\u00f3rio para marcar o plural corretamente. Essa l\u00f3gica simples resolve a maioria das d\u00favidas que surgem durante a produ\u00e7\u00e3o de textos acad\u00eamicos.<\/p>\n\n\n\n<p>Memorizar que o acento representa a pluralidade ajuda a criar um filtro mental autom\u00e1tico durante a revis\u00e3o final de seus arquivos importantes. Essa pr\u00e1tica evita deslizes embara\u00e7osos que podem surgir em e-mails corporativos ou relat\u00f3rios t\u00e9cnicos de alta complexidade em qualquer empresa brasileira hoje. A <strong>escrita consciente<\/strong> reflete o seu comprometimento com a qualidade e excel\u00eancia lingu\u00edstica.<\/p>\n\n\n\n<h2 class=\"wp-block-heading\">Como identificar o sujeito da frase de forma r\u00e1pida e segura?<\/h2>\n\n\n\n<p>Analisar cuidadosamente quem realiza a a\u00e7\u00e3o descrita pelo verbo \u00e9 o passo inicial para definir a acentua\u00e7\u00e3o gr\u00e1fica correta na ora\u00e7\u00e3o. O sujeito pode aparecer de forma expl\u00edcita ou oculta, exigindo que o redator verifique a concord\u00e2ncia l\u00f3gica em todos os par\u00e1grafos escritos. Esse cuidado t\u00e9cnico garante que a estrutura gramatical permane\u00e7a <strong>s\u00f3lida e tecnicamente impec\u00e1vel<\/strong> hoje.<\/p>\n\n\n\n<p>Confira a lista abaixo:<\/p>\n\n\n\n<ul class=\"wp-block-list\">\n<li>Ele tem (singular).<\/li>\n\n\n\n<li>Eles t\u00eam (plural).<\/li>\n\n\n\n<li>O aluno tem.<\/li>\n\n\n\n<li>Os alunos t\u00eam.<\/li>\n\n\n\n<li>A empresa tem.<\/li>\n<\/ul>\n\n\n\n<h2 class=\"wp-block-heading\">O que acontece com os verbos derivados como manter ou conter?<\/h2>\n\n\n\n<p>Os verbos que derivam do radical original seguem uma l\u00f3gica de acentua\u00e7\u00e3o muito semelhante, por\u00e9m com a inclus\u00e3o do acento agudo. No singular, utiliza-se o acento agudo para marcar a tonicidade da \u00faltima s\u00edlaba, enquanto o plural exige o acento circunflexo tradicional. Compreender essa varia\u00e7\u00e3o espec\u00edfica \u00e9 fundamental para dominar a <strong>reda\u00e7\u00e3o t\u00e9cnica<\/strong> com total seguran\u00e7a.<\/p>\n\n\n\n<p>Exemplos como ele mant\u00e9m e eles mant\u00eam ilustram perfeitamente como a regra se aplica de maneira consistente em diversos contextos gramaticais atuais. Estar atento a essas nuances lingu\u00edsticas evita que o redator cometa erros de acentua\u00e7\u00e3o diferencial em palavras complexas e longas. A <strong>autoridade textual<\/strong> \u00e9 constru\u00edda atrav\u00e9s do conhecimento profundo das normas que regem o nosso idioma.<\/p>\n\n\n\n<p>No v\u00eddeo abaixo do TikTok<strong><em> Professornoslen<\/em><\/strong>, que conta com mais de<strong><em> 945 mil<\/em><\/strong> seguidores, ele explica a forma correta de escrever o t\u00eam ou tem:<\/p>\n\n\n\n<blockquote class=\"tiktok-embed\" cite=\"https:\/\/www.tiktok.com\/@professornoslen\/video\/7302505591941975302\" data-video-id=\"7302505591941975302\" style=\"max-width: 605px;min-width: 325px;\" > <section> <a target=\"_blank\" title=\"@professornoslen\" href=\"https:\/\/www.tiktok.com\/@professornoslen?refer=embed\">@professornoslen<\/a> TEM ou T\u00caM? \ud83e\udd2f Eu sei que, se voc\u00ea ainda n\u00e3o sabe a regra que faz o verbo TER ou VIR levar acento, j\u00e1 deve ter ficado em d\u00favida algumas vezes. Mas ela \u00e9 fac\u00edlima! Se voc\u00ea se refere ao plural, o verbo leva acento, se n\u00e3o tem plural, tamb\u00e9m n\u00e3o tem acento. Susse que nem musse n\u00e9? E a\u00ed, na frase: Borges e Chloe vem&#47;v\u00eam aqui em casa, qual o certo? <a title=\"dicadeportugu\u00eas\" target=\"_blank\" href=\"https:\/\/www.tiktok.com\/tag\/dicadeportugu%C3%AAs?refer=embed\">#dicadeportugu\u00eas<\/a> <a title=\"portuguesfacil\" target=\"_blank\" href=\"https:\/\/www.tiktok.com\/tag\/portuguesfacil?refer=embed\">#portuguesfacil<\/a> <a title=\"verboter\" target=\"_blank\" href=\"https:\/\/www.tiktok.com\/tag\/verboter?refer=embed\">#verboter<\/a> <a target=\"_blank\" title=\"\u266c som original - professornoslen\" href=\"https:\/\/www.tiktok.com\/music\/som-original-7302505661715811077?refer=embed\">\u266c som original &#8211; professornoslen<\/a> <\/section> <\/blockquote> <script async src=\"https:\/\/www.tiktok.com\/embed.js\"><\/script>\n\n\n\n<p>Leia tamb\u00e9m: <a href=\"https:\/\/www.correiobraziliense.com.br\/cbradar\/as-7-palavras-com-s-que-muita-gente-ainda-escreve-com-z\/\" target=\"_blank\" rel=\"noreferrer noopener\">As 7 palavras com \u201cS\u201d que muita gente ainda escreve com \u201cZ\u201d<\/a><\/p>\n\n\n\n<h2 class=\"wp-block-heading\">Qual \u00e9 a fonte oficial para sanar d\u00favidas sobre acentua\u00e7\u00e3o?<\/h2>\n\n\n\n<p>Consultar o vocabul\u00e1rio oficial \u00e9 a maneira mais segura de validar a grafia de termos que geram hesita\u00e7\u00e3o durante a escrita profissional. A utiliza\u00e7\u00e3o de portais de autoridade m\u00e1xima garante que o redator esteja em conformidade com o acordo ortogr\u00e1fico vigente no territ\u00f3rio nacional. Seguir diretrizes acad\u00eamicas comprovadas protege sua produ\u00e7\u00e3o intelectual contra cr\u00edticas e equ\u00edvocos desnecess\u00e1rios na rede.<\/p>\n\n\n\n<p>A <strong>Academia Brasileira de Letras<\/strong> disponibiliza ferramentas digitais completas que facilitam a consulta r\u00e1pida \u00e0s normas de acentua\u00e7\u00e3o do verbo ter em diversos tempos. Acesse as informa\u00e7\u00f5es oficiais no portal da <a href=\"https:\/\/www.academia.org.br\/nossa-lingua\/abl-responde\" target=\"_blank\" rel=\"noreferrer noopener\">Academia Brasileira de Letras<\/a> para assegurar que sua escrita esteja tecnicamente correta. Validar cada termo refor\u00e7a o seu papel como um <strong>comunicador de elite<\/strong> e muito preparado hoje.<\/p>\n","protected":false},"excerpt":{"rendered":"<p>Dominar as regras de acentua\u00e7\u00e3o do verbo ter \u00e9 fundamental para garantir a clareza e a corre\u00e7\u00e3o gramatical em qualquer documento escrito formal. Muitos redatores ainda hesitam ao diferenciar o uso do singular e do plural, o que pode comprometer seriamente a credibilidade profissional. Compreender essa norma simples transforma sua escrita de maneira pr\u00e1tica. Por [&hellip;]<\/p>\n","protected":false},"author":21,"featured_media":206146,"comment_status":"open","ping_status":"open","sticky":false,"template":"","format":"standard","meta":{"_yoast_wpseo_focuskw":"diferen\u00e7a entre tem e t\u00eam","_yoast_wpseo_title":"","_yoast_wpseo_metadesc":"Muita gente ainda confunde \u201ctem\u201d e \u201ct\u00eam\u201d na escrita. Entenda quando usar cada forma do verbo ter no singular e no plural segundo a gram\u00e1tica","jnews-multi-image_gallery":[],"jnews_single_post":{"format":"standard"},"jnews_primary_category":[],"jnews_social_meta":[],"jnews_override_counter":[],"footnotes":""},"categories":[112],"post_tag":[15937,10902,6081],"class_list":["post-206112","post","type-post","status-publish","format-standard","has-post-thumbnail","hentry","category-curiosidades","tag-acentuacao","tag-lingua-portuguesa","tag-portugues"],"yoast_head":"<!-- This site is optimized with the Yoast SEO plugin v24.6 - https:\/\/yoast.com\/wordpress\/plugins\/seo\/ -->\n<title>\u201cTem\u201d ou \u201ct\u00eam\u201d? A regra de acentua\u00e7\u00e3o que muita gente esquece - Correio Braziliense - Radar<\/title>\n<meta name=\"description\" content=\"Muita gente ainda confunde \u201ctem\u201d e \u201ct\u00eam\u201d na escrita. Entenda quando usar cada forma do verbo ter no singular e no plural segundo a gram\u00e1tica\" \/>\n<meta name=\"robots\" content=\"index, follow, max-snippet:-1, max-image-preview:large, max-video-preview:-1\" \/>\n<link rel=\"canonical\" href=\"https:\/\/www.correiobraziliense.com.br\/cbradar\/tem-ou-tem-a-regra-de-acentuacao-que-muita-gente-esquece\/\" \/>\n<meta property=\"og:locale\" content=\"pt_BR\" \/>\n<meta property=\"og:type\" content=\"article\" \/>\n<meta property=\"og:title\" content=\"\u201cTem\u201d ou \u201ct\u00eam\u201d? A regra de acentua\u00e7\u00e3o que muita gente esquece - Correio Braziliense - Radar\" \/>\n<meta property=\"og:description\" content=\"Muita gente ainda confunde \u201ctem\u201d e \u201ct\u00eam\u201d na escrita. Entenda quando usar cada forma do verbo ter no singular e no plural segundo a gram\u00e1tica\" \/>\n<meta property=\"og:url\" content=\"https:\/\/www.correiobraziliense.com.br\/cbradar\/tem-ou-tem-a-regra-de-acentuacao-que-muita-gente-esquece\/\" \/>\n<meta property=\"og:site_name\" content=\"Correio Braziliense - Radar\" \/>\n<meta property=\"article:published_time\" content=\"2026-03-11T23:35:00+00:00\" \/>\n<meta property=\"og:image\" content=\"https:\/\/www.correiobraziliense.com.br\/cbradar\/wp-content\/uploads\/2026\/03\/Gemini_Generated_Image_if72siif72siif72-1-1.png\" \/>\n\t<meta property=\"og:image:width\" content=\"1280\" \/>\n\t<meta property=\"og:image:height\" content=\"720\" \/>\n\t<meta property=\"og:image:type\" content=\"image\/png\" \/>\n<meta name=\"author\" content=\"Patrick Silva\" \/>\n<meta name=\"twitter:card\" content=\"summary_large_image\" \/>\n<meta name=\"twitter:label1\" content=\"Escrito por\" \/>\n\t<meta name=\"twitter:data1\" content=\"Patrick Silva\" \/>\n\t<meta name=\"twitter:label2\" content=\"Est. tempo de leitura\" \/>\n\t<meta name=\"twitter:data2\" content=\"5 minutos\" \/>\n<!-- \/ Yoast SEO plugin. -->","yoast_head_json":{"title":"\u201cTem\u201d ou \u201ct\u00eam\u201d? A regra de acentua\u00e7\u00e3o que muita gente esquece - Correio Braziliense - Radar","description":"Muita gente ainda confunde \u201ctem\u201d e \u201ct\u00eam\u201d na escrita. Entenda quando usar cada forma do verbo ter no singular e no plural segundo a gram\u00e1tica","robots":{"index":"index","follow":"follow","max-snippet":"max-snippet:-1","max-image-preview":"max-image-preview:large","max-video-preview":"max-video-preview:-1"},"canonical":"https:\/\/www.correiobraziliense.com.br\/cbradar\/tem-ou-tem-a-regra-de-acentuacao-que-muita-gente-esquece\/","og_locale":"pt_BR","og_type":"article","og_title":"\u201cTem\u201d ou \u201ct\u00eam\u201d? A regra de acentua\u00e7\u00e3o que muita gente esquece - Correio Braziliense - Radar","og_description":"Muita gente ainda confunde \u201ctem\u201d e \u201ct\u00eam\u201d na escrita. Entenda quando usar cada forma do verbo ter no singular e no plural segundo a gram\u00e1tica","og_url":"https:\/\/www.correiobraziliense.com.br\/cbradar\/tem-ou-tem-a-regra-de-acentuacao-que-muita-gente-esquece\/","og_site_name":"Correio Braziliense - Radar","article_published_time":"2026-03-11T23:35:00+00:00","og_image":[{"width":1280,"height":720,"url":"https:\/\/www.correiobraziliense.com.br\/cbradar\/wp-content\/uploads\/2026\/03\/Gemini_Generated_Image_if72siif72siif72-1-1.png","type":"image\/png"}],"author":"Patrick Silva","twitter_card":"summary_large_image","twitter_misc":{"Escrito por":"Patrick Silva","Est. tempo de leitura":"5 minutos"},"schema":{"@context":"https:\/\/schema.org","@graph":[{"@type":"WebPage","@id":"https:\/\/www.correiobraziliense.com.br\/cbradar\/tem-ou-tem-a-regra-de-acentuacao-que-muita-gente-esquece\/","url":"https:\/\/www.correiobraziliense.com.br\/cbradar\/tem-ou-tem-a-regra-de-acentuacao-que-muita-gente-esquece\/","name":"\u201cTem\u201d ou \u201ct\u00eam\u201d? A regra de acentua\u00e7\u00e3o que muita gente esquece - Correio Braziliense - Radar","isPartOf":{"@id":"https:\/\/www.correiobraziliense.com.br\/cbradar\/#website"},"primaryImageOfPage":{"@id":"https:\/\/www.correiobraziliense.com.br\/cbradar\/tem-ou-tem-a-regra-de-acentuacao-que-muita-gente-esquece\/#primaryimage"},"image":{"@id":"https:\/\/www.correiobraziliense.com.br\/cbradar\/tem-ou-tem-a-regra-de-acentuacao-que-muita-gente-esquece\/#primaryimage"},"thumbnailUrl":"https:\/\/www.correiobraziliense.com.br\/cbradar\/wp-content\/uploads\/2026\/03\/Gemini_Generated_Image_if72siif72siif72-1-1.png","datePublished":"2026-03-11T23:35:00+00:00","author":{"@id":"https:\/\/www.correiobraziliense.com.br\/cbradar\/#\/schema\/person\/5440b72be9c7eb74f446c846479dc4da"},"description":"Muita gente ainda confunde \u201ctem\u201d e \u201ct\u00eam\u201d na escrita. Entenda quando usar cada forma do verbo ter no singular e no plural segundo a gram\u00e1tica","breadcrumb":{"@id":"https:\/\/www.correiobraziliense.com.br\/cbradar\/tem-ou-tem-a-regra-de-acentuacao-que-muita-gente-esquece\/#breadcrumb"},"inLanguage":"pt-BR","potentialAction":[{"@type":"ReadAction","target":["https:\/\/www.correiobraziliense.com.br\/cbradar\/tem-ou-tem-a-regra-de-acentuacao-que-muita-gente-esquece\/"]}]},{"@type":"ImageObject","inLanguage":"pt-BR","@id":"https:\/\/www.correiobraziliense.com.br\/cbradar\/tem-ou-tem-a-regra-de-acentuacao-que-muita-gente-esquece\/#primaryimage","url":"https:\/\/www.correiobraziliense.com.br\/cbradar\/wp-content\/uploads\/2026\/03\/Gemini_Generated_Image_if72siif72siif72-1-1.png","contentUrl":"https:\/\/www.correiobraziliense.com.br\/cbradar\/wp-content\/uploads\/2026\/03\/Gemini_Generated_Image_if72siif72siif72-1-1.png","width":1280,"height":720,"caption":"Entenda a diferen\u00e7a entre \u201ctem\u201d e \u201ct\u00eam\u201d no singular e no plural"},{"@type":"BreadcrumbList","@id":"https:\/\/www.correiobraziliense.com.br\/cbradar\/tem-ou-tem-a-regra-de-acentuacao-que-muita-gente-esquece\/#breadcrumb","itemListElement":[{"@type":"ListItem","position":1,"name":"In\u00edcio","item":"https:\/\/www.correiobraziliense.com.br\/cbradar\/"},{"@type":"ListItem","position":2,"name":"\u201cTem\u201d ou \u201ct\u00eam\u201d? A regra de acentua\u00e7\u00e3o que muita gente esquece"}]},{"@type":"WebSite","@id":"https:\/\/www.correiobraziliense.com.br\/cbradar\/#website","url":"https:\/\/www.correiobraziliense.com.br\/cbradar\/","name":"Correio Braziliense - Radar","description":"Acompanhe as \u00faltimas not\u00edcias e fique bem informado sobre tudo o que acontece no Brasil e no mundo.","potentialAction":[{"@type":"SearchAction","target":{"@type":"EntryPoint","urlTemplate":"https:\/\/www.correiobraziliense.com.br\/cbradar\/?s={search_term_string}"},"query-input":{"@type":"PropertyValueSpecification","valueRequired":true,"valueName":"search_term_string"}}],"inLanguage":"pt-BR"},{"@type":"Person","@id":"https:\/\/www.correiobraziliense.com.br\/cbradar\/#\/schema\/person\/5440b72be9c7eb74f446c846479dc4da","name":"Patrick Silva","image":{"@type":"ImageObject","inLanguage":"pt-BR","@id":"https:\/\/www.correiobraziliense.com.br\/cbradar\/#\/schema\/person\/image\/","url":"https:\/\/secure.gravatar.com\/avatar\/944109df296fc087785c9715fd5f80b2?s=96&d=mm&r=g","contentUrl":"https:\/\/secure.gravatar.com\/avatar\/944109df296fc087785c9715fd5f80b2?s=96&d=mm&r=g","caption":"Patrick Silva"},"sameAs":["https:\/\/www.correiobraziliense.com.br\/cbradar\/"],"url":"https:\/\/www.correiobraziliense.com.br\/cbradar\/author\/patrick-silva\/"}]}},"_links":{"self":[{"href":"https:\/\/www.correiobraziliense.com.br\/cbradar\/wp-json\/wp\/v2\/posts\/206112","targetHints":{"allow":["GET"]}}],"collection":[{"href":"https:\/\/www.correiobraziliense.com.br\/cbradar\/wp-json\/wp\/v2\/posts"}],"about":[{"href":"https:\/\/www.correiobraziliense.com.br\/cbradar\/wp-json\/wp\/v2\/types\/post"}],"author":[{"embeddable":true,"href":"https:\/\/www.correiobraziliense.com.br\/cbradar\/wp-json\/wp\/v2\/users\/21"}],"replies":[{"embeddable":true,"href":"https:\/\/www.correiobraziliense.com.br\/cbradar\/wp-json\/wp\/v2\/comments?post=206112"}],"version-history":[{"count":1,"href":"https:\/\/www.correiobraziliense.com.br\/cbradar\/wp-json\/wp\/v2\/posts\/206112\/revisions"}],"predecessor-version":[{"id":206155,"href":"https:\/\/www.correiobraziliense.com.br\/cbradar\/wp-json\/wp\/v2\/posts\/206112\/revisions\/206155"}],"wp:featuredmedia":[{"embeddable":true,"href":"https:\/\/www.correiobraziliense.com.br\/cbradar\/wp-json\/wp\/v2\/media\/206146"}],"wp:attachment":[{"href":"https:\/\/www.correiobraziliense.com.br\/cbradar\/wp-json\/wp\/v2\/media?parent=206112"}],"wp:term":[{"taxonomy":"category","embeddable":true,"href":"https:\/\/www.correiobraziliense.com.br\/cbradar\/wp-json\/wp\/v2\/categories?post=206112"},{"taxonomy":"post_tag","embeddable":true,"href":"https:\/\/www.correiobraziliense.com.br\/cbradar\/wp-json\/wp\/v2\/post_tag?post=206112"}],"curies":[{"name":"wp","href":"https:\/\/api.w.org\/{rel}","templated":true}]}}