{"id":206152,"date":"2026-03-12T12:15:00","date_gmt":"2026-03-12T15:15:00","guid":{"rendered":"https:\/\/www.correiobraziliense.com.br\/cbradar\/?p=206152"},"modified":"2026-03-10T12:08:44","modified_gmt":"2026-03-10T15:08:44","slug":"o-que-marco-aurelio-quis-dizer-quando-afirmou-que-a-felicidade-da-sua-vida-depende-da-qualidade-dos-seus-pensamentos","status":"publish","type":"post","link":"https:\/\/www.correiobraziliense.com.br\/cbradar\/o-que-marco-aurelio-quis-dizer-quando-afirmou-que-a-felicidade-da-sua-vida-depende-da-qualidade-dos-seus-pensamentos\/","title":{"rendered":"O que Marco Aur\u00e9lio quis dizer quando afirmou que \u201cA felicidade da sua vida depende da qualidade dos seus pensamentos\u201d"},"content":{"rendered":"\n<p>O imperador romano <strong>Marco Aur\u00e9lio<\/strong> deixou ensinamentos profundos sobre a mente humana em sua obra cl\u00e1ssica Medita\u00e7\u00f5es. Para ele, a felicidade n\u00e3o \u00e9 fruto de eventos externos, mas sim da forma como interpretamos a realidade ao redor. Cultivar pensamentos virtuosos \u00e9 o caminho para uma vida plena, tranquila e resiliente.<\/p>\n\n\n\n<h2 class=\"wp-block-heading\">Como a percep\u00e7\u00e3o pessoal molda a nossa realidade di\u00e1ria?<\/h2>\n\n\n\n<p>O estoicismo defende que n\u00e3o somos perturbados pelas coisas em si, mas pelas opini\u00f5es que formamos sobre elas no cotidiano. <strong>Marco Aur\u00e9lio<\/strong> acreditava que a mente possui o poder absoluto de filtrar os est\u00edmulos externos para manter a paz interior. Ter consci\u00eancia dessa capacidade transforma radicalmente a maneira como enfrentamos os desafios e as frustra\u00e7\u00f5es da vida.<\/p>\n\n\n\n<p>Ao afirmar que a felicidade depende dos pensamentos, o imperador destacava a import\u00e2ncia da autovigil\u00e2ncia constante sobre os nossos julgamentos mentais. Se alimentamos ideias negativas ou pessimistas, nossa experi\u00eancia de mundo ser\u00e1 necessariamente amarga e dif\u00edcil. Por outro lado, focar na virtude e no dever gera uma satisfa\u00e7\u00e3o interna que independe de circunst\u00e2ncias materiais ou sociais.<\/p>\n\n\n\n<p>Marco Aur\u00e9lio \u00e9 lembrado n\u00e3o apenas como imperador romano, mas tamb\u00e9m como um dos maiores representantes do estoicismo. Seus pensamentos sobre virtude, disciplina e prop\u00f3sito continuam inspirando reflex\u00f5es at\u00e9 hoje. No conte\u00fado do <strong>Foca na Hist\u00f3ria<\/strong>, com 1,49 milh\u00f5es de inscritos, voc\u00ea conhece sua hist\u00f3ria:<\/p>\n\n\n\n<figure class=\"wp-block-embed is-type-video is-provider-youtube wp-block-embed-youtube wp-embed-aspect-16-9 wp-has-aspect-ratio\"><div class=\"wp-block-embed__wrapper\">\n<div class=\"jeg_video_container jeg_video_content\"><iframe loading=\"lazy\" title=\"Marco Aur\u00e9lio - O Mais S\u00e1bio Imperador de Roma - Os Imperadores Romanos - Foca na Hist\u00f3ria\" width=\"500\" height=\"281\" src=\"https:\/\/www.youtube.com\/embed\/TufweywVuxM?feature=oembed\" frameborder=\"0\" allow=\"accelerometer; autoplay; clipboard-write; encrypted-media; gyroscope; picture-in-picture; web-share\" referrerpolicy=\"strict-origin-when-cross-origin\" allowfullscreen><\/iframe><\/div>\n<\/div><\/figure>\n\n\n\n<h2 class=\"wp-block-heading\">Por que o controle mental \u00e9 a base da liberdade estoica?<\/h2>\n\n\n\n<p>A liberdade real para os estoicos consiste em dominar as pr\u00f3prias rea\u00e7\u00f5es diante de eventos que fogem ao nosso controle direto. <strong>Marco Aur\u00e9lio<\/strong> utilizava a escrita como ferramenta de treino para manter a raz\u00e3o acima das emo\u00e7\u00f5es impulsivas e passageiras. Disciplinar o pensamento evita que sejamos escravos de desejos desnecess\u00e1rios ou de medos infundados que geram sofrimento.<\/p>\n\n\n\n<p>Quando limpamos a mente de julgamentos precipitados, conseguimos enxergar a verdade por tr\u00e1s das apar\u00eancias enganosas do mundo moderno. Esse exerc\u00edcio de clareza mental fortalece o car\u00e1ter e permite que a alma permane\u00e7a invicta mesmo em tempos de crise. A qualidade da vida est\u00e1 ligada diretamente \u00e0 pureza das inten\u00e7\u00f5es e \u00e0 retid\u00e3o da l\u00f3gica aplicada diariamente.<\/p>\n\n\n\n<h2 class=\"wp-block-heading\">Quais exerc\u00edcios pr\u00e1ticos ajudam a cultivar pensamentos mais saud\u00e1veis?<\/h2>\n\n\n\n<p>Praticar o exame de consci\u00eancia ao final de cada jornada permite identificar padr\u00f5es de pensamento que precisam de corre\u00e7\u00e3o imediata. <strong>Marco Aur\u00e9lio<\/strong> sugeria que devemos nos perguntar constantemente se nossas ideias s\u00e3o \u00fateis para o bem comum. Substituir reclama\u00e7\u00f5es por gratid\u00e3o e a\u00e7\u00e3o virtuosa altera a qu\u00edmica cerebral e promove um estado de tranquilidade s\u00f3lido e duradouro.<\/p>\n\n\n\n<p>Para elevar o n\u00edvel de sua pr\u00e1tica meditativa e transformar o seu cotidiano atrav\u00e9s de a\u00e7\u00f5es baseadas na virtude e na raz\u00e3o:<\/p>\n\n\n\n<figure class=\"wp-block-image size-full\"><img decoding=\"async\" width=\"1280\" height=\"713\" src=\"https:\/\/www.correiobraziliense.com.br\/cbradar\/wp-content\/uploads\/2026\/03\/convertido-5.jpg\" alt=\"\" class=\"wp-image-206157\" srcset=\"https:\/\/www.correiobraziliense.com.br\/cbradar\/wp-content\/uploads\/2026\/03\/convertido-5.jpg 1280w, https:\/\/www.correiobraziliense.com.br\/cbradar\/wp-content\/uploads\/2026\/03\/convertido-5-300x167.jpg 300w, https:\/\/www.correiobraziliense.com.br\/cbradar\/wp-content\/uploads\/2026\/03\/convertido-5-768x428.jpg 768w, https:\/\/www.correiobraziliense.com.br\/cbradar\/wp-content\/uploads\/2026\/03\/convertido-5-750x418.jpg 750w, https:\/\/www.correiobraziliense.com.br\/cbradar\/wp-content\/uploads\/2026\/03\/convertido-5-1140x635.jpg 1140w\" sizes=\"(max-width: 1280px) 100vw, 1280px\" \/><\/figure>\n\n\n\n<h2 class=\"wp-block-heading\">Qual \u00e9 o papel da disciplina na busca pela felicidade?<\/h2>\n\n\n\n<p>A disciplina mental n\u00e3o surge por acaso, mas \u00e9 fruto de um esfor\u00e7o repetido e consciente ao longo dos anos. <strong>Marco Aur\u00e9lio<\/strong> via a mente como uma cidadela que deve ser protegida contra invas\u00f5es de pensamentos destrutivos ou irracionais. Manter a ordem interna exige vigil\u00e2ncia sobre cada pequena ideia que permitimos habitar nossa consci\u00eancia durante o dia inteiro.<\/p>\n\n\n\n<p>Sem o rigor da raz\u00e3o, ficamos \u00e0 merc\u00ea das paix\u00f5es que nos arrastam para o desequil\u00edbrio e para a infelicidade constante. Escolher pensamentos que elevam o esp\u00edrito \u00e9 um ato de coragem que define o destino de qualquer ser humano. A felicidade aut\u00eantica \u00e9, portanto, uma constru\u00e7\u00e3o interna que exige persist\u00eancia, honestidade e um compromisso real com a verdade.<\/p>\n\n\n\n<figure class=\"wp-block-image size-full\"><img decoding=\"async\" width=\"1280\" height=\"720\" src=\"https:\/\/www.correiobraziliense.com.br\/cbradar\/wp-content\/uploads\/2026\/03\/Gemini_Generated_Image_9gymt59gymt59gym-1-1.png\" alt=\"O que Marco Aur\u00e9lio quis dizer quando afirmou que \u201cA felicidade da sua vida depende da qualidade dos seus pensamentos\u201d\" class=\"wp-image-206158\" srcset=\"https:\/\/www.correiobraziliense.com.br\/cbradar\/wp-content\/uploads\/2026\/03\/Gemini_Generated_Image_9gymt59gymt59gym-1-1.png 1280w, https:\/\/www.correiobraziliense.com.br\/cbradar\/wp-content\/uploads\/2026\/03\/Gemini_Generated_Image_9gymt59gymt59gym-1-1-300x169.png 300w, https:\/\/www.correiobraziliense.com.br\/cbradar\/wp-content\/uploads\/2026\/03\/Gemini_Generated_Image_9gymt59gymt59gym-1-1-768x432.png 768w, https:\/\/www.correiobraziliense.com.br\/cbradar\/wp-content\/uploads\/2026\/03\/Gemini_Generated_Image_9gymt59gymt59gym-1-1-750x422.png 750w, https:\/\/www.correiobraziliense.com.br\/cbradar\/wp-content\/uploads\/2026\/03\/Gemini_Generated_Image_9gymt59gymt59gym-1-1-1140x641.png 1140w\" sizes=\"(max-width: 1280px) 100vw, 1280px\" \/><figcaption class=\"wp-element-caption\">A frase de Marco Aur\u00e9lio que explica por que a felicidade depende da qualidade dos seus pensamentos<\/figcaption><\/figure>\n\n\n\n<h2 class=\"wp-block-heading\">Como os ensinamentos imperiais permanecem relevantes na atualidade?<\/h2>\n\n\n\n<p>Mesmo ap\u00f3s s\u00e9culos, as li\u00e7\u00f5es de <strong><a href=\"https:\/\/www.correiobraziliense.com.br\/cbradar\/o-que-marco-aurelio-quis-dizer-quando-escreveu-que-a-felicidade-da-sua-vida-depende-da-qualidade-dos-seus-pensamentos-2\/\" target=\"_blank\" rel=\"noreferrer noopener\">Marco Aur\u00e9lio<\/a><\/strong> servem como um guia seguro para navegar no caos da era digital. A necessidade de filtrar o excesso de informa\u00e7\u00e3o e manter o foco no que realmente importa \u00e9 uma quest\u00e3o de sa\u00fade mental. Aplicar o estoicismo ajuda a reduzir o estresse e a aumentar a resili\u00eancia emocional de forma significativa.<\/p>\n\n\n\n<p>A obra completa deste fil\u00f3sofo romano oferece uma base s\u00f3lida para quem deseja compreender a rela\u00e7\u00e3o entre \u00e9tica e bem-estar individual. Voc\u00ea pode aprofundar seu estudo sobre a vida e o pensamento de <strong>Marco Aur\u00e9lio<\/strong> no portal da <a target=\"_blank\" rel=\"noreferrer noopener\" href=\"https:\/\/www.britannica.com\/biography\/Marcus-Aurelius-Roman-emperor\">Enciclop\u00e9dia Britannica<\/a>, que detalha seu legado hist\u00f3rico. Cultivar a qualidade dos pensamentos \u00e9 a chave para uma exist\u00eancia plena de prop\u00f3sito.<\/p>\n","protected":false},"excerpt":{"rendered":"<p>O imperador romano Marco Aur\u00e9lio deixou ensinamentos profundos sobre a mente humana em sua obra cl\u00e1ssica Medita\u00e7\u00f5es. Para ele, a felicidade n\u00e3o \u00e9 fruto de eventos externos, mas sim da forma como interpretamos a realidade ao redor. Cultivar pensamentos virtuosos \u00e9 o caminho para uma vida plena, tranquila e resiliente. Como a percep\u00e7\u00e3o pessoal molda [&hellip;]<\/p>\n","protected":false},"author":21,"featured_media":206156,"comment_status":"open","ping_status":"open","sticky":false,"template":"","format":"standard","meta":{"_yoast_wpseo_focuskw":"frase de Marco Aur\u00e9lio felicidade","_yoast_wpseo_title":"","_yoast_wpseo_metadesc":"Marco Aur\u00e9lio ensinou que a felicidade depende da qualidade dos pensamentos e n\u00e3o das circunst\u00e2ncias externas.","jnews-multi-image_gallery":[],"jnews_single_post":{"format":"standard"},"jnews_primary_category":[],"jnews_social_meta":[],"jnews_override_counter":[],"footnotes":""},"categories":[112],"post_tag":[3449,5078,12299,10651],"class_list":["post-206152","post","type-post","status-publish","format-standard","has-post-thumbnail","hentry","category-curiosidades","tag-felicidade","tag-filosofia","tag-marco-aurelio","tag-pensamentos"],"yoast_head":"<!-- This site is optimized with the Yoast SEO plugin v24.6 - https:\/\/yoast.com\/wordpress\/plugins\/seo\/ -->\n<title>O que Marco Aur\u00e9lio quis dizer quando afirmou que \u201cA felicidade da sua vida depende da qualidade dos seus pensamentos\u201d - Correio Braziliense - Radar<\/title>\n<meta name=\"description\" content=\"Marco Aur\u00e9lio ensinou que a felicidade depende da qualidade dos pensamentos e n\u00e3o das circunst\u00e2ncias externas.\" \/>\n<meta name=\"robots\" content=\"index, follow, max-snippet:-1, max-image-preview:large, max-video-preview:-1\" \/>\n<link rel=\"canonical\" href=\"https:\/\/www.correiobraziliense.com.br\/cbradar\/o-que-marco-aurelio-quis-dizer-quando-afirmou-que-a-felicidade-da-sua-vida-depende-da-qualidade-dos-seus-pensamentos\/\" \/>\n<meta property=\"og:locale\" content=\"pt_BR\" \/>\n<meta property=\"og:type\" content=\"article\" \/>\n<meta property=\"og:title\" content=\"O que Marco Aur\u00e9lio quis dizer quando afirmou que \u201cA felicidade da sua vida depende da qualidade dos seus pensamentos\u201d - Correio Braziliense - Radar\" \/>\n<meta property=\"og:description\" content=\"Marco Aur\u00e9lio ensinou que a felicidade depende da qualidade dos pensamentos e n\u00e3o das circunst\u00e2ncias externas.\" \/>\n<meta property=\"og:url\" content=\"https:\/\/www.correiobraziliense.com.br\/cbradar\/o-que-marco-aurelio-quis-dizer-quando-afirmou-que-a-felicidade-da-sua-vida-depende-da-qualidade-dos-seus-pensamentos\/\" \/>\n<meta property=\"og:site_name\" content=\"Correio Braziliense - Radar\" \/>\n<meta property=\"article:published_time\" content=\"2026-03-12T15:15:00+00:00\" \/>\n<meta property=\"og:image\" content=\"https:\/\/www.correiobraziliense.com.br\/cbradar\/wp-content\/uploads\/2026\/03\/Gemini_Generated_Image_cwwns5cwwns5cwwn-1-1.png\" \/>\n\t<meta property=\"og:image:width\" content=\"1280\" \/>\n\t<meta property=\"og:image:height\" content=\"720\" \/>\n\t<meta property=\"og:image:type\" content=\"image\/png\" \/>\n<meta name=\"author\" content=\"Patrick Silva\" \/>\n<meta name=\"twitter:card\" content=\"summary_large_image\" \/>\n<meta name=\"twitter:label1\" content=\"Escrito por\" \/>\n\t<meta name=\"twitter:data1\" content=\"Patrick Silva\" \/>\n\t<meta name=\"twitter:label2\" content=\"Est. tempo de leitura\" \/>\n\t<meta name=\"twitter:data2\" content=\"5 minutos\" \/>\n<!-- \/ Yoast SEO plugin. -->","yoast_head_json":{"title":"O que Marco Aur\u00e9lio quis dizer quando afirmou que \u201cA felicidade da sua vida depende da qualidade dos seus pensamentos\u201d - Correio Braziliense - Radar","description":"Marco Aur\u00e9lio ensinou que a felicidade depende da qualidade dos pensamentos e n\u00e3o das circunst\u00e2ncias externas.","robots":{"index":"index","follow":"follow","max-snippet":"max-snippet:-1","max-image-preview":"max-image-preview:large","max-video-preview":"max-video-preview:-1"},"canonical":"https:\/\/www.correiobraziliense.com.br\/cbradar\/o-que-marco-aurelio-quis-dizer-quando-afirmou-que-a-felicidade-da-sua-vida-depende-da-qualidade-dos-seus-pensamentos\/","og_locale":"pt_BR","og_type":"article","og_title":"O que Marco Aur\u00e9lio quis dizer quando afirmou que \u201cA felicidade da sua vida depende da qualidade dos seus pensamentos\u201d - Correio Braziliense - Radar","og_description":"Marco Aur\u00e9lio ensinou que a felicidade depende da qualidade dos pensamentos e n\u00e3o das circunst\u00e2ncias externas.","og_url":"https:\/\/www.correiobraziliense.com.br\/cbradar\/o-que-marco-aurelio-quis-dizer-quando-afirmou-que-a-felicidade-da-sua-vida-depende-da-qualidade-dos-seus-pensamentos\/","og_site_name":"Correio Braziliense - Radar","article_published_time":"2026-03-12T15:15:00+00:00","og_image":[{"width":1280,"height":720,"url":"https:\/\/www.correiobraziliense.com.br\/cbradar\/wp-content\/uploads\/2026\/03\/Gemini_Generated_Image_cwwns5cwwns5cwwn-1-1.png","type":"image\/png"}],"author":"Patrick Silva","twitter_card":"summary_large_image","twitter_misc":{"Escrito por":"Patrick Silva","Est. tempo de leitura":"5 minutos"},"schema":{"@context":"https:\/\/schema.org","@graph":[{"@type":"WebPage","@id":"https:\/\/www.correiobraziliense.com.br\/cbradar\/o-que-marco-aurelio-quis-dizer-quando-afirmou-que-a-felicidade-da-sua-vida-depende-da-qualidade-dos-seus-pensamentos\/","url":"https:\/\/www.correiobraziliense.com.br\/cbradar\/o-que-marco-aurelio-quis-dizer-quando-afirmou-que-a-felicidade-da-sua-vida-depende-da-qualidade-dos-seus-pensamentos\/","name":"O que Marco Aur\u00e9lio quis dizer quando afirmou que \u201cA felicidade da sua vida depende da qualidade dos seus pensamentos\u201d - Correio Braziliense - Radar","isPartOf":{"@id":"https:\/\/www.correiobraziliense.com.br\/cbradar\/#website"},"primaryImageOfPage":{"@id":"https:\/\/www.correiobraziliense.com.br\/cbradar\/o-que-marco-aurelio-quis-dizer-quando-afirmou-que-a-felicidade-da-sua-vida-depende-da-qualidade-dos-seus-pensamentos\/#primaryimage"},"image":{"@id":"https:\/\/www.correiobraziliense.com.br\/cbradar\/o-que-marco-aurelio-quis-dizer-quando-afirmou-que-a-felicidade-da-sua-vida-depende-da-qualidade-dos-seus-pensamentos\/#primaryimage"},"thumbnailUrl":"https:\/\/www.correiobraziliense.com.br\/cbradar\/wp-content\/uploads\/2026\/03\/Gemini_Generated_Image_cwwns5cwwns5cwwn-1-1.png","datePublished":"2026-03-12T15:15:00+00:00","author":{"@id":"https:\/\/www.correiobraziliense.com.br\/cbradar\/#\/schema\/person\/5440b72be9c7eb74f446c846479dc4da"},"description":"Marco Aur\u00e9lio ensinou que a felicidade depende da qualidade dos pensamentos e n\u00e3o das circunst\u00e2ncias externas.","breadcrumb":{"@id":"https:\/\/www.correiobraziliense.com.br\/cbradar\/o-que-marco-aurelio-quis-dizer-quando-afirmou-que-a-felicidade-da-sua-vida-depende-da-qualidade-dos-seus-pensamentos\/#breadcrumb"},"inLanguage":"pt-BR","potentialAction":[{"@type":"ReadAction","target":["https:\/\/www.correiobraziliense.com.br\/cbradar\/o-que-marco-aurelio-quis-dizer-quando-afirmou-que-a-felicidade-da-sua-vida-depende-da-qualidade-dos-seus-pensamentos\/"]}]},{"@type":"ImageObject","inLanguage":"pt-BR","@id":"https:\/\/www.correiobraziliense.com.br\/cbradar\/o-que-marco-aurelio-quis-dizer-quando-afirmou-que-a-felicidade-da-sua-vida-depende-da-qualidade-dos-seus-pensamentos\/#primaryimage","url":"https:\/\/www.correiobraziliense.com.br\/cbradar\/wp-content\/uploads\/2026\/03\/Gemini_Generated_Image_cwwns5cwwns5cwwn-1-1.png","contentUrl":"https:\/\/www.correiobraziliense.com.br\/cbradar\/wp-content\/uploads\/2026\/03\/Gemini_Generated_Image_cwwns5cwwns5cwwn-1-1.png","width":1280,"height":720,"caption":"A frase de Marco Aur\u00e9lio que explica por que a felicidade depende da qualidade dos seus pensamentos"},{"@type":"BreadcrumbList","@id":"https:\/\/www.correiobraziliense.com.br\/cbradar\/o-que-marco-aurelio-quis-dizer-quando-afirmou-que-a-felicidade-da-sua-vida-depende-da-qualidade-dos-seus-pensamentos\/#breadcrumb","itemListElement":[{"@type":"ListItem","position":1,"name":"In\u00edcio","item":"https:\/\/www.correiobraziliense.com.br\/cbradar\/"},{"@type":"ListItem","position":2,"name":"O que Marco Aur\u00e9lio quis dizer quando afirmou que \u201cA felicidade da sua vida depende da qualidade dos seus pensamentos\u201d"}]},{"@type":"WebSite","@id":"https:\/\/www.correiobraziliense.com.br\/cbradar\/#website","url":"https:\/\/www.correiobraziliense.com.br\/cbradar\/","name":"Correio Braziliense - Radar","description":"Acompanhe as \u00faltimas not\u00edcias e fique bem informado sobre tudo o que acontece no Brasil e no mundo.","potentialAction":[{"@type":"SearchAction","target":{"@type":"EntryPoint","urlTemplate":"https:\/\/www.correiobraziliense.com.br\/cbradar\/?s={search_term_string}"},"query-input":{"@type":"PropertyValueSpecification","valueRequired":true,"valueName":"search_term_string"}}],"inLanguage":"pt-BR"},{"@type":"Person","@id":"https:\/\/www.correiobraziliense.com.br\/cbradar\/#\/schema\/person\/5440b72be9c7eb74f446c846479dc4da","name":"Patrick Silva","image":{"@type":"ImageObject","inLanguage":"pt-BR","@id":"https:\/\/www.correiobraziliense.com.br\/cbradar\/#\/schema\/person\/image\/","url":"https:\/\/secure.gravatar.com\/avatar\/944109df296fc087785c9715fd5f80b2?s=96&d=mm&r=g","contentUrl":"https:\/\/secure.gravatar.com\/avatar\/944109df296fc087785c9715fd5f80b2?s=96&d=mm&r=g","caption":"Patrick Silva"},"sameAs":["https:\/\/www.correiobraziliense.com.br\/cbradar\/"],"url":"https:\/\/www.correiobraziliense.com.br\/cbradar\/author\/patrick-silva\/"}]}},"_links":{"self":[{"href":"https:\/\/www.correiobraziliense.com.br\/cbradar\/wp-json\/wp\/v2\/posts\/206152","targetHints":{"allow":["GET"]}}],"collection":[{"href":"https:\/\/www.correiobraziliense.com.br\/cbradar\/wp-json\/wp\/v2\/posts"}],"about":[{"href":"https:\/\/www.correiobraziliense.com.br\/cbradar\/wp-json\/wp\/v2\/types\/post"}],"author":[{"embeddable":true,"href":"https:\/\/www.correiobraziliense.com.br\/cbradar\/wp-json\/wp\/v2\/users\/21"}],"replies":[{"embeddable":true,"href":"https:\/\/www.correiobraziliense.com.br\/cbradar\/wp-json\/wp\/v2\/comments?post=206152"}],"version-history":[{"count":4,"href":"https:\/\/www.correiobraziliense.com.br\/cbradar\/wp-json\/wp\/v2\/posts\/206152\/revisions"}],"predecessor-version":[{"id":206161,"href":"https:\/\/www.correiobraziliense.com.br\/cbradar\/wp-json\/wp\/v2\/posts\/206152\/revisions\/206161"}],"wp:featuredmedia":[{"embeddable":true,"href":"https:\/\/www.correiobraziliense.com.br\/cbradar\/wp-json\/wp\/v2\/media\/206156"}],"wp:attachment":[{"href":"https:\/\/www.correiobraziliense.com.br\/cbradar\/wp-json\/wp\/v2\/media?parent=206152"}],"wp:term":[{"taxonomy":"category","embeddable":true,"href":"https:\/\/www.correiobraziliense.com.br\/cbradar\/wp-json\/wp\/v2\/categories?post=206152"},{"taxonomy":"post_tag","embeddable":true,"href":"https:\/\/www.correiobraziliense.com.br\/cbradar\/wp-json\/wp\/v2\/post_tag?post=206152"}],"curies":[{"name":"wp","href":"https:\/\/api.w.org\/{rel}","templated":true}]}}