{"id":206162,"date":"2026-03-12T00:45:00","date_gmt":"2026-03-12T03:45:00","guid":{"rendered":"https:\/\/www.correiobraziliense.com.br\/cbradar\/?p=206162"},"modified":"2026-03-11T20:00:58","modified_gmt":"2026-03-11T23:00:58","slug":"o-que-epicteto-quis-dizer-quando-afirmou-que-nao-sao-as-coisas-que-nos-perturbam-mas-a-forma-como-as-interpretamos","status":"publish","type":"post","link":"https:\/\/www.correiobraziliense.com.br\/cbradar\/o-que-epicteto-quis-dizer-quando-afirmou-que-nao-sao-as-coisas-que-nos-perturbam-mas-a-forma-como-as-interpretamos\/","title":{"rendered":"O que Epicteto quis dizer quando afirmou que \u201cN\u00e3o s\u00e3o as coisas que nos perturbam, mas a forma como as interpretamos\u201d"},"content":{"rendered":"\n<p>O fil\u00f3sofo estoico <strong>Epicteto<\/strong> ensinou que o sofrimento humano n\u00e3o nasce dos eventos externos, mas do julgamento que fazemos sobre eles. Essa perspectiva revolucion\u00e1ria coloca a chave da felicidade em nossas m\u00e3os, transformando nossa rea\u00e7\u00e3o diante das adversidades do cotidiano. Compreender essa l\u00f3gica \u00e9 o primeiro passo para conquistar uma mente resiliente hoje.<\/p>\n\n\n\n<h2 class=\"wp-block-heading\">Como o nosso julgamento define a realidade emocional?<\/h2>\n\n\n\n<p>Para <strong><a href=\"https:\/\/www.correiobraziliense.com.br\/cbradar\/o-que-significa-a-frase-de-epicteto-nao-sao-as-coisas-que-nos-perturbam-mas-a-opiniao-que-temos-sobre-elas\/\" target=\"_blank\" rel=\"noreferrer noopener\">Epicteto<\/a><\/strong>, o mundo exterior \u00e9 neutro e as situa\u00e7\u00f5es que enfrentamos n\u00e3o possuem um valor moral intr\u00ednseco e definitivo. \u00c9 a nossa mente que atribui significados positivos ou negativos aos fatos, gerando sentimentos de ang\u00fastia ou paz profunda. Assumir essa responsabilidade emocional permite que qualquer indiv\u00edduo recupere o controle sobre seu pr\u00f3prio bem-estar interno.<\/p>\n\n\n\n<p>Ao mudarmos a lente atrav\u00e9s da qual enxergamos os problemas, desarmamos os gatilhos que provocam ansiedade e estresse desnecess\u00e1rio na rotina. A pr\u00e1tica constante da an\u00e1lise racional impede que sejamos escravos de impress\u00f5es iniciais enganosas e impulsivas sobre a vida. Disciplinar o pensamento \u00e9 a ferramenta mais potente para manter a calma em cen\u00e1rios ca\u00f3ticos e complexos.<\/p>\n\n\n\n<p>Os ensinamentos de Epicteto mostram como desenvolver autocontrole, serenidade e clareza diante das dificuldades da vida. Suas ideias estoicas continuam atuais e ajudam a refletir sobre escolhas e atitudes. No conte\u00fado do <strong>Corvo Seco<\/strong>, com 561 mil inscritos, voc\u00ea conhece essa filosofia:<\/p>\n\n\n\n<figure class=\"wp-block-embed is-type-video is-provider-youtube wp-block-embed-youtube wp-embed-aspect-16-9 wp-has-aspect-ratio\"><div class=\"wp-block-embed__wrapper\">\n<div class=\"jeg_video_container jeg_video_content\"><iframe loading=\"lazy\" title=\"Epicteto - A Arte de Viver\" width=\"500\" height=\"281\" src=\"https:\/\/www.youtube.com\/embed\/iZtGxpOlBhc?feature=oembed\" frameborder=\"0\" allow=\"accelerometer; autoplay; clipboard-write; encrypted-media; gyroscope; picture-in-picture; web-share\" referrerpolicy=\"strict-origin-when-cross-origin\" allowfullscreen><\/iframe><\/div>\n<\/div><\/figure>\n\n\n\n<h2 class=\"wp-block-heading\">Qual \u00e9 a import\u00e2ncia da dicotomia do controle?<\/h2>\n\n\n\n<p>O cerne da sabedoria estoica reside na distin\u00e7\u00e3o clara entre o que podemos e o que n\u00e3o podemos controlar diretamente. Concentrar energias apenas em nossas opini\u00f5es e a\u00e7\u00f5es pr\u00f3prias evita o desperd\u00edcio de tempo com frustra\u00e7\u00f5es externas e inevit\u00e1veis da sociedade. Essa clareza mental gera uma liberdade interior que ningu\u00e9m pode tirar ou corromper de forma alguma.<\/p>\n\n\n\n<p>Quando paramos de exigir que o mundo se comporte conforme nossos desejos, eliminamos a principal fonte de perturba\u00e7\u00e3o da alma humana. A aceita\u00e7\u00e3o dos fatos externos, combinada com a gest\u00e3o \u00e9tica dos pensamentos internos, cria uma base s\u00f3lida para a virtude duradoura. Viver em harmonia com a natureza racional \u00e9 o objetivo supremo de todo praticante s\u00e9rio.<\/p>\n\n\n\n<h2 class=\"wp-block-heading\">Como treinar a mente para reagir com sabedoria?<\/h2>\n\n\n\n<p>Transformar a teoria cl\u00e1ssica em pr\u00e1tica di\u00e1ria exige exerc\u00edcios mentais que reforcem a vigil\u00e2ncia sobre os julgamentos autom\u00e1ticos do c\u00e9rebro. Questionar a veracidade das nossas impress\u00f5es negativas ajuda a desconstruir padr\u00f5es de comportamento que geram infelicidade e des\u00e2nimo constante na vida. A persist\u00eancia nesse treino cognitivo \u00e9 fundamental para alcan\u00e7ar a maturidade emocional e a estabilidade.<\/p>\n\n\n\n<p>Para fortalecer sua resili\u00eancia mental e aplicar esses princ\u00edpios milenares de forma pr\u00e1tica em suas decis\u00f5es imediatas, considere integrar estas a\u00e7\u00f5es ao seu dia:<\/p>\n\n\n\n<figure class=\"wp-block-image size-full\"><img decoding=\"async\" width=\"1280\" height=\"713\" src=\"https:\/\/www.correiobraziliense.com.br\/cbradar\/wp-content\/uploads\/2026\/03\/convertido-6.jpg\" alt=\"\" class=\"wp-image-206165\" srcset=\"https:\/\/www.correiobraziliense.com.br\/cbradar\/wp-content\/uploads\/2026\/03\/convertido-6.jpg 1280w, https:\/\/www.correiobraziliense.com.br\/cbradar\/wp-content\/uploads\/2026\/03\/convertido-6-300x167.jpg 300w, https:\/\/www.correiobraziliense.com.br\/cbradar\/wp-content\/uploads\/2026\/03\/convertido-6-768x428.jpg 768w, https:\/\/www.correiobraziliense.com.br\/cbradar\/wp-content\/uploads\/2026\/03\/convertido-6-750x418.jpg 750w, https:\/\/www.correiobraziliense.com.br\/cbradar\/wp-content\/uploads\/2026\/03\/convertido-6-1140x635.jpg 1140w\" sizes=\"(max-width: 1280px) 100vw, 1280px\" \/><\/figure>\n\n\n\n<h2 class=\"wp-block-heading\">Por que a liberdade interior depende da nossa percep\u00e7\u00e3o?<\/h2>\n\n\n\n<p>A verdadeira liberdade n\u00e3o \u00e9 a aus\u00eancia de problemas, mas a capacidade de n\u00e3o ser afetado negativamente por eles internamente. <strong>Epicteto<\/strong> demonstra que um prisioneiro pode ser mais livre que um rei se possuir dom\u00ednio total sobre seus ju\u00edzos. Essa for\u00e7a moral protege a dignidade humana contra qualquer opress\u00e3o externa ou circunst\u00e2ncia dif\u00edcil de enfrentar no mundo.<\/p>\n\n\n\n<p>Ao compreendermos que a nossa paz depende exclusivamente de nossas escolhas mentais, deixamos de ser v\u00edtimas das circunst\u00e2ncias imprevis\u00edveis da vida. Essa autonomia psicol\u00f3gica \u00e9 o maior tesouro que um ser humano pode conquistar atrav\u00e9s da filosofia e do autoconhecimento profundo. O poder de interpreta\u00e7\u00e3o \u00e9 a fronteira final da soberania individual em qualquer tempo.<\/p>\n\n\n\n<figure class=\"wp-block-image size-full\"><img decoding=\"async\" width=\"1280\" height=\"720\" src=\"https:\/\/www.correiobraziliense.com.br\/cbradar\/wp-content\/uploads\/2026\/03\/Gemini_Generated_Image_lqh3zrlqh3zrlqh3-1-1.png\" alt=\"O que Epicteto quis dizer quando afirmou que \u201cN\u00e3o s\u00e3o as coisas que nos perturbam, mas a forma como as interpretamos\u201d\" class=\"wp-image-206171\" srcset=\"https:\/\/www.correiobraziliense.com.br\/cbradar\/wp-content\/uploads\/2026\/03\/Gemini_Generated_Image_lqh3zrlqh3zrlqh3-1-1.png 1280w, https:\/\/www.correiobraziliense.com.br\/cbradar\/wp-content\/uploads\/2026\/03\/Gemini_Generated_Image_lqh3zrlqh3zrlqh3-1-1-300x169.png 300w, https:\/\/www.correiobraziliense.com.br\/cbradar\/wp-content\/uploads\/2026\/03\/Gemini_Generated_Image_lqh3zrlqh3zrlqh3-1-1-768x432.png 768w, https:\/\/www.correiobraziliense.com.br\/cbradar\/wp-content\/uploads\/2026\/03\/Gemini_Generated_Image_lqh3zrlqh3zrlqh3-1-1-750x422.png 750w, https:\/\/www.correiobraziliense.com.br\/cbradar\/wp-content\/uploads\/2026\/03\/Gemini_Generated_Image_lqh3zrlqh3zrlqh3-1-1-1140x641.png 1140w\" sizes=\"(max-width: 1280px) 100vw, 1280px\" \/><figcaption class=\"wp-element-caption\">A frase de Epicteto que revela uma vis\u00e3o surpreendente sobre sofrimento e controle da mente<\/figcaption><\/figure>\n\n\n\n<h2 class=\"wp-block-heading\">Qual \u00e9 o caminho para acessar os textos originais?<\/h2>\n\n\n\n<p>Estudar as obras originais, como o <strong>Manual de Epicteto<\/strong>, permite um contato direto com a ess\u00eancia de um pensamento que atravessou mil\u00eanios. A clareza das instru\u00e7\u00f5es pr\u00e1ticas contidas nesses textos oferece um roteiro seguro para quem deseja viver com prop\u00f3sito e coragem. Buscar o conhecimento em fontes acad\u00eamicas garante uma compreens\u00e3o precisa e livre de distor\u00e7\u00f5es modernas superficiais.<\/p>\n\n\n\n<p>Voc\u00ea pode aprofundar seu estudo sobre a vida e a influ\u00eancia deste mestre estoico consultando a <a target=\"_blank\" rel=\"noreferrer noopener\" href=\"https:\/\/plato.stanford.edu\/entries\/epictetus\/\">Stanford Encyclopedia of Philosophy<\/a>, que oferece uma an\u00e1lise t\u00e9cnica e hist\u00f3rica completa. Compreender as ra\u00edzes dessa sabedoria \u00e9 essencial para quem busca felicidade em bases s\u00f3lidas e racionais. O conhecimento de autoridade transforma a teoria em ferramenta poderosa.<\/p>\n","protected":false},"excerpt":{"rendered":"<p>O fil\u00f3sofo estoico Epicteto ensinou que o sofrimento humano n\u00e3o nasce dos eventos externos, mas do julgamento que fazemos sobre eles. Essa perspectiva revolucion\u00e1ria coloca a chave da felicidade em nossas m\u00e3os, transformando nossa rea\u00e7\u00e3o diante das adversidades do cotidiano. Compreender essa l\u00f3gica \u00e9 o primeiro passo para conquistar uma mente resiliente hoje. Como o [&hellip;]<\/p>\n","protected":false},"author":21,"featured_media":206168,"comment_status":"open","ping_status":"open","sticky":false,"template":"","format":"standard","meta":{"_yoast_wpseo_focuskw":"frase de Epicteto sobre sofrimento","_yoast_wpseo_title":"","_yoast_wpseo_metadesc":"Uma frase de Epicteto atravessou s\u00e9culos e revela uma vis\u00e3o surpreendente sobre sofrimento e felicidade humana.","jnews-multi-image_gallery":[],"jnews_single_post":{"format":"standard"},"jnews_primary_category":[],"jnews_social_meta":[],"jnews_override_counter":[],"footnotes":""},"categories":[112],"tags":[14740,5078,15940],"class_list":["post-206162","post","type-post","status-publish","format-standard","has-post-thumbnail","hentry","category-curiosidades","tag-epicteto","tag-filosofia","tag-julgamento"],"yoast_head":"<!-- This site is optimized with the Yoast SEO plugin v24.6 - https:\/\/yoast.com\/wordpress\/plugins\/seo\/ -->\n<title>O que Epicteto quis dizer quando afirmou que \u201cN\u00e3o s\u00e3o as coisas que nos perturbam, mas a forma como as interpretamos\u201d - Correio Braziliense - Radar<\/title>\n<meta name=\"description\" content=\"Uma frase de Epicteto atravessou s\u00e9culos e revela uma vis\u00e3o surpreendente sobre sofrimento e felicidade humana.\" \/>\n<meta name=\"robots\" content=\"index, follow, max-snippet:-1, max-image-preview:large, max-video-preview:-1\" \/>\n<link rel=\"canonical\" href=\"https:\/\/www.correiobraziliense.com.br\/cbradar\/o-que-epicteto-quis-dizer-quando-afirmou-que-nao-sao-as-coisas-que-nos-perturbam-mas-a-forma-como-as-interpretamos\/\" \/>\n<meta property=\"og:locale\" content=\"pt_BR\" \/>\n<meta property=\"og:type\" content=\"article\" \/>\n<meta property=\"og:title\" content=\"O que Epicteto quis dizer quando afirmou que \u201cN\u00e3o s\u00e3o as coisas que nos perturbam, mas a forma como as interpretamos\u201d - Correio Braziliense - Radar\" \/>\n<meta property=\"og:description\" content=\"Uma frase de Epicteto atravessou s\u00e9culos e revela uma vis\u00e3o surpreendente sobre sofrimento e felicidade humana.\" \/>\n<meta property=\"og:url\" content=\"https:\/\/www.correiobraziliense.com.br\/cbradar\/o-que-epicteto-quis-dizer-quando-afirmou-que-nao-sao-as-coisas-que-nos-perturbam-mas-a-forma-como-as-interpretamos\/\" \/>\n<meta property=\"og:site_name\" content=\"Correio Braziliense - Radar\" \/>\n<meta property=\"article:published_time\" content=\"2026-03-12T03:45:00+00:00\" \/>\n<meta property=\"og:image\" content=\"https:\/\/www.correiobraziliense.com.br\/cbradar\/wp-content\/uploads\/2026\/03\/Gemini_Generated_Image_rod0ejrod0ejrod0-1-1.png\" \/>\n\t<meta property=\"og:image:width\" content=\"1280\" \/>\n\t<meta property=\"og:image:height\" content=\"720\" \/>\n\t<meta property=\"og:image:type\" content=\"image\/png\" \/>\n<meta name=\"author\" content=\"Patrick Silva\" \/>\n<meta name=\"twitter:card\" content=\"summary_large_image\" \/>\n<meta name=\"twitter:label1\" content=\"Escrito por\" \/>\n\t<meta name=\"twitter:data1\" content=\"Patrick Silva\" \/>\n\t<meta name=\"twitter:label2\" content=\"Est. tempo de leitura\" \/>\n\t<meta name=\"twitter:data2\" content=\"5 minutos\" \/>\n<!-- \/ Yoast SEO plugin. -->","yoast_head_json":{"title":"O que Epicteto quis dizer quando afirmou que \u201cN\u00e3o s\u00e3o as coisas que nos perturbam, mas a forma como as interpretamos\u201d - Correio Braziliense - Radar","description":"Uma frase de Epicteto atravessou s\u00e9culos e revela uma vis\u00e3o surpreendente sobre sofrimento e felicidade humana.","robots":{"index":"index","follow":"follow","max-snippet":"max-snippet:-1","max-image-preview":"max-image-preview:large","max-video-preview":"max-video-preview:-1"},"canonical":"https:\/\/www.correiobraziliense.com.br\/cbradar\/o-que-epicteto-quis-dizer-quando-afirmou-que-nao-sao-as-coisas-que-nos-perturbam-mas-a-forma-como-as-interpretamos\/","og_locale":"pt_BR","og_type":"article","og_title":"O que Epicteto quis dizer quando afirmou que \u201cN\u00e3o s\u00e3o as coisas que nos perturbam, mas a forma como as interpretamos\u201d - Correio Braziliense - Radar","og_description":"Uma frase de Epicteto atravessou s\u00e9culos e revela uma vis\u00e3o surpreendente sobre sofrimento e felicidade humana.","og_url":"https:\/\/www.correiobraziliense.com.br\/cbradar\/o-que-epicteto-quis-dizer-quando-afirmou-que-nao-sao-as-coisas-que-nos-perturbam-mas-a-forma-como-as-interpretamos\/","og_site_name":"Correio Braziliense - Radar","article_published_time":"2026-03-12T03:45:00+00:00","og_image":[{"width":1280,"height":720,"url":"https:\/\/www.correiobraziliense.com.br\/cbradar\/wp-content\/uploads\/2026\/03\/Gemini_Generated_Image_rod0ejrod0ejrod0-1-1.png","type":"image\/png"}],"author":"Patrick Silva","twitter_card":"summary_large_image","twitter_misc":{"Escrito por":"Patrick Silva","Est. tempo de leitura":"5 minutos"},"schema":{"@context":"https:\/\/schema.org","@graph":[{"@type":"WebPage","@id":"https:\/\/www.correiobraziliense.com.br\/cbradar\/o-que-epicteto-quis-dizer-quando-afirmou-que-nao-sao-as-coisas-que-nos-perturbam-mas-a-forma-como-as-interpretamos\/","url":"https:\/\/www.correiobraziliense.com.br\/cbradar\/o-que-epicteto-quis-dizer-quando-afirmou-que-nao-sao-as-coisas-que-nos-perturbam-mas-a-forma-como-as-interpretamos\/","name":"O que Epicteto quis dizer quando afirmou que \u201cN\u00e3o s\u00e3o as coisas que nos perturbam, mas a forma como as interpretamos\u201d - Correio Braziliense - Radar","isPartOf":{"@id":"https:\/\/www.correiobraziliense.com.br\/cbradar\/#website"},"primaryImageOfPage":{"@id":"https:\/\/www.correiobraziliense.com.br\/cbradar\/o-que-epicteto-quis-dizer-quando-afirmou-que-nao-sao-as-coisas-que-nos-perturbam-mas-a-forma-como-as-interpretamos\/#primaryimage"},"image":{"@id":"https:\/\/www.correiobraziliense.com.br\/cbradar\/o-que-epicteto-quis-dizer-quando-afirmou-que-nao-sao-as-coisas-que-nos-perturbam-mas-a-forma-como-as-interpretamos\/#primaryimage"},"thumbnailUrl":"https:\/\/www.correiobraziliense.com.br\/cbradar\/wp-content\/uploads\/2026\/03\/Gemini_Generated_Image_rod0ejrod0ejrod0-1-1.png","datePublished":"2026-03-12T03:45:00+00:00","author":{"@id":"https:\/\/www.correiobraziliense.com.br\/cbradar\/#\/schema\/person\/5440b72be9c7eb74f446c846479dc4da"},"description":"Uma frase de Epicteto atravessou s\u00e9culos e revela uma vis\u00e3o surpreendente sobre sofrimento e felicidade humana.","breadcrumb":{"@id":"https:\/\/www.correiobraziliense.com.br\/cbradar\/o-que-epicteto-quis-dizer-quando-afirmou-que-nao-sao-as-coisas-que-nos-perturbam-mas-a-forma-como-as-interpretamos\/#breadcrumb"},"inLanguage":"pt-BR","potentialAction":[{"@type":"ReadAction","target":["https:\/\/www.correiobraziliense.com.br\/cbradar\/o-que-epicteto-quis-dizer-quando-afirmou-que-nao-sao-as-coisas-que-nos-perturbam-mas-a-forma-como-as-interpretamos\/"]}]},{"@type":"ImageObject","inLanguage":"pt-BR","@id":"https:\/\/www.correiobraziliense.com.br\/cbradar\/o-que-epicteto-quis-dizer-quando-afirmou-que-nao-sao-as-coisas-que-nos-perturbam-mas-a-forma-como-as-interpretamos\/#primaryimage","url":"https:\/\/www.correiobraziliense.com.br\/cbradar\/wp-content\/uploads\/2026\/03\/Gemini_Generated_Image_rod0ejrod0ejrod0-1-1.png","contentUrl":"https:\/\/www.correiobraziliense.com.br\/cbradar\/wp-content\/uploads\/2026\/03\/Gemini_Generated_Image_rod0ejrod0ejrod0-1-1.png","width":1280,"height":720,"caption":"A frase de Epicteto que revela uma vis\u00e3o surpreendente sobre sofrimento e controle da mente"},{"@type":"BreadcrumbList","@id":"https:\/\/www.correiobraziliense.com.br\/cbradar\/o-que-epicteto-quis-dizer-quando-afirmou-que-nao-sao-as-coisas-que-nos-perturbam-mas-a-forma-como-as-interpretamos\/#breadcrumb","itemListElement":[{"@type":"ListItem","position":1,"name":"In\u00edcio","item":"https:\/\/www.correiobraziliense.com.br\/cbradar\/"},{"@type":"ListItem","position":2,"name":"O que Epicteto quis dizer quando afirmou que \u201cN\u00e3o s\u00e3o as coisas que nos perturbam, mas a forma como as interpretamos\u201d"}]},{"@type":"WebSite","@id":"https:\/\/www.correiobraziliense.com.br\/cbradar\/#website","url":"https:\/\/www.correiobraziliense.com.br\/cbradar\/","name":"Correio Braziliense - Radar","description":"Acompanhe as \u00faltimas not\u00edcias e fique bem informado sobre tudo o que acontece no Brasil e no mundo.","potentialAction":[{"@type":"SearchAction","target":{"@type":"EntryPoint","urlTemplate":"https:\/\/www.correiobraziliense.com.br\/cbradar\/?s={search_term_string}"},"query-input":{"@type":"PropertyValueSpecification","valueRequired":true,"valueName":"search_term_string"}}],"inLanguage":"pt-BR"},{"@type":"Person","@id":"https:\/\/www.correiobraziliense.com.br\/cbradar\/#\/schema\/person\/5440b72be9c7eb74f446c846479dc4da","name":"Patrick Silva","image":{"@type":"ImageObject","inLanguage":"pt-BR","@id":"https:\/\/www.correiobraziliense.com.br\/cbradar\/#\/schema\/person\/image\/","url":"https:\/\/secure.gravatar.com\/avatar\/944109df296fc087785c9715fd5f80b2?s=96&d=mm&r=g","contentUrl":"https:\/\/secure.gravatar.com\/avatar\/944109df296fc087785c9715fd5f80b2?s=96&d=mm&r=g","caption":"Patrick Silva"},"sameAs":["https:\/\/www.correiobraziliense.com.br\/cbradar\/"],"url":"https:\/\/www.correiobraziliense.com.br\/cbradar\/author\/patrick-silva\/"}]}},"_links":{"self":[{"href":"https:\/\/www.correiobraziliense.com.br\/cbradar\/wp-json\/wp\/v2\/posts\/206162","targetHints":{"allow":["GET"]}}],"collection":[{"href":"https:\/\/www.correiobraziliense.com.br\/cbradar\/wp-json\/wp\/v2\/posts"}],"about":[{"href":"https:\/\/www.correiobraziliense.com.br\/cbradar\/wp-json\/wp\/v2\/types\/post"}],"author":[{"embeddable":true,"href":"https:\/\/www.correiobraziliense.com.br\/cbradar\/wp-json\/wp\/v2\/users\/21"}],"replies":[{"embeddable":true,"href":"https:\/\/www.correiobraziliense.com.br\/cbradar\/wp-json\/wp\/v2\/comments?post=206162"}],"version-history":[{"count":4,"href":"https:\/\/www.correiobraziliense.com.br\/cbradar\/wp-json\/wp\/v2\/posts\/206162\/revisions"}],"predecessor-version":[{"id":206172,"href":"https:\/\/www.correiobraziliense.com.br\/cbradar\/wp-json\/wp\/v2\/posts\/206162\/revisions\/206172"}],"wp:featuredmedia":[{"embeddable":true,"href":"https:\/\/www.correiobraziliense.com.br\/cbradar\/wp-json\/wp\/v2\/media\/206168"}],"wp:attachment":[{"href":"https:\/\/www.correiobraziliense.com.br\/cbradar\/wp-json\/wp\/v2\/media?parent=206162"}],"wp:term":[{"taxonomy":"category","embeddable":true,"href":"https:\/\/www.correiobraziliense.com.br\/cbradar\/wp-json\/wp\/v2\/categories?post=206162"},{"taxonomy":"post_tag","embeddable":true,"href":"https:\/\/www.correiobraziliense.com.br\/cbradar\/wp-json\/wp\/v2\/tags?post=206162"}],"curies":[{"name":"wp","href":"https:\/\/api.w.org\/{rel}","templated":true}]}}