{"id":206178,"date":"2026-03-11T09:55:00","date_gmt":"2026-03-11T12:55:00","guid":{"rendered":"https:\/\/www.correiobraziliense.com.br\/cbradar\/?p=206178"},"modified":"2026-03-10T18:20:06","modified_gmt":"2026-03-10T21:20:06","slug":"o-alimento-fermentado-que-ajuda-a-fortalecer-a-flora-intestinal-e-e-conhecido-como-o-iogurte-do-caucaso","status":"publish","type":"post","link":"https:\/\/www.correiobraziliense.com.br\/cbradar\/o-alimento-fermentado-que-ajuda-a-fortalecer-a-flora-intestinal-e-e-conhecido-como-o-iogurte-do-caucaso\/","title":{"rendered":"O alimento fermentado que ajuda a fortalecer a flora intestinal e \u00e9 conhecido como \u201co iogurte do C\u00e1ucaso\u201d"},"content":{"rendered":"\n<p>O consumo regular de alimentos fermentados representa uma das melhores formas de equilibrar o sistema digestivo e fortalecer a imunidade natural do corpo humano. Entre as op\u00e7\u00f5es mais poderosas, destaca-se uma bebida milenar origin\u00e1ria das montanhas do C\u00e1ucaso que oferece trilh\u00f5es de bact\u00e9rias ben\u00e9ficas. Integrar esse probi\u00f3tico na sua dieta di\u00e1ria melhora significativamente sua sa\u00fade.<\/p>\n\n\n\n<h2 class=\"wp-block-heading\">Por que o kefir \u00e9 considerado um superalimento para sua digest\u00e3o?<\/h2>\n\n\n\n<p>O kefir diferencia-se do iogurte comum por apresentar uma diversidade muito maior de micro-organismos vivos que colonizam o trato intestinal de forma eficiente. Esses gr\u00e3os de fermenta\u00e7\u00e3o produzem compostos bioativos que combatem bact\u00e9rias patog\u00eanicas e reduzem inflama\u00e7\u00f5es sist\u00eamicas perigosas no organismo. Beber essa mistura diariamente garante que seu corpo processe nutrientes com total facilidade, leveza e muita energia vital.<\/p>\n\n\n\n<p>A presen\u00e7a de leveduras e bact\u00e9rias \u00e1cido-l\u00e1cticas em simbiose transforma o leite em um elixir digestivo capaz de restaurar a flora intestinal danificada. Especialistas sugerem que o consumo frequente auxilia na regula\u00e7\u00e3o do tr\u00e2nsito intestinal, prevenindo desconfortos abdominais e o incha\u00e7o causado por alimentos processados. Manter esse h\u00e1bito saud\u00e1vel \u00e9 o segredo para um <strong>metabolismo equilibrado<\/strong>, forte e bastante resiliente para o seu dia a dia.<\/p>\n\n\n\n<figure class=\"wp-block-image size-full\"><img decoding=\"async\" width=\"1280\" height=\"720\" src=\"https:\/\/www.correiobraziliense.com.br\/cbradar\/wp-content\/uploads\/2026\/03\/Gemini_Generated_Image_v660rrv660rrv660-1-1.png\" alt=\"O alimento fermentado que ajuda a fortalecer a flora intestinal e \u00e9 conhecido como \u201co iogurte do C\u00e1ucaso\u201d\" class=\"wp-image-206317\" srcset=\"https:\/\/www.correiobraziliense.com.br\/cbradar\/wp-content\/uploads\/2026\/03\/Gemini_Generated_Image_v660rrv660rrv660-1-1.png 1280w, https:\/\/www.correiobraziliense.com.br\/cbradar\/wp-content\/uploads\/2026\/03\/Gemini_Generated_Image_v660rrv660rrv660-1-1-300x169.png 300w, https:\/\/www.correiobraziliense.com.br\/cbradar\/wp-content\/uploads\/2026\/03\/Gemini_Generated_Image_v660rrv660rrv660-1-1-768x432.png 768w, https:\/\/www.correiobraziliense.com.br\/cbradar\/wp-content\/uploads\/2026\/03\/Gemini_Generated_Image_v660rrv660rrv660-1-1-750x422.png 750w, https:\/\/www.correiobraziliense.com.br\/cbradar\/wp-content\/uploads\/2026\/03\/Gemini_Generated_Image_v660rrv660rrv660-1-1-1140x641.png 1140w\" sizes=\"(max-width: 1280px) 100vw, 1280px\" \/><figcaption class=\"wp-element-caption\">Bebida fermentada rica em probi\u00f3ticos fortalece a imunidade e ajuda a equilibrar a flora intestinal naturalmente<\/figcaption><\/figure>\n\n\n\n<h2 class=\"wp-block-heading\">Quais s\u00e3o as principais diferen\u00e7as entre a vers\u00e3o de leite e de \u00e1gua?<\/h2>\n\n\n\n<p>A vers\u00e3o tradicional feita com leite integral oferece uma textura cremosa e uma carga proteica elevada, sendo ideal para quem busca saciedade duradoura. J\u00e1 o kefir de \u00e1gua representa uma alternativa excelente para veganos ou pessoas com restri\u00e7\u00f5es severas aos derivados de origem animal. Ambas as varia\u00e7\u00f5es preservam as propriedades probi\u00f3ticas essenciais que promovem o <strong>fortalecimento do sistema imunol\u00f3gico<\/strong> humano de forma natural.<\/p>\n\n\n\n<p>Escolher entre as duas modalidades depende exclusivamente das suas prefer\u00eancias de sabor e das necessidades nutricionais espec\u00edficas de cada indiv\u00edduo no dia. Enquanto o de leite possui c\u00e1lcio e vitaminas do complexo B, o de \u00e1gua destaca-se pela leveza e baixa densidade cal\u00f3rica total. Independentemente da escolha, a fermenta\u00e7\u00e3o caseira garante um produto fresco, livre de conservantes qu\u00edmicos e muito nutritivo para voc\u00ea.<\/p>\n\n\n\n<h2 class=\"wp-block-heading\">Como preparar essa bebida probi\u00f3tica de forma segura em sua casa?<\/h2>\n\n\n\n<p>O processo de preparo exige apenas os gr\u00e3os de kefir, um frasco de vidro limpo e o l\u00edquido de sua prefer\u00eancia para iniciar a fermenta\u00e7\u00e3o. Deixe a mistura descansar em temperatura ambiente por cerca de vinte e quatro horas, protegida da luz solar direta e de impurezas externas. Ap\u00f3s esse per\u00edodo, basta coar o l\u00edquido e consumir gelado para aproveitar todos os benef\u00edcios.<\/p>\n\n\n\n<p>Para garantir que seu cultivo caseiro prospere com total seguran\u00e7a e ofere\u00e7a o m\u00e1ximo de nutrientes vivos para sua flora intestinal, confira a lista abaixo:<\/p>\n\n\n\n<ul class=\"wp-block-list\">\n<li>Utilize utens\u00edlios de pl\u00e1stico ou madeira.<\/li>\n\n\n\n<li>Higienize bem os recipientes de vidro.<\/li>\n\n\n\n<li>Mantenha a temperatura em vinte graus.<\/li>\n\n\n\n<li>Troque o leite a cada dia.<\/li>\n\n\n\n<li>Evite o uso de \u00e1gua clorada.<\/li>\n<\/ul>\n\n\n\n<h2 class=\"wp-block-heading\">Existe algum cuidado especial ao introduzir probi\u00f3ticos na dieta?<\/h2>\n\n\n\n<p>Iniciar o consumo de kefir deve ser um processo gradual para permitir que o sistema digestivo se adapte \u00e0 nova carga bacteriana. Algumas pessoas podem sentir gases ou leves desconfortos intestinais nas primeiras semanas, mas esses sintomas costumam desaparecer rapidamente com a regularidade do h\u00e1bito. Beber pequenas quantidades no in\u00edcio \u00e9 a <strong>estrat\u00e9gia ideal para evitar rea\u00e7\u00f5es<\/strong> adversas e desconfort\u00e1veis em seu organismo.<\/p>\n\n\n\n<p>Consultar um profissional de sa\u00fade \u00e9 fundamental para quem possui condi\u00e7\u00f5es m\u00e9dicas pr\u00e9-existentes ou sistemas imunol\u00f3gicos debilitados por tratamentos espec\u00edficos e longos. A modera\u00e7\u00e3o garante que voc\u00ea colha apenas os impactos positivos dessa bebida milenar, transformando sua sa\u00fade interna sem causar estresse ao organismo. Priorizar a qualidade dos ingredientes \u00e9 o caminho mais seguro para uma <strong>vitalidade f\u00edsica verdadeiramente duradoura<\/strong> e plena agora.<\/p>\n\n\n\n<p>No v\u00eddeo abaixo do TikTok <strong><em>Saudenocopoo<\/em><\/strong>, que conta com mais de <strong><em>545 mil <\/em><\/strong>seguidores, ele cita os benef\u00edcios do iorgute natural:<\/p>\n\n\n\n<blockquote class=\"tiktok-embed\" cite=\"https:\/\/www.tiktok.com\/@saudenocopoo\/video\/7516917854004972856\" data-video-id=\"7516917854004972856\" style=\"max-width: 605px;min-width: 325px;\" > <section> <a target=\"_blank\" title=\"@saudenocopoo\" href=\"https:\/\/www.tiktok.com\/@saudenocopoo?refer=embed\">@saudenocopoo<\/a> Iorgute natural um dos melhores Probioticos do mundo!  <a title=\"iorgutenatural\" target=\"_blank\" href=\"https:\/\/www.tiktok.com\/tag\/iorgutenatural?refer=embed\">#iorgutenatural<\/a> <a title=\"saude\" target=\"_blank\" href=\"https:\/\/www.tiktok.com\/tag\/saude?refer=embed\">#saude<\/a> <a title=\"tiagorocha\" target=\"_blank\" href=\"https:\/\/www.tiktok.com\/tag\/tiagorocha?refer=embed\">#tiagorocha<\/a> <a title=\"fyp\" target=\"_blank\" href=\"https:\/\/www.tiktok.com\/tag\/fyp?refer=embed\">#fyp<\/a> <a target=\"_blank\" title=\"\u266c Paris - Else\" href=\"https:\/\/www.tiktok.com\/music\/Paris-6766128122128500738?refer=embed\">\u266c Paris &#8211; Else<\/a> <\/section> <\/blockquote> <script async src=\"https:\/\/www.tiktok.com\/embed.js\"><\/script>\n\n\n\n<p>Leia tamb\u00e9m: <a href=\"https:\/\/www.correiobraziliense.com.br\/cbradar\/quais-sao-os-alimentos-vegetais-que-podem-ter-mais-proteina-que-os-ovos\/\" target=\"_blank\" rel=\"noreferrer noopener\">Quais s\u00e3o os alimentos vegetais que podem ter mais prote\u00edna que os ovos<\/a><\/p>\n\n\n\n<h2 class=\"wp-block-heading\">O que as pesquisas cient\u00edficas afirmam sobre o uso de probi\u00f3ticos?<\/h2>\n\n\n\n<p>Diversas institui\u00e7\u00f5es de renome global comprovam que o uso de micro-organismos vivos auxilia na preven\u00e7\u00e3o de infec\u00e7\u00f5es e melhora a resposta al\u00e9rgica do corpo. A ci\u00eancia moderna valida o que povos antigos j\u00e1 sabiam sobre o poder restaurador dessas bebidas fermentadas para o bem-estar humano integral. Seguir orienta\u00e7\u00f5es baseadas em evid\u00eancias concretas protege sua sa\u00fade contra informa\u00e7\u00f5es falsas e pr\u00e1ticas alimentares perigosas atualmente.<\/p>\n\n\n\n<p>A <strong>Cleveland Clinic<\/strong> destaca que o kefir cont\u00e9m uma variedade \u00fanica de probi\u00f3ticos que podem melhorar a sa\u00fade \u00f3ssea e o controle glic\u00eamico de forma natural. Ao adotar essas diretrizes, voc\u00ea garante que sua microbiota funcione com efici\u00eancia m\u00e1xima, prevenindo complica\u00e7\u00f5es futuras de sa\u00fade. Para entender todos os benef\u00edcios cl\u00ednicos detalhados, acesse o guia oficial da <a target=\"_blank\" rel=\"noreferrer noopener\" href=\"https:\/\/health.clevelandclinic.org\/benefits-of-kefir\">Cleveland Clinic<\/a> e cuide do seu corpo com total seguran\u00e7a.<\/p>\n","protected":false},"excerpt":{"rendered":"<p>O consumo regular de alimentos fermentados representa uma das melhores formas de equilibrar o sistema digestivo e fortalecer a imunidade natural do corpo humano. Entre as op\u00e7\u00f5es mais poderosas, destaca-se uma bebida milenar origin\u00e1ria das montanhas do C\u00e1ucaso que oferece trilh\u00f5es de bact\u00e9rias ben\u00e9ficas. Integrar esse probi\u00f3tico na sua dieta di\u00e1ria melhora significativamente sua sa\u00fade. [&hellip;]<\/p>\n","protected":false},"author":21,"featured_media":206186,"comment_status":"open","ping_status":"open","sticky":false,"template":"","format":"standard","meta":{"_yoast_wpseo_focuskw":"benef\u00edcios do iogurte do C\u00e1ucaso","_yoast_wpseo_title":"","_yoast_wpseo_metadesc":"Uma bebida fermentada milenar ganha destaque por ajudar a equilibrar a flora intestinal e fortalecer a imunidade com bilh\u00f5es de probi\u00f3ticos","jnews-multi-image_gallery":[],"jnews_single_post":{"format":"standard"},"jnews_primary_category":[],"jnews_social_meta":[],"jnews_override_counter":[],"footnotes":""},"categories":[119],"tags":[281,1524,6223,15942],"class_list":["post-206178","post","type-post","status-publish","format-standard","has-post-thumbnail","hentry","category-bem-estar","tag-alimentacao","tag-alimento","tag-flora-intestinal","tag-iorgute"],"yoast_head":"<!-- This site is optimized with the Yoast SEO plugin v24.6 - https:\/\/yoast.com\/wordpress\/plugins\/seo\/ -->\n<title>O alimento fermentado que ajuda a fortalecer a flora intestinal e \u00e9 conhecido como \u201co iogurte do C\u00e1ucaso\u201d - Correio Braziliense - Radar<\/title>\n<meta name=\"description\" content=\"Uma bebida fermentada milenar ganha destaque por ajudar a equilibrar a flora intestinal e fortalecer a imunidade com bilh\u00f5es de probi\u00f3ticos\" \/>\n<meta name=\"robots\" content=\"index, follow, max-snippet:-1, max-image-preview:large, max-video-preview:-1\" \/>\n<link rel=\"canonical\" href=\"https:\/\/www.correiobraziliense.com.br\/cbradar\/o-alimento-fermentado-que-ajuda-a-fortalecer-a-flora-intestinal-e-e-conhecido-como-o-iogurte-do-caucaso\/\" \/>\n<meta property=\"og:locale\" content=\"pt_BR\" \/>\n<meta property=\"og:type\" content=\"article\" \/>\n<meta property=\"og:title\" content=\"O alimento fermentado que ajuda a fortalecer a flora intestinal e \u00e9 conhecido como \u201co iogurte do C\u00e1ucaso\u201d - Correio Braziliense - Radar\" \/>\n<meta property=\"og:description\" content=\"Uma bebida fermentada milenar ganha destaque por ajudar a equilibrar a flora intestinal e fortalecer a imunidade com bilh\u00f5es de probi\u00f3ticos\" \/>\n<meta property=\"og:url\" content=\"https:\/\/www.correiobraziliense.com.br\/cbradar\/o-alimento-fermentado-que-ajuda-a-fortalecer-a-flora-intestinal-e-e-conhecido-como-o-iogurte-do-caucaso\/\" \/>\n<meta property=\"og:site_name\" content=\"Correio Braziliense - Radar\" \/>\n<meta property=\"article:published_time\" content=\"2026-03-11T12:55:00+00:00\" \/>\n<meta property=\"og:image\" content=\"https:\/\/www.correiobraziliense.com.br\/cbradar\/wp-content\/uploads\/2026\/03\/Gemini_Generated_Image_hdfp81hdfp81hdfp-1-1.png\" \/>\n\t<meta property=\"og:image:width\" content=\"1280\" \/>\n\t<meta property=\"og:image:height\" content=\"720\" \/>\n\t<meta property=\"og:image:type\" content=\"image\/png\" \/>\n<meta name=\"author\" content=\"Patrick Silva\" \/>\n<meta name=\"twitter:card\" content=\"summary_large_image\" \/>\n<meta name=\"twitter:label1\" content=\"Escrito por\" \/>\n\t<meta name=\"twitter:data1\" content=\"Patrick Silva\" \/>\n\t<meta name=\"twitter:label2\" content=\"Est. tempo de leitura\" \/>\n\t<meta name=\"twitter:data2\" content=\"5 minutos\" \/>\n<!-- \/ Yoast SEO plugin. -->","yoast_head_json":{"title":"O alimento fermentado que ajuda a fortalecer a flora intestinal e \u00e9 conhecido como \u201co iogurte do C\u00e1ucaso\u201d - Correio Braziliense - Radar","description":"Uma bebida fermentada milenar ganha destaque por ajudar a equilibrar a flora intestinal e fortalecer a imunidade com bilh\u00f5es de probi\u00f3ticos","robots":{"index":"index","follow":"follow","max-snippet":"max-snippet:-1","max-image-preview":"max-image-preview:large","max-video-preview":"max-video-preview:-1"},"canonical":"https:\/\/www.correiobraziliense.com.br\/cbradar\/o-alimento-fermentado-que-ajuda-a-fortalecer-a-flora-intestinal-e-e-conhecido-como-o-iogurte-do-caucaso\/","og_locale":"pt_BR","og_type":"article","og_title":"O alimento fermentado que ajuda a fortalecer a flora intestinal e \u00e9 conhecido como \u201co iogurte do C\u00e1ucaso\u201d - Correio Braziliense - Radar","og_description":"Uma bebida fermentada milenar ganha destaque por ajudar a equilibrar a flora intestinal e fortalecer a imunidade com bilh\u00f5es de probi\u00f3ticos","og_url":"https:\/\/www.correiobraziliense.com.br\/cbradar\/o-alimento-fermentado-que-ajuda-a-fortalecer-a-flora-intestinal-e-e-conhecido-como-o-iogurte-do-caucaso\/","og_site_name":"Correio Braziliense - Radar","article_published_time":"2026-03-11T12:55:00+00:00","og_image":[{"width":1280,"height":720,"url":"https:\/\/www.correiobraziliense.com.br\/cbradar\/wp-content\/uploads\/2026\/03\/Gemini_Generated_Image_hdfp81hdfp81hdfp-1-1.png","type":"image\/png"}],"author":"Patrick Silva","twitter_card":"summary_large_image","twitter_misc":{"Escrito por":"Patrick Silva","Est. tempo de leitura":"5 minutos"},"schema":{"@context":"https:\/\/schema.org","@graph":[{"@type":"WebPage","@id":"https:\/\/www.correiobraziliense.com.br\/cbradar\/o-alimento-fermentado-que-ajuda-a-fortalecer-a-flora-intestinal-e-e-conhecido-como-o-iogurte-do-caucaso\/","url":"https:\/\/www.correiobraziliense.com.br\/cbradar\/o-alimento-fermentado-que-ajuda-a-fortalecer-a-flora-intestinal-e-e-conhecido-como-o-iogurte-do-caucaso\/","name":"O alimento fermentado que ajuda a fortalecer a flora intestinal e \u00e9 conhecido como \u201co iogurte do C\u00e1ucaso\u201d - Correio Braziliense - Radar","isPartOf":{"@id":"https:\/\/www.correiobraziliense.com.br\/cbradar\/#website"},"primaryImageOfPage":{"@id":"https:\/\/www.correiobraziliense.com.br\/cbradar\/o-alimento-fermentado-que-ajuda-a-fortalecer-a-flora-intestinal-e-e-conhecido-como-o-iogurte-do-caucaso\/#primaryimage"},"image":{"@id":"https:\/\/www.correiobraziliense.com.br\/cbradar\/o-alimento-fermentado-que-ajuda-a-fortalecer-a-flora-intestinal-e-e-conhecido-como-o-iogurte-do-caucaso\/#primaryimage"},"thumbnailUrl":"https:\/\/www.correiobraziliense.com.br\/cbradar\/wp-content\/uploads\/2026\/03\/Gemini_Generated_Image_hdfp81hdfp81hdfp-1-1.png","datePublished":"2026-03-11T12:55:00+00:00","author":{"@id":"https:\/\/www.correiobraziliense.com.br\/cbradar\/#\/schema\/person\/5440b72be9c7eb74f446c846479dc4da"},"description":"Uma bebida fermentada milenar ganha destaque por ajudar a equilibrar a flora intestinal e fortalecer a imunidade com bilh\u00f5es de probi\u00f3ticos","breadcrumb":{"@id":"https:\/\/www.correiobraziliense.com.br\/cbradar\/o-alimento-fermentado-que-ajuda-a-fortalecer-a-flora-intestinal-e-e-conhecido-como-o-iogurte-do-caucaso\/#breadcrumb"},"inLanguage":"pt-BR","potentialAction":[{"@type":"ReadAction","target":["https:\/\/www.correiobraziliense.com.br\/cbradar\/o-alimento-fermentado-que-ajuda-a-fortalecer-a-flora-intestinal-e-e-conhecido-como-o-iogurte-do-caucaso\/"]}]},{"@type":"ImageObject","inLanguage":"pt-BR","@id":"https:\/\/www.correiobraziliense.com.br\/cbradar\/o-alimento-fermentado-que-ajuda-a-fortalecer-a-flora-intestinal-e-e-conhecido-como-o-iogurte-do-caucaso\/#primaryimage","url":"https:\/\/www.correiobraziliense.com.br\/cbradar\/wp-content\/uploads\/2026\/03\/Gemini_Generated_Image_hdfp81hdfp81hdfp-1-1.png","contentUrl":"https:\/\/www.correiobraziliense.com.br\/cbradar\/wp-content\/uploads\/2026\/03\/Gemini_Generated_Image_hdfp81hdfp81hdfp-1-1.png","width":1280,"height":720,"caption":"Bebida fermentada rica em probi\u00f3ticos fortalece a imunidade e ajuda a equilibrar a flora intestinal naturalmente"},{"@type":"BreadcrumbList","@id":"https:\/\/www.correiobraziliense.com.br\/cbradar\/o-alimento-fermentado-que-ajuda-a-fortalecer-a-flora-intestinal-e-e-conhecido-como-o-iogurte-do-caucaso\/#breadcrumb","itemListElement":[{"@type":"ListItem","position":1,"name":"In\u00edcio","item":"https:\/\/www.correiobraziliense.com.br\/cbradar\/"},{"@type":"ListItem","position":2,"name":"O alimento fermentado que ajuda a fortalecer a flora intestinal e \u00e9 conhecido como \u201co iogurte do C\u00e1ucaso\u201d"}]},{"@type":"WebSite","@id":"https:\/\/www.correiobraziliense.com.br\/cbradar\/#website","url":"https:\/\/www.correiobraziliense.com.br\/cbradar\/","name":"Correio Braziliense - Radar","description":"Acompanhe as \u00faltimas not\u00edcias e fique bem informado sobre tudo o que acontece no Brasil e no mundo.","potentialAction":[{"@type":"SearchAction","target":{"@type":"EntryPoint","urlTemplate":"https:\/\/www.correiobraziliense.com.br\/cbradar\/?s={search_term_string}"},"query-input":{"@type":"PropertyValueSpecification","valueRequired":true,"valueName":"search_term_string"}}],"inLanguage":"pt-BR"},{"@type":"Person","@id":"https:\/\/www.correiobraziliense.com.br\/cbradar\/#\/schema\/person\/5440b72be9c7eb74f446c846479dc4da","name":"Patrick Silva","image":{"@type":"ImageObject","inLanguage":"pt-BR","@id":"https:\/\/www.correiobraziliense.com.br\/cbradar\/#\/schema\/person\/image\/","url":"https:\/\/secure.gravatar.com\/avatar\/944109df296fc087785c9715fd5f80b2?s=96&d=mm&r=g","contentUrl":"https:\/\/secure.gravatar.com\/avatar\/944109df296fc087785c9715fd5f80b2?s=96&d=mm&r=g","caption":"Patrick Silva"},"sameAs":["https:\/\/www.correiobraziliense.com.br\/cbradar\/"],"url":"https:\/\/www.correiobraziliense.com.br\/cbradar\/author\/patrick-silva\/"}]}},"_links":{"self":[{"href":"https:\/\/www.correiobraziliense.com.br\/cbradar\/wp-json\/wp\/v2\/posts\/206178","targetHints":{"allow":["GET"]}}],"collection":[{"href":"https:\/\/www.correiobraziliense.com.br\/cbradar\/wp-json\/wp\/v2\/posts"}],"about":[{"href":"https:\/\/www.correiobraziliense.com.br\/cbradar\/wp-json\/wp\/v2\/types\/post"}],"author":[{"embeddable":true,"href":"https:\/\/www.correiobraziliense.com.br\/cbradar\/wp-json\/wp\/v2\/users\/21"}],"replies":[{"embeddable":true,"href":"https:\/\/www.correiobraziliense.com.br\/cbradar\/wp-json\/wp\/v2\/comments?post=206178"}],"version-history":[{"count":2,"href":"https:\/\/www.correiobraziliense.com.br\/cbradar\/wp-json\/wp\/v2\/posts\/206178\/revisions"}],"predecessor-version":[{"id":206319,"href":"https:\/\/www.correiobraziliense.com.br\/cbradar\/wp-json\/wp\/v2\/posts\/206178\/revisions\/206319"}],"wp:featuredmedia":[{"embeddable":true,"href":"https:\/\/www.correiobraziliense.com.br\/cbradar\/wp-json\/wp\/v2\/media\/206186"}],"wp:attachment":[{"href":"https:\/\/www.correiobraziliense.com.br\/cbradar\/wp-json\/wp\/v2\/media?parent=206178"}],"wp:term":[{"taxonomy":"category","embeddable":true,"href":"https:\/\/www.correiobraziliense.com.br\/cbradar\/wp-json\/wp\/v2\/categories?post=206178"},{"taxonomy":"post_tag","embeddable":true,"href":"https:\/\/www.correiobraziliense.com.br\/cbradar\/wp-json\/wp\/v2\/tags?post=206178"}],"curies":[{"name":"wp","href":"https:\/\/api.w.org\/{rel}","templated":true}]}}