{"id":206191,"date":"2026-03-11T00:15:00","date_gmt":"2026-03-11T03:15:00","guid":{"rendered":"https:\/\/www.correiobraziliense.com.br\/cbradar\/?p=206191"},"modified":"2026-03-10T19:23:18","modified_gmt":"2026-03-10T22:23:18","slug":"chefs-brasileiros-concordam-o-melhor-feijao-nao-comeca-com-agua-mas-com-refogado","status":"publish","type":"post","link":"https:\/\/www.correiobraziliense.com.br\/cbradar\/chefs-brasileiros-concordam-o-melhor-feijao-nao-comeca-com-agua-mas-com-refogado\/","title":{"rendered":"Chefs brasileiros concordam: \u201cO melhor feij\u00e3o n\u00e3o come\u00e7a com \u00e1gua, mas com refogado\u201d"},"content":{"rendered":"\n<p>Dominar a t\u00e9cnica do feij\u00e3o perfeito exige que o cozinheiro inverta a ordem tradicional de preparo para extrair o m\u00e1ximo de sabor dos temperos naturais. O segredo para um caldo rico e aveludado reside na carameliza\u00e7\u00e3o inicial dos ingredientes, que criam uma base arom\u00e1tica profunda antes mesmo dos gr\u00e3os encontrarem a \u00e1gua. Aprender esse m\u00e9todo transforma o acompanhamento di\u00e1rio em uma experi\u00eancia gastron\u00f4mica superior.<\/p>\n\n\n\n<h2 class=\"wp-block-heading\">Por que o refogado inicial \u00e9 o segredo da profundidade de sabor?<\/h2>\n\n\n\n<p>A t\u00e9cnica de iniciar o preparo com o refogado permite que as gorduras \u2014 seja o azeite, a banha ou o \u00f3leo \u2014 absorvam os \u00f3leos essenciais do alho, da cebola e do louro em alta temperatura. Esse processo, conhecido como extra\u00e7\u00e3o lipossol\u00favel, garante que o sabor n\u00e3o se perca na dilui\u00e7\u00e3o da \u00e1gua, mas sim que envolva cada gr\u00e3o de feij\u00e3o individualmente. O resultado \u00e9 um prato com camadas de sabor muito mais complexas.<\/p>\n\n\n\n<p>Muitos cozinheiros cometem o erro de adicionar os temperos apenas ao final do cozimento, o que resulta em um caldo ralo e com gosto de &#8220;\u00e1gua temperada&#8221;. Ao refogar os gr\u00e3os secos (ou demolhados) junto aos temperos, voc\u00ea sela levemente a superf\u00edcie, ajudando a manter a integridade do feij\u00e3o enquanto ele libera o amido necess\u00e1rio para a liga. Manter a tradi\u00e7\u00e3o do refogado lento garante uma <strong>textura cremosa e leg\u00edtima<\/strong>.<\/p>\n\n\n\n<figure class=\"wp-block-image size-full\"><img decoding=\"async\" width=\"1280\" height=\"720\" src=\"https:\/\/www.correiobraziliense.com.br\/cbradar\/wp-content\/uploads\/2026\/03\/Gemini_Generated_Image_kh5o3dkh5o3dkh5o-1-1.png\" alt=\"Chefs brasileiros concordam: \u201cO melhor feij\u00e3o n\u00e3o come\u00e7a com \u00e1gua, mas com refogado\u201d\" class=\"wp-image-206287\" srcset=\"https:\/\/www.correiobraziliense.com.br\/cbradar\/wp-content\/uploads\/2026\/03\/Gemini_Generated_Image_kh5o3dkh5o3dkh5o-1-1.png 1280w, https:\/\/www.correiobraziliense.com.br\/cbradar\/wp-content\/uploads\/2026\/03\/Gemini_Generated_Image_kh5o3dkh5o3dkh5o-1-1-300x169.png 300w, https:\/\/www.correiobraziliense.com.br\/cbradar\/wp-content\/uploads\/2026\/03\/Gemini_Generated_Image_kh5o3dkh5o3dkh5o-1-1-768x432.png 768w, https:\/\/www.correiobraziliense.com.br\/cbradar\/wp-content\/uploads\/2026\/03\/Gemini_Generated_Image_kh5o3dkh5o3dkh5o-1-1-750x422.png 750w, https:\/\/www.correiobraziliense.com.br\/cbradar\/wp-content\/uploads\/2026\/03\/Gemini_Generated_Image_kh5o3dkh5o3dkh5o-1-1-1140x641.png 1140w\" sizes=\"(max-width: 1280px) 100vw, 1280px\" \/><figcaption class=\"wp-element-caption\">T\u00e9cnica simples com refogado inicial transforma o feij\u00e3o e cria um caldo mais encorpado e saboroso<\/figcaption><\/figure>\n\n\n\n<h2 class=\"wp-block-heading\">Como a escolha da gordura influencia a estrutura do caldo?<\/h2>\n\n\n\n<p>O uso de uma gordura de qualidade \u00e9 fundamental para conferir brilho e corpo ao feij\u00e3o, funcionando como o ve\u00edculo condutor de todos os temperos adicionados \u00e0 panela. A banha de porco, muito utilizada na culin\u00e1ria mineira e caipira, oferece uma densidade e um sabor defumado que o \u00f3leo vegetal comum n\u00e3o consegue reproduzir com a mesma efic\u00e1cia. Essa escolha t\u00e9cnica define a <strong>riqueza sensorial do feij\u00e3o<\/strong>.<\/p>\n\n\n\n<p>Evitar o uso de temperos prontos e industrializados protege o paladar do excesso de s\u00f3dio e conservantes que anulam o gosto natural do gr\u00e3o. Um refogado bem feito, com bacon ou paio picados bem pequenos, fornece a gordura e o sal necess\u00e1rios para que o feij\u00e3o brilhe intensamente sem a necessidade de aditivos qu\u00edmicos. O equil\u00edbrio entre a gordura e os arom\u00e1ticos \u00e9 o <strong>segredo para o sucesso<\/strong> absoluto na mesa brasileira.<\/p>\n\n\n\n<h2 class=\"wp-block-heading\">Quais s\u00e3o os passos fundamentais para atingir a cremosidade perfeita?<\/h2>\n\n\n\n<p>Antes de cobrir os gr\u00e3os com \u00e1gua, \u00e9 necess\u00e1rio garantir que o alho e a cebola estejam dourados, mas n\u00e3o queimados, para evitar o amargor no caldo final. Esse passo garante que o feij\u00e3o absorva o tempero desde o primeiro minuto de press\u00e3o ou cozimento lento, resultando em um gr\u00e3o saboroso por dentro e por fora. Conhe\u00e7a as etapas que garantem a <strong>perfei\u00e7\u00e3o t\u00e9cnica na cozinha<\/strong>:<\/p>\n\n\n\n<ul class=\"wp-block-list\">\n<li>Fritura do bacon ou paio para liberar gordura.<\/li>\n\n\n\n<li>Adi\u00e7\u00e3o da cebola at\u00e9 ficar transl\u00facida.<\/li>\n\n\n\n<li>Alho picado ou amassado por \u00faltimo para n\u00e3o queimar.<\/li>\n\n\n\n<li>Tostagem r\u00e1pida dos gr\u00e3os no refogado.<\/li>\n\n\n\n<li>Adi\u00e7\u00e3o de \u00e1gua quente (nunca fria) para n\u00e3o interromper o calor.<\/li>\n<\/ul>\n\n\n\n<h2 class=\"wp-block-heading\">Ser\u00e1 que o tipo de feij\u00e3o altera a t\u00e9cnica do refogado?<\/h2>\n\n\n\n<p>Embora o feij\u00e3o carioca seja o mais comum nas mesas do pa\u00eds, o feij\u00e3o preto ou o fradinho tamb\u00e9m se beneficiam enormemente dessa t\u00e9cnica de in\u00edcio arom\u00e1tico. O feij\u00e3o preto, por exemplo, exige um refogado com mais louro e talvez um toque de cominho para real\u00e7ar suas notas terrosas e profundas. A qualidade do gr\u00e3o novo, colhido recentemente, define a <strong>maciez e o tempo de cozimento<\/strong>.<\/p>\n\n\n\n<p>Utilizar gr\u00e3os que ficaram de molho por pelo menos doze horas ajuda a eliminar os antinutrientes e facilita a digest\u00e3o, al\u00e9m de reduzir o tempo de fogo. Essa escolha t\u00e9cnica evita que o feij\u00e3o fique &#8220;duro&#8221; mesmo ap\u00f3s horas de fervura, mantendo a suavidade esperada por qualquer apreciador da boa comida caseira. A precis\u00e3o no preparo inicial reflete o seu <strong>comprometimento com a excel\u00eancia<\/strong>.<\/p>\n\n\n\n<p>No v\u00eddeo abaixo do TikTok <strong><em>Chefjoaovieira<\/em><\/strong>, que conta com mais de<strong><em> 497 mil<\/em><\/strong> seguidores, ele ensina fazer o feij\u00e3o perfeito:<\/p>\n\n\n\n<blockquote class=\"tiktok-embed\" cite=\"https:\/\/www.tiktok.com\/@chefjoaovieira\/video\/7528397881796021509\" data-video-id=\"7528397881796021509\" style=\"max-width: 605px;min-width: 325px;\" > <section> <a target=\"_blank\" title=\"@chefjoaovieira\" href=\"https:\/\/www.tiktok.com\/@chefjoaovieira?refer=embed\">@chefjoaovieira<\/a> FEIJ\u00c3O PERFEITO  Hoje eu vou te provar que voc\u00ea n\u00e3o sabe fazer feij\u00e3o. Voc\u00ea j\u00e1 colocou tomate, batata e cebola inteiros pra cozinhar junto com o feij\u00e3o? Depois de cozidos, esses ingredientes foram processados com o pr\u00f3prio caldo e voltaram pra panela resultado: um caldo encorpado, com brilho e textura de restaurante. \u00c9 t\u00e9cnica, n\u00e3o truque. Demolha correta, arom\u00e1ticos bem usados e coc\u00e7\u00e3o precisa. A base da cozinha brasileira merece mais respeito. \ud83d\udc68\u200d\ud83c\udf73 Marca quem ainda acha que feij\u00e3o \u00e9 s\u00f3 jogar na panela e esperar. \ud83d\udccc Salva essa receita e come\u00e7a a repensar o b\u00e1sico a\u00ed na sua cozinha. <a title=\"chef\" target=\"_blank\" href=\"https:\/\/www.tiktok.com\/tag\/chef?refer=embed\">#chef<\/a> <a title=\"comida\" target=\"_blank\" href=\"https:\/\/www.tiktok.com\/tag\/comida?refer=embed\">#comida<\/a> <a title=\"restaurante\" target=\"_blank\" href=\"https:\/\/www.tiktok.com\/tag\/restaurante?refer=embed\">#restaurante<\/a> <a title=\"receita\" target=\"_blank\" href=\"https:\/\/www.tiktok.com\/tag\/receita?refer=embed\">#receita<\/a> <a title=\"cozinha\" target=\"_blank\" href=\"https:\/\/www.tiktok.com\/tag\/cozinha?refer=embed\">#cozinha<\/a> <a title=\"feijao\" target=\"_blank\" href=\"https:\/\/www.tiktok.com\/tag\/feijao?refer=embed\">#feijao<\/a> <a target=\"_blank\" title=\"\u266c Dark and mysterious trap beat Long Version(1561941) - Koko ni studio\" href=\"https:\/\/www.tiktok.com\/music\/Dark-and-mysterious-trap-beat-Long-Version-1561941-7392672035477293072?refer=embed\">\u266c Dark and mysterious trap beat Long Version(1561941) &#8211; Koko ni studio<\/a> <\/section> <\/blockquote> <script async src=\"https:\/\/www.tiktok.com\/embed.js\"><\/script>\n\n\n\n<p>Leia tamb\u00e9m: <a href=\"https:\/\/www.correiobraziliense.com.br\/cbradar\/quais-sao-os-alimentos-vegetais-que-podem-ter-mais-proteina-que-os-ovos\/\" target=\"_blank\" rel=\"noreferrer noopener\">Quais s\u00e3o os alimentos vegetais que podem ter mais prote\u00edna que os ovos<\/a><\/p>\n\n\n\n<h2 class=\"wp-block-heading\">O que dizem os especialistas em nutri\u00e7\u00e3o sobre o feij\u00e3o brasileiro?<\/h2>\n\n\n\n<p>Diretrizes de nutri\u00e7\u00e3o refor\u00e7am que a combina\u00e7\u00e3o de arroz e feij\u00e3o \u00e9 um pilar da sa\u00fade p\u00fablica focado em fornecer todos os amino\u00e1cidos essenciais ao corpo humano. O uso de temperos naturais no refogado, como a c\u00farcuma ou a salsa, potencializa as propriedades antioxidantes do prato de forma totalmente natural e segura. Seguir o m\u00e9todo cl\u00e1ssico protege a <strong>identidade nutricional da nossa dieta<\/strong>.<\/p>\n\n\n\n<p>O <strong>Guia Alimentar para a Popula\u00e7\u00e3o Brasileira<\/strong> destaca que o consumo di\u00e1rio de feij\u00e3o est\u00e1 associado \u00e0 preven\u00e7\u00e3o de diversas doen\u00e7as cr\u00f4nicas devido ao alto teor de fibras e ferro. Ao adotar essas diretrizes, voc\u00ea assegura que sua alimenta\u00e7\u00e3o seja n\u00e3o apenas saborosa, mas tamb\u00e9m um suporte vital para sua longevidade. Acesse os fundamentos da alimenta\u00e7\u00e3o brasileira no portal do <a href=\"https:\/\/www.gov.br\/saude\/pt-br\/assuntos\/saude-de-a-a-z\/s\/saude-da-pessoa-idosa\/alimentacao-saudavel\" target=\"_blank\" rel=\"noreferrer noopener\">Minist\u00e9rio da Sa\u00fade<\/a> para cozinhar com <strong>total seguran\u00e7a nutricional<\/strong>.<\/p>\n","protected":false},"excerpt":{"rendered":"<p>Dominar a t\u00e9cnica do feij\u00e3o perfeito exige que o cozinheiro inverta a ordem tradicional de preparo para extrair o m\u00e1ximo de sabor dos temperos naturais. O segredo para um caldo rico e aveludado reside na carameliza\u00e7\u00e3o inicial dos ingredientes, que criam uma base arom\u00e1tica profunda antes mesmo dos gr\u00e3os encontrarem a \u00e1gua. Aprender esse m\u00e9todo [&hellip;]<\/p>\n","protected":false},"author":21,"featured_media":206286,"comment_status":"open","ping_status":"open","sticky":false,"template":"","format":"standard","meta":{"_yoast_wpseo_focuskw":"feij\u00e3o cremoso","_yoast_wpseo_title":"","_yoast_wpseo_metadesc":"T\u00e9cnica simples transforma o preparo do feij\u00e3o e cria um caldo encorpado e cheio de sabor com refogado arom\u00e1tico e etapas que fazem diferen\u00e7a","jnews-multi-image_gallery":[],"jnews_single_post":{"format":"standard"},"jnews_primary_category":[],"jnews_social_meta":[],"jnews_override_counter":[],"footnotes":""},"categories":[119],"post_tag":[281,15943,2987,15944],"class_list":["post-206191","post","type-post","status-publish","format-standard","has-post-thumbnail","hentry","category-bem-estar","tag-alimentacao","tag-comida-brasileira","tag-feijao","tag-refogado"],"yoast_head":"<!-- This site is optimized with the Yoast SEO plugin v24.6 - https:\/\/yoast.com\/wordpress\/plugins\/seo\/ -->\n<title>Chefs brasileiros concordam: \u201cO melhor feij\u00e3o n\u00e3o come\u00e7a com \u00e1gua, mas com refogado\u201d - Correio Braziliense - Radar<\/title>\n<meta name=\"description\" content=\"T\u00e9cnica simples transforma o preparo do feij\u00e3o e cria um caldo encorpado e cheio de sabor com refogado arom\u00e1tico e etapas que fazem diferen\u00e7a\" \/>\n<meta name=\"robots\" content=\"index, follow, max-snippet:-1, max-image-preview:large, max-video-preview:-1\" \/>\n<link rel=\"canonical\" href=\"https:\/\/www.correiobraziliense.com.br\/cbradar\/chefs-brasileiros-concordam-o-melhor-feijao-nao-comeca-com-agua-mas-com-refogado\/\" \/>\n<meta property=\"og:locale\" content=\"pt_BR\" \/>\n<meta property=\"og:type\" content=\"article\" \/>\n<meta property=\"og:title\" content=\"Chefs brasileiros concordam: \u201cO melhor feij\u00e3o n\u00e3o come\u00e7a com \u00e1gua, mas com refogado\u201d - Correio Braziliense - Radar\" \/>\n<meta property=\"og:description\" content=\"T\u00e9cnica simples transforma o preparo do feij\u00e3o e cria um caldo encorpado e cheio de sabor com refogado arom\u00e1tico e etapas que fazem diferen\u00e7a\" \/>\n<meta property=\"og:url\" content=\"https:\/\/www.correiobraziliense.com.br\/cbradar\/chefs-brasileiros-concordam-o-melhor-feijao-nao-comeca-com-agua-mas-com-refogado\/\" \/>\n<meta property=\"og:site_name\" content=\"Correio Braziliense - Radar\" \/>\n<meta property=\"article:published_time\" content=\"2026-03-11T03:15:00+00:00\" \/>\n<meta property=\"og:image\" content=\"https:\/\/www.correiobraziliense.com.br\/cbradar\/wp-content\/uploads\/2026\/03\/Gemini_Generated_Image_oaaw91oaaw91oaaw-1-1.png\" \/>\n\t<meta property=\"og:image:width\" content=\"1280\" \/>\n\t<meta property=\"og:image:height\" content=\"720\" \/>\n\t<meta property=\"og:image:type\" content=\"image\/png\" \/>\n<meta name=\"author\" content=\"Patrick Silva\" \/>\n<meta name=\"twitter:card\" content=\"summary_large_image\" \/>\n<meta name=\"twitter:label1\" content=\"Escrito por\" \/>\n\t<meta name=\"twitter:data1\" content=\"Patrick Silva\" \/>\n\t<meta name=\"twitter:label2\" content=\"Est. tempo de leitura\" \/>\n\t<meta name=\"twitter:data2\" content=\"1 minuto\" \/>\n<!-- \/ Yoast SEO plugin. -->","yoast_head_json":{"title":"Chefs brasileiros concordam: \u201cO melhor feij\u00e3o n\u00e3o come\u00e7a com \u00e1gua, mas com refogado\u201d - Correio Braziliense - Radar","description":"T\u00e9cnica simples transforma o preparo do feij\u00e3o e cria um caldo encorpado e cheio de sabor com refogado arom\u00e1tico e etapas que fazem diferen\u00e7a","robots":{"index":"index","follow":"follow","max-snippet":"max-snippet:-1","max-image-preview":"max-image-preview:large","max-video-preview":"max-video-preview:-1"},"canonical":"https:\/\/www.correiobraziliense.com.br\/cbradar\/chefs-brasileiros-concordam-o-melhor-feijao-nao-comeca-com-agua-mas-com-refogado\/","og_locale":"pt_BR","og_type":"article","og_title":"Chefs brasileiros concordam: \u201cO melhor feij\u00e3o n\u00e3o come\u00e7a com \u00e1gua, mas com refogado\u201d - Correio Braziliense - Radar","og_description":"T\u00e9cnica simples transforma o preparo do feij\u00e3o e cria um caldo encorpado e cheio de sabor com refogado arom\u00e1tico e etapas que fazem diferen\u00e7a","og_url":"https:\/\/www.correiobraziliense.com.br\/cbradar\/chefs-brasileiros-concordam-o-melhor-feijao-nao-comeca-com-agua-mas-com-refogado\/","og_site_name":"Correio Braziliense - Radar","article_published_time":"2026-03-11T03:15:00+00:00","og_image":[{"width":1280,"height":720,"url":"https:\/\/www.correiobraziliense.com.br\/cbradar\/wp-content\/uploads\/2026\/03\/Gemini_Generated_Image_oaaw91oaaw91oaaw-1-1.png","type":"image\/png"}],"author":"Patrick Silva","twitter_card":"summary_large_image","twitter_misc":{"Escrito por":"Patrick Silva","Est. tempo de leitura":"1 minuto"},"schema":{"@context":"https:\/\/schema.org","@graph":[{"@type":"WebPage","@id":"https:\/\/www.correiobraziliense.com.br\/cbradar\/chefs-brasileiros-concordam-o-melhor-feijao-nao-comeca-com-agua-mas-com-refogado\/","url":"https:\/\/www.correiobraziliense.com.br\/cbradar\/chefs-brasileiros-concordam-o-melhor-feijao-nao-comeca-com-agua-mas-com-refogado\/","name":"Chefs brasileiros concordam: \u201cO melhor feij\u00e3o n\u00e3o come\u00e7a com \u00e1gua, mas com refogado\u201d - Correio Braziliense - Radar","isPartOf":{"@id":"https:\/\/www.correiobraziliense.com.br\/cbradar\/#website"},"primaryImageOfPage":{"@id":"https:\/\/www.correiobraziliense.com.br\/cbradar\/chefs-brasileiros-concordam-o-melhor-feijao-nao-comeca-com-agua-mas-com-refogado\/#primaryimage"},"image":{"@id":"https:\/\/www.correiobraziliense.com.br\/cbradar\/chefs-brasileiros-concordam-o-melhor-feijao-nao-comeca-com-agua-mas-com-refogado\/#primaryimage"},"thumbnailUrl":"https:\/\/www.correiobraziliense.com.br\/cbradar\/wp-content\/uploads\/2026\/03\/Gemini_Generated_Image_oaaw91oaaw91oaaw-1-1.png","datePublished":"2026-03-11T03:15:00+00:00","author":{"@id":"https:\/\/www.correiobraziliense.com.br\/cbradar\/#\/schema\/person\/5440b72be9c7eb74f446c846479dc4da"},"description":"T\u00e9cnica simples transforma o preparo do feij\u00e3o e cria um caldo encorpado e cheio de sabor com refogado arom\u00e1tico e etapas que fazem diferen\u00e7a","breadcrumb":{"@id":"https:\/\/www.correiobraziliense.com.br\/cbradar\/chefs-brasileiros-concordam-o-melhor-feijao-nao-comeca-com-agua-mas-com-refogado\/#breadcrumb"},"inLanguage":"pt-BR","potentialAction":[{"@type":"ReadAction","target":["https:\/\/www.correiobraziliense.com.br\/cbradar\/chefs-brasileiros-concordam-o-melhor-feijao-nao-comeca-com-agua-mas-com-refogado\/"]}]},{"@type":"ImageObject","inLanguage":"pt-BR","@id":"https:\/\/www.correiobraziliense.com.br\/cbradar\/chefs-brasileiros-concordam-o-melhor-feijao-nao-comeca-com-agua-mas-com-refogado\/#primaryimage","url":"https:\/\/www.correiobraziliense.com.br\/cbradar\/wp-content\/uploads\/2026\/03\/Gemini_Generated_Image_oaaw91oaaw91oaaw-1-1.png","contentUrl":"https:\/\/www.correiobraziliense.com.br\/cbradar\/wp-content\/uploads\/2026\/03\/Gemini_Generated_Image_oaaw91oaaw91oaaw-1-1.png","width":1280,"height":720,"caption":"T\u00e9cnica simples com refogado inicial transforma o feij\u00e3o e cria um caldo mais encorpado e saboroso"},{"@type":"BreadcrumbList","@id":"https:\/\/www.correiobraziliense.com.br\/cbradar\/chefs-brasileiros-concordam-o-melhor-feijao-nao-comeca-com-agua-mas-com-refogado\/#breadcrumb","itemListElement":[{"@type":"ListItem","position":1,"name":"In\u00edcio","item":"https:\/\/www.correiobraziliense.com.br\/cbradar\/"},{"@type":"ListItem","position":2,"name":"Chefs brasileiros concordam: \u201cO melhor feij\u00e3o n\u00e3o come\u00e7a com \u00e1gua, mas com refogado\u201d"}]},{"@type":"WebSite","@id":"https:\/\/www.correiobraziliense.com.br\/cbradar\/#website","url":"https:\/\/www.correiobraziliense.com.br\/cbradar\/","name":"Correio Braziliense - Radar","description":"Acompanhe as \u00faltimas not\u00edcias e fique bem informado sobre tudo o que acontece no Brasil e no mundo.","potentialAction":[{"@type":"SearchAction","target":{"@type":"EntryPoint","urlTemplate":"https:\/\/www.correiobraziliense.com.br\/cbradar\/?s={search_term_string}"},"query-input":{"@type":"PropertyValueSpecification","valueRequired":true,"valueName":"search_term_string"}}],"inLanguage":"pt-BR"},{"@type":"Person","@id":"https:\/\/www.correiobraziliense.com.br\/cbradar\/#\/schema\/person\/5440b72be9c7eb74f446c846479dc4da","name":"Patrick Silva","image":{"@type":"ImageObject","inLanguage":"pt-BR","@id":"https:\/\/www.correiobraziliense.com.br\/cbradar\/#\/schema\/person\/image\/","url":"https:\/\/secure.gravatar.com\/avatar\/944109df296fc087785c9715fd5f80b2?s=96&d=mm&r=g","contentUrl":"https:\/\/secure.gravatar.com\/avatar\/944109df296fc087785c9715fd5f80b2?s=96&d=mm&r=g","caption":"Patrick Silva"},"sameAs":["https:\/\/www.correiobraziliense.com.br\/cbradar\/"],"url":"https:\/\/www.correiobraziliense.com.br\/cbradar\/author\/patrick-silva\/"}]}},"_links":{"self":[{"href":"https:\/\/www.correiobraziliense.com.br\/cbradar\/wp-json\/wp\/v2\/posts\/206191","targetHints":{"allow":["GET"]}}],"collection":[{"href":"https:\/\/www.correiobraziliense.com.br\/cbradar\/wp-json\/wp\/v2\/posts"}],"about":[{"href":"https:\/\/www.correiobraziliense.com.br\/cbradar\/wp-json\/wp\/v2\/types\/post"}],"author":[{"embeddable":true,"href":"https:\/\/www.correiobraziliense.com.br\/cbradar\/wp-json\/wp\/v2\/users\/21"}],"replies":[{"embeddable":true,"href":"https:\/\/www.correiobraziliense.com.br\/cbradar\/wp-json\/wp\/v2\/comments?post=206191"}],"version-history":[{"count":2,"href":"https:\/\/www.correiobraziliense.com.br\/cbradar\/wp-json\/wp\/v2\/posts\/206191\/revisions"}],"predecessor-version":[{"id":206288,"href":"https:\/\/www.correiobraziliense.com.br\/cbradar\/wp-json\/wp\/v2\/posts\/206191\/revisions\/206288"}],"wp:featuredmedia":[{"embeddable":true,"href":"https:\/\/www.correiobraziliense.com.br\/cbradar\/wp-json\/wp\/v2\/media\/206286"}],"wp:attachment":[{"href":"https:\/\/www.correiobraziliense.com.br\/cbradar\/wp-json\/wp\/v2\/media?parent=206191"}],"wp:term":[{"taxonomy":"category","embeddable":true,"href":"https:\/\/www.correiobraziliense.com.br\/cbradar\/wp-json\/wp\/v2\/categories?post=206191"},{"taxonomy":"post_tag","embeddable":true,"href":"https:\/\/www.correiobraziliense.com.br\/cbradar\/wp-json\/wp\/v2\/post_tag?post=206191"}],"curies":[{"name":"wp","href":"https:\/\/api.w.org\/{rel}","templated":true}]}}