{"id":206206,"date":"2026-03-12T16:15:00","date_gmt":"2026-03-12T19:15:00","guid":{"rendered":"https:\/\/www.correiobraziliense.com.br\/cbradar\/?p=206206"},"modified":"2026-03-10T13:24:44","modified_gmt":"2026-03-10T16:24:44","slug":"como-lavar-alface-para-remover-bacterias-e-residuos-de-pesticidas-do-jeito-certo","status":"publish","type":"post","link":"https:\/\/www.correiobraziliense.com.br\/cbradar\/como-lavar-alface-para-remover-bacterias-e-residuos-de-pesticidas-do-jeito-certo\/","title":{"rendered":"Como lavar alface para remover bact\u00e9rias e res\u00edduos de pesticidas do jeito certo"},"content":{"rendered":"\n<p>Consumir alface fresca diariamente \u00e9 uma excelente forma de manter a hidrata\u00e7\u00e3o e garantir nutrientes essenciais, mas a higieniza\u00e7\u00e3o correta \u00e9 indispens\u00e1vel. Muitas vezes, folhas aparentemente limpas carregam microrganismos invis\u00edveis e res\u00edduos qu\u00edmicos que podem prejudicar o organismo. Aprender o m\u00e9todo certo protege sua fam\u00edlia e garante uma alimenta\u00e7\u00e3o muito mais segura.<\/p>\n\n\n\n<h2 class=\"wp-block-heading\">Por que a \u00e1gua corrente sozinha n\u00e3o basta para as folhas?<\/h2>\n\n\n\n<p>Para remover res\u00edduos de agrot\u00f3xicos e bact\u00e9rias resistentes, \u00e9 necess\u00e1rio ir al\u00e9m de um simples enx\u00e1gue r\u00e1pido na pia da cozinha. A \u00e1gua corrente retira apenas a sujeira vis\u00edvel, como terra ou pequenos insetos, mas n\u00e3o consegue quebrar as mol\u00e9culas qu\u00edmicas dos pesticidas modernos. \u00c9 fundamental adotar uma estrat\u00e9gia de limpeza mais profunda e eficaz para garantir seguran\u00e7a alimentar.<\/p>\n\n\n\n<p>Bact\u00e9rias como a <strong>Salmonella<\/strong> podem se fixar nas reentr\u00e2ncias das folhas, exigindo o uso de agentes sanitizantes espec\u00edficos para a completa elimina\u00e7\u00e3o. O cuidado rigoroso durante o preparo evita epis\u00f3dios de intoxica\u00e7\u00e3o alimentar que costumam causar desconfortos g\u00e1stricos severos em crian\u00e7as e idosos. Priorizar a higiene correta transforma o seu prato de salada em uma fonte real de vitalidade.<\/p>\n\n\n\n<p>Higienizar a alface corretamente \u00e9 um passo importante para remover impurezas e garantir mais seguran\u00e7a no consumo das folhas. Um processo simples pode fazer grande diferen\u00e7a na alimenta\u00e7\u00e3o di\u00e1ria. No conte\u00fado do <strong>Logo ali na Iza<\/strong>, com 120 mil inscritos, voc\u00ea aprende o jeito certo:<\/p>\n\n\n\n<iframe loading=\"lazy\" width=\"459\" height=\"816\" src=\"https:\/\/www.youtube.com\/embed\/YO0rmNov0ec\" title=\"Jeito certo de lavar Alface #shorts\" frameborder=\"0\" allow=\"accelerometer; autoplay; clipboard-write; encrypted-media; gyroscope; picture-in-picture; web-share\" referrerpolicy=\"strict-origin-when-cross-origin\" allowfullscreen><\/iframe>\n\n\n\n<h2 class=\"wp-block-heading\">Como o hipoclorito de s\u00f3dio age contra os microrganismos?<\/h2>\n\n\n\n<p>O uso de hipoclorito de s\u00f3dio \u00e9 a recomenda\u00e7\u00e3o padr\u00e3o para eliminar agentes biol\u00f3gicos perigosos que se proliferam em vegetais folhosos. Essa subst\u00e2ncia atua rompendo as membranas celulares de v\u00edrus e bact\u00e9rias, garantindo que as folhas fiquem totalmente est\u00e9reis para o consumo imediato. \u00c9 uma solu\u00e7\u00e3o acess\u00edvel e extremamente poderosa para manter a prote\u00e7\u00e3o constante em sua resid\u00eancia.<\/p>\n\n\n\n<p>\u00c9 essencial respeitar o tempo de imers\u00e3o indicado nas embalagens para que o produto desempenhe sua fun\u00e7\u00e3o sanitizante sem alterar o sabor. Deixar a <strong><a href=\"https:\/\/www.correiobraziliense.com.br\/cbradar\/como-lavar-folhas-de-alface-e-couve-do-jeito-certo-sem-perder-os-nutrientes\/\" target=\"_blank\" rel=\"noreferrer noopener\">alface <\/a><\/strong>de molho por cerca de quinze minutos em \u00e1gua clorada \u00e9 o suficiente para neutralizar amea\u00e7as invis\u00edveis \u00e0 sa\u00fade humana. Esse h\u00e1bito simples e r\u00e1pido aumenta drasticamente a qualidade nutricional das suas refei\u00e7\u00f5es di\u00e1rias de modo seguro e saud\u00e1vel.<\/p>\n\n\n\n<h2 class=\"wp-block-heading\">Quais etapas fundamentais comp\u00f5em o processo de limpeza ideal?<\/h2>\n\n\n\n<p>Organizar o fluxo de higieniza\u00e7\u00e3o permite que todas as folhas recebam o tratamento adequado, desde a sele\u00e7\u00e3o inicial at\u00e9 a secagem final. Remova as folhas externas que estejam murchas ou danificadas, pois elas tendem a acumular uma carga maior de contaminantes ambientais. O foco na t\u00e9cnica correta assegura que sua salada permane\u00e7a crocante, apetitosa e totalmente livre de res\u00edduos indesejados.<\/p>\n\n\n\n<p>Adote este procedimento sequencial para garantir que cada folha esteja pronta para servir com total confian\u00e7a e frescor absoluto:<\/p>\n\n\n\n<figure class=\"wp-block-image size-large\"><img decoding=\"async\" width=\"1206\" height=\"720\" src=\"https:\/\/www.correiobraziliense.com.br\/cbradar\/wp-content\/uploads\/2026\/03\/convertido-10-1206x720.jpg\" alt=\"\" class=\"wp-image-206210\" srcset=\"https:\/\/www.correiobraziliense.com.br\/cbradar\/wp-content\/uploads\/2026\/03\/convertido-10-1206x720.jpg 1206w, https:\/\/www.correiobraziliense.com.br\/cbradar\/wp-content\/uploads\/2026\/03\/convertido-10-300x179.jpg 300w, https:\/\/www.correiobraziliense.com.br\/cbradar\/wp-content\/uploads\/2026\/03\/convertido-10-768x458.jpg 768w, https:\/\/www.correiobraziliense.com.br\/cbradar\/wp-content\/uploads\/2026\/03\/convertido-10-750x448.jpg 750w, https:\/\/www.correiobraziliense.com.br\/cbradar\/wp-content\/uploads\/2026\/03\/convertido-10-1140x680.jpg 1140w, https:\/\/www.correiobraziliense.com.br\/cbradar\/wp-content\/uploads\/2026\/03\/convertido-10.jpg 1280w\" sizes=\"(max-width: 1206px) 100vw, 1206px\" \/><\/figure>\n\n\n\n<h2 class=\"wp-block-heading\">O vinagre realmente consegue neutralizar os agrot\u00f3xicos presentes?<\/h2>\n\n\n\n<p>Embora o vinagre seja muito utilizado nas cozinhas brasileiras, ele possui limita\u00e7\u00f5es claras quando o objetivo \u00e9 a remo\u00e7\u00e3o total de pesticidas. Sua a\u00e7\u00e3o \u00e9 mais focada no desalojamento de pequenos insetos e na redu\u00e7\u00e3o parcial de algumas bact\u00e9rias superficiais. Para uma descontamina\u00e7\u00e3o qu\u00edmica realmente eficiente, o bicarbonato de s\u00f3dio ainda se mostra uma alternativa tecnicamente superior e muito recomendada.<\/p>\n\n\n\n<p>Utilizar apenas o vinagre pode transmitir uma falsa sensa\u00e7\u00e3o de seguran\u00e7a, deixando res\u00edduos qu\u00edmicos ativos que s\u00e3o prejudiciais em longo prazo. A ci\u00eancia recomenda combinar m\u00e9todos ou utilizar subst\u00e2ncias alcalinas para garantir que as folhas fiquem verdadeiramente limpas para todos. Escolher os produtos corretos \u00e9 um investimento direto na longevidade e no bem-estar de quem voc\u00ea mais ama e protege.<\/p>\n\n\n\n<figure class=\"wp-block-image size-full\"><img decoding=\"async\" width=\"1280\" height=\"720\" src=\"https:\/\/www.correiobraziliense.com.br\/cbradar\/wp-content\/uploads\/2026\/03\/Gemini_Generated_Image_ybe26dybe26dybe2-1-1.png\" alt=\"Como lavar alface para remover bact\u00e9rias e res\u00edduos de pesticidas do jeito certo\" class=\"wp-image-206208\" srcset=\"https:\/\/www.correiobraziliense.com.br\/cbradar\/wp-content\/uploads\/2026\/03\/Gemini_Generated_Image_ybe26dybe26dybe2-1-1.png 1280w, https:\/\/www.correiobraziliense.com.br\/cbradar\/wp-content\/uploads\/2026\/03\/Gemini_Generated_Image_ybe26dybe26dybe2-1-1-300x169.png 300w, https:\/\/www.correiobraziliense.com.br\/cbradar\/wp-content\/uploads\/2026\/03\/Gemini_Generated_Image_ybe26dybe26dybe2-1-1-768x432.png 768w, https:\/\/www.correiobraziliense.com.br\/cbradar\/wp-content\/uploads\/2026\/03\/Gemini_Generated_Image_ybe26dybe26dybe2-1-1-750x422.png 750w, https:\/\/www.correiobraziliense.com.br\/cbradar\/wp-content\/uploads\/2026\/03\/Gemini_Generated_Image_ybe26dybe26dybe2-1-1-1140x641.png 1140w\" sizes=\"(max-width: 1280px) 100vw, 1280px\" \/><figcaption class=\"wp-element-caption\">Folhas de alface sendo higienizadas em solu\u00e7\u00e3o segura para reduzir microrganismos e proteger sua sa\u00fade<\/figcaption><\/figure>\n\n\n\n<h2 class=\"wp-block-heading\">Qual \u00e9 a orienta\u00e7\u00e3o t\u00e9cnica para o consumo seguro de folhosos?<\/h2>\n\n\n\n<p>A <strong>Ag\u00eancia Nacional de Vigil\u00e2ncia Sanit\u00e1ria<\/strong> monitora rigorosamente a qualidade dos vegetais que chegam \u00e0s mesas dos consumidores em todo o territ\u00f3rio nacional. Seguir os protocolos estabelecidos pela <strong>ANVISA<\/strong> minimiza os riscos de ingest\u00e3o acidental de subst\u00e2ncias t\u00f3xicas presentes nos cultivos convencionais. Manter-se informado sobre as pr\u00e1ticas de seguran\u00e7a alimentar \u00e9 essencial para uma vida saud\u00e1vel, equilibrada e muito ativa.<\/p>\n\n\n\n<p>Consultar os guias oficiais sobre a manipula\u00e7\u00e3o de alimentos frescos ajuda a prevenir doen\u00e7as e a otimizar o aproveitamento dos nutrientes das hortali\u00e7as. Acesse as orienta\u00e7\u00f5es detalhadas na p\u00e1gina da <strong>ANVISA<\/strong> para dominar as t\u00e9cnicas recomendadas pelos especialistas em sa\u00fade p\u00fablica brasileira. Verifique o <a target=\"_blank\" rel=\"noreferrer noopener\" href=\"https:\/\/www.gov.br\/anvisa\/pt-br\/assuntos\/alimentos\">Guia de Alimentos e Vigil\u00e2ncia Sanit\u00e1ria<\/a> para garantir que sua rotina de higieniza\u00e7\u00e3o esteja sempre de acordo com as normas vigentes.<\/p>\n","protected":false},"excerpt":{"rendered":"<p>Consumir alface fresca diariamente \u00e9 uma excelente forma de manter a hidrata\u00e7\u00e3o e garantir nutrientes essenciais, mas a higieniza\u00e7\u00e3o correta \u00e9 indispens\u00e1vel. Muitas vezes, folhas aparentemente limpas carregam microrganismos invis\u00edveis e res\u00edduos qu\u00edmicos que podem prejudicar o organismo. Aprender o m\u00e9todo certo protege sua fam\u00edlia e garante uma alimenta\u00e7\u00e3o muito mais segura. Por que a [&hellip;]<\/p>\n","protected":false},"author":21,"featured_media":206207,"comment_status":"open","ping_status":"open","sticky":false,"template":"","format":"standard","meta":{"_yoast_wpseo_focuskw":"Higieniza\u00e7\u00e3o correta da alface com hipoclorito e seguran\u00e7a","_yoast_wpseo_title":"","_yoast_wpseo_metadesc":"Um erro comum ao lavar alface pode deixar bact\u00e9rias nas folhas. Um m\u00e9todo simples transforma a limpeza e refor\u00e7a a seguran\u00e7a alimentar.","jnews-multi-image_gallery":[],"jnews_single_post":{"format":"standard"},"jnews_primary_category":[],"jnews_social_meta":[],"jnews_override_counter":[],"footnotes":""},"categories":[112],"tags":[1110,3275,9265],"class_list":["post-206206","post","type-post","status-publish","format-standard","has-post-thumbnail","hentry","category-curiosidades","tag-alface","tag-bacterias","tag-residuos"],"yoast_head":"<!-- This site is optimized with the Yoast SEO plugin v24.6 - https:\/\/yoast.com\/wordpress\/plugins\/seo\/ -->\n<title>Como lavar alface para remover bact\u00e9rias e res\u00edduos de pesticidas do jeito certo - Correio Braziliense - Radar<\/title>\n<meta name=\"description\" content=\"Um erro comum ao lavar alface pode deixar bact\u00e9rias nas folhas. Um m\u00e9todo simples transforma a limpeza e refor\u00e7a a seguran\u00e7a alimentar.\" \/>\n<meta name=\"robots\" content=\"index, follow, max-snippet:-1, max-image-preview:large, max-video-preview:-1\" \/>\n<link rel=\"canonical\" href=\"https:\/\/www.correiobraziliense.com.br\/cbradar\/como-lavar-alface-para-remover-bacterias-e-residuos-de-pesticidas-do-jeito-certo\/\" \/>\n<meta property=\"og:locale\" content=\"pt_BR\" \/>\n<meta property=\"og:type\" content=\"article\" \/>\n<meta property=\"og:title\" content=\"Como lavar alface para remover bact\u00e9rias e res\u00edduos de pesticidas do jeito certo - Correio Braziliense - Radar\" \/>\n<meta property=\"og:description\" content=\"Um erro comum ao lavar alface pode deixar bact\u00e9rias nas folhas. Um m\u00e9todo simples transforma a limpeza e refor\u00e7a a seguran\u00e7a alimentar.\" \/>\n<meta property=\"og:url\" content=\"https:\/\/www.correiobraziliense.com.br\/cbradar\/como-lavar-alface-para-remover-bacterias-e-residuos-de-pesticidas-do-jeito-certo\/\" \/>\n<meta property=\"og:site_name\" content=\"Correio Braziliense - Radar\" \/>\n<meta property=\"article:published_time\" content=\"2026-03-12T19:15:00+00:00\" \/>\n<meta property=\"og:image\" content=\"https:\/\/www.correiobraziliense.com.br\/cbradar\/wp-content\/uploads\/2026\/03\/Gemini_Generated_Image_2h62n42h62n42h62-1-1.png\" \/>\n\t<meta property=\"og:image:width\" content=\"1280\" \/>\n\t<meta property=\"og:image:height\" content=\"720\" \/>\n\t<meta property=\"og:image:type\" content=\"image\/png\" \/>\n<meta name=\"author\" content=\"Patrick Silva\" \/>\n<meta name=\"twitter:card\" content=\"summary_large_image\" \/>\n<meta name=\"twitter:label1\" content=\"Escrito por\" \/>\n\t<meta name=\"twitter:data1\" content=\"Patrick Silva\" \/>\n\t<meta name=\"twitter:label2\" content=\"Est. tempo de leitura\" \/>\n\t<meta name=\"twitter:data2\" content=\"5 minutos\" \/>\n<!-- \/ Yoast SEO plugin. -->","yoast_head_json":{"title":"Como lavar alface para remover bact\u00e9rias e res\u00edduos de pesticidas do jeito certo - Correio Braziliense - Radar","description":"Um erro comum ao lavar alface pode deixar bact\u00e9rias nas folhas. Um m\u00e9todo simples transforma a limpeza e refor\u00e7a a seguran\u00e7a alimentar.","robots":{"index":"index","follow":"follow","max-snippet":"max-snippet:-1","max-image-preview":"max-image-preview:large","max-video-preview":"max-video-preview:-1"},"canonical":"https:\/\/www.correiobraziliense.com.br\/cbradar\/como-lavar-alface-para-remover-bacterias-e-residuos-de-pesticidas-do-jeito-certo\/","og_locale":"pt_BR","og_type":"article","og_title":"Como lavar alface para remover bact\u00e9rias e res\u00edduos de pesticidas do jeito certo - Correio Braziliense - Radar","og_description":"Um erro comum ao lavar alface pode deixar bact\u00e9rias nas folhas. Um m\u00e9todo simples transforma a limpeza e refor\u00e7a a seguran\u00e7a alimentar.","og_url":"https:\/\/www.correiobraziliense.com.br\/cbradar\/como-lavar-alface-para-remover-bacterias-e-residuos-de-pesticidas-do-jeito-certo\/","og_site_name":"Correio Braziliense - Radar","article_published_time":"2026-03-12T19:15:00+00:00","og_image":[{"width":1280,"height":720,"url":"https:\/\/www.correiobraziliense.com.br\/cbradar\/wp-content\/uploads\/2026\/03\/Gemini_Generated_Image_2h62n42h62n42h62-1-1.png","type":"image\/png"}],"author":"Patrick Silva","twitter_card":"summary_large_image","twitter_misc":{"Escrito por":"Patrick Silva","Est. tempo de leitura":"5 minutos"},"schema":{"@context":"https:\/\/schema.org","@graph":[{"@type":"WebPage","@id":"https:\/\/www.correiobraziliense.com.br\/cbradar\/como-lavar-alface-para-remover-bacterias-e-residuos-de-pesticidas-do-jeito-certo\/","url":"https:\/\/www.correiobraziliense.com.br\/cbradar\/como-lavar-alface-para-remover-bacterias-e-residuos-de-pesticidas-do-jeito-certo\/","name":"Como lavar alface para remover bact\u00e9rias e res\u00edduos de pesticidas do jeito certo - Correio Braziliense - Radar","isPartOf":{"@id":"https:\/\/www.correiobraziliense.com.br\/cbradar\/#website"},"primaryImageOfPage":{"@id":"https:\/\/www.correiobraziliense.com.br\/cbradar\/como-lavar-alface-para-remover-bacterias-e-residuos-de-pesticidas-do-jeito-certo\/#primaryimage"},"image":{"@id":"https:\/\/www.correiobraziliense.com.br\/cbradar\/como-lavar-alface-para-remover-bacterias-e-residuos-de-pesticidas-do-jeito-certo\/#primaryimage"},"thumbnailUrl":"https:\/\/www.correiobraziliense.com.br\/cbradar\/wp-content\/uploads\/2026\/03\/Gemini_Generated_Image_2h62n42h62n42h62-1-1.png","datePublished":"2026-03-12T19:15:00+00:00","author":{"@id":"https:\/\/www.correiobraziliense.com.br\/cbradar\/#\/schema\/person\/5440b72be9c7eb74f446c846479dc4da"},"description":"Um erro comum ao lavar alface pode deixar bact\u00e9rias nas folhas. Um m\u00e9todo simples transforma a limpeza e refor\u00e7a a seguran\u00e7a alimentar.","breadcrumb":{"@id":"https:\/\/www.correiobraziliense.com.br\/cbradar\/como-lavar-alface-para-remover-bacterias-e-residuos-de-pesticidas-do-jeito-certo\/#breadcrumb"},"inLanguage":"pt-BR","potentialAction":[{"@type":"ReadAction","target":["https:\/\/www.correiobraziliense.com.br\/cbradar\/como-lavar-alface-para-remover-bacterias-e-residuos-de-pesticidas-do-jeito-certo\/"]}]},{"@type":"ImageObject","inLanguage":"pt-BR","@id":"https:\/\/www.correiobraziliense.com.br\/cbradar\/como-lavar-alface-para-remover-bacterias-e-residuos-de-pesticidas-do-jeito-certo\/#primaryimage","url":"https:\/\/www.correiobraziliense.com.br\/cbradar\/wp-content\/uploads\/2026\/03\/Gemini_Generated_Image_2h62n42h62n42h62-1-1.png","contentUrl":"https:\/\/www.correiobraziliense.com.br\/cbradar\/wp-content\/uploads\/2026\/03\/Gemini_Generated_Image_2h62n42h62n42h62-1-1.png","width":1280,"height":720,"caption":"Folhas de alface sendo higienizadas em solu\u00e7\u00e3o segura para reduzir microrganismos e proteger sua sa\u00fade"},{"@type":"BreadcrumbList","@id":"https:\/\/www.correiobraziliense.com.br\/cbradar\/como-lavar-alface-para-remover-bacterias-e-residuos-de-pesticidas-do-jeito-certo\/#breadcrumb","itemListElement":[{"@type":"ListItem","position":1,"name":"In\u00edcio","item":"https:\/\/www.correiobraziliense.com.br\/cbradar\/"},{"@type":"ListItem","position":2,"name":"Como lavar alface para remover bact\u00e9rias e res\u00edduos de pesticidas do jeito certo"}]},{"@type":"WebSite","@id":"https:\/\/www.correiobraziliense.com.br\/cbradar\/#website","url":"https:\/\/www.correiobraziliense.com.br\/cbradar\/","name":"Correio Braziliense - Radar","description":"Acompanhe as \u00faltimas not\u00edcias e fique bem informado sobre tudo o que acontece no Brasil e no mundo.","potentialAction":[{"@type":"SearchAction","target":{"@type":"EntryPoint","urlTemplate":"https:\/\/www.correiobraziliense.com.br\/cbradar\/?s={search_term_string}"},"query-input":{"@type":"PropertyValueSpecification","valueRequired":true,"valueName":"search_term_string"}}],"inLanguage":"pt-BR"},{"@type":"Person","@id":"https:\/\/www.correiobraziliense.com.br\/cbradar\/#\/schema\/person\/5440b72be9c7eb74f446c846479dc4da","name":"Patrick Silva","image":{"@type":"ImageObject","inLanguage":"pt-BR","@id":"https:\/\/www.correiobraziliense.com.br\/cbradar\/#\/schema\/person\/image\/","url":"https:\/\/secure.gravatar.com\/avatar\/944109df296fc087785c9715fd5f80b2?s=96&d=mm&r=g","contentUrl":"https:\/\/secure.gravatar.com\/avatar\/944109df296fc087785c9715fd5f80b2?s=96&d=mm&r=g","caption":"Patrick Silva"},"sameAs":["https:\/\/www.correiobraziliense.com.br\/cbradar\/"],"url":"https:\/\/www.correiobraziliense.com.br\/cbradar\/author\/patrick-silva\/"}]}},"_links":{"self":[{"href":"https:\/\/www.correiobraziliense.com.br\/cbradar\/wp-json\/wp\/v2\/posts\/206206","targetHints":{"allow":["GET"]}}],"collection":[{"href":"https:\/\/www.correiobraziliense.com.br\/cbradar\/wp-json\/wp\/v2\/posts"}],"about":[{"href":"https:\/\/www.correiobraziliense.com.br\/cbradar\/wp-json\/wp\/v2\/types\/post"}],"author":[{"embeddable":true,"href":"https:\/\/www.correiobraziliense.com.br\/cbradar\/wp-json\/wp\/v2\/users\/21"}],"replies":[{"embeddable":true,"href":"https:\/\/www.correiobraziliense.com.br\/cbradar\/wp-json\/wp\/v2\/comments?post=206206"}],"version-history":[{"count":3,"href":"https:\/\/www.correiobraziliense.com.br\/cbradar\/wp-json\/wp\/v2\/posts\/206206\/revisions"}],"predecessor-version":[{"id":206212,"href":"https:\/\/www.correiobraziliense.com.br\/cbradar\/wp-json\/wp\/v2\/posts\/206206\/revisions\/206212"}],"wp:featuredmedia":[{"embeddable":true,"href":"https:\/\/www.correiobraziliense.com.br\/cbradar\/wp-json\/wp\/v2\/media\/206207"}],"wp:attachment":[{"href":"https:\/\/www.correiobraziliense.com.br\/cbradar\/wp-json\/wp\/v2\/media?parent=206206"}],"wp:term":[{"taxonomy":"category","embeddable":true,"href":"https:\/\/www.correiobraziliense.com.br\/cbradar\/wp-json\/wp\/v2\/categories?post=206206"},{"taxonomy":"post_tag","embeddable":true,"href":"https:\/\/www.correiobraziliense.com.br\/cbradar\/wp-json\/wp\/v2\/tags?post=206206"}],"curies":[{"name":"wp","href":"https:\/\/api.w.org\/{rel}","templated":true}]}}