{"id":206233,"date":"2026-03-12T11:25:00","date_gmt":"2026-03-12T14:25:00","guid":{"rendered":"https:\/\/www.correiobraziliense.com.br\/cbradar\/?p=206233"},"modified":"2026-03-10T13:45:36","modified_gmt":"2026-03-10T16:45:36","slug":"o-que-acontece-com-sua-digestao-quando-voce-come-mamao-regularmente","status":"publish","type":"post","link":"https:\/\/www.correiobraziliense.com.br\/cbradar\/o-que-acontece-com-sua-digestao-quando-voce-come-mamao-regularmente\/","title":{"rendered":"O que acontece com sua digest\u00e3o quando voc\u00ea come mam\u00e3o regularmente"},"content":{"rendered":"\n<p>Incluir o mam\u00e3o na dieta di\u00e1ria pode transformar sua sa\u00fade digestiva devido \u00e0s suas enzimas exclusivas e ao alto teor de fibras naturais. Esta fruta tropical atua como um rem\u00e9dio biol\u00f3gico para problemas gastrointestinais comuns, promovendo um processo muito mais suave. Compreender seu impacto ajuda a otimizar a nutri\u00e7\u00e3o de forma altamente eficiente.<\/p>\n\n\n\n<h2 class=\"wp-block-heading\">Por que essa fruta \u00e9 considerada um t\u00f4nico natural para o est\u00f4mago?<\/h2>\n\n\n\n<p>O segredo do poder digestivo do mam\u00e3o reside na papa\u00edna, uma enzima proteol\u00edtica que quebra prote\u00ednas em pept\u00eddeos menores e amino\u00e1cidos essenciais. Esse processo facilita muito o trabalho do seu est\u00f4mago, reduzindo a sensa\u00e7\u00e3o de peso sentida ap\u00f3s refei\u00e7\u00f5es proteicas. Consumir regularmente esta fruta garante que seu corpo processe nutrientes com <strong>muita efici\u00eancia e rapidez<\/strong> hoje mesmo.<\/p>\n\n\n\n<p>Al\u00e9m da quebra de prote\u00ednas, o mam\u00e3o ajuda a manter um equil\u00edbrio saud\u00e1vel do pH no trato digestivo, evitando a acidez excessiva. A textura macia e o alto teor de \u00e1gua da fruta tamb\u00e9m acalmam o revestimento do est\u00f4mago, agindo como uma barreira protetora contra irrita\u00e7\u00f5es. \u00c9 uma maneira natural de manter seu <strong>sistema interno funcionando perfeitamente<\/strong> diariamente.<\/p>\n\n\n\n<p>O mam\u00e3o \u00e9 uma fruta conhecida por seus nutrientes e pelos poss\u00edveis efeitos positivos no funcionamento do intestino. Muitas pessoas t\u00eam d\u00favidas sobre como ele atua no organismo. No conte\u00fado da <strong>Nutricionista Patricia Leite<\/strong>, com 8,14 milh\u00f5es de inscritos, voc\u00ea entende melhor:<\/p>\n\n\n\n<figure class=\"wp-block-embed is-type-video is-provider-youtube wp-block-embed-youtube wp-embed-aspect-16-9 wp-has-aspect-ratio\"><div class=\"wp-block-embed__wrapper\">\n<div class=\"jeg_video_container jeg_video_content\"><iframe loading=\"lazy\" title=\"Benef\u00edcios do Mam\u00e3o - Para Que Serve? Solta o Intestino Mesmo? [DICAS]\" width=\"500\" height=\"281\" src=\"https:\/\/www.youtube.com\/embed\/QGrxD7btr_M?feature=oembed\" frameborder=\"0\" allow=\"accelerometer; autoplay; clipboard-write; encrypted-media; gyroscope; picture-in-picture; web-share\" referrerpolicy=\"strict-origin-when-cross-origin\" allowfullscreen><\/iframe><\/div>\n<\/div><\/figure>\n\n\n\n<h2 class=\"wp-block-heading\">Como o intestino reage ao consumo frequente de fibras e \u00e1gua?<\/h2>\n\n\n\n<p>O mam\u00e3o \u00e9 excepcionalmente rico em fibras sol\u00faveis, que adicionam volume \u00e0s fezes e promovem movimentos intestinais regulares sem causar irrita\u00e7\u00f5es. Esse efeito laxante natural \u00e9 ideal para indiv\u00edduos que lutam contra a constipa\u00e7\u00e3o cr\u00f4nica ou ciclos irregulares. Ao reter \u00e1gua, a fruta garante que os res\u00edduos passem pelo sistema digestivo com <strong>esfor\u00e7o m\u00ednimo e conforto<\/strong>.<\/p>\n\n\n\n<p>A combina\u00e7\u00e3o de fibras e a\u00e7\u00facares naturais da fruta tamb\u00e9m serve como um prebi\u00f3tico, alimentando as bact\u00e9rias ben\u00e9ficas em seu microbioma intestinal. Uma flora equilibrada \u00e9 essencial para um sistema imunol\u00f3gico forte e absor\u00e7\u00e3o eficiente de nutrientes pelas paredes intestinais. Consumir mam\u00e3o regularmente \u00e9 uma estrat\u00e9gia inteligente para manter a <strong>sa\u00fade intestinal e vitalidade<\/strong> de forma natural.<\/p>\n\n\n\n<h2 class=\"wp-block-heading\">Quais nutrientes espec\u00edficos potencializam a absor\u00e7\u00e3o de vitaminas?<\/h2>\n\n\n\n<p>O mam\u00e3o cont\u00e9m altos n\u00edveis de vitamina C e betacaroteno, que s\u00e3o vitais para a repara\u00e7\u00e3o dos tecidos digestivos e redu\u00e7\u00e3o de inflama\u00e7\u00f5es. Esses antioxidantes protegem as c\u00e9lulas do trato gastrointestinal contra danos causados por alimentos processados e estresse. Integrar esses elementos cria um <strong>ambiente digestivo mais resiliente<\/strong> para o seu corpo processar todas as refei\u00e7\u00f5es di\u00e1rias.<\/p>\n\n\n\n<p>Utilize estas orienta\u00e7\u00f5es pr\u00e1ticas para extrair o m\u00e1ximo de benef\u00edcios nutricionais desta fruta poderosa em sua rotina:<\/p>\n\n\n\n<figure class=\"wp-block-image size-large\"><img decoding=\"async\" width=\"1206\" height=\"720\" src=\"https:\/\/www.correiobraziliense.com.br\/cbradar\/wp-content\/uploads\/2026\/03\/convertido-13-1206x720.jpg\" alt=\"\" class=\"wp-image-206238\" srcset=\"https:\/\/www.correiobraziliense.com.br\/cbradar\/wp-content\/uploads\/2026\/03\/convertido-13-1206x720.jpg 1206w, https:\/\/www.correiobraziliense.com.br\/cbradar\/wp-content\/uploads\/2026\/03\/convertido-13-300x179.jpg 300w, https:\/\/www.correiobraziliense.com.br\/cbradar\/wp-content\/uploads\/2026\/03\/convertido-13-768x458.jpg 768w, https:\/\/www.correiobraziliense.com.br\/cbradar\/wp-content\/uploads\/2026\/03\/convertido-13-750x448.jpg 750w, https:\/\/www.correiobraziliense.com.br\/cbradar\/wp-content\/uploads\/2026\/03\/convertido-13-1140x680.jpg 1140w, https:\/\/www.correiobraziliense.com.br\/cbradar\/wp-content\/uploads\/2026\/03\/convertido-13.jpg 1280w\" sizes=\"(max-width: 1206px) 100vw, 1206px\" \/><\/figure>\n\n\n\n<h2 class=\"wp-block-heading\">De que maneira o consumo regular previne o incha\u00e7o abdominal?<\/h2>\n\n\n\n<p>O consumo regular de mam\u00e3o reduz o ac\u00famulo de gases ao acelerar o tempo de tr\u00e2nsito dos alimentos pelo intestino grosso. Quando o alimento permanece muito tempo no trato, ele fermenta e causa aquela sensa\u00e7\u00e3o desconfort\u00e1vel de incha\u00e7o abdominal. As enzimas naturais da fruta impedem esse processo de fermenta\u00e7\u00e3o indesejado, mantendo seu <strong>abd\u00f4men plano e muito confort\u00e1vel<\/strong>.<\/p>\n\n\n\n<p>Al\u00e9m disso, as propriedades anti-inflamat\u00f3rias da fruta ajudam a acalmar o trato digestivo, reduzindo o incha\u00e7o associado a sensibilidades alimentares leves. Esse efeito suavizante \u00e9 particularmente ben\u00e9fico para quem possui est\u00f4magos sens\u00edveis e busca uma maneira confi\u00e1vel de gerenciar a distens\u00e3o p\u00f3s-refei\u00e7\u00e3o. Ele oferece uma <strong>solu\u00e7\u00e3o natural para o al\u00edvio digestivo<\/strong> di\u00e1rio e bem-estar constante.<\/p>\n\n\n\n<figure class=\"wp-block-image size-full\"><img decoding=\"async\" width=\"1280\" height=\"720\" src=\"https:\/\/www.correiobraziliense.com.br\/cbradar\/wp-content\/uploads\/2026\/03\/Gemini_Generated_Image_gpmpuigpmpuigpmp-1-1.png\" alt=\"O que acontece com sua digest\u00e3o quando voc\u00ea come mam\u00e3o regularmente\" class=\"wp-image-206236\" srcset=\"https:\/\/www.correiobraziliense.com.br\/cbradar\/wp-content\/uploads\/2026\/03\/Gemini_Generated_Image_gpmpuigpmpuigpmp-1-1.png 1280w, https:\/\/www.correiobraziliense.com.br\/cbradar\/wp-content\/uploads\/2026\/03\/Gemini_Generated_Image_gpmpuigpmpuigpmp-1-1-300x169.png 300w, https:\/\/www.correiobraziliense.com.br\/cbradar\/wp-content\/uploads\/2026\/03\/Gemini_Generated_Image_gpmpuigpmpuigpmp-1-1-768x432.png 768w, https:\/\/www.correiobraziliense.com.br\/cbradar\/wp-content\/uploads\/2026\/03\/Gemini_Generated_Image_gpmpuigpmpuigpmp-1-1-750x422.png 750w, https:\/\/www.correiobraziliense.com.br\/cbradar\/wp-content\/uploads\/2026\/03\/Gemini_Generated_Image_gpmpuigpmpuigpmp-1-1-1140x641.png 1140w\" sizes=\"(max-width: 1280px) 100vw, 1280px\" \/><figcaption class=\"wp-element-caption\">Mam\u00e3o fresco cortado destacando enzimas naturais que auxiliam a digest\u00e3o e o equil\u00edbrio intestinal di\u00e1rio<\/figcaption><\/figure>\n\n\n\n<h2 class=\"wp-block-heading\">Qual \u00e9 o impacto real da papa\u00edna na sa\u00fade digestiva profunda?<\/h2>\n\n\n\n<p>Observa\u00e7\u00f5es cl\u00ednicas sugerem que a papa\u00edna pode auxiliar no manejo de sintomas de desconforto intestinal ao melhorar a motilidade geral e reduzir dores. Esta enzima \u00e9 t\u00e3o eficaz que \u00e9 frequentemente extra\u00edda para uso em suplementos digestivos em todo o mundo. No entanto, obter a subst\u00e2ncia diretamente da fruta fresca garante que voc\u00ea receba o <strong>espectro total de benef\u00edcios<\/strong> naturais.<\/p>\n\n\n\n<p>A <strong>FDA<\/strong> monitora a seguran\u00e7a de aditivos baseados em enzimas e fornece orienta\u00e7\u00f5es sobre como componentes naturais como os do mam\u00e3o afetam a sa\u00fade humana. Compreender esses padr\u00f5es oficiais ajuda os consumidores a fazerem escolhas informadas sobre seus h\u00e1bitos alimentares e necessidades. Acesse os <a href=\"https:\/\/www.fda.gov\/food\/food-ingredients-packaging\/food-additives-petitions\" target=\"_blank\" rel=\"noreferrer noopener\">detalhes t\u00e9cnicos sobre enzimas em alimentos<\/a> para entender como essas subst\u00e2ncias naturais s\u00e3o reguladas para garantir a sua seguran\u00e7a.<\/p>\n","protected":false},"excerpt":{"rendered":"<p>Incluir o mam\u00e3o na dieta di\u00e1ria pode transformar sua sa\u00fade digestiva devido \u00e0s suas enzimas exclusivas e ao alto teor de fibras naturais. Esta fruta tropical atua como um rem\u00e9dio biol\u00f3gico para problemas gastrointestinais comuns, promovendo um processo muito mais suave. Compreender seu impacto ajuda a otimizar a nutri\u00e7\u00e3o de forma altamente eficiente. Por que [&hellip;]<\/p>\n","protected":false},"author":21,"featured_media":206235,"comment_status":"open","ping_status":"open","sticky":false,"template":"","format":"standard","meta":{"_yoast_wpseo_focuskw":"Benef\u00edcios digestivos do mam\u00e3o com papa\u00edna e fibras naturais","_yoast_wpseo_title":"","_yoast_wpseo_metadesc":"Muitas pessoas consomem mam\u00e3o sem imaginar o impacto real no intestino. Um fator presente na fruta explica essa fama digestiva.","jnews-multi-image_gallery":[],"jnews_single_post":{"format":"standard"},"jnews_primary_category":[],"jnews_social_meta":[],"jnews_override_counter":[],"footnotes":""},"categories":[112],"post_tag":[2339,3051,615,982],"class_list":["post-206233","post","type-post","status-publish","format-standard","has-post-thumbnail","hentry","category-curiosidades","tag-corpo","tag-digestao","tag-fruta","tag-mamao"],"yoast_head":"<!-- This site is optimized with the Yoast SEO plugin v24.6 - https:\/\/yoast.com\/wordpress\/plugins\/seo\/ -->\n<title>O que acontece com sua digest\u00e3o quando voc\u00ea come mam\u00e3o regularmente - Correio Braziliense - Radar<\/title>\n<meta name=\"description\" content=\"Muitas pessoas consomem mam\u00e3o sem imaginar o impacto real no intestino. Um fator presente na fruta explica essa fama digestiva.\" \/>\n<meta name=\"robots\" content=\"index, follow, max-snippet:-1, max-image-preview:large, max-video-preview:-1\" \/>\n<link rel=\"canonical\" href=\"https:\/\/www.correiobraziliense.com.br\/cbradar\/o-que-acontece-com-sua-digestao-quando-voce-come-mamao-regularmente\/\" \/>\n<meta property=\"og:locale\" content=\"pt_BR\" \/>\n<meta property=\"og:type\" content=\"article\" \/>\n<meta property=\"og:title\" content=\"O que acontece com sua digest\u00e3o quando voc\u00ea come mam\u00e3o regularmente - Correio Braziliense - Radar\" \/>\n<meta property=\"og:description\" content=\"Muitas pessoas consomem mam\u00e3o sem imaginar o impacto real no intestino. Um fator presente na fruta explica essa fama digestiva.\" \/>\n<meta property=\"og:url\" content=\"https:\/\/www.correiobraziliense.com.br\/cbradar\/o-que-acontece-com-sua-digestao-quando-voce-come-mamao-regularmente\/\" \/>\n<meta property=\"og:site_name\" content=\"Correio Braziliense - Radar\" \/>\n<meta property=\"article:published_time\" content=\"2026-03-12T14:25:00+00:00\" \/>\n<meta property=\"og:image\" content=\"https:\/\/www.correiobraziliense.com.br\/cbradar\/wp-content\/uploads\/2026\/03\/Gemini_Generated_Image_krulopkrulopkrul-1-1.png\" \/>\n\t<meta property=\"og:image:width\" content=\"1280\" \/>\n\t<meta property=\"og:image:height\" content=\"720\" \/>\n\t<meta property=\"og:image:type\" content=\"image\/png\" \/>\n<meta name=\"author\" content=\"Patrick Silva\" \/>\n<meta name=\"twitter:card\" content=\"summary_large_image\" \/>\n<meta name=\"twitter:label1\" content=\"Escrito por\" \/>\n\t<meta name=\"twitter:data1\" content=\"Patrick Silva\" \/>\n\t<meta name=\"twitter:label2\" content=\"Est. tempo de leitura\" \/>\n\t<meta name=\"twitter:data2\" content=\"5 minutos\" \/>\n<!-- \/ Yoast SEO plugin. -->","yoast_head_json":{"title":"O que acontece com sua digest\u00e3o quando voc\u00ea come mam\u00e3o regularmente - Correio Braziliense - Radar","description":"Muitas pessoas consomem mam\u00e3o sem imaginar o impacto real no intestino. Um fator presente na fruta explica essa fama digestiva.","robots":{"index":"index","follow":"follow","max-snippet":"max-snippet:-1","max-image-preview":"max-image-preview:large","max-video-preview":"max-video-preview:-1"},"canonical":"https:\/\/www.correiobraziliense.com.br\/cbradar\/o-que-acontece-com-sua-digestao-quando-voce-come-mamao-regularmente\/","og_locale":"pt_BR","og_type":"article","og_title":"O que acontece com sua digest\u00e3o quando voc\u00ea come mam\u00e3o regularmente - Correio Braziliense - Radar","og_description":"Muitas pessoas consomem mam\u00e3o sem imaginar o impacto real no intestino. Um fator presente na fruta explica essa fama digestiva.","og_url":"https:\/\/www.correiobraziliense.com.br\/cbradar\/o-que-acontece-com-sua-digestao-quando-voce-come-mamao-regularmente\/","og_site_name":"Correio Braziliense - Radar","article_published_time":"2026-03-12T14:25:00+00:00","og_image":[{"width":1280,"height":720,"url":"https:\/\/www.correiobraziliense.com.br\/cbradar\/wp-content\/uploads\/2026\/03\/Gemini_Generated_Image_krulopkrulopkrul-1-1.png","type":"image\/png"}],"author":"Patrick Silva","twitter_card":"summary_large_image","twitter_misc":{"Escrito por":"Patrick Silva","Est. tempo de leitura":"5 minutos"},"schema":{"@context":"https:\/\/schema.org","@graph":[{"@type":"WebPage","@id":"https:\/\/www.correiobraziliense.com.br\/cbradar\/o-que-acontece-com-sua-digestao-quando-voce-come-mamao-regularmente\/","url":"https:\/\/www.correiobraziliense.com.br\/cbradar\/o-que-acontece-com-sua-digestao-quando-voce-come-mamao-regularmente\/","name":"O que acontece com sua digest\u00e3o quando voc\u00ea come mam\u00e3o regularmente - Correio Braziliense - Radar","isPartOf":{"@id":"https:\/\/www.correiobraziliense.com.br\/cbradar\/#website"},"primaryImageOfPage":{"@id":"https:\/\/www.correiobraziliense.com.br\/cbradar\/o-que-acontece-com-sua-digestao-quando-voce-come-mamao-regularmente\/#primaryimage"},"image":{"@id":"https:\/\/www.correiobraziliense.com.br\/cbradar\/o-que-acontece-com-sua-digestao-quando-voce-come-mamao-regularmente\/#primaryimage"},"thumbnailUrl":"https:\/\/www.correiobraziliense.com.br\/cbradar\/wp-content\/uploads\/2026\/03\/Gemini_Generated_Image_krulopkrulopkrul-1-1.png","datePublished":"2026-03-12T14:25:00+00:00","author":{"@id":"https:\/\/www.correiobraziliense.com.br\/cbradar\/#\/schema\/person\/5440b72be9c7eb74f446c846479dc4da"},"description":"Muitas pessoas consomem mam\u00e3o sem imaginar o impacto real no intestino. Um fator presente na fruta explica essa fama digestiva.","breadcrumb":{"@id":"https:\/\/www.correiobraziliense.com.br\/cbradar\/o-que-acontece-com-sua-digestao-quando-voce-come-mamao-regularmente\/#breadcrumb"},"inLanguage":"pt-BR","potentialAction":[{"@type":"ReadAction","target":["https:\/\/www.correiobraziliense.com.br\/cbradar\/o-que-acontece-com-sua-digestao-quando-voce-come-mamao-regularmente\/"]}]},{"@type":"ImageObject","inLanguage":"pt-BR","@id":"https:\/\/www.correiobraziliense.com.br\/cbradar\/o-que-acontece-com-sua-digestao-quando-voce-come-mamao-regularmente\/#primaryimage","url":"https:\/\/www.correiobraziliense.com.br\/cbradar\/wp-content\/uploads\/2026\/03\/Gemini_Generated_Image_krulopkrulopkrul-1-1.png","contentUrl":"https:\/\/www.correiobraziliense.com.br\/cbradar\/wp-content\/uploads\/2026\/03\/Gemini_Generated_Image_krulopkrulopkrul-1-1.png","width":1280,"height":720,"caption":"Mam\u00e3o fresco cortado destacando enzimas naturais que auxiliam a digest\u00e3o e o equil\u00edbrio intestinal di\u00e1rio"},{"@type":"BreadcrumbList","@id":"https:\/\/www.correiobraziliense.com.br\/cbradar\/o-que-acontece-com-sua-digestao-quando-voce-come-mamao-regularmente\/#breadcrumb","itemListElement":[{"@type":"ListItem","position":1,"name":"In\u00edcio","item":"https:\/\/www.correiobraziliense.com.br\/cbradar\/"},{"@type":"ListItem","position":2,"name":"O que acontece com sua digest\u00e3o quando voc\u00ea come mam\u00e3o regularmente"}]},{"@type":"WebSite","@id":"https:\/\/www.correiobraziliense.com.br\/cbradar\/#website","url":"https:\/\/www.correiobraziliense.com.br\/cbradar\/","name":"Correio Braziliense - Radar","description":"Acompanhe as \u00faltimas not\u00edcias e fique bem informado sobre tudo o que acontece no Brasil e no mundo.","potentialAction":[{"@type":"SearchAction","target":{"@type":"EntryPoint","urlTemplate":"https:\/\/www.correiobraziliense.com.br\/cbradar\/?s={search_term_string}"},"query-input":{"@type":"PropertyValueSpecification","valueRequired":true,"valueName":"search_term_string"}}],"inLanguage":"pt-BR"},{"@type":"Person","@id":"https:\/\/www.correiobraziliense.com.br\/cbradar\/#\/schema\/person\/5440b72be9c7eb74f446c846479dc4da","name":"Patrick Silva","image":{"@type":"ImageObject","inLanguage":"pt-BR","@id":"https:\/\/www.correiobraziliense.com.br\/cbradar\/#\/schema\/person\/image\/","url":"https:\/\/secure.gravatar.com\/avatar\/944109df296fc087785c9715fd5f80b2?s=96&d=mm&r=g","contentUrl":"https:\/\/secure.gravatar.com\/avatar\/944109df296fc087785c9715fd5f80b2?s=96&d=mm&r=g","caption":"Patrick Silva"},"sameAs":["https:\/\/www.correiobraziliense.com.br\/cbradar\/"],"url":"https:\/\/www.correiobraziliense.com.br\/cbradar\/author\/patrick-silva\/"}]}},"_links":{"self":[{"href":"https:\/\/www.correiobraziliense.com.br\/cbradar\/wp-json\/wp\/v2\/posts\/206233","targetHints":{"allow":["GET"]}}],"collection":[{"href":"https:\/\/www.correiobraziliense.com.br\/cbradar\/wp-json\/wp\/v2\/posts"}],"about":[{"href":"https:\/\/www.correiobraziliense.com.br\/cbradar\/wp-json\/wp\/v2\/types\/post"}],"author":[{"embeddable":true,"href":"https:\/\/www.correiobraziliense.com.br\/cbradar\/wp-json\/wp\/v2\/users\/21"}],"replies":[{"embeddable":true,"href":"https:\/\/www.correiobraziliense.com.br\/cbradar\/wp-json\/wp\/v2\/comments?post=206233"}],"version-history":[{"count":4,"href":"https:\/\/www.correiobraziliense.com.br\/cbradar\/wp-json\/wp\/v2\/posts\/206233\/revisions"}],"predecessor-version":[{"id":206240,"href":"https:\/\/www.correiobraziliense.com.br\/cbradar\/wp-json\/wp\/v2\/posts\/206233\/revisions\/206240"}],"wp:featuredmedia":[{"embeddable":true,"href":"https:\/\/www.correiobraziliense.com.br\/cbradar\/wp-json\/wp\/v2\/media\/206235"}],"wp:attachment":[{"href":"https:\/\/www.correiobraziliense.com.br\/cbradar\/wp-json\/wp\/v2\/media?parent=206233"}],"wp:term":[{"taxonomy":"category","embeddable":true,"href":"https:\/\/www.correiobraziliense.com.br\/cbradar\/wp-json\/wp\/v2\/categories?post=206233"},{"taxonomy":"post_tag","embeddable":true,"href":"https:\/\/www.correiobraziliense.com.br\/cbradar\/wp-json\/wp\/v2\/post_tag?post=206233"}],"curies":[{"name":"wp","href":"https:\/\/api.w.org\/{rel}","templated":true}]}}