{"id":206256,"date":"2026-03-10T17:26:45","date_gmt":"2026-03-10T20:26:45","guid":{"rendered":"https:\/\/www.correiobraziliense.com.br\/cbradar\/?p=206256"},"modified":"2026-03-10T17:26:48","modified_gmt":"2026-03-10T20:26:48","slug":"david-sinclair-pesquisador-de-longevidade-se-voce-tem-mais-de-45-anos-reduzir-acucar-pode-ajudar-a-envelhecer-melhor","status":"publish","type":"post","link":"https:\/\/www.correiobraziliense.com.br\/cbradar\/david-sinclair-pesquisador-de-longevidade-se-voce-tem-mais-de-45-anos-reduzir-acucar-pode-ajudar-a-envelhecer-melhor\/","title":{"rendered":"David Sinclair, pesquisador de longevidade: \u201cSe voc\u00ea tem mais de 45 anos, reduzir a\u00e7\u00facar pode ajudar a envelhecer melhor\u201d\u00a0\u00a0"},"content":{"rendered":"\n<p>Reduzir o consumo de a\u00e7\u00facar ap\u00f3s os quarenta e cinco anos \u00e9 uma decis\u00e3o vital para quem busca envelhecer com sa\u00fade. Essa mudan\u00e7a alimentar ajuda a regular o metabolismo e protege as c\u00e9lulas contra danos oxidativos precoces. Entender como a glicose afeta o organismo permite escolhas conscientes que garantem uma longevidade muito mais ativa.<\/p>\n\n\n\n<h2 class=\"wp-block-heading\">Por que os quarenta e cinco anos marcam um ponto de virada metab\u00f3lica?<\/h2>\n\n\n\n<p>Nessa fase, a sensibilidade \u00e0 insulina diminui, tornando o processamento de carboidratos refinados um desafio maior. O corpo responde lentamente aos picos glic\u00eamicos, favorecendo o ac\u00famulo de gordura. <strong>David Sinclair<\/strong> destaca que essa vigil\u00e2ncia alimentar \u00e9 essencial para manter a <strong>vitalidade biol\u00f3gica<\/strong> constante e funcional por mais tempo.<\/p>\n\n\n\n<p>Manter n\u00edveis est\u00e1veis de <strong><a href=\"https:\/\/www.correiobraziliense.com.br\/cbradar\/o-melhor-horario-para-fazer-exercicio-e-controlar-o-acucar-no-sangue\/\" target=\"_blank\" rel=\"noreferrer noopener\">a\u00e7\u00facar <\/a><\/strong>protege as mitoc\u00f4ndrias, respons\u00e1veis pela energia em todas as c\u00e9lulas. Sem excesso de glicose, os mecanismos de reparo funcionam com efici\u00eancia, retardando sinais do envelhecimento. Escolher alimentos integrais \u00e9 uma estrat\u00e9gia inteligente para garantir <strong>envelhecer com disposi\u00e7\u00e3o<\/strong> e vigor f\u00edsico diariamente agora.<\/p>\n\n\n\n<p>A busca por longevidade tem levado cientistas a investigar como a alimenta\u00e7\u00e3o e o momento das refei\u00e7\u00f5es influenciam o envelhecimento do organismo. Entender esses h\u00e1bitos pode impactar a sa\u00fade a longo prazo. No conte\u00fado do <strong>Lewis Howes Portugu\u00eas<\/strong>, com 591 mil inscritos, voc\u00ea aprende mais:<\/p>\n\n\n\n<figure class=\"wp-block-embed is-type-video is-provider-youtube wp-block-embed-youtube wp-embed-aspect-16-9 wp-has-aspect-ratio\"><div class=\"wp-block-embed__wrapper\">\n<div class=\"jeg_video_container jeg_video_content\"><iframe loading=\"lazy\" title=\"REVERTA O ENVELHECIMENTO  O Que Comer E Quando Comer Para LONGEVIDADE | David Sinclair\" width=\"500\" height=\"281\" src=\"https:\/\/www.youtube.com\/embed\/cpjzuNS3tB0?feature=oembed\" frameborder=\"0\" allow=\"accelerometer; autoplay; clipboard-write; encrypted-media; gyroscope; picture-in-picture; web-share\" referrerpolicy=\"strict-origin-when-cross-origin\" allowfullscreen><\/iframe><\/div>\n<\/div><\/figure>\n\n\n\n<h2 class=\"wp-block-heading\">Como o excesso de glicose acelera o seu processo de envelhecimento celular?<\/h2>\n\n\n\n<p>O a\u00e7\u00facar em excesso promove a glica\u00e7\u00e3o, que danifica as fibras de col\u00e1geno e elastina da pele. Internamente, essa rea\u00e7\u00e3o cria compostos que aceleram a degrada\u00e7\u00e3o de \u00f3rg\u00e3os e tecidos ao longo dos anos. Reduzir esses picos \u00e9 uma pr\u00e1tica fundamental para garantir a <strong>sa\u00fade celular plena<\/strong> hoje.<\/p>\n\n\n\n<p>A glica\u00e7\u00e3o afeta a flexibilidade das art\u00e9rias, aumentando riscos cardiovasculares em adultos maduros. Ao controlar doces, voc\u00ea permite que o organismo foque na regenera\u00e7\u00e3o e prote\u00e7\u00e3o contra doen\u00e7as degenerativas. \u00c9 uma mudan\u00e7a simples que promove resultados profundos e <strong>garante longevidade real<\/strong> de maneira pr\u00e1tica e segura.<\/p>\n\n\n\n<h2 class=\"wp-block-heading\">Quais trocas pr\u00e1ticas podem transformar completamente sua energia di\u00e1ria?<\/h2>\n\n\n\n<p>Substituir carboidratos brutos por op\u00e7\u00f5es de baixo \u00edndice glic\u00eamico evita quedas de energia que causam fadiga intensa. Frutas frescas e oleaginosas s\u00e3o excelentes alternativas para saciar o desejo por doces sem comprometer o metabolismo. Essa organiza\u00e7\u00e3o \u00e9 o primeiro passo para uma <strong>vida mais equilibrada<\/strong> e produtiva.<\/p>\n\n\n\n<p>Adote estas estrat\u00e9gias fundamentais para otimizar sua sa\u00fade metab\u00f3lica e garantir um processo de envelhecimento muito mais saud\u00e1vel:<\/p>\n\n\n\n<figure class=\"wp-block-image size-large\"><img decoding=\"async\" width=\"1206\" height=\"720\" src=\"https:\/\/www.correiobraziliense.com.br\/cbradar\/wp-content\/uploads\/2026\/03\/convertido-16-1206x720.jpg\" alt=\"\" class=\"wp-image-206257\" srcset=\"https:\/\/www.correiobraziliense.com.br\/cbradar\/wp-content\/uploads\/2026\/03\/convertido-16-1206x720.jpg 1206w, https:\/\/www.correiobraziliense.com.br\/cbradar\/wp-content\/uploads\/2026\/03\/convertido-16-300x179.jpg 300w, https:\/\/www.correiobraziliense.com.br\/cbradar\/wp-content\/uploads\/2026\/03\/convertido-16-768x458.jpg 768w, https:\/\/www.correiobraziliense.com.br\/cbradar\/wp-content\/uploads\/2026\/03\/convertido-16-750x448.jpg 750w, https:\/\/www.correiobraziliense.com.br\/cbradar\/wp-content\/uploads\/2026\/03\/convertido-16-1140x680.jpg 1140w, https:\/\/www.correiobraziliense.com.br\/cbradar\/wp-content\/uploads\/2026\/03\/convertido-16.jpg 1280w\" sizes=\"(max-width: 1206px) 100vw, 1206px\" \/><\/figure>\n\n\n\n<h2 class=\"wp-block-heading\">\u00c9 realmente poss\u00edvel reverter danos biol\u00f3gicos causados pelo consumo de doces?<\/h2>\n\n\n\n<p>O corpo possui capacidade regenerativa impressionante quando est\u00edmulos inflamat\u00f3rios s\u00e3o removidos da dieta de forma consistente. Ao reduzir o a\u00e7\u00facar, o f\u00edgado processa gorduras com facilidade, melhorando o perfil lip\u00eddico. Adotar h\u00e1bitos saud\u00e1veis permite que o sistema imunol\u00f3gico recupere sua <strong>efici\u00eancia m\u00e1xima<\/strong> rapidamente e com vigor.<\/p>\n\n\n\n<p>A restri\u00e7\u00e3o de a\u00e7\u00facares ativa genes de longevidade conhecidos como sirtu\u00ednas, que protegem nosso DNA. Essas prote\u00ednas atuam como guardi\u00e3s celulares, corrigindo erros e prevenindo c\u00e9lulas doentes ou envelhecidas. \u00c9 uma oportunidade de ouro para restaurar a sa\u00fade e <strong>garantir um futuro vigoroso<\/strong> em todas as \u00e1reas.<\/p>\n\n\n\n<figure class=\"wp-block-image size-full\"><img decoding=\"async\" width=\"1280\" height=\"720\" src=\"https:\/\/www.correiobraziliense.com.br\/cbradar\/wp-content\/uploads\/2026\/03\/Gemini_Generated_Image_nl5b81nl5b81nl5b-1-1.png\" alt=\"David Sinclair, pesquisador de longevidade: \u201cSe voc\u00ea tem mais de 45 anos, reduzir a\u00e7\u00facar pode ajudar a envelhecer melhor\u201d\u00a0\u00a0\" class=\"wp-image-206263\" srcset=\"https:\/\/www.correiobraziliense.com.br\/cbradar\/wp-content\/uploads\/2026\/03\/Gemini_Generated_Image_nl5b81nl5b81nl5b-1-1.png 1280w, https:\/\/www.correiobraziliense.com.br\/cbradar\/wp-content\/uploads\/2026\/03\/Gemini_Generated_Image_nl5b81nl5b81nl5b-1-1-300x169.png 300w, https:\/\/www.correiobraziliense.com.br\/cbradar\/wp-content\/uploads\/2026\/03\/Gemini_Generated_Image_nl5b81nl5b81nl5b-1-1-768x432.png 768w, https:\/\/www.correiobraziliense.com.br\/cbradar\/wp-content\/uploads\/2026\/03\/Gemini_Generated_Image_nl5b81nl5b81nl5b-1-1-750x422.png 750w, https:\/\/www.correiobraziliense.com.br\/cbradar\/wp-content\/uploads\/2026\/03\/Gemini_Generated_Image_nl5b81nl5b81nl5b-1-1-1140x641.png 1140w\" sizes=\"(max-width: 1280px) 100vw, 1280px\" \/><figcaption class=\"wp-element-caption\">Escolha de alimentos naturais destacando redu\u00e7\u00e3o do a\u00e7\u00facar para proteger metabolismo e envelhecimento saud\u00e1vel<\/figcaption><\/figure>\n\n\n\n<h2 class=\"wp-block-heading\">Qual \u00e9 o impacto real do a\u00e7\u00facar na inflama\u00e7\u00e3o cr\u00f4nica do organismo?<\/h2>\n\n\n\n<p>A ingest\u00e3o constante de glicose refinada mant\u00e9m o corpo em inflama\u00e7\u00e3o subcl\u00ednica, raiz de diversas doen\u00e7as modernas. Esse estresse biol\u00f3gico desgasta as defesas naturais e acelera o decl\u00ednio das fun\u00e7\u00f5es cognitivas e f\u00edsicas. Controlar esse processo \u00e9 vital para manter a <strong>mente e corpo jovens<\/strong> e ativos.<\/p>\n\n\n\n<p>Segundo a <strong>World Health Organization<\/strong>, limitar o a\u00e7\u00facar livre \u00e9 a medida mais eficaz para prevenir diabetes e obesidade. Seguir recomenda\u00e7\u00f5es t\u00e9cnicas protege sua sa\u00fade sist\u00eamica contra complica\u00e7\u00f5es em longo prazo. Acesse as orienta\u00e7\u00f5es da <a target=\"_blank\" rel=\"noreferrer noopener\" href=\"https:\/\/www.who.int\/news-room\/fact-sheets\/detail\/healthy-diet\">World Health Organization<\/a> para manter sua dieta equilibrada de forma profissional.<\/p>\n","protected":false},"excerpt":{"rendered":"<p>Reduzir o consumo de a\u00e7\u00facar ap\u00f3s os quarenta e cinco anos \u00e9 uma decis\u00e3o vital para quem busca envelhecer com sa\u00fade. Essa mudan\u00e7a alimentar ajuda a regular o metabolismo e protege as c\u00e9lulas contra danos oxidativos precoces. Entender como a glicose afeta o organismo permite escolhas conscientes que garantem uma longevidade muito mais ativa. Por [&hellip;]<\/p>\n","protected":false},"author":21,"featured_media":206259,"comment_status":"open","ping_status":"open","sticky":false,"template":"","format":"standard","meta":{"_yoast_wpseo_focuskw":"Reduzir a\u00e7\u00facar ap\u00f3s os 45 anos","_yoast_wpseo_title":"","_yoast_wpseo_metadesc":"Ap\u00f3s certa idade, o a\u00e7\u00facar pode impactar o metabolismo mais do que muita gente imagina. Um detalhe pouco comentado explica essa mudan\u00e7a.","jnews-multi-image_gallery":[],"jnews_single_post":{"format":"standard"},"jnews_primary_category":[],"jnews_social_meta":[],"jnews_override_counter":[],"footnotes":""},"categories":[112],"tags":[1808,15946,1575,232],"class_list":["post-206256","post","type-post","status-publish","format-standard","has-post-thumbnail","hentry","category-curiosidades","tag-acucar","tag-david-sinclair","tag-envelhecer","tag-longevidade"],"yoast_head":"<!-- This site is optimized with the Yoast SEO plugin v24.6 - https:\/\/yoast.com\/wordpress\/plugins\/seo\/ -->\n<title>David Sinclair, pesquisador de longevidade: \u201cSe voc\u00ea tem mais de 45 anos, reduzir a\u00e7\u00facar pode ajudar a envelhecer melhor\u201d\u00a0\u00a0 - Correio Braziliense - Radar<\/title>\n<meta name=\"description\" content=\"Ap\u00f3s certa idade, o a\u00e7\u00facar pode impactar o metabolismo mais do que muita gente imagina. Um detalhe pouco comentado explica essa mudan\u00e7a.\" \/>\n<meta name=\"robots\" content=\"index, follow, max-snippet:-1, max-image-preview:large, max-video-preview:-1\" \/>\n<link rel=\"canonical\" href=\"https:\/\/www.correiobraziliense.com.br\/cbradar\/david-sinclair-pesquisador-de-longevidade-se-voce-tem-mais-de-45-anos-reduzir-acucar-pode-ajudar-a-envelhecer-melhor\/\" \/>\n<meta property=\"og:locale\" content=\"pt_BR\" \/>\n<meta property=\"og:type\" content=\"article\" \/>\n<meta property=\"og:title\" content=\"David Sinclair, pesquisador de longevidade: \u201cSe voc\u00ea tem mais de 45 anos, reduzir a\u00e7\u00facar pode ajudar a envelhecer melhor\u201d\u00a0\u00a0 - Correio Braziliense - Radar\" \/>\n<meta property=\"og:description\" content=\"Ap\u00f3s certa idade, o a\u00e7\u00facar pode impactar o metabolismo mais do que muita gente imagina. Um detalhe pouco comentado explica essa mudan\u00e7a.\" \/>\n<meta property=\"og:url\" content=\"https:\/\/www.correiobraziliense.com.br\/cbradar\/david-sinclair-pesquisador-de-longevidade-se-voce-tem-mais-de-45-anos-reduzir-acucar-pode-ajudar-a-envelhecer-melhor\/\" \/>\n<meta property=\"og:site_name\" content=\"Correio Braziliense - Radar\" \/>\n<meta property=\"article:published_time\" content=\"2026-03-10T20:26:45+00:00\" \/>\n<meta property=\"article:modified_time\" content=\"2026-03-10T20:26:48+00:00\" \/>\n<meta property=\"og:image\" content=\"https:\/\/www.correiobraziliense.com.br\/cbradar\/wp-content\/uploads\/2026\/03\/Gemini_Generated_Image_6tb5sx6tb5sx6tb5-1-1.png\" \/>\n\t<meta property=\"og:image:width\" content=\"1280\" \/>\n\t<meta property=\"og:image:height\" content=\"720\" \/>\n\t<meta property=\"og:image:type\" content=\"image\/png\" \/>\n<meta name=\"author\" content=\"Patrick Silva\" \/>\n<meta name=\"twitter:card\" content=\"summary_large_image\" \/>\n<meta name=\"twitter:label1\" content=\"Escrito por\" \/>\n\t<meta name=\"twitter:data1\" content=\"Patrick Silva\" \/>\n\t<meta name=\"twitter:label2\" content=\"Est. tempo de leitura\" \/>\n\t<meta name=\"twitter:data2\" content=\"4 minutos\" \/>\n<!-- \/ Yoast SEO plugin. -->","yoast_head_json":{"title":"David Sinclair, pesquisador de longevidade: \u201cSe voc\u00ea tem mais de 45 anos, reduzir a\u00e7\u00facar pode ajudar a envelhecer melhor\u201d\u00a0\u00a0 - Correio Braziliense - Radar","description":"Ap\u00f3s certa idade, o a\u00e7\u00facar pode impactar o metabolismo mais do que muita gente imagina. Um detalhe pouco comentado explica essa mudan\u00e7a.","robots":{"index":"index","follow":"follow","max-snippet":"max-snippet:-1","max-image-preview":"max-image-preview:large","max-video-preview":"max-video-preview:-1"},"canonical":"https:\/\/www.correiobraziliense.com.br\/cbradar\/david-sinclair-pesquisador-de-longevidade-se-voce-tem-mais-de-45-anos-reduzir-acucar-pode-ajudar-a-envelhecer-melhor\/","og_locale":"pt_BR","og_type":"article","og_title":"David Sinclair, pesquisador de longevidade: \u201cSe voc\u00ea tem mais de 45 anos, reduzir a\u00e7\u00facar pode ajudar a envelhecer melhor\u201d\u00a0\u00a0 - Correio Braziliense - Radar","og_description":"Ap\u00f3s certa idade, o a\u00e7\u00facar pode impactar o metabolismo mais do que muita gente imagina. Um detalhe pouco comentado explica essa mudan\u00e7a.","og_url":"https:\/\/www.correiobraziliense.com.br\/cbradar\/david-sinclair-pesquisador-de-longevidade-se-voce-tem-mais-de-45-anos-reduzir-acucar-pode-ajudar-a-envelhecer-melhor\/","og_site_name":"Correio Braziliense - Radar","article_published_time":"2026-03-10T20:26:45+00:00","article_modified_time":"2026-03-10T20:26:48+00:00","og_image":[{"width":1280,"height":720,"url":"https:\/\/www.correiobraziliense.com.br\/cbradar\/wp-content\/uploads\/2026\/03\/Gemini_Generated_Image_6tb5sx6tb5sx6tb5-1-1.png","type":"image\/png"}],"author":"Patrick Silva","twitter_card":"summary_large_image","twitter_misc":{"Escrito por":"Patrick Silva","Est. tempo de leitura":"4 minutos"},"schema":{"@context":"https:\/\/schema.org","@graph":[{"@type":"WebPage","@id":"https:\/\/www.correiobraziliense.com.br\/cbradar\/david-sinclair-pesquisador-de-longevidade-se-voce-tem-mais-de-45-anos-reduzir-acucar-pode-ajudar-a-envelhecer-melhor\/","url":"https:\/\/www.correiobraziliense.com.br\/cbradar\/david-sinclair-pesquisador-de-longevidade-se-voce-tem-mais-de-45-anos-reduzir-acucar-pode-ajudar-a-envelhecer-melhor\/","name":"David Sinclair, pesquisador de longevidade: \u201cSe voc\u00ea tem mais de 45 anos, reduzir a\u00e7\u00facar pode ajudar a envelhecer melhor\u201d\u00a0\u00a0 - Correio Braziliense - Radar","isPartOf":{"@id":"https:\/\/www.correiobraziliense.com.br\/cbradar\/#website"},"primaryImageOfPage":{"@id":"https:\/\/www.correiobraziliense.com.br\/cbradar\/david-sinclair-pesquisador-de-longevidade-se-voce-tem-mais-de-45-anos-reduzir-acucar-pode-ajudar-a-envelhecer-melhor\/#primaryimage"},"image":{"@id":"https:\/\/www.correiobraziliense.com.br\/cbradar\/david-sinclair-pesquisador-de-longevidade-se-voce-tem-mais-de-45-anos-reduzir-acucar-pode-ajudar-a-envelhecer-melhor\/#primaryimage"},"thumbnailUrl":"https:\/\/www.correiobraziliense.com.br\/cbradar\/wp-content\/uploads\/2026\/03\/Gemini_Generated_Image_6tb5sx6tb5sx6tb5-1-1.png","datePublished":"2026-03-10T20:26:45+00:00","dateModified":"2026-03-10T20:26:48+00:00","author":{"@id":"https:\/\/www.correiobraziliense.com.br\/cbradar\/#\/schema\/person\/5440b72be9c7eb74f446c846479dc4da"},"description":"Ap\u00f3s certa idade, o a\u00e7\u00facar pode impactar o metabolismo mais do que muita gente imagina. Um detalhe pouco comentado explica essa mudan\u00e7a.","breadcrumb":{"@id":"https:\/\/www.correiobraziliense.com.br\/cbradar\/david-sinclair-pesquisador-de-longevidade-se-voce-tem-mais-de-45-anos-reduzir-acucar-pode-ajudar-a-envelhecer-melhor\/#breadcrumb"},"inLanguage":"pt-BR","potentialAction":[{"@type":"ReadAction","target":["https:\/\/www.correiobraziliense.com.br\/cbradar\/david-sinclair-pesquisador-de-longevidade-se-voce-tem-mais-de-45-anos-reduzir-acucar-pode-ajudar-a-envelhecer-melhor\/"]}]},{"@type":"ImageObject","inLanguage":"pt-BR","@id":"https:\/\/www.correiobraziliense.com.br\/cbradar\/david-sinclair-pesquisador-de-longevidade-se-voce-tem-mais-de-45-anos-reduzir-acucar-pode-ajudar-a-envelhecer-melhor\/#primaryimage","url":"https:\/\/www.correiobraziliense.com.br\/cbradar\/wp-content\/uploads\/2026\/03\/Gemini_Generated_Image_6tb5sx6tb5sx6tb5-1-1.png","contentUrl":"https:\/\/www.correiobraziliense.com.br\/cbradar\/wp-content\/uploads\/2026\/03\/Gemini_Generated_Image_6tb5sx6tb5sx6tb5-1-1.png","width":1280,"height":720,"caption":"Escolha de alimentos naturais destacando redu\u00e7\u00e3o do a\u00e7\u00facar para proteger metabolismo e envelhecimento saud\u00e1vel"},{"@type":"BreadcrumbList","@id":"https:\/\/www.correiobraziliense.com.br\/cbradar\/david-sinclair-pesquisador-de-longevidade-se-voce-tem-mais-de-45-anos-reduzir-acucar-pode-ajudar-a-envelhecer-melhor\/#breadcrumb","itemListElement":[{"@type":"ListItem","position":1,"name":"In\u00edcio","item":"https:\/\/www.correiobraziliense.com.br\/cbradar\/"},{"@type":"ListItem","position":2,"name":"David Sinclair, pesquisador de longevidade: \u201cSe voc\u00ea tem mais de 45 anos, reduzir a\u00e7\u00facar pode ajudar a envelhecer melhor\u201d\u00a0\u00a0"}]},{"@type":"WebSite","@id":"https:\/\/www.correiobraziliense.com.br\/cbradar\/#website","url":"https:\/\/www.correiobraziliense.com.br\/cbradar\/","name":"Correio Braziliense - Radar","description":"Acompanhe as \u00faltimas not\u00edcias e fique bem informado sobre tudo o que acontece no Brasil e no mundo.","potentialAction":[{"@type":"SearchAction","target":{"@type":"EntryPoint","urlTemplate":"https:\/\/www.correiobraziliense.com.br\/cbradar\/?s={search_term_string}"},"query-input":{"@type":"PropertyValueSpecification","valueRequired":true,"valueName":"search_term_string"}}],"inLanguage":"pt-BR"},{"@type":"Person","@id":"https:\/\/www.correiobraziliense.com.br\/cbradar\/#\/schema\/person\/5440b72be9c7eb74f446c846479dc4da","name":"Patrick Silva","image":{"@type":"ImageObject","inLanguage":"pt-BR","@id":"https:\/\/www.correiobraziliense.com.br\/cbradar\/#\/schema\/person\/image\/","url":"https:\/\/secure.gravatar.com\/avatar\/944109df296fc087785c9715fd5f80b2?s=96&d=mm&r=g","contentUrl":"https:\/\/secure.gravatar.com\/avatar\/944109df296fc087785c9715fd5f80b2?s=96&d=mm&r=g","caption":"Patrick Silva"},"sameAs":["https:\/\/www.correiobraziliense.com.br\/cbradar\/"],"url":"https:\/\/www.correiobraziliense.com.br\/cbradar\/author\/patrick-silva\/"}]}},"_links":{"self":[{"href":"https:\/\/www.correiobraziliense.com.br\/cbradar\/wp-json\/wp\/v2\/posts\/206256","targetHints":{"allow":["GET"]}}],"collection":[{"href":"https:\/\/www.correiobraziliense.com.br\/cbradar\/wp-json\/wp\/v2\/posts"}],"about":[{"href":"https:\/\/www.correiobraziliense.com.br\/cbradar\/wp-json\/wp\/v2\/types\/post"}],"author":[{"embeddable":true,"href":"https:\/\/www.correiobraziliense.com.br\/cbradar\/wp-json\/wp\/v2\/users\/21"}],"replies":[{"embeddable":true,"href":"https:\/\/www.correiobraziliense.com.br\/cbradar\/wp-json\/wp\/v2\/comments?post=206256"}],"version-history":[{"count":4,"href":"https:\/\/www.correiobraziliense.com.br\/cbradar\/wp-json\/wp\/v2\/posts\/206256\/revisions"}],"predecessor-version":[{"id":206264,"href":"https:\/\/www.correiobraziliense.com.br\/cbradar\/wp-json\/wp\/v2\/posts\/206256\/revisions\/206264"}],"wp:featuredmedia":[{"embeddable":true,"href":"https:\/\/www.correiobraziliense.com.br\/cbradar\/wp-json\/wp\/v2\/media\/206259"}],"wp:attachment":[{"href":"https:\/\/www.correiobraziliense.com.br\/cbradar\/wp-json\/wp\/v2\/media?parent=206256"}],"wp:term":[{"taxonomy":"category","embeddable":true,"href":"https:\/\/www.correiobraziliense.com.br\/cbradar\/wp-json\/wp\/v2\/categories?post=206256"},{"taxonomy":"post_tag","embeddable":true,"href":"https:\/\/www.correiobraziliense.com.br\/cbradar\/wp-json\/wp\/v2\/tags?post=206256"}],"curies":[{"name":"wp","href":"https:\/\/api.w.org\/{rel}","templated":true}]}}