{"id":206265,"date":"2026-03-10T19:59:09","date_gmt":"2026-03-10T22:59:09","guid":{"rendered":"https:\/\/www.correiobraziliense.com.br\/cbradar\/?p=206265"},"modified":"2026-03-10T19:59:12","modified_gmt":"2026-03-10T22:59:12","slug":"o-que-bell-hooks-quis-dizer-quando-afirmou-que-o-amor-e-um-ato-de-vontade-e-compromisso","status":"publish","type":"post","link":"https:\/\/www.correiobraziliense.com.br\/cbradar\/o-que-bell-hooks-quis-dizer-quando-afirmou-que-o-amor-e-um-ato-de-vontade-e-compromisso\/","title":{"rendered":"O que bell hooks quis dizer quando afirmou que \u201cO amor \u00e9 um ato de vontade e compromisso\u201d"},"content":{"rendered":"\n<p>A compreens\u00e3o profunda das rela\u00e7\u00f5es humanas exige um olhar atento sobre como constru\u00edmos afetos verdadeiros em nosso cotidiano moderno. Para <strong>bell hooks<\/strong>, o amor transcende o simples sentimento passageiro, tornando-se uma escolha deliberada que exige esfor\u00e7o e dedica\u00e7\u00e3o. Entender essa perspectiva transforma a maneira como interagimos com o mundo e com as pessoas pr\u00f3ximas.<\/p>\n\n\n\n<h2 class=\"wp-block-heading\">Por que o afeto exige uma decis\u00e3o consciente do indiv\u00edduo?<\/h2>\n\n\n\n<p>Para a autora, amar n\u00e3o \u00e9 algo que simplesmente acontece conosco de forma passiva ou acidental. Trata-se de uma inten\u00e7\u00e3o clara de nutrir o pr\u00f3prio crescimento espiritual e o amadurecimento constante de outra pessoa querida. Quando decidimos amar, assumimos a responsabilidade de agir com carinho, respeito e honestidade em todos os momentos compartilhados e <strong>muito especiais<\/strong>.<\/p>\n\n\n\n<p>Essa vis\u00e3o desafia a ideia rom\u00e2ntica de que o <strong><a href=\"https:\/\/www.correiobraziliense.com.br\/cbradar\/o-que-significa-amor-fati-a-filosofia-de-nietzsche-que-ensina-a-aceitar-o-destino\/\" target=\"_blank\" rel=\"noreferrer noopener\">amor <\/a><\/strong>\u00e9 apenas uma emo\u00e7\u00e3o incontrol\u00e1vel e m\u00e1gica. Ao definir o afeto como um ato de vontade, <strong>bell hooks<\/strong> nos convoca a sermos protagonistas ativos em nossas conex\u00f5es emocionais. Escolher o amor significa priorizar a\u00e7\u00f5es concretas que demonstrem cuidado real e aten\u00e7\u00e3o plena nas rela\u00e7\u00f5es humanas di\u00e1rias.<\/p>\n\n\n\n<figure class=\"wp-block-embed is-type-video is-provider-youtube wp-block-embed-youtube wp-embed-aspect-16-9 wp-has-aspect-ratio\"><div class=\"wp-block-embed__wrapper\">\n<div class=\"jeg_video_container jeg_video_content\"><iframe loading=\"lazy\" title=\"O Amor \u00e9 a Solu\u00e7\u00e3o? - Reflex\u00f5es Filos\u00f3ficas com Bell Hooks. Prof. La\u00eds Marques\" width=\"500\" height=\"281\" src=\"https:\/\/www.youtube.com\/embed\/hHcz8sbjqSM?feature=oembed\" frameborder=\"0\" allow=\"accelerometer; autoplay; clipboard-write; encrypted-media; gyroscope; picture-in-picture; web-share\" referrerpolicy=\"strict-origin-when-cross-origin\" allowfullscreen><\/iframe><\/div>\n<\/div><\/figure>\n\n\n\n<h2 class=\"wp-block-heading\">Como a responsabilidade molda as conex\u00f5es afetivas duradouras?<\/h2>\n\n\n\n<p>O compromisso mencionado pela escritora envolve estar presente e dispon\u00edvel mesmo diante das dificuldades naturais da conviv\u00eancia. N\u00e3o basta sentir algo positivo; \u00e9 preciso sustentar esse sentimento atrav\u00e9s de comportamentos que gerem seguran\u00e7a e confian\u00e7a m\u00fatua. A responsabilidade pessoal \u00e9 o pilar que impede as rela\u00e7\u00f5es de desmoronarem diante do primeiro conflito ou desentendimento banal.<\/p>\n\n\n\n<p>Quando entendemos o amor como um trabalho cont\u00ednuo, paramos de esperar que o outro nos complete magicamente. O esfor\u00e7o m\u00fatuo cria um ambiente f\u00e9rtil para que ambos os parceiros possam se desenvolver com liberdade e dignidade. Essa base s\u00f3lida permite que o afeto cres\u00e7a de forma saud\u00e1vel, transformando a paix\u00e3o inicial em um v\u00ednculo <strong>realmente transformador<\/strong> e muito poderoso.<\/p>\n\n\n\n<h2 class=\"wp-block-heading\">Quais atitudes pr\u00e1ticas definem o amor como escolha?<\/h2>\n\n\n\n<p>Cultivar rela\u00e7\u00f5es baseadas na vontade exige abandonar padr\u00f5es de domina\u00e7\u00e3o e buscar a justi\u00e7a emocional constante. Praticar a escuta ativa e demonstrar vulnerabilidade s\u00e3o passos fundamentais para quem deseja viver um afeto aut\u00eantico e libertador. O compromisso se manifesta atrav\u00e9s de pequenos gestos di\u00e1rios que refor\u00e7am a decis\u00e3o de permanecer ao lado de algu\u00e9m com respeito.<\/p>\n\n\n\n<p>Desenvolver um v\u00ednculo profundo requer a pr\u00e1tica constante de comportamentos que fortalecem a uni\u00e3o e o respeito m\u00fatuo:<\/p>\n\n\n\n<figure class=\"wp-block-image size-large\"><img decoding=\"async\" width=\"1206\" height=\"720\" src=\"https:\/\/www.correiobraziliense.com.br\/cbradar\/wp-content\/uploads\/2026\/03\/convertido-17-1206x720.jpg\" alt=\"\" class=\"wp-image-206269\" srcset=\"https:\/\/www.correiobraziliense.com.br\/cbradar\/wp-content\/uploads\/2026\/03\/convertido-17-1206x720.jpg 1206w, https:\/\/www.correiobraziliense.com.br\/cbradar\/wp-content\/uploads\/2026\/03\/convertido-17-300x179.jpg 300w, https:\/\/www.correiobraziliense.com.br\/cbradar\/wp-content\/uploads\/2026\/03\/convertido-17-768x458.jpg 768w, https:\/\/www.correiobraziliense.com.br\/cbradar\/wp-content\/uploads\/2026\/03\/convertido-17-750x448.jpg 750w, https:\/\/www.correiobraziliense.com.br\/cbradar\/wp-content\/uploads\/2026\/03\/convertido-17-1140x680.jpg 1140w, https:\/\/www.correiobraziliense.com.br\/cbradar\/wp-content\/uploads\/2026\/03\/convertido-17.jpg 1280w\" sizes=\"(max-width: 1206px) 100vw, 1206px\" \/><\/figure>\n\n\n\n<h2 class=\"wp-block-heading\">O amor pode ser uma ferramenta de mudan\u00e7a social?<\/h2>\n\n\n\n<p>A perspectiva de hooks sugere que amar \u00e9 tamb\u00e9m um ato pol\u00edtico que desafia estruturas de opress\u00e3o sist\u00eamica. Ao escolhermos o cuidado em vez do poder, estamos subvertendo l\u00f3gicas que desumanizam o pr\u00f3ximo em nossa sociedade atual. O amor \u00e9tico promove a cura coletiva e nos ensina a valorizar a vida humana acima de interesses ego\u00edstas.<\/p>\n\n\n\n<p>Praticar a vontade de amar nos torna cidad\u00e3os mais emp\u00e1ticos e atentos \u00e0s necessidades da nossa comunidade local. Esse compromisso com o bem-estar alheio gera uma rede de apoio que fortalece os la\u00e7os sociais e combate a solid\u00e3o. A decis\u00e3o de amar \u00e9, portanto, um passo fundamental para quem deseja construir um mundo mais justo, equilibrado e <strong>genuinamente humano<\/strong>.<\/p>\n\n\n\n<figure class=\"wp-block-image size-full\"><img decoding=\"async\" width=\"1280\" height=\"720\" src=\"https:\/\/www.correiobraziliense.com.br\/cbradar\/wp-content\/uploads\/2026\/03\/Gemini_Generated_Image_knd52xknd52xknd5-1-1.png\" alt=\"O que bell hooks quis dizer quando afirmou que \u201cO amor \u00e9 um ato de vontade e compromisso\u201d\" class=\"wp-image-206277\" srcset=\"https:\/\/www.correiobraziliense.com.br\/cbradar\/wp-content\/uploads\/2026\/03\/Gemini_Generated_Image_knd52xknd52xknd5-1-1.png 1280w, https:\/\/www.correiobraziliense.com.br\/cbradar\/wp-content\/uploads\/2026\/03\/Gemini_Generated_Image_knd52xknd52xknd5-1-1-300x169.png 300w, https:\/\/www.correiobraziliense.com.br\/cbradar\/wp-content\/uploads\/2026\/03\/Gemini_Generated_Image_knd52xknd52xknd5-1-1-768x432.png 768w, https:\/\/www.correiobraziliense.com.br\/cbradar\/wp-content\/uploads\/2026\/03\/Gemini_Generated_Image_knd52xknd52xknd5-1-1-750x422.png 750w, https:\/\/www.correiobraziliense.com.br\/cbradar\/wp-content\/uploads\/2026\/03\/Gemini_Generated_Image_knd52xknd52xknd5-1-1-1140x641.png 1140w\" sizes=\"(max-width: 1280px) 100vw, 1280px\" \/><figcaption class=\"wp-element-caption\">Reflex\u00e3o sobre amor consciente inspirada em bell hooks destacando escolhas cuidado e responsabilidade<\/figcaption><\/figure>\n\n\n\n<h2 class=\"wp-block-heading\">De que forma a \u00e9tica do cuidado transforma nossas vidas?<\/h2>\n\n\n\n<p>Adotar uma \u00e9tica baseada no compromisso emocional melhora a nossa sa\u00fade mental e a qualidade das intera\u00e7\u00f5es cotidianas. Quando agimos com vontade, deixamos de ser v\u00edtimas das circunst\u00e2ncias para nos tornarmos arquitetos de relacionamentos saud\u00e1veis e vibrantes. O amor consciente nos protege contra abusos e nos ensina a buscar parcerias que valorizem a nossa <strong>ess\u00eancia mais profunda<\/strong>.<\/p>\n\n\n\n<p>A filosofia de hooks continua inspirando gera\u00e7\u00f5es a repensar a educa\u00e7\u00e3o emocional em diversos contextos culturais e acad\u00eamicos. Institui\u00e7\u00f5es renomadas como a <strong>Stanford Encyclopedia of Philosophy<\/strong> exploram profundamente essas din\u00e2micas entre vontade, \u00e9tica e sentimentos humanos. Acesse as <a target=\"_blank\" rel=\"noreferrer noopener\" href=\"https:\/\/plato.stanford.edu\/entries\/love\/\">defini\u00e7\u00f5es filos\u00f3ficas de amor<\/a> para compreender como esses conceitos de escolha e compromisso s\u00e3o fundamentais para o pensamento cr\u00edtico e moderno.<\/p>\n","protected":false},"excerpt":{"rendered":"<p>A compreens\u00e3o profunda das rela\u00e7\u00f5es humanas exige um olhar atento sobre como constru\u00edmos afetos verdadeiros em nosso cotidiano moderno. Para bell hooks, o amor transcende o simples sentimento passageiro, tornando-se uma escolha deliberada que exige esfor\u00e7o e dedica\u00e7\u00e3o. Entender essa perspectiva transforma a maneira como interagimos com o mundo e com as pessoas pr\u00f3ximas. Por [&hellip;]<\/p>\n","protected":false},"author":21,"featured_media":206268,"comment_status":"open","ping_status":"open","sticky":false,"template":"","format":"standard","meta":{"_yoast_wpseo_focuskw":"Amor como escolha consciente na filosofia de bell hooks","_yoast_wpseo_title":"","_yoast_wpseo_metadesc":"Para bell hooks, o amor vai muito al\u00e9m do sentimento. Uma ideia surpreendente muda totalmente a forma de enxergar rela\u00e7\u00f5es.","jnews-multi-image_gallery":[],"jnews_single_post":{"format":"standard"},"jnews_primary_category":[],"jnews_social_meta":[],"jnews_override_counter":[],"footnotes":""},"categories":[112],"post_tag":[5598,15947,12276,5078],"class_list":["post-206265","post","type-post","status-publish","format-standard","has-post-thumbnail","hentry","category-curiosidades","tag-amor","tag-bell-hooks","tag-compromisso","tag-filosofia"],"yoast_head":"<!-- This site is optimized with the Yoast SEO plugin v24.6 - https:\/\/yoast.com\/wordpress\/plugins\/seo\/ -->\n<title>O que bell hooks quis dizer quando afirmou que \u201cO amor \u00e9 um ato de vontade e compromisso\u201d - Correio Braziliense - Radar<\/title>\n<meta name=\"description\" content=\"Para bell hooks, o amor vai muito al\u00e9m do sentimento. Uma ideia surpreendente muda totalmente a forma de enxergar rela\u00e7\u00f5es.\" \/>\n<meta name=\"robots\" content=\"index, follow, max-snippet:-1, max-image-preview:large, max-video-preview:-1\" \/>\n<link rel=\"canonical\" href=\"https:\/\/www.correiobraziliense.com.br\/cbradar\/o-que-bell-hooks-quis-dizer-quando-afirmou-que-o-amor-e-um-ato-de-vontade-e-compromisso\/\" \/>\n<meta property=\"og:locale\" content=\"pt_BR\" \/>\n<meta property=\"og:type\" content=\"article\" \/>\n<meta property=\"og:title\" content=\"O que bell hooks quis dizer quando afirmou que \u201cO amor \u00e9 um ato de vontade e compromisso\u201d - Correio Braziliense - Radar\" \/>\n<meta property=\"og:description\" content=\"Para bell hooks, o amor vai muito al\u00e9m do sentimento. Uma ideia surpreendente muda totalmente a forma de enxergar rela\u00e7\u00f5es.\" \/>\n<meta property=\"og:url\" content=\"https:\/\/www.correiobraziliense.com.br\/cbradar\/o-que-bell-hooks-quis-dizer-quando-afirmou-que-o-amor-e-um-ato-de-vontade-e-compromisso\/\" \/>\n<meta property=\"og:site_name\" content=\"Correio Braziliense - Radar\" \/>\n<meta property=\"article:published_time\" content=\"2026-03-10T22:59:09+00:00\" \/>\n<meta property=\"article:modified_time\" content=\"2026-03-10T22:59:12+00:00\" \/>\n<meta property=\"og:image\" content=\"https:\/\/www.correiobraziliense.com.br\/cbradar\/wp-content\/uploads\/2026\/03\/Gemini_Generated_Image_jwkw96jwkw96jwkw-1-1.png\" \/>\n\t<meta property=\"og:image:width\" content=\"1280\" \/>\n\t<meta property=\"og:image:height\" content=\"720\" \/>\n\t<meta property=\"og:image:type\" content=\"image\/png\" \/>\n<meta name=\"author\" content=\"Patrick Silva\" \/>\n<meta name=\"twitter:card\" content=\"summary_large_image\" \/>\n<meta name=\"twitter:label1\" content=\"Escrito por\" \/>\n\t<meta name=\"twitter:data1\" content=\"Patrick Silva\" \/>\n\t<meta name=\"twitter:label2\" content=\"Est. tempo de leitura\" \/>\n\t<meta name=\"twitter:data2\" content=\"5 minutos\" \/>\n<!-- \/ Yoast SEO plugin. -->","yoast_head_json":{"title":"O que bell hooks quis dizer quando afirmou que \u201cO amor \u00e9 um ato de vontade e compromisso\u201d - Correio Braziliense - Radar","description":"Para bell hooks, o amor vai muito al\u00e9m do sentimento. Uma ideia surpreendente muda totalmente a forma de enxergar rela\u00e7\u00f5es.","robots":{"index":"index","follow":"follow","max-snippet":"max-snippet:-1","max-image-preview":"max-image-preview:large","max-video-preview":"max-video-preview:-1"},"canonical":"https:\/\/www.correiobraziliense.com.br\/cbradar\/o-que-bell-hooks-quis-dizer-quando-afirmou-que-o-amor-e-um-ato-de-vontade-e-compromisso\/","og_locale":"pt_BR","og_type":"article","og_title":"O que bell hooks quis dizer quando afirmou que \u201cO amor \u00e9 um ato de vontade e compromisso\u201d - Correio Braziliense - Radar","og_description":"Para bell hooks, o amor vai muito al\u00e9m do sentimento. Uma ideia surpreendente muda totalmente a forma de enxergar rela\u00e7\u00f5es.","og_url":"https:\/\/www.correiobraziliense.com.br\/cbradar\/o-que-bell-hooks-quis-dizer-quando-afirmou-que-o-amor-e-um-ato-de-vontade-e-compromisso\/","og_site_name":"Correio Braziliense - Radar","article_published_time":"2026-03-10T22:59:09+00:00","article_modified_time":"2026-03-10T22:59:12+00:00","og_image":[{"width":1280,"height":720,"url":"https:\/\/www.correiobraziliense.com.br\/cbradar\/wp-content\/uploads\/2026\/03\/Gemini_Generated_Image_jwkw96jwkw96jwkw-1-1.png","type":"image\/png"}],"author":"Patrick Silva","twitter_card":"summary_large_image","twitter_misc":{"Escrito por":"Patrick Silva","Est. tempo de leitura":"5 minutos"},"schema":{"@context":"https:\/\/schema.org","@graph":[{"@type":"WebPage","@id":"https:\/\/www.correiobraziliense.com.br\/cbradar\/o-que-bell-hooks-quis-dizer-quando-afirmou-que-o-amor-e-um-ato-de-vontade-e-compromisso\/","url":"https:\/\/www.correiobraziliense.com.br\/cbradar\/o-que-bell-hooks-quis-dizer-quando-afirmou-que-o-amor-e-um-ato-de-vontade-e-compromisso\/","name":"O que bell hooks quis dizer quando afirmou que \u201cO amor \u00e9 um ato de vontade e compromisso\u201d - Correio Braziliense - Radar","isPartOf":{"@id":"https:\/\/www.correiobraziliense.com.br\/cbradar\/#website"},"primaryImageOfPage":{"@id":"https:\/\/www.correiobraziliense.com.br\/cbradar\/o-que-bell-hooks-quis-dizer-quando-afirmou-que-o-amor-e-um-ato-de-vontade-e-compromisso\/#primaryimage"},"image":{"@id":"https:\/\/www.correiobraziliense.com.br\/cbradar\/o-que-bell-hooks-quis-dizer-quando-afirmou-que-o-amor-e-um-ato-de-vontade-e-compromisso\/#primaryimage"},"thumbnailUrl":"https:\/\/www.correiobraziliense.com.br\/cbradar\/wp-content\/uploads\/2026\/03\/Gemini_Generated_Image_jwkw96jwkw96jwkw-1-1.png","datePublished":"2026-03-10T22:59:09+00:00","dateModified":"2026-03-10T22:59:12+00:00","author":{"@id":"https:\/\/www.correiobraziliense.com.br\/cbradar\/#\/schema\/person\/5440b72be9c7eb74f446c846479dc4da"},"description":"Para bell hooks, o amor vai muito al\u00e9m do sentimento. Uma ideia surpreendente muda totalmente a forma de enxergar rela\u00e7\u00f5es.","breadcrumb":{"@id":"https:\/\/www.correiobraziliense.com.br\/cbradar\/o-que-bell-hooks-quis-dizer-quando-afirmou-que-o-amor-e-um-ato-de-vontade-e-compromisso\/#breadcrumb"},"inLanguage":"pt-BR","potentialAction":[{"@type":"ReadAction","target":["https:\/\/www.correiobraziliense.com.br\/cbradar\/o-que-bell-hooks-quis-dizer-quando-afirmou-que-o-amor-e-um-ato-de-vontade-e-compromisso\/"]}]},{"@type":"ImageObject","inLanguage":"pt-BR","@id":"https:\/\/www.correiobraziliense.com.br\/cbradar\/o-que-bell-hooks-quis-dizer-quando-afirmou-que-o-amor-e-um-ato-de-vontade-e-compromisso\/#primaryimage","url":"https:\/\/www.correiobraziliense.com.br\/cbradar\/wp-content\/uploads\/2026\/03\/Gemini_Generated_Image_jwkw96jwkw96jwkw-1-1.png","contentUrl":"https:\/\/www.correiobraziliense.com.br\/cbradar\/wp-content\/uploads\/2026\/03\/Gemini_Generated_Image_jwkw96jwkw96jwkw-1-1.png","width":1280,"height":720,"caption":"Reflex\u00e3o sobre amor consciente inspirada em bell hooks destacando escolhas cuidado e responsabilidade"},{"@type":"BreadcrumbList","@id":"https:\/\/www.correiobraziliense.com.br\/cbradar\/o-que-bell-hooks-quis-dizer-quando-afirmou-que-o-amor-e-um-ato-de-vontade-e-compromisso\/#breadcrumb","itemListElement":[{"@type":"ListItem","position":1,"name":"In\u00edcio","item":"https:\/\/www.correiobraziliense.com.br\/cbradar\/"},{"@type":"ListItem","position":2,"name":"O que bell hooks quis dizer quando afirmou que \u201cO amor \u00e9 um ato de vontade e compromisso\u201d"}]},{"@type":"WebSite","@id":"https:\/\/www.correiobraziliense.com.br\/cbradar\/#website","url":"https:\/\/www.correiobraziliense.com.br\/cbradar\/","name":"Correio Braziliense - Radar","description":"Acompanhe as \u00faltimas not\u00edcias e fique bem informado sobre tudo o que acontece no Brasil e no mundo.","potentialAction":[{"@type":"SearchAction","target":{"@type":"EntryPoint","urlTemplate":"https:\/\/www.correiobraziliense.com.br\/cbradar\/?s={search_term_string}"},"query-input":{"@type":"PropertyValueSpecification","valueRequired":true,"valueName":"search_term_string"}}],"inLanguage":"pt-BR"},{"@type":"Person","@id":"https:\/\/www.correiobraziliense.com.br\/cbradar\/#\/schema\/person\/5440b72be9c7eb74f446c846479dc4da","name":"Patrick Silva","image":{"@type":"ImageObject","inLanguage":"pt-BR","@id":"https:\/\/www.correiobraziliense.com.br\/cbradar\/#\/schema\/person\/image\/","url":"https:\/\/secure.gravatar.com\/avatar\/944109df296fc087785c9715fd5f80b2?s=96&d=mm&r=g","contentUrl":"https:\/\/secure.gravatar.com\/avatar\/944109df296fc087785c9715fd5f80b2?s=96&d=mm&r=g","caption":"Patrick Silva"},"sameAs":["https:\/\/www.correiobraziliense.com.br\/cbradar\/"],"url":"https:\/\/www.correiobraziliense.com.br\/cbradar\/author\/patrick-silva\/"}]}},"_links":{"self":[{"href":"https:\/\/www.correiobraziliense.com.br\/cbradar\/wp-json\/wp\/v2\/posts\/206265","targetHints":{"allow":["GET"]}}],"collection":[{"href":"https:\/\/www.correiobraziliense.com.br\/cbradar\/wp-json\/wp\/v2\/posts"}],"about":[{"href":"https:\/\/www.correiobraziliense.com.br\/cbradar\/wp-json\/wp\/v2\/types\/post"}],"author":[{"embeddable":true,"href":"https:\/\/www.correiobraziliense.com.br\/cbradar\/wp-json\/wp\/v2\/users\/21"}],"replies":[{"embeddable":true,"href":"https:\/\/www.correiobraziliense.com.br\/cbradar\/wp-json\/wp\/v2\/comments?post=206265"}],"version-history":[{"count":5,"href":"https:\/\/www.correiobraziliense.com.br\/cbradar\/wp-json\/wp\/v2\/posts\/206265\/revisions"}],"predecessor-version":[{"id":206280,"href":"https:\/\/www.correiobraziliense.com.br\/cbradar\/wp-json\/wp\/v2\/posts\/206265\/revisions\/206280"}],"wp:featuredmedia":[{"embeddable":true,"href":"https:\/\/www.correiobraziliense.com.br\/cbradar\/wp-json\/wp\/v2\/media\/206268"}],"wp:attachment":[{"href":"https:\/\/www.correiobraziliense.com.br\/cbradar\/wp-json\/wp\/v2\/media?parent=206265"}],"wp:term":[{"taxonomy":"category","embeddable":true,"href":"https:\/\/www.correiobraziliense.com.br\/cbradar\/wp-json\/wp\/v2\/categories?post=206265"},{"taxonomy":"post_tag","embeddable":true,"href":"https:\/\/www.correiobraziliense.com.br\/cbradar\/wp-json\/wp\/v2\/post_tag?post=206265"}],"curies":[{"name":"wp","href":"https:\/\/api.w.org\/{rel}","templated":true}]}}