{"id":206326,"date":"2026-03-11T11:05:00","date_gmt":"2026-03-11T14:05:00","guid":{"rendered":"https:\/\/www.correiobraziliense.com.br\/cbradar\/?p=206326"},"modified":"2026-03-10T17:29:46","modified_gmt":"2026-03-10T20:29:46","slug":"a-bebida-natural-que-pode-acalmar-espinhas-hormonais-e-controlar-a-oleosidade","status":"publish","type":"post","link":"https:\/\/www.correiobraziliense.com.br\/cbradar\/a-bebida-natural-que-pode-acalmar-espinhas-hormonais-e-controlar-a-oleosidade\/","title":{"rendered":"A bebida natural que pode acalmar espinhas hormonais e controlar a oleosidade"},"content":{"rendered":"\n<p>A <strong>Hortel\u00e3-Verde<\/strong>, mais conhecida como spearmint, tem sido destacada como uma op\u00e7\u00e3o natural e promissora no aux\u00edlio ao tratamento da acne, especialmente aquela de fundo hormonal. A acne muitas vezes surge devido ao desequil\u00edbrio hormonal, que provoca um aumento na produ\u00e7\u00e3o de oleosidade pela pele. Ao incorporar o ch\u00e1 de hortel\u00e3-verde na rotina, pode-se observar uma melhora significativa na sa\u00fade da pele, tornando-se uma medida complementar aos tratamentos dermatol\u00f3gicos convencionais.<\/p>\n\n\n\n<h2 class=\"wp-block-heading\">Como a Hortel\u00e3-Verde Atua na Pele?<\/h2>\n\n\n\n<p>O poder da hortel\u00e3-verde se deve principalmente \u00e0 sua capacidade de atuar sobre os horm\u00f4nios andr\u00f3genos, frequentemente ligados \u00e0 oleosidade excessiva que causa as espinhas. A presen\u00e7a de compostos anti-androg\u00eanicos na planta ajuda a conter essa produ\u00e7\u00e3o de sebo. Al\u00e9m disso, a planta \u00e9 rica em polifen\u00f3is como o \u00e1cido rosmar\u00ednico, conhecido por suas propriedades anti-inflamat\u00f3rias e antioxidantes, essenciais no al\u00edvio da vermelhid\u00e3o e incha\u00e7o decorrentes da acne.<\/p>\n\n\n\n<h2 class=\"wp-block-heading\">Quais s\u00e3o as Evid\u00eancias Cient\u00edficas Sobre a Hortel\u00e3-Verde?<\/h2>\n\n\n\n<p>Os benef\u00edcios hormonais da hortel\u00e3-verde n\u00e3o s\u00e3o meramente aned\u00f3ticos, mas est\u00e3o embasados em pesquisas cient\u00edficas. Um estudo cl\u00ednico publicado na Phytotherapy Research explorou o impacto do ch\u00e1 de hortel\u00e3-verde em mulheres com s\u00edndrome dos ov\u00e1rios polic\u00edsticos, uma condi\u00e7\u00e3o comumente ligada a altos n\u00edveis de andr\u00f3genos. O consumo regular de duas x\u00edcaras di\u00e1rias mostrou uma redu\u00e7\u00e3o not\u00e1vel nos n\u00edveis de testosterona livre e total, refor\u00e7ando o potencial anti-androg\u00eanico da hortel\u00e3-verde no manejo da acne hormonal.<\/p>\n\n\n\n<p>Para compreender melhor os poss\u00edveis benef\u00edcios do <strong>ch\u00e1 de hortel\u00e3<\/strong> para a sa\u00fade, assista ao v\u00eddeo a seguir, no qual o especialista explica o assunto de forma clara e did\u00e1tica no canal <strong>Cardio DF<\/strong>. Eu consegui confirmar o canal com boa seguran\u00e7a, mas n\u00e3o o nome do profissional respons\u00e1vel por esse v\u00eddeo espec\u00edfico.<\/p>\n\n\n\n<iframe loading=\"lazy\" width=\"1396\" height=\"785\" src=\"https:\/\/www.youtube.com\/embed\/VzSMKndH-QQ\" title=\"CH\u00c1 DE HORTEL\u00c3: BEBA TODOS OS DIAS e VEJA O QUE ACONTECE COM SEU CORPO (7 BENEF\u00cdCIOS DA MENTA)\" frameborder=\"0\" allow=\"accelerometer; autoplay; clipboard-write; encrypted-media; gyroscope; picture-in-picture; web-share\" referrerpolicy=\"strict-origin-when-cross-origin\" allowfullscreen><\/iframe>\n\n\n\n<h2 class=\"wp-block-heading\">Benef\u00edcios Adicionais do Ch\u00e1 de Hortel\u00e3 para a Pele<\/h2>\n\n\n\n<p>Al\u00e9m do controle sobre a acne, o ch\u00e1 de hortel\u00e3-verde apresenta outros benef\u00edcios relevantes para a pele:<\/p>\n\n\n\n<style>\n  .make-wrap{\n    max-width: 760px;\n    margin: 26px auto;\n    padding: 18px;\n    border-radius: 18px;\n    background: linear-gradient(135deg,#fff7fb 0%,#f6f2ff 100%);\n    border: 1px solid #f7d4ea;\n    box-shadow: 0 8px 20px rgba(236,72,153,.12);\n    font-family: system-ui, -apple-system, Segoe UI, Roboto, Helvetica, Arial, sans-serif;\n  }\n\n  .make-title{\n    display:flex; \n    align-items:center; \n    gap:10px;\n    margin:0 0 12px 4px;\n    font-size:1.2rem; \n    font-weight:900; \n    color:#9d174d;\n  }\n\n  .make-table{\n    width:100%;\n    border-collapse:separate;\n    border-spacing:0;\n    overflow:hidden;\n    border-radius:16px;\n    border:1px solid #f7d4ea;\n    background:#fff;\n    font-size:.92rem;\n  }\n\n  .make-table thead th{\n    background:linear-gradient(90deg,#fde7f3 0%,#f8e9ff 100%);\n    padding:12px;\n    color:#7a1e63;\n    font-weight:800;\n    text-align:left;\n    border-bottom:1px solid #f7d4ea;\n  }\n\n  .make-table tbody td{\n    padding:12px;\n    color:#374151;\n    vertical-align:top;\n    border-bottom:1px dashed #f7d4ea;\n  }\n\n  .make-table tbody tr:nth-child(odd){\n    background:#fffaff;\n  }\n\n  .price{\n    display:inline-flex;\n    align-items:center;\n    background:#fff7ed;\n    color:#b45309;\n    padding:6px 10px;\n    border-radius:10px;\n    border:1px solid #fed7aa;\n    font-weight:700;\n    white-space:nowrap;\n  }\n\n  .badge{\n    display:inline-block;\n    background:#fde7f3;\n    color:#c026d3;\n    border:1px solid #fecdd3;\n    padding:4px 10px;\n    border-radius:999px;\n    font-weight:700;\n    font-size:.78rem;\n  }\n\n  @media (max-width:720px){\n    .make-table thead{display:none}\n    .make-table, .make-table tbody, .make-table tr, .make-table td{\n      display:block; \n      width:100%;\n    }\n    .make-table tr{\n      margin-bottom:12px;\n      border:1px solid #f7d4ea;\n      border-radius:14px;\n      overflow:hidden;\n      background:#fff;\n    }\n    .make-table td[data-label]:before{\n      content:attr(data-label);\n      display:block;\n      font-weight:800;\n      color:#7a1e63;\n      margin-bottom:4px;\n    }\n    .make-table tbody td:last-child{border-bottom:none}\n  }\n<\/style>\n\n<div class=\"make-wrap\">\n  <h3 class=\"make-title\">\ud83c\udf3f\u2728 Benef\u00edcios do ch\u00e1 para a sa\u00fade da pele<\/h3>\n\n  <table class=\"make-table\">\n    <thead>\n      <tr>\n        <th>Benef\u00edcio<\/th>\n        <th>Como ajuda a pele<\/th>\n      <\/tr>\n    <\/thead>\n    <tbody>\n      <tr>\n        <td data-label=\"Benef\u00edcio\">Redu\u00e7\u00e3o da oleosidade<\/td>\n        <td data-label=\"Como ajuda a pele\">Ao equilibrar os horm\u00f4nios andr\u00f3genos, este ch\u00e1 ajuda a controlar a produ\u00e7\u00e3o de sebo.<\/td>\n      <\/tr>\n      <tr>\n        <td data-label=\"Benef\u00edcio\">A\u00e7\u00e3o anti-inflamat\u00f3ria<\/td>\n        <td data-label=\"Como ajuda a pele\">Seus compostos naturais aliviam a inflama\u00e7\u00e3o das espinhas, diminuindo o desconforto e a vermelhid\u00e3o.<\/td>\n      <\/tr>\n      <tr>\n        <td data-label=\"Benef\u00edcio\">Prote\u00e7\u00e3o antioxidante<\/td>\n        <td data-label=\"Como ajuda a pele\">Antioxidantes presentes ajudam a prevenir o envelhecimento cut\u00e2neo precoce e danos causados por agentes ambientais.<\/td>\n      <\/tr>\n      <tr>\n        <td data-label=\"Benef\u00edcio\">Propriedades antibacterianas<\/td>\n        <td data-label=\"Como ajuda a pele\">Compostos como mentol e carvona inibem bact\u00e9rias relacionadas ao desenvolvimento da acne.<\/td>\n      <\/tr>\n    <\/tbody>\n  <\/table>\n\n  <p style=\"margin-top:14px; color:#6b7280; font-size:.9rem;\">\n    \ud83d\udca1 <strong>Dica:<\/strong> Consumido com regularidade e aliado a bons cuidados com a pele, esse ch\u00e1 pode ajudar no controle da acne.\n  <\/p>\n<\/div>\n\n\n\n\n<h2 class=\"wp-block-heading\">Como Incluir o Ch\u00e1 de Hortel\u00e3-Verde na Rotina Di\u00e1ria?<\/h2>\n\n\n\n<p>Para integrar o ch\u00e1 de hortel\u00e3-verde na rotina, o preparo \u00e9 simples: adicione uma colher de sopa de folhas frescas ou secas em \u00e1gua quente, deixando em infus\u00e3o por cinco a dez minutos. Eis algumas recomenda\u00e7\u00f5es:<\/p>\n\n\n\n<ol class=\"wp-block-list\">\n<li>Consuma uma a duas x\u00edcaras diariamente para alcan\u00e7ar benef\u00edcios consistentes.<\/li>\n\n\n\n<li>Opte por folhas org\u00e2nicas para evitar res\u00edduos de pesticidas.<\/li>\n\n\n\n<li>Seja paciente, pois os resultados podem levar semanas para se manifestarem.<\/li>\n\n\n\n<li>Evite excessos para prevenir desconforto digestivo.<\/li>\n<\/ol>\n\n\n\n<h2 class=\"wp-block-heading\">Quando o Ch\u00e1 de Hortel\u00e3-Verde N\u00e3o \u00e9 Suficiente?<\/h2>\n\n\n\n<p>Embora a hortel\u00e3-verde ofere\u00e7a v\u00e1rios benef\u00edcios, ela n\u00e3o deve substituir tratamentos m\u00e9dicos prescritos, especialmente em casos de acne moderada a grave. Gestantes, lactantes e pessoas em tratamento hormonal devem consultar um profissional de sa\u00fade antes de iniciar o consumo regular do ch\u00e1. A recomenda\u00e7\u00e3o de um dermatologista \u00e9 essencial para uma abordagem segura e eficaz no cuidado da pele.<\/p>\n\n\n<a href=\"https:\/\/www.instagram.com\/dra.annaluisabf\/\" target=\"_blank\" rel=\"noopener\" style=\"text-decoration: none; color: inherit;\">\n    <span style=\"display: inline-block; border: 1px solid #ccc; border-radius: 10px; padding: 15px; max-width: 550px; font-family: sans-serif; box-shadow: 0 2px 5px rgba(0,0,0,0.1); width: 100%;\">\n\n      <!-- T\u00edtulo -->\n      <span style=\"display: block; margin: 0 0 15px 0; font-weight: bold; color: #2c3e50; text-align: center;\">\n        Entre em contato:\n      <\/span>\n\n      <!-- Linha do perfil -->\n      <span style=\"display: flex; align-items: center; gap: 15px;\">\n        <img decoding=\"async\"\n          src=\"https:\/\/www.correiobraziliense.com.br\/cbradar\/wp-content\/uploads\/2025\/08\/dra_anna_luisa.jpeg\"\n          alt=\"Foto da Dra. Anna Lu\u00edsa\"\n          style=\"border-radius: 50%; width: 80px; height: 80px; object-fit: cover;\"\n        \/>\n        <span style=\"display: flex; flex-direction: column;\">\n          <span style=\"font-size: 18px; font-weight: 700; color: #2c3e50;\">Dra. Anna Lu\u00edsa Barbosa Fernandes<\/span>\n          <span style=\"color: #555;\">CRM-GO 33.271<\/span>\n        <\/span>\n      <\/span>\n\n      <!-- Redes -->\n      <span style=\"display: flex; align-items: center; gap: 10px; margin-top: 12px;\">\n        <img decoding=\"async\" src=\"https:\/\/cdn-icons-png.flaticon.com\/24\/1384\/1384063.png\" alt=\"Instagram\" width=\"24\" height=\"24\" \/>\n        <span style=\"text-decoration: underline; color: #2c3e50;\">@dra.annaluisabf<\/span>\n      <\/span>\n\n    <\/span>\n  <\/a>","protected":false},"excerpt":{"rendered":"<p>A Hortel\u00e3-Verde, mais conhecida como spearmint, tem sido destacada como uma op\u00e7\u00e3o natural e promissora no aux\u00edlio ao tratamento da acne, especialmente aquela de fundo hormonal. A acne muitas vezes surge devido ao desequil\u00edbrio hormonal, que provoca um aumento na produ\u00e7\u00e3o de oleosidade pela pele. Ao incorporar o ch\u00e1 de hortel\u00e3-verde na rotina, pode-se observar [&hellip;]<\/p>\n","protected":false},"author":14,"featured_media":52331,"comment_status":"open","ping_status":"open","sticky":false,"template":"","format":"standard","meta":{"_yoast_wpseo_focuskw":"Hortel\u00e3-Verde","_yoast_wpseo_title":"","_yoast_wpseo_metadesc":"Hortel\u00e3-verde pode ajudar na acne hormonal e no controle da oleosidade. Descubra por que esse ch\u00e1 vem chamando aten\u00e7\u00e3o.","jnews-multi-image_gallery":[],"jnews_single_post":{"format":"standard"},"jnews_primary_category":[],"jnews_social_meta":[],"jnews_override_counter":[],"footnotes":""},"categories":[4404],"post_tag":[120,247,1318],"class_list":["post-206326","post","type-post","status-publish","format-standard","has-post-thumbnail","hentry","category-saude","tag-bem-estar","tag-qualidade-de-vida","tag-saude-2"],"yoast_head":"<!-- This site is optimized with the Yoast SEO plugin v24.6 - https:\/\/yoast.com\/wordpress\/plugins\/seo\/ -->\n<title>A bebida natural que pode acalmar espinhas hormonais e controlar a oleosidade - Correio Braziliense - Radar<\/title>\n<meta name=\"description\" content=\"Hortel\u00e3-verde pode ajudar na acne hormonal e no controle da oleosidade. Descubra por que esse ch\u00e1 vem chamando aten\u00e7\u00e3o.\" \/>\n<meta name=\"robots\" content=\"index, follow, max-snippet:-1, max-image-preview:large, max-video-preview:-1\" \/>\n<link rel=\"canonical\" href=\"https:\/\/www.correiobraziliense.com.br\/cbradar\/a-bebida-natural-que-pode-acalmar-espinhas-hormonais-e-controlar-a-oleosidade\/\" \/>\n<meta property=\"og:locale\" content=\"pt_BR\" \/>\n<meta property=\"og:type\" content=\"article\" \/>\n<meta property=\"og:title\" content=\"A bebida natural que pode acalmar espinhas hormonais e controlar a oleosidade - Correio Braziliense - Radar\" \/>\n<meta property=\"og:description\" content=\"Hortel\u00e3-verde pode ajudar na acne hormonal e no controle da oleosidade. Descubra por que esse ch\u00e1 vem chamando aten\u00e7\u00e3o.\" \/>\n<meta property=\"og:url\" content=\"https:\/\/www.correiobraziliense.com.br\/cbradar\/a-bebida-natural-que-pode-acalmar-espinhas-hormonais-e-controlar-a-oleosidade\/\" \/>\n<meta property=\"og:site_name\" content=\"Correio Braziliense - Radar\" \/>\n<meta property=\"article:published_time\" content=\"2026-03-11T14:05:00+00:00\" \/>\n<meta property=\"og:image\" content=\"https:\/\/www.correiobraziliense.com.br\/cbradar\/wp-content\/uploads\/2025\/06\/hortela_1749733265983.jpg\" \/>\n\t<meta property=\"og:image:width\" content=\"1280\" \/>\n\t<meta property=\"og:image:height\" content=\"720\" \/>\n\t<meta property=\"og:image:type\" content=\"image\/jpeg\" \/>\n<meta name=\"author\" content=\"guilherme_saude\" \/>\n<meta name=\"twitter:card\" content=\"summary_large_image\" \/>\n<meta name=\"twitter:label1\" content=\"Escrito por\" \/>\n\t<meta name=\"twitter:data1\" content=\"guilherme_saude\" \/>\n\t<meta name=\"twitter:label2\" content=\"Est. tempo de leitura\" \/>\n\t<meta name=\"twitter:data2\" content=\"4 minutos\" \/>\n<!-- \/ Yoast SEO plugin. -->","yoast_head_json":{"title":"A bebida natural que pode acalmar espinhas hormonais e controlar a oleosidade - Correio Braziliense - Radar","description":"Hortel\u00e3-verde pode ajudar na acne hormonal e no controle da oleosidade. Descubra por que esse ch\u00e1 vem chamando aten\u00e7\u00e3o.","robots":{"index":"index","follow":"follow","max-snippet":"max-snippet:-1","max-image-preview":"max-image-preview:large","max-video-preview":"max-video-preview:-1"},"canonical":"https:\/\/www.correiobraziliense.com.br\/cbradar\/a-bebida-natural-que-pode-acalmar-espinhas-hormonais-e-controlar-a-oleosidade\/","og_locale":"pt_BR","og_type":"article","og_title":"A bebida natural que pode acalmar espinhas hormonais e controlar a oleosidade - Correio Braziliense - Radar","og_description":"Hortel\u00e3-verde pode ajudar na acne hormonal e no controle da oleosidade. Descubra por que esse ch\u00e1 vem chamando aten\u00e7\u00e3o.","og_url":"https:\/\/www.correiobraziliense.com.br\/cbradar\/a-bebida-natural-que-pode-acalmar-espinhas-hormonais-e-controlar-a-oleosidade\/","og_site_name":"Correio Braziliense - Radar","article_published_time":"2026-03-11T14:05:00+00:00","og_image":[{"width":1280,"height":720,"url":"https:\/\/www.correiobraziliense.com.br\/cbradar\/wp-content\/uploads\/2025\/06\/hortela_1749733265983.jpg","type":"image\/jpeg"}],"author":"guilherme_saude","twitter_card":"summary_large_image","twitter_misc":{"Escrito por":"guilherme_saude","Est. tempo de leitura":"4 minutos"},"schema":{"@context":"https:\/\/schema.org","@graph":[{"@type":"WebPage","@id":"https:\/\/www.correiobraziliense.com.br\/cbradar\/a-bebida-natural-que-pode-acalmar-espinhas-hormonais-e-controlar-a-oleosidade\/","url":"https:\/\/www.correiobraziliense.com.br\/cbradar\/a-bebida-natural-que-pode-acalmar-espinhas-hormonais-e-controlar-a-oleosidade\/","name":"A bebida natural que pode acalmar espinhas hormonais e controlar a oleosidade - Correio Braziliense - Radar","isPartOf":{"@id":"https:\/\/www.correiobraziliense.com.br\/cbradar\/#website"},"primaryImageOfPage":{"@id":"https:\/\/www.correiobraziliense.com.br\/cbradar\/a-bebida-natural-que-pode-acalmar-espinhas-hormonais-e-controlar-a-oleosidade\/#primaryimage"},"image":{"@id":"https:\/\/www.correiobraziliense.com.br\/cbradar\/a-bebida-natural-que-pode-acalmar-espinhas-hormonais-e-controlar-a-oleosidade\/#primaryimage"},"thumbnailUrl":"https:\/\/www.correiobraziliense.com.br\/cbradar\/wp-content\/uploads\/2025\/06\/hortela_1749733265983.jpg","datePublished":"2026-03-11T14:05:00+00:00","author":{"@id":"https:\/\/www.correiobraziliense.com.br\/cbradar\/#\/schema\/person\/5aa4bf3c8fa699c267933611de12978b"},"description":"Hortel\u00e3-verde pode ajudar na acne hormonal e no controle da oleosidade. Descubra por que esse ch\u00e1 vem chamando aten\u00e7\u00e3o.","breadcrumb":{"@id":"https:\/\/www.correiobraziliense.com.br\/cbradar\/a-bebida-natural-que-pode-acalmar-espinhas-hormonais-e-controlar-a-oleosidade\/#breadcrumb"},"inLanguage":"pt-BR","potentialAction":[{"@type":"ReadAction","target":["https:\/\/www.correiobraziliense.com.br\/cbradar\/a-bebida-natural-que-pode-acalmar-espinhas-hormonais-e-controlar-a-oleosidade\/"]}]},{"@type":"ImageObject","inLanguage":"pt-BR","@id":"https:\/\/www.correiobraziliense.com.br\/cbradar\/a-bebida-natural-que-pode-acalmar-espinhas-hormonais-e-controlar-a-oleosidade\/#primaryimage","url":"https:\/\/www.correiobraziliense.com.br\/cbradar\/wp-content\/uploads\/2025\/06\/hortela_1749733265983.jpg","contentUrl":"https:\/\/www.correiobraziliense.com.br\/cbradar\/wp-content\/uploads\/2025\/06\/hortela_1749733265983.jpg","width":1280,"height":720,"caption":"Hortel\u00e3 - Cr\u00e9ditos: depositphotos.com \/ SergPoznanskiy"},{"@type":"BreadcrumbList","@id":"https:\/\/www.correiobraziliense.com.br\/cbradar\/a-bebida-natural-que-pode-acalmar-espinhas-hormonais-e-controlar-a-oleosidade\/#breadcrumb","itemListElement":[{"@type":"ListItem","position":1,"name":"In\u00edcio","item":"https:\/\/www.correiobraziliense.com.br\/cbradar\/"},{"@type":"ListItem","position":2,"name":"A bebida natural que pode acalmar espinhas hormonais e controlar a oleosidade"}]},{"@type":"WebSite","@id":"https:\/\/www.correiobraziliense.com.br\/cbradar\/#website","url":"https:\/\/www.correiobraziliense.com.br\/cbradar\/","name":"Correio Braziliense - Radar","description":"Acompanhe as \u00faltimas not\u00edcias e fique bem informado sobre tudo o que acontece no Brasil e no mundo.","potentialAction":[{"@type":"SearchAction","target":{"@type":"EntryPoint","urlTemplate":"https:\/\/www.correiobraziliense.com.br\/cbradar\/?s={search_term_string}"},"query-input":{"@type":"PropertyValueSpecification","valueRequired":true,"valueName":"search_term_string"}}],"inLanguage":"pt-BR"},{"@type":"Person","@id":"https:\/\/www.correiobraziliense.com.br\/cbradar\/#\/schema\/person\/5aa4bf3c8fa699c267933611de12978b","name":"guilherme_saude","image":{"@type":"ImageObject","inLanguage":"pt-BR","@id":"https:\/\/www.correiobraziliense.com.br\/cbradar\/#\/schema\/person\/image\/","url":"https:\/\/secure.gravatar.com\/avatar\/df9adfb835d344bc0af109d41756253f?s=96&d=mm&r=g","contentUrl":"https:\/\/secure.gravatar.com\/avatar\/df9adfb835d344bc0af109d41756253f?s=96&d=mm&r=g","caption":"guilherme_saude"},"url":"https:\/\/www.correiobraziliense.com.br\/cbradar\/author\/guilherme_saude\/"}]}},"_links":{"self":[{"href":"https:\/\/www.correiobraziliense.com.br\/cbradar\/wp-json\/wp\/v2\/posts\/206326","targetHints":{"allow":["GET"]}}],"collection":[{"href":"https:\/\/www.correiobraziliense.com.br\/cbradar\/wp-json\/wp\/v2\/posts"}],"about":[{"href":"https:\/\/www.correiobraziliense.com.br\/cbradar\/wp-json\/wp\/v2\/types\/post"}],"author":[{"embeddable":true,"href":"https:\/\/www.correiobraziliense.com.br\/cbradar\/wp-json\/wp\/v2\/users\/14"}],"replies":[{"embeddable":true,"href":"https:\/\/www.correiobraziliense.com.br\/cbradar\/wp-json\/wp\/v2\/comments?post=206326"}],"version-history":[{"count":1,"href":"https:\/\/www.correiobraziliense.com.br\/cbradar\/wp-json\/wp\/v2\/posts\/206326\/revisions"}],"predecessor-version":[{"id":206327,"href":"https:\/\/www.correiobraziliense.com.br\/cbradar\/wp-json\/wp\/v2\/posts\/206326\/revisions\/206327"}],"wp:featuredmedia":[{"embeddable":true,"href":"https:\/\/www.correiobraziliense.com.br\/cbradar\/wp-json\/wp\/v2\/media\/52331"}],"wp:attachment":[{"href":"https:\/\/www.correiobraziliense.com.br\/cbradar\/wp-json\/wp\/v2\/media?parent=206326"}],"wp:term":[{"taxonomy":"category","embeddable":true,"href":"https:\/\/www.correiobraziliense.com.br\/cbradar\/wp-json\/wp\/v2\/categories?post=206326"},{"taxonomy":"post_tag","embeddable":true,"href":"https:\/\/www.correiobraziliense.com.br\/cbradar\/wp-json\/wp\/v2\/post_tag?post=206326"}],"curies":[{"name":"wp","href":"https:\/\/api.w.org\/{rel}","templated":true}]}}