{"id":206328,"date":"2026-03-13T10:15:00","date_gmt":"2026-03-13T13:15:00","guid":{"rendered":"https:\/\/www.correiobraziliense.com.br\/cbradar\/?p=206328"},"modified":"2026-03-12T08:49:51","modified_gmt":"2026-03-12T11:49:51","slug":"varandas-pequenas-estao-saindo-de-moda-e-a-nova-tendencia-aposta-em-espacos-integrados-com-a-sala","status":"publish","type":"post","link":"https:\/\/www.correiobraziliense.com.br\/cbradar\/varandas-pequenas-estao-saindo-de-moda-e-a-nova-tendencia-aposta-em-espacos-integrados-com-a-sala\/","title":{"rendered":"Varandas pequenas est\u00e3o saindo de moda e a nova tend\u00eancia aposta em espa\u00e7os integrados com a sala"},"content":{"rendered":"\n<p>O mercado imobili\u00e1rio mudou e ter <strong>espa\u00e7os integrados com a sala<\/strong> tornou-se a prioridade absoluta nos apartamentos modernos. Essa adapta\u00e7\u00e3o elimina divis\u00f3rias estreitas e transforma a \u00e1rea social em um ambiente \u00fanico, muito mais amplo e iluminado.<\/p>\n\n\n\n<h2 class=\"wp-block-heading\">Por que as construtoras mudaram o foco dos projetos?<\/h2>\n\n\n\n<p>A resposta est\u00e1 na busca incans\u00e1vel por otimiza\u00e7\u00e3o do metro quadrado \u00fatil. Em centros urbanos adensados, como <strong>S\u00e3o Paulo<\/strong> e <strong>Rio de Janeiro<\/strong>, o custo de constru\u00e7\u00e3o for\u00e7ou arquitetos a repensar as plantas tradicionais para maximizar o uso interno.<\/p>\n\n\n\n<p>Manter uma sacada de dois ou tr\u00eas metros quadrados deixou de fazer sentido pr\u00e1tico para a esmagadora maioria das fam\u00edlias. A solu\u00e7\u00e3o encontrada para garantir mais conforto foi remover as esquadrias de vidro e nivelar o ch\u00e3o, criando um grande living.<\/p>\n\n\n<div class=\"wp-block-image\">\n<figure class=\"aligncenter size-full\"><img decoding=\"async\" width=\"1280\" height=\"720\" src=\"https:\/\/www.correiobraziliense.com.br\/cbradar\/wp-content\/uploads\/2026\/03\/imagem_2026-03-10_173418249.png\" alt=\"Detalhe em close do nivelamento perfeito entre sala e varanda.\" class=\"wp-image-206331\" srcset=\"https:\/\/www.correiobraziliense.com.br\/cbradar\/wp-content\/uploads\/2026\/03\/imagem_2026-03-10_173418249.png 1280w, https:\/\/www.correiobraziliense.com.br\/cbradar\/wp-content\/uploads\/2026\/03\/imagem_2026-03-10_173418249-300x169.png 300w, https:\/\/www.correiobraziliense.com.br\/cbradar\/wp-content\/uploads\/2026\/03\/imagem_2026-03-10_173418249-768x432.png 768w, https:\/\/www.correiobraziliense.com.br\/cbradar\/wp-content\/uploads\/2026\/03\/imagem_2026-03-10_173418249-750x422.png 750w, https:\/\/www.correiobraziliense.com.br\/cbradar\/wp-content\/uploads\/2026\/03\/imagem_2026-03-10_173418249-1140x641.png 1140w\" sizes=\"(max-width: 1280px) 100vw, 1280px\" \/><figcaption class=\"wp-element-caption\">Detalhe em close do nivelamento perfeito entre sala e varanda.<\/figcaption><\/figure><\/div>\n\n\n<h2 class=\"wp-block-heading\">Como a mudan\u00e7a impacta a ilumina\u00e7\u00e3o e a ventila\u00e7\u00e3o?<\/h2>\n\n\n\n<p>O ganho de luz natural \u00e9 o primeiro grande benef\u00edcio notado pelos moradores. Sem as antigas portas escuras dividindo os c\u00f4modos, os raios solares invadem o apartamento com facilidade, o que reduz drasticamente o consumo de energia el\u00e9trica di\u00e1rio.<\/p>\n\n\n\n<p>Por outro lado, a ventila\u00e7\u00e3o exige aten\u00e7\u00e3o extra. O fechamento envidra\u00e7ado da fachada diminui a circula\u00e7\u00e3o direta de vento, sendo frequentemente necess\u00e1rio investir em recursos de <a href=\"https:\/\/pt.wikipedia.org\/wiki\/Arquitetura_bioclim%C3%A1tica\" target=\"_blank\" rel=\"noreferrer noopener\">arquitetura bioclim\u00e1tica<\/a> ou em climatiza\u00e7\u00e3o artificial para evitar o abafamento interno.<\/p>\n\n\n\n<h2 class=\"wp-block-heading\">Quais s\u00e3o as regras para aprovar a obra no condom\u00ednio?<\/h2>\n\n\n\n<p>Antes de quebrar qualquer parede, \u00e9 estritamente obrigat\u00f3rio consultar a construtora e seguir as normas do pr\u00e9dio. Altera\u00e7\u00f5es estruturais que afetam a fachada original do edif\u00edcio precisam de aprova\u00e7\u00e3o formal em assembleia, para evitar notifica\u00e7\u00f5es e multas pesadas.<\/p>\n\n\n\n<p>Todo o procedimento t\u00e9cnico deve ser guiado por um profissional habilitado. O <strong>Conselho de Arquitetura e Urbanismo<\/strong> (<a href=\"https:\/\/www.caubr.gov.br\/normas\/\" target=\"_blank\" rel=\"noreferrer noopener\"><strong>CAU<\/strong><\/a>) exige a emiss\u00e3o do <strong>Registro de Responsabilidade T\u00e9cnica<\/strong> (<strong>RRT<\/strong>) para atestar a seguran\u00e7a do fechamento de vidro.<\/p>\n\n\n\n<p>Leia tamb\u00e9m: <a href=\"https:\/\/www.correiobraziliense.com.br\/cbradar\/quanto-custa-transformar-o-banheiro-antigo-em-um-espaco-moderno-trocando-apenas-a-bancada-e-o-sistema-de-iluminacao\/\" target=\"_blank\" rel=\"noreferrer noopener\">Quanto custa transformar o banheiro antigo em um espa\u00e7o moderno trocando apenas a bancada e o sistema de ilumina\u00e7\u00e3o<\/a><\/p>\n\n\n\n<h2 class=\"wp-block-heading\">O que fazer com o nivelamento do contrapiso?<\/h2>\n\n\n\n<p>A integra\u00e7\u00e3o visual perfeita s\u00f3 acontece quando n\u00e3o existem degraus entre a \u00e1rea interna e externa. Em edif\u00edcios antigos, a varanda costuma ter um rebaixamento projetado para o escoamento r\u00e1pido da \u00e1gua da chuva em dire\u00e7\u00e3o aos ralos.<\/p>\n\n\n\n<p>Corrigir esse desn\u00edvel exige o uso de argamassa leve, como o concreto celular, que adiciona pouco peso \u00e0 estrutura da laje. Esse \u00e9 um passo cr\u00edtico para evitar sobrecargas n\u00e3o calculadas na base do pr\u00e9dio.<\/p>\n\n\n<div class=\"wp-block-image\">\n<figure class=\"aligncenter size-full\"><img decoding=\"async\" width=\"1280\" height=\"720\" src=\"https:\/\/www.correiobraziliense.com.br\/cbradar\/wp-content\/uploads\/2026\/03\/imagem_2026-03-10_173648952.png\" alt=\"Moradora abrindo o fechamento de vidro para ventilar a sala.\" class=\"wp-image-206332\" srcset=\"https:\/\/www.correiobraziliense.com.br\/cbradar\/wp-content\/uploads\/2026\/03\/imagem_2026-03-10_173648952.png 1280w, https:\/\/www.correiobraziliense.com.br\/cbradar\/wp-content\/uploads\/2026\/03\/imagem_2026-03-10_173648952-300x169.png 300w, https:\/\/www.correiobraziliense.com.br\/cbradar\/wp-content\/uploads\/2026\/03\/imagem_2026-03-10_173648952-768x432.png 768w, https:\/\/www.correiobraziliense.com.br\/cbradar\/wp-content\/uploads\/2026\/03\/imagem_2026-03-10_173648952-750x422.png 750w, https:\/\/www.correiobraziliense.com.br\/cbradar\/wp-content\/uploads\/2026\/03\/imagem_2026-03-10_173648952-1140x641.png 1140w\" sizes=\"(max-width: 1280px) 100vw, 1280px\" \/><figcaption class=\"wp-element-caption\">Moradora abrindo o fechamento de vidro para ventilar a sala.<\/figcaption><\/figure><\/div>\n\n\n<h3 class=\"wp-block-heading\">A impermeabiliza\u00e7\u00e3o continua sendo necess\u00e1ria?<\/h3>\n\n\n\n<p>Sim, o tratamento rigoroso contra umidade permanece essencial mesmo ap\u00f3s o envidra\u00e7amento do balc\u00e3o. Frestas milim\u00e9tricas nos vidros articulados podem permitir a entrada de pequenas quantidades de \u00e1gua durante tempestades de vento forte.<\/p>\n\n\n\n<p>A aplica\u00e7\u00e3o de manta asf\u00e1ltica ou resinas impermeabilizantes antes da instala\u00e7\u00e3o do piso definitivo protege o teto do vizinho de baixo contra infiltra\u00e7\u00f5es invis\u00edveis. Isso evita grandes transtornos financeiros e disputas jur\u00eddicas no futuro.<\/p>\n\n\n\n<h2 class=\"wp-block-heading\">Quais revestimentos combinam com o conceito aberto?<\/h2>\n\n\n\n<p>A padroniza\u00e7\u00e3o dos materiais \u00e9 o truque de ouro dos designers de interiores para criar sensa\u00e7\u00e3o de amplitude. Aplicar um \u00fanico revestimento em toda a extens\u00e3o da nova sala elimina quebras visuais e moderniza o ambiente instantaneamente.<\/p>\n\n\n\n<p>As op\u00e7\u00f5es mais dur\u00e1veis e recomendadas pelos escrit\u00f3rios de engenharia focam na praticidade da manuten\u00e7\u00e3o di\u00e1ria. Os acabamentos preferidos incluem:<\/p>\n\n\n\n<ul class=\"wp-block-list\">\n<li><strong>Porcelanato em grandes formatos<\/strong>: minimiza as linhas de rejunte e facilita a higieniza\u00e7\u00e3o.<\/li>\n\n\n\n<li><strong>Piso vin\u00edlico em r\u00e9guas<\/strong>: instala\u00e7\u00e3o r\u00e1pida, agrad\u00e1vel ao toque e com \u00f3timo bloqueio ac\u00fastico.<\/li>\n\n\n\n<li><strong>Madeira engenheirada<\/strong>: traz um ar de sofistica\u00e7\u00e3o e aquecimento para regi\u00f5es de clima frio.<\/li>\n\n\n\n<li><strong>Cimento queimado polido<\/strong>: est\u00e9tica industrial de alta durabilidade, ideal para est\u00fadios e lofts.<\/li>\n<\/ul>\n\n\n\n<h2 class=\"wp-block-heading\">Qual \u00e9 a melhor forma de organizar os novos m\u00f3veis?<\/h2>\n\n\n\n<p>O mobili\u00e1rio atua como demarcador invis\u00edvel de fun\u00e7\u00f5es dentro dessa grande sala unificada. Posicionar o sof\u00e1 de costas para a \u00e1rea de jantar, por exemplo, cria dois ambientes distintos sem bloquear o fluxo de conversas ou a passagem de luz.<\/p>\n\n\n\n<p>A antiga \u00e1rea da sacada pode ser aproveitada para instalar um <strong>home office<\/strong> ensolarado, um bar suspenso elegante ou confort\u00e1veis poltronas de leitura. O importante \u00e9 manter corredores de circula\u00e7\u00e3o com pelo menos <strong>80 cent\u00edmetros<\/strong> de largura livre.<\/p>\n\n\n<div class=\"wp-block-image\">\n<figure class=\"aligncenter size-full\"><img decoding=\"async\" width=\"1280\" height=\"720\" src=\"https:\/\/www.correiobraziliense.com.br\/cbradar\/wp-content\/uploads\/2026\/03\/imagem_2026-03-10_173436808.png\" alt=\"Perspectiva em primeira pessoa caminhando pelo novo piso industrial.\" class=\"wp-image-206330\" srcset=\"https:\/\/www.correiobraziliense.com.br\/cbradar\/wp-content\/uploads\/2026\/03\/imagem_2026-03-10_173436808.png 1280w, https:\/\/www.correiobraziliense.com.br\/cbradar\/wp-content\/uploads\/2026\/03\/imagem_2026-03-10_173436808-300x169.png 300w, https:\/\/www.correiobraziliense.com.br\/cbradar\/wp-content\/uploads\/2026\/03\/imagem_2026-03-10_173436808-768x432.png 768w, https:\/\/www.correiobraziliense.com.br\/cbradar\/wp-content\/uploads\/2026\/03\/imagem_2026-03-10_173436808-750x422.png 750w, https:\/\/www.correiobraziliense.com.br\/cbradar\/wp-content\/uploads\/2026\/03\/imagem_2026-03-10_173436808-1140x641.png 1140w\" sizes=\"(max-width: 1280px) 100vw, 1280px\" \/><figcaption class=\"wp-element-caption\">Perspectiva em primeira pessoa caminhando pelo novo piso industrial.<\/figcaption><\/figure><\/div>\n\n\n<h2 class=\"wp-block-heading\">Vale a pena sacrificar a \u00e1rea externa do im\u00f3vel?<\/h2>\n\n\n\n<p>Renunciar ao contato direto com o ar livre pode ser um ponto sens\u00edvel para quem cultiva jardins robustos ou possui c\u00e3es que precisam tomar sol direto. O ambiente fechado muda radicalmente a experi\u00eancia sensorial de morar e interagir com o clima local.<\/p>\n\n\n\n<p>No entanto, a valoriza\u00e7\u00e3o financeira e o ganho em qualidade de vida superam esse detalhe para a vasta maioria dos compradores. O morador atualiza o im\u00f3vel para o formato mais cobi\u00e7ado da atualidade, unindo eleg\u00e2ncia est\u00e9tica e alta utilidade pr\u00e1tica para o dia a dia.<\/p>\n","protected":false},"excerpt":{"rendered":"<p>O mercado imobili\u00e1rio mudou e ter espa\u00e7os integrados com a sala tornou-se a prioridade absoluta nos apartamentos modernos. Essa adapta\u00e7\u00e3o elimina divis\u00f3rias estreitas e transforma a \u00e1rea social em um ambiente \u00fanico, muito mais amplo e iluminado. Por que as construtoras mudaram o foco dos projetos? A resposta est\u00e1 na busca incans\u00e1vel por otimiza\u00e7\u00e3o do [&hellip;]<\/p>\n","protected":false},"author":11,"featured_media":207301,"comment_status":"open","ping_status":"open","sticky":false,"template":"","format":"standard","meta":{"_yoast_wpseo_focuskw":"espa\u00e7os integrados com a sala","_yoast_wpseo_title":"","_yoast_wpseo_metadesc":"Quer saber por que as sacadas apertadas sumiram dos apartamentos? O conceito aberto tomou conta do mercado e transforma completamente a planta do im\u00f3vel.","jnews-multi-image_gallery":[],"jnews_single_post":{"format":"standard"},"jnews_primary_category":[],"jnews_social_meta":[],"jnews_override_counter":[],"footnotes":""},"categories":[143],"post_tag":[1838,13125],"class_list":["post-206328","post","type-post","status-publish","format-standard","has-post-thumbnail","hentry","category-casa-e-decoracao","tag-ambiente","tag-varanda"],"yoast_head":"<!-- This site is optimized with the Yoast SEO plugin v24.6 - https:\/\/yoast.com\/wordpress\/plugins\/seo\/ -->\n<title>Varandas pequenas est\u00e3o saindo de moda e a nova tend\u00eancia aposta em espa\u00e7os integrados com a sala - Correio Braziliense - Radar<\/title>\n<meta name=\"description\" content=\"Quer saber por que as sacadas apertadas sumiram dos apartamentos? O conceito aberto tomou conta do mercado e transforma completamente a planta do im\u00f3vel.\" \/>\n<meta name=\"robots\" content=\"index, follow, max-snippet:-1, max-image-preview:large, max-video-preview:-1\" \/>\n<link rel=\"canonical\" href=\"https:\/\/www.correiobraziliense.com.br\/cbradar\/varandas-pequenas-estao-saindo-de-moda-e-a-nova-tendencia-aposta-em-espacos-integrados-com-a-sala\/\" \/>\n<meta property=\"og:locale\" content=\"pt_BR\" \/>\n<meta property=\"og:type\" content=\"article\" \/>\n<meta property=\"og:title\" content=\"Varandas pequenas est\u00e3o saindo de moda e a nova tend\u00eancia aposta em espa\u00e7os integrados com a sala - Correio Braziliense - Radar\" \/>\n<meta property=\"og:description\" content=\"Quer saber por que as sacadas apertadas sumiram dos apartamentos? O conceito aberto tomou conta do mercado e transforma completamente a planta do im\u00f3vel.\" \/>\n<meta property=\"og:url\" content=\"https:\/\/www.correiobraziliense.com.br\/cbradar\/varandas-pequenas-estao-saindo-de-moda-e-a-nova-tendencia-aposta-em-espacos-integrados-com-a-sala\/\" \/>\n<meta property=\"og:site_name\" content=\"Correio Braziliense - Radar\" \/>\n<meta property=\"article:published_time\" content=\"2026-03-13T13:15:00+00:00\" \/>\n<meta property=\"og:image\" content=\"https:\/\/www.correiobraziliense.com.br\/cbradar\/wp-content\/uploads\/2026\/03\/freepik__sala-de-apartamento-moderno-integrada-antiga-varan__33488.jpeg\" \/>\n\t<meta property=\"og:image:width\" content=\"1280\" \/>\n\t<meta property=\"og:image:height\" content=\"720\" \/>\n\t<meta property=\"og:image:type\" content=\"image\/jpeg\" \/>\n<meta name=\"author\" content=\"Paulo Custodio\" \/>\n<meta name=\"twitter:card\" content=\"summary_large_image\" \/>\n<meta name=\"twitter:label1\" content=\"Escrito por\" \/>\n\t<meta name=\"twitter:data1\" content=\"Paulo Custodio\" \/>\n\t<meta name=\"twitter:label2\" content=\"Est. tempo de leitura\" \/>\n\t<meta name=\"twitter:data2\" content=\"6 minutos\" \/>\n<!-- \/ Yoast SEO plugin. -->","yoast_head_json":{"title":"Varandas pequenas est\u00e3o saindo de moda e a nova tend\u00eancia aposta em espa\u00e7os integrados com a sala - Correio Braziliense - Radar","description":"Quer saber por que as sacadas apertadas sumiram dos apartamentos? O conceito aberto tomou conta do mercado e transforma completamente a planta do im\u00f3vel.","robots":{"index":"index","follow":"follow","max-snippet":"max-snippet:-1","max-image-preview":"max-image-preview:large","max-video-preview":"max-video-preview:-1"},"canonical":"https:\/\/www.correiobraziliense.com.br\/cbradar\/varandas-pequenas-estao-saindo-de-moda-e-a-nova-tendencia-aposta-em-espacos-integrados-com-a-sala\/","og_locale":"pt_BR","og_type":"article","og_title":"Varandas pequenas est\u00e3o saindo de moda e a nova tend\u00eancia aposta em espa\u00e7os integrados com a sala - Correio Braziliense - Radar","og_description":"Quer saber por que as sacadas apertadas sumiram dos apartamentos? O conceito aberto tomou conta do mercado e transforma completamente a planta do im\u00f3vel.","og_url":"https:\/\/www.correiobraziliense.com.br\/cbradar\/varandas-pequenas-estao-saindo-de-moda-e-a-nova-tendencia-aposta-em-espacos-integrados-com-a-sala\/","og_site_name":"Correio Braziliense - Radar","article_published_time":"2026-03-13T13:15:00+00:00","og_image":[{"width":1280,"height":720,"url":"https:\/\/www.correiobraziliense.com.br\/cbradar\/wp-content\/uploads\/2026\/03\/freepik__sala-de-apartamento-moderno-integrada-antiga-varan__33488.jpeg","type":"image\/jpeg"}],"author":"Paulo Custodio","twitter_card":"summary_large_image","twitter_misc":{"Escrito por":"Paulo Custodio","Est. tempo de leitura":"6 minutos"},"schema":{"@context":"https:\/\/schema.org","@graph":[{"@type":"WebPage","@id":"https:\/\/www.correiobraziliense.com.br\/cbradar\/varandas-pequenas-estao-saindo-de-moda-e-a-nova-tendencia-aposta-em-espacos-integrados-com-a-sala\/","url":"https:\/\/www.correiobraziliense.com.br\/cbradar\/varandas-pequenas-estao-saindo-de-moda-e-a-nova-tendencia-aposta-em-espacos-integrados-com-a-sala\/","name":"Varandas pequenas est\u00e3o saindo de moda e a nova tend\u00eancia aposta em espa\u00e7os integrados com a sala - Correio Braziliense - Radar","isPartOf":{"@id":"https:\/\/www.correiobraziliense.com.br\/cbradar\/#website"},"primaryImageOfPage":{"@id":"https:\/\/www.correiobraziliense.com.br\/cbradar\/varandas-pequenas-estao-saindo-de-moda-e-a-nova-tendencia-aposta-em-espacos-integrados-com-a-sala\/#primaryimage"},"image":{"@id":"https:\/\/www.correiobraziliense.com.br\/cbradar\/varandas-pequenas-estao-saindo-de-moda-e-a-nova-tendencia-aposta-em-espacos-integrados-com-a-sala\/#primaryimage"},"thumbnailUrl":"https:\/\/www.correiobraziliense.com.br\/cbradar\/wp-content\/uploads\/2026\/03\/freepik__sala-de-apartamento-moderno-integrada-antiga-varan__33488.jpeg","datePublished":"2026-03-13T13:15:00+00:00","author":{"@id":"https:\/\/www.correiobraziliense.com.br\/cbradar\/#\/schema\/person\/4cec7857301a9a1a2ef249893cd908d3"},"description":"Quer saber por que as sacadas apertadas sumiram dos apartamentos? O conceito aberto tomou conta do mercado e transforma completamente a planta do im\u00f3vel.","breadcrumb":{"@id":"https:\/\/www.correiobraziliense.com.br\/cbradar\/varandas-pequenas-estao-saindo-de-moda-e-a-nova-tendencia-aposta-em-espacos-integrados-com-a-sala\/#breadcrumb"},"inLanguage":"pt-BR","potentialAction":[{"@type":"ReadAction","target":["https:\/\/www.correiobraziliense.com.br\/cbradar\/varandas-pequenas-estao-saindo-de-moda-e-a-nova-tendencia-aposta-em-espacos-integrados-com-a-sala\/"]}]},{"@type":"ImageObject","inLanguage":"pt-BR","@id":"https:\/\/www.correiobraziliense.com.br\/cbradar\/varandas-pequenas-estao-saindo-de-moda-e-a-nova-tendencia-aposta-em-espacos-integrados-com-a-sala\/#primaryimage","url":"https:\/\/www.correiobraziliense.com.br\/cbradar\/wp-content\/uploads\/2026\/03\/freepik__sala-de-apartamento-moderno-integrada-antiga-varan__33488.jpeg","contentUrl":"https:\/\/www.correiobraziliense.com.br\/cbradar\/wp-content\/uploads\/2026\/03\/freepik__sala-de-apartamento-moderno-integrada-antiga-varan__33488.jpeg","width":1280,"height":720,"caption":"Plantas abertas se tornaram tend\u00eancia no mercado imobili\u00e1rio por ampliar a sensa\u00e7\u00e3o de espa\u00e7o nos apartamentos"},{"@type":"BreadcrumbList","@id":"https:\/\/www.correiobraziliense.com.br\/cbradar\/varandas-pequenas-estao-saindo-de-moda-e-a-nova-tendencia-aposta-em-espacos-integrados-com-a-sala\/#breadcrumb","itemListElement":[{"@type":"ListItem","position":1,"name":"In\u00edcio","item":"https:\/\/www.correiobraziliense.com.br\/cbradar\/"},{"@type":"ListItem","position":2,"name":"Varandas pequenas est\u00e3o saindo de moda e a nova tend\u00eancia aposta em espa\u00e7os integrados com a sala"}]},{"@type":"WebSite","@id":"https:\/\/www.correiobraziliense.com.br\/cbradar\/#website","url":"https:\/\/www.correiobraziliense.com.br\/cbradar\/","name":"Correio Braziliense - Radar","description":"Acompanhe as \u00faltimas not\u00edcias e fique bem informado sobre tudo o que acontece no Brasil e no mundo.","potentialAction":[{"@type":"SearchAction","target":{"@type":"EntryPoint","urlTemplate":"https:\/\/www.correiobraziliense.com.br\/cbradar\/?s={search_term_string}"},"query-input":{"@type":"PropertyValueSpecification","valueRequired":true,"valueName":"search_term_string"}}],"inLanguage":"pt-BR"},{"@type":"Person","@id":"https:\/\/www.correiobraziliense.com.br\/cbradar\/#\/schema\/person\/4cec7857301a9a1a2ef249893cd908d3","name":"Paulo Custodio","image":{"@type":"ImageObject","inLanguage":"pt-BR","@id":"https:\/\/www.correiobraziliense.com.br\/cbradar\/#\/schema\/person\/image\/","url":"https:\/\/secure.gravatar.com\/avatar\/bcd67168d1534e8fcf4f45c726a87cea?s=96&d=mm&r=g","contentUrl":"https:\/\/secure.gravatar.com\/avatar\/bcd67168d1534e8fcf4f45c726a87cea?s=96&d=mm&r=g","caption":"Paulo Custodio"},"sameAs":["https:\/\/www.correiobraziliense.com.br\/cbradar"],"url":"https:\/\/www.correiobraziliense.com.br\/cbradar\/author\/paulomyth\/"}]}},"_links":{"self":[{"href":"https:\/\/www.correiobraziliense.com.br\/cbradar\/wp-json\/wp\/v2\/posts\/206328","targetHints":{"allow":["GET"]}}],"collection":[{"href":"https:\/\/www.correiobraziliense.com.br\/cbradar\/wp-json\/wp\/v2\/posts"}],"about":[{"href":"https:\/\/www.correiobraziliense.com.br\/cbradar\/wp-json\/wp\/v2\/types\/post"}],"author":[{"embeddable":true,"href":"https:\/\/www.correiobraziliense.com.br\/cbradar\/wp-json\/wp\/v2\/users\/11"}],"replies":[{"embeddable":true,"href":"https:\/\/www.correiobraziliense.com.br\/cbradar\/wp-json\/wp\/v2\/comments?post=206328"}],"version-history":[{"count":1,"href":"https:\/\/www.correiobraziliense.com.br\/cbradar\/wp-json\/wp\/v2\/posts\/206328\/revisions"}],"predecessor-version":[{"id":206333,"href":"https:\/\/www.correiobraziliense.com.br\/cbradar\/wp-json\/wp\/v2\/posts\/206328\/revisions\/206333"}],"wp:featuredmedia":[{"embeddable":true,"href":"https:\/\/www.correiobraziliense.com.br\/cbradar\/wp-json\/wp\/v2\/media\/207301"}],"wp:attachment":[{"href":"https:\/\/www.correiobraziliense.com.br\/cbradar\/wp-json\/wp\/v2\/media?parent=206328"}],"wp:term":[{"taxonomy":"category","embeddable":true,"href":"https:\/\/www.correiobraziliense.com.br\/cbradar\/wp-json\/wp\/v2\/categories?post=206328"},{"taxonomy":"post_tag","embeddable":true,"href":"https:\/\/www.correiobraziliense.com.br\/cbradar\/wp-json\/wp\/v2\/post_tag?post=206328"}],"curies":[{"name":"wp","href":"https:\/\/api.w.org\/{rel}","templated":true}]}}