{"id":206329,"date":"2026-03-11T13:15:00","date_gmt":"2026-03-11T16:15:00","guid":{"rendered":"https:\/\/www.correiobraziliense.com.br\/cbradar\/?p=206329"},"modified":"2026-03-10T18:22:33","modified_gmt":"2026-03-10T21:22:33","slug":"por-que-ter-gases-nem-sempre-e-ruim-e-pode-ate-indicar-saude-intestinal","status":"publish","type":"post","link":"https:\/\/www.correiobraziliense.com.br\/cbradar\/por-que-ter-gases-nem-sempre-e-ruim-e-pode-ate-indicar-saude-intestinal\/","title":{"rendered":"Por que ter gases nem sempre \u00e9 ruim e pode at\u00e9 indicar sa\u00fade intestinal"},"content":{"rendered":"\n<p>A presen\u00e7a natural de <strong>gases no intestino<\/strong> sinaliza que as bact\u00e9rias ben\u00e9ficas est\u00e3o realizando suas fun\u00e7\u00f5es adequadamente. Durante a fermenta\u00e7\u00e3o das fibras e outros alimentos n\u00e3o digeridos no est\u00f4mago, a microbiota intestinal libera gases como parte do processo metab\u00f3lico, o que pode indicar um sistema digestivo saud\u00e1vel e uma nutri\u00e7\u00e3o adequada para as bact\u00e9rias intestinais.<\/p>\n\n\n\n<p>No intestino, habita uma imensa quantidade de microrganismos que constituem a microbiota intestinal. Esse verdadeiro ecossistema desempenha pap\u00e9is essenciais \u00e0 sa\u00fade, como atuar na digest\u00e3o, fortalecer as defesas do corpo e contribuir para a produ\u00e7\u00e3o de vitaminas vitais.<\/p>\n\n\n\n<h2 class=\"wp-block-heading\">Como funciona a produ\u00e7\u00e3o de gases no intestino?<\/h2>\n\n\n\n<p>Quando alimentos ricos em fibras e carboidratos chegam ao intestino grosso, as bact\u00e9rias os fermentam, resultando em gases como hidrog\u00eanio e metano. Esse processo tamb\u00e9m gera \u00e1cidos graxos de cadeia curta, subst\u00e2ncias ben\u00e9ficas \u00e0 sa\u00fade intestinal.<\/p>\n\n\n\n<p>Estudos recentes mostram que a presen\u00e7a de gases no intestino \u00e9 uma express\u00e3o da atividade metab\u00f3lica das bact\u00e9rias. A an\u00e1lise desses gases pode oferecer insights sobre a composi\u00e7\u00e3o da microbiota, auxiliando inclusive no diagn\u00f3stico de dist\u00farbios gastrointestinais.<\/p>\n\n\n\n<p>Para compreender melhor como eliminar os gases intestinais e aliviar o desconforto abdominal, assista ao v\u00eddeo a seguir, no qual o m\u00e9dico <strong>Dr. Juliano Teles<\/strong> explica o assunto de forma clara e did\u00e1tica no canal <strong>Dr. Juliano Teles<\/strong>.<\/p>\n\n\n\n<iframe loading=\"lazy\" width=\"1396\" height=\"785\" src=\"https:\/\/www.youtube.com\/embed\/R8FltODNot0\" title=\"Como eliminar os GASES intestinais rapidamente? | Dr Juliano Teles\" frameborder=\"0\" allow=\"accelerometer; autoplay; clipboard-write; encrypted-media; gyroscope; picture-in-picture; web-share\" referrerpolicy=\"strict-origin-when-cross-origin\" allowfullscreen><\/iframe>\n\n\n\n<h2 class=\"wp-block-heading\">Quais alimentos aumentam a produ\u00e7\u00e3o de gases?<\/h2>\n\n\n\n<p>Alguns alimentos, ao serem fermentados pelas bact\u00e9rias intestinais, tendem a aumentar a produ\u00e7\u00e3o de flatul\u00eancias. Isso n\u00e3o os torna vil\u00f5es, mas sim aliados na manuten\u00e7\u00e3o de uma flora intestinal robusta e diversificada.<\/p>\n\n\n\n<p>A seguir, est\u00e3o exemplos de alimentos que costumam elevar a produ\u00e7\u00e3o de gases, especialmente quando consumidos em maior quantidade ou por pessoas mais sens\u00edveis:<\/p>\n\n\n\n<style>\n  .make-wrap{\n    max-width: 760px;\n    margin: 26px auto;\n    padding: 18px;\n    border-radius: 18px;\n    background: linear-gradient(135deg,#fff7fb 0%,#f6f2ff 100%);\n    border: 1px solid #f7d4ea;\n    box-shadow: 0 8px 20px rgba(236,72,153,.12);\n    font-family: system-ui, -apple-system, Segoe UI, Roboto, Helvetica, Arial, sans-serif;\n  }\n\n  .make-title{\n    display:flex; \n    align-items:center; \n    gap:10px;\n    margin:0 0 12px 4px;\n    font-size:1.2rem; \n    font-weight:900; \n    color:#9d174d;\n  }\n\n  .make-table{\n    width:100%;\n    border-collapse:separate;\n    border-spacing:0;\n    overflow:hidden;\n    border-radius:16px;\n    border:1px solid #f7d4ea;\n    background:#fff;\n    font-size:.92rem;\n  }\n\n  .make-table thead th{\n    background:linear-gradient(90deg,#fde7f3 0%,#f8e9ff 100%);\n    padding:12px;\n    color:#7a1e63;\n    font-weight:800;\n    text-align:left;\n    border-bottom:1px solid #f7d4ea;\n  }\n\n  .make-table tbody td{\n    padding:12px;\n    color:#374151;\n    vertical-align:top;\n    border-bottom:1px dashed #f7d4ea;\n  }\n\n  .make-table tbody tr:nth-child(odd){\n    background:#fffaff;\n  }\n\n  .price{\n    display:inline-flex;\n    align-items:center;\n    background:#fff7ed;\n    color:#b45309;\n    padding:6px 10px;\n    border-radius:10px;\n    border:1px solid #fed7aa;\n    font-weight:700;\n    white-space:nowrap;\n  }\n\n  .badge{\n    display:inline-block;\n    background:#fde7f3;\n    color:#c026d3;\n    border:1px solid #fecdd3;\n    padding:4px 10px;\n    border-radius:999px;\n    font-weight:700;\n    font-size:.78rem;\n  }\n\n  @media (max-width:720px){\n    .make-table thead{display:none}\n    .make-table, .make-table tbody, .make-table tr, .make-table td{\n      display:block; \n      width:100%;\n    }\n    .make-table tr{\n      margin-bottom:12px;\n      border:1px solid #f7d4ea;\n      border-radius:14px;\n      overflow:hidden;\n      background:#fff;\n    }\n    .make-table td[data-label]:before{\n      content:attr(data-label);\n      display:block;\n      font-weight:800;\n      color:#7a1e63;\n      margin-bottom:4px;\n    }\n    .make-table tbody td:last-child{border-bottom:none}\n  }\n<\/style>\n\n<div class=\"make-wrap\">\n  <h3 class=\"make-title\">\ud83c\udf3f\u2728 Alimentos que podem aumentar os gases intestinais<\/h3>\n\n  <table class=\"make-table\">\n    <thead>\n      <tr>\n        <th>Grupo de alimentos<\/th>\n        <th>Exemplos<\/th>\n        <th>Por que podem causar gases<\/th>\n      <\/tr>\n    <\/thead>\n    <tbody>\n      <tr>\n        <td data-label=\"Grupo de alimentos\">Leguminosas<\/td>\n        <td data-label=\"Exemplos\">Feij\u00f5es, lentilhas e gr\u00e3o-de-bico<\/td>\n        <td data-label=\"Por que podem causar gases\">Ricos em fibras que fermentam no intestino.<\/td>\n      <\/tr>\n      <tr>\n        <td data-label=\"Grupo de alimentos\">Cruc\u00edferos<\/td>\n        <td data-label=\"Exemplos\">Br\u00f3colis e couve<\/td>\n        <td data-label=\"Por que podem causar gases\">Cont\u00eam enxofre, favorecendo a produ\u00e7\u00e3o de gases.<\/td>\n      <\/tr>\n      <tr>\n        <td data-label=\"Grupo de alimentos\">Gr\u00e3os integrais<\/td>\n        <td data-label=\"Exemplos\">Aveia e trigo integral<\/td>\n        <td data-label=\"Por que podem causar gases\">Fontes de fibra que geram gases ao serem fermentadas.<\/td>\n      <\/tr>\n      <tr>\n        <td data-label=\"Grupo de alimentos\">Frutas<\/td>\n        <td data-label=\"Exemplos\">Ma\u00e7\u00e3s e peras<\/td>\n        <td data-label=\"Por que podem causar gases\">Possuem a\u00e7\u00facares ferment\u00e1veis que podem aumentar temporariamente os gases.<\/td>\n      <\/tr>\n    <\/tbody>\n  <\/table>\n\n  <p style=\"margin-top:14px; color:#6b7280; font-size:.9rem;\">\n    \ud83d\udca1 <strong>Dica:<\/strong> Esses alimentos s\u00e3o saud\u00e1veis, mas aumentar o consumo gradualmente pode ajudar o intestino a se adaptar melhor.\n  <\/p>\n<\/div>\n\n\n\n\n<h2 class=\"wp-block-heading\">Quando os gases podem sinalizar problemas digestivos?<\/h2>\n\n\n\n<p>Embora sejam habituais e muitas vezes saud\u00e1veis, em alguns casos os gases podem indicar disfun\u00e7\u00e3o digestiva ou desequil\u00edbrio na microbiota. Dor abdominal intensa, incha\u00e7o persistente ou odor muito forte podem estar relacionados a intoler\u00e2ncias, inflama\u00e7\u00f5es ou s\u00edndrome do intestino irrit\u00e1vel.<\/p>\n\n\n\n<p>H\u00e1bitos simples ajudam a promover uma microbiota equilibrada, como consumir fibras regularmente, incluir alimentos fermentados na dieta, beber \u00e1gua em quantidade adequada e praticar atividades f\u00edsicas. Manter o uso respons\u00e1vel de antibi\u00f3ticos tamb\u00e9m \u00e9 essencial para preservar a sa\u00fade intestinal.<\/p>\n\n\n\n<p>Caso ocorram desconfortos persistentes ou altera\u00e7\u00f5es intestinais frequentes, a orienta\u00e7\u00e3o profissional \u00e9 fundamental. Um m\u00e9dico ou nutricionista pode avaliar a situa\u00e7\u00e3o de forma individualizada, propondo interven\u00e7\u00f5es espec\u00edficas para melhorar a sa\u00fade digestiva.<\/p>\n\n\n<a href=\"https:\/\/www.instagram.com\/dra.annaluisabf\/\" target=\"_blank\" rel=\"noopener\" style=\"text-decoration: none; color: inherit;\">\n    <span style=\"display: inline-block; border: 1px solid #ccc; border-radius: 10px; padding: 15px; max-width: 550px; font-family: sans-serif; box-shadow: 0 2px 5px rgba(0,0,0,0.1); width: 100%;\">\n\n      <!-- T\u00edtulo -->\n      <span style=\"display: block; margin: 0 0 15px 0; font-weight: bold; color: #2c3e50; text-align: center;\">\n        Entre em contato:\n      <\/span>\n\n      <!-- Linha do perfil -->\n      <span style=\"display: flex; align-items: center; gap: 15px;\">\n        <img decoding=\"async\"\n          src=\"https:\/\/www.correiobraziliense.com.br\/cbradar\/wp-content\/uploads\/2025\/08\/dra_anna_luisa.jpeg\"\n          alt=\"Foto da Dra. Anna Lu\u00edsa\"\n          style=\"border-radius: 50%; width: 80px; height: 80px; object-fit: cover;\"\n        \/>\n        <span style=\"display: flex; flex-direction: column;\">\n          <span style=\"font-size: 18px; font-weight: 700; color: #2c3e50;\">Dra. Anna Lu\u00edsa Barbosa Fernandes<\/span>\n          <span style=\"color: #555;\">CRM-GO 33.271<\/span>\n        <\/span>\n      <\/span>\n\n      <!-- Redes -->\n      <span style=\"display: flex; align-items: center; gap: 10px; margin-top: 12px;\">\n        <img decoding=\"async\" src=\"https:\/\/cdn-icons-png.flaticon.com\/24\/1384\/1384063.png\" alt=\"Instagram\" width=\"24\" height=\"24\" \/>\n        <span style=\"text-decoration: underline; color: #2c3e50;\">@dra.annaluisabf<\/span>\n      <\/span>\n\n    <\/span>\n  <\/a>","protected":false},"excerpt":{"rendered":"<p>A presen\u00e7a natural de gases no intestino sinaliza que as bact\u00e9rias ben\u00e9ficas est\u00e3o realizando suas fun\u00e7\u00f5es adequadamente. Durante a fermenta\u00e7\u00e3o das fibras e outros alimentos n\u00e3o digeridos no est\u00f4mago, a microbiota intestinal libera gases como parte do processo metab\u00f3lico, o que pode indicar um sistema digestivo saud\u00e1vel e uma nutri\u00e7\u00e3o adequada para as bact\u00e9rias intestinais. [&hellip;]<\/p>\n","protected":false},"author":14,"featured_media":42708,"comment_status":"open","ping_status":"open","sticky":false,"template":"","format":"standard","meta":{"_yoast_wpseo_focuskw":"Gases no intestino","_yoast_wpseo_title":"","_yoast_wpseo_metadesc":"Gases no intestino podem indicar uma microbiota ativa e saud\u00e1vel. Descubra quando isso \u00e9 normal e quando merece aten\u00e7\u00e3o.","jnews-multi-image_gallery":[],"jnews_single_post":{"format":"standard"},"jnews_primary_category":[],"jnews_social_meta":[],"jnews_override_counter":[],"footnotes":""},"categories":[4404],"post_tag":[120,247,1318],"class_list":["post-206329","post","type-post","status-publish","format-standard","has-post-thumbnail","hentry","category-saude","tag-bem-estar","tag-qualidade-de-vida","tag-saude-2"],"yoast_head":"<!-- This site is optimized with the Yoast SEO plugin v24.6 - https:\/\/yoast.com\/wordpress\/plugins\/seo\/ -->\n<title>Por que ter gases nem sempre \u00e9 ruim e pode at\u00e9 indicar sa\u00fade intestinal - Correio Braziliense - Radar<\/title>\n<meta name=\"description\" content=\"Gases no intestino podem indicar uma microbiota ativa e saud\u00e1vel. Descubra quando isso \u00e9 normal e quando merece aten\u00e7\u00e3o.\" \/>\n<meta name=\"robots\" content=\"index, follow, max-snippet:-1, max-image-preview:large, max-video-preview:-1\" \/>\n<link rel=\"canonical\" href=\"https:\/\/www.correiobraziliense.com.br\/cbradar\/por-que-ter-gases-nem-sempre-e-ruim-e-pode-ate-indicar-saude-intestinal\/\" \/>\n<meta property=\"og:locale\" content=\"pt_BR\" \/>\n<meta property=\"og:type\" content=\"article\" \/>\n<meta property=\"og:title\" content=\"Por que ter gases nem sempre \u00e9 ruim e pode at\u00e9 indicar sa\u00fade intestinal - Correio Braziliense - Radar\" \/>\n<meta property=\"og:description\" content=\"Gases no intestino podem indicar uma microbiota ativa e saud\u00e1vel. Descubra quando isso \u00e9 normal e quando merece aten\u00e7\u00e3o.\" \/>\n<meta property=\"og:url\" content=\"https:\/\/www.correiobraziliense.com.br\/cbradar\/por-que-ter-gases-nem-sempre-e-ruim-e-pode-ate-indicar-saude-intestinal\/\" \/>\n<meta property=\"og:site_name\" content=\"Correio Braziliense - Radar\" \/>\n<meta property=\"article:published_time\" content=\"2026-03-11T16:15:00+00:00\" \/>\n<meta property=\"og:image\" content=\"https:\/\/www.correiobraziliense.com.br\/cbradar\/wp-content\/uploads\/2025\/05\/gases_1748187118217.jpg\" \/>\n\t<meta property=\"og:image:width\" content=\"1280\" \/>\n\t<meta property=\"og:image:height\" content=\"720\" \/>\n\t<meta property=\"og:image:type\" content=\"image\/jpeg\" \/>\n<meta name=\"author\" content=\"guilherme_saude\" \/>\n<meta name=\"twitter:card\" content=\"summary_large_image\" \/>\n<meta name=\"twitter:label1\" content=\"Escrito por\" \/>\n\t<meta name=\"twitter:data1\" content=\"guilherme_saude\" \/>\n\t<meta name=\"twitter:label2\" content=\"Est. tempo de leitura\" \/>\n\t<meta name=\"twitter:data2\" content=\"4 minutos\" \/>\n<!-- \/ Yoast SEO plugin. -->","yoast_head_json":{"title":"Por que ter gases nem sempre \u00e9 ruim e pode at\u00e9 indicar sa\u00fade intestinal - Correio Braziliense - Radar","description":"Gases no intestino podem indicar uma microbiota ativa e saud\u00e1vel. Descubra quando isso \u00e9 normal e quando merece aten\u00e7\u00e3o.","robots":{"index":"index","follow":"follow","max-snippet":"max-snippet:-1","max-image-preview":"max-image-preview:large","max-video-preview":"max-video-preview:-1"},"canonical":"https:\/\/www.correiobraziliense.com.br\/cbradar\/por-que-ter-gases-nem-sempre-e-ruim-e-pode-ate-indicar-saude-intestinal\/","og_locale":"pt_BR","og_type":"article","og_title":"Por que ter gases nem sempre \u00e9 ruim e pode at\u00e9 indicar sa\u00fade intestinal - Correio Braziliense - Radar","og_description":"Gases no intestino podem indicar uma microbiota ativa e saud\u00e1vel. Descubra quando isso \u00e9 normal e quando merece aten\u00e7\u00e3o.","og_url":"https:\/\/www.correiobraziliense.com.br\/cbradar\/por-que-ter-gases-nem-sempre-e-ruim-e-pode-ate-indicar-saude-intestinal\/","og_site_name":"Correio Braziliense - Radar","article_published_time":"2026-03-11T16:15:00+00:00","og_image":[{"width":1280,"height":720,"url":"https:\/\/www.correiobraziliense.com.br\/cbradar\/wp-content\/uploads\/2025\/05\/gases_1748187118217.jpg","type":"image\/jpeg"}],"author":"guilherme_saude","twitter_card":"summary_large_image","twitter_misc":{"Escrito por":"guilherme_saude","Est. tempo de leitura":"4 minutos"},"schema":{"@context":"https:\/\/schema.org","@graph":[{"@type":"WebPage","@id":"https:\/\/www.correiobraziliense.com.br\/cbradar\/por-que-ter-gases-nem-sempre-e-ruim-e-pode-ate-indicar-saude-intestinal\/","url":"https:\/\/www.correiobraziliense.com.br\/cbradar\/por-que-ter-gases-nem-sempre-e-ruim-e-pode-ate-indicar-saude-intestinal\/","name":"Por que ter gases nem sempre \u00e9 ruim e pode at\u00e9 indicar sa\u00fade intestinal - Correio Braziliense - Radar","isPartOf":{"@id":"https:\/\/www.correiobraziliense.com.br\/cbradar\/#website"},"primaryImageOfPage":{"@id":"https:\/\/www.correiobraziliense.com.br\/cbradar\/por-que-ter-gases-nem-sempre-e-ruim-e-pode-ate-indicar-saude-intestinal\/#primaryimage"},"image":{"@id":"https:\/\/www.correiobraziliense.com.br\/cbradar\/por-que-ter-gases-nem-sempre-e-ruim-e-pode-ate-indicar-saude-intestinal\/#primaryimage"},"thumbnailUrl":"https:\/\/www.correiobraziliense.com.br\/cbradar\/wp-content\/uploads\/2025\/05\/gases_1748187118217.jpg","datePublished":"2026-03-11T16:15:00+00:00","author":{"@id":"https:\/\/www.correiobraziliense.com.br\/cbradar\/#\/schema\/person\/5aa4bf3c8fa699c267933611de12978b"},"description":"Gases no intestino podem indicar uma microbiota ativa e saud\u00e1vel. Descubra quando isso \u00e9 normal e quando merece aten\u00e7\u00e3o.","breadcrumb":{"@id":"https:\/\/www.correiobraziliense.com.br\/cbradar\/por-que-ter-gases-nem-sempre-e-ruim-e-pode-ate-indicar-saude-intestinal\/#breadcrumb"},"inLanguage":"pt-BR","potentialAction":[{"@type":"ReadAction","target":["https:\/\/www.correiobraziliense.com.br\/cbradar\/por-que-ter-gases-nem-sempre-e-ruim-e-pode-ate-indicar-saude-intestinal\/"]}]},{"@type":"ImageObject","inLanguage":"pt-BR","@id":"https:\/\/www.correiobraziliense.com.br\/cbradar\/por-que-ter-gases-nem-sempre-e-ruim-e-pode-ate-indicar-saude-intestinal\/#primaryimage","url":"https:\/\/www.correiobraziliense.com.br\/cbradar\/wp-content\/uploads\/2025\/05\/gases_1748187118217.jpg","contentUrl":"https:\/\/www.correiobraziliense.com.br\/cbradar\/wp-content\/uploads\/2025\/05\/gases_1748187118217.jpg","width":1280,"height":720,"caption":"a melhor forma natural de eliminar gases que ningu\u00e9m fala - Cr\u00e9ditos: depositphotos.com \/ ruigsantos"},{"@type":"BreadcrumbList","@id":"https:\/\/www.correiobraziliense.com.br\/cbradar\/por-que-ter-gases-nem-sempre-e-ruim-e-pode-ate-indicar-saude-intestinal\/#breadcrumb","itemListElement":[{"@type":"ListItem","position":1,"name":"In\u00edcio","item":"https:\/\/www.correiobraziliense.com.br\/cbradar\/"},{"@type":"ListItem","position":2,"name":"Por que ter gases nem sempre \u00e9 ruim e pode at\u00e9 indicar sa\u00fade intestinal"}]},{"@type":"WebSite","@id":"https:\/\/www.correiobraziliense.com.br\/cbradar\/#website","url":"https:\/\/www.correiobraziliense.com.br\/cbradar\/","name":"Correio Braziliense - Radar","description":"Acompanhe as \u00faltimas not\u00edcias e fique bem informado sobre tudo o que acontece no Brasil e no mundo.","potentialAction":[{"@type":"SearchAction","target":{"@type":"EntryPoint","urlTemplate":"https:\/\/www.correiobraziliense.com.br\/cbradar\/?s={search_term_string}"},"query-input":{"@type":"PropertyValueSpecification","valueRequired":true,"valueName":"search_term_string"}}],"inLanguage":"pt-BR"},{"@type":"Person","@id":"https:\/\/www.correiobraziliense.com.br\/cbradar\/#\/schema\/person\/5aa4bf3c8fa699c267933611de12978b","name":"guilherme_saude","image":{"@type":"ImageObject","inLanguage":"pt-BR","@id":"https:\/\/www.correiobraziliense.com.br\/cbradar\/#\/schema\/person\/image\/","url":"https:\/\/secure.gravatar.com\/avatar\/df9adfb835d344bc0af109d41756253f?s=96&d=mm&r=g","contentUrl":"https:\/\/secure.gravatar.com\/avatar\/df9adfb835d344bc0af109d41756253f?s=96&d=mm&r=g","caption":"guilherme_saude"},"url":"https:\/\/www.correiobraziliense.com.br\/cbradar\/author\/guilherme_saude\/"}]}},"_links":{"self":[{"href":"https:\/\/www.correiobraziliense.com.br\/cbradar\/wp-json\/wp\/v2\/posts\/206329","targetHints":{"allow":["GET"]}}],"collection":[{"href":"https:\/\/www.correiobraziliense.com.br\/cbradar\/wp-json\/wp\/v2\/posts"}],"about":[{"href":"https:\/\/www.correiobraziliense.com.br\/cbradar\/wp-json\/wp\/v2\/types\/post"}],"author":[{"embeddable":true,"href":"https:\/\/www.correiobraziliense.com.br\/cbradar\/wp-json\/wp\/v2\/users\/14"}],"replies":[{"embeddable":true,"href":"https:\/\/www.correiobraziliense.com.br\/cbradar\/wp-json\/wp\/v2\/comments?post=206329"}],"version-history":[{"count":1,"href":"https:\/\/www.correiobraziliense.com.br\/cbradar\/wp-json\/wp\/v2\/posts\/206329\/revisions"}],"predecessor-version":[{"id":206353,"href":"https:\/\/www.correiobraziliense.com.br\/cbradar\/wp-json\/wp\/v2\/posts\/206329\/revisions\/206353"}],"wp:featuredmedia":[{"embeddable":true,"href":"https:\/\/www.correiobraziliense.com.br\/cbradar\/wp-json\/wp\/v2\/media\/42708"}],"wp:attachment":[{"href":"https:\/\/www.correiobraziliense.com.br\/cbradar\/wp-json\/wp\/v2\/media?parent=206329"}],"wp:term":[{"taxonomy":"category","embeddable":true,"href":"https:\/\/www.correiobraziliense.com.br\/cbradar\/wp-json\/wp\/v2\/categories?post=206329"},{"taxonomy":"post_tag","embeddable":true,"href":"https:\/\/www.correiobraziliense.com.br\/cbradar\/wp-json\/wp\/v2\/post_tag?post=206329"}],"curies":[{"name":"wp","href":"https:\/\/api.w.org\/{rel}","templated":true}]}}