{"id":206349,"date":"2026-03-12T13:25:00","date_gmt":"2026-03-12T16:25:00","guid":{"rendered":"https:\/\/www.correiobraziliense.com.br\/cbradar\/?p=206349"},"modified":"2026-03-11T16:23:44","modified_gmt":"2026-03-11T19:23:44","slug":"novo-tipo-de-concreto-promete-construir-casas-mais-rapido-e-reduzir-rachaduras","status":"publish","type":"post","link":"https:\/\/www.correiobraziliense.com.br\/cbradar\/novo-tipo-de-concreto-promete-construir-casas-mais-rapido-e-reduzir-rachaduras\/","title":{"rendered":"Novo tipo de concreto promete construir casas mais r\u00e1pido e reduzir rachaduras"},"content":{"rendered":"\n<p>A ado\u00e7\u00e3o de um <strong>novo tipo de concreto<\/strong> revoluciona o tempo de entrega de obras residenciais no pa\u00eds. A tecnologia atual elimina o per\u00edodo demorado de secagem tradicional e blinda as paredes da casa contra fissuras perigosas.<\/p>\n\n\n\n<h2 class=\"wp-block-heading\">Como a mistura de materiais acelera a obra?<\/h2>\n\n\n\n<p>A engenharia civil brasileira desenvolveu novos tra\u00e7os sint\u00e9ticos que atingem a resist\u00eancia estrutural m\u00e1xima em at\u00e9 <strong>4 horas<\/strong> de aplica\u00e7\u00e3o. Essa secagem acelerada inovadora permite que os pedreiros retirem as escoras de madeira e continuem o levantamento pesado das paredes no mesmo dia de trabalho.<\/p>\n\n\n\n<p>Materiais de alvenaria cl\u00e1ssicos exigem at\u00e9 <strong>3 semanas<\/strong> inteiras de cura sob o calor do sol para garantir firmeza. A adi\u00e7\u00e3o de pol\u00edmeros qu\u00edmicos superpotentes diretamente na betoneira quebra essa limita\u00e7\u00e3o temporal e reduz drasticamente o custo di\u00e1rio com trabalhadores na folha de pagamento da obra.<\/p>\n\n\n<div class=\"wp-block-image\">\n<figure class=\"aligncenter size-full\"><img decoding=\"async\" width=\"1280\" height=\"720\" src=\"https:\/\/www.correiobraziliense.com.br\/cbradar\/wp-content\/uploads\/2026\/03\/imagem_2026-03-10_182029818.png\" alt=\"Laje de concreto tecnol\u00f3gico brilhando sob a luz do p\u00f4r do sol.\" class=\"wp-image-206354\" srcset=\"https:\/\/www.correiobraziliense.com.br\/cbradar\/wp-content\/uploads\/2026\/03\/imagem_2026-03-10_182029818.png 1280w, https:\/\/www.correiobraziliense.com.br\/cbradar\/wp-content\/uploads\/2026\/03\/imagem_2026-03-10_182029818-300x169.png 300w, https:\/\/www.correiobraziliense.com.br\/cbradar\/wp-content\/uploads\/2026\/03\/imagem_2026-03-10_182029818-768x432.png 768w, https:\/\/www.correiobraziliense.com.br\/cbradar\/wp-content\/uploads\/2026\/03\/imagem_2026-03-10_182029818-750x422.png 750w, https:\/\/www.correiobraziliense.com.br\/cbradar\/wp-content\/uploads\/2026\/03\/imagem_2026-03-10_182029818-1140x641.png 1140w\" sizes=\"(max-width: 1280px) 100vw, 1280px\" \/><figcaption class=\"wp-element-caption\">Laje de concreto tecnol\u00f3gico brilhando sob a luz do p\u00f4r do sol.<\/figcaption><\/figure><\/div>\n\n\n<h2 class=\"wp-block-heading\">Qual \u00e9 o segredo para evitar as fissuras nas paredes?<\/h2>\n\n\n\n<p>O verdadeiro segredo estrutural est\u00e1 na adi\u00e7\u00e3o de microfibras de a\u00e7o male\u00e1vel e bact\u00e9rias espec\u00edficas dormentes dentro da argamassa \u00famida. Quando uma microfissura surge com o tempo e a \u00e1gua da chuva penetra, esses micro-organismos acordam rapidamente e produzem calc\u00e1rio natural, selando o buraco automaticamente.<\/p>\n\n\n\n<p>Esse conceito brilhante de <a href=\"https:\/\/pt.wikipedia.org\/wiki\/Concreto\" target=\"_blank\" rel=\"noreferrer noopener\">concreto<\/a> inteligente foi exaustivamente testado e aprovado em rigorosos laborat\u00f3rios universit\u00e1rios internacionais. A inova\u00e7\u00e3o aumenta a durabilidade da estrutura residencial e evita o gasto financeiro constante com reformas urgentes e impermeabilizantes paliativos ineficazes.<\/p>\n\n\n\n<h2 class=\"wp-block-heading\">Onde essa tecnologia j\u00e1 est\u00e1 sendo aplicada?<\/h2>\n\n\n\n<p>Grandes construtoras renomadas sediadas em <strong>S\u00e3o Paulo<\/strong> e <strong>Belo Horizonte<\/strong> utilizam o material avan\u00e7ado em lajes de alta tens\u00e3o e fachadas expostas \u00e0 chuva constante. O foco inicial do mercado de engenharia abrange gigantescos edif\u00edcios comerciais de luxo e viadutos de grande fluxo rodovi\u00e1rio.<\/p>\n\n\n\n<p>A expans\u00e3o tecnol\u00f3gica para o segmento habitacional popular ganha for\u00e7a acelerada neste ano. Projetos imobili\u00e1rios financiados por bancos e moradias de baixo custo come\u00e7am a testar a viabilidade econ\u00f4mica desse insumo para entregar chaves aos propriet\u00e1rios meses antes do prazo estipulado em contrato.<\/p>\n\n\n<div class=\"wp-block-image\">\n<figure class=\"aligncenter size-full\"><img decoding=\"async\" width=\"1280\" height=\"720\" src=\"https:\/\/www.correiobraziliense.com.br\/cbradar\/wp-content\/uploads\/2026\/03\/imagem_2026-03-10_182037473.png\" alt=\"Detalhe macro de esp\u00e1tula alisando o concreto com fibras met\u00e1licas.\" class=\"wp-image-206355\" srcset=\"https:\/\/www.correiobraziliense.com.br\/cbradar\/wp-content\/uploads\/2026\/03\/imagem_2026-03-10_182037473.png 1280w, https:\/\/www.correiobraziliense.com.br\/cbradar\/wp-content\/uploads\/2026\/03\/imagem_2026-03-10_182037473-300x169.png 300w, https:\/\/www.correiobraziliense.com.br\/cbradar\/wp-content\/uploads\/2026\/03\/imagem_2026-03-10_182037473-768x432.png 768w, https:\/\/www.correiobraziliense.com.br\/cbradar\/wp-content\/uploads\/2026\/03\/imagem_2026-03-10_182037473-750x422.png 750w, https:\/\/www.correiobraziliense.com.br\/cbradar\/wp-content\/uploads\/2026\/03\/imagem_2026-03-10_182037473-1140x641.png 1140w\" sizes=\"(max-width: 1280px) 100vw, 1280px\" \/><figcaption class=\"wp-element-caption\">Detalhe macro de esp\u00e1tula alisando o concreto com fibras met\u00e1licas.<\/figcaption><\/figure><\/div>\n\n\n<h2 class=\"wp-block-heading\">Quais s\u00e3o as vantagens financeiras para o propriet\u00e1rio?<\/h2>\n\n\n\n<p>O custo inicial do saco de cimento modificado \u00e9 ligeiramente mais caro na prateleira da loja de material de constru\u00e7\u00e3o. Por\u00e9m, a matem\u00e1tica financeira final sempre compensa pela dr\u00e1stica redu\u00e7\u00e3o de desperd\u00edcio de insumos e pelo corte severo no tempo de m\u00e3o de obra paga.<\/p>\n\n\n\n<p>A longo prazo, a aus\u00eancia total de infiltra\u00e7\u00f5es destrutivas salva o apertado or\u00e7amento familiar. \u00c9 avaliado constantemente o desgaste de novos materiais construtivos para atestar a efici\u00eancia estrutural absoluta para os consumidores brasileiros.<\/p>\n\n\n\n<h3 class=\"wp-block-heading\">Existe impacto positivo para o meio ambiente?<\/h3>\n\n\n\n<p>A fabrica\u00e7\u00e3o em massa do cimento convencional emite pesadas toneladas de g\u00e1s carb\u00f4nico altamente t\u00f3xico na atmosfera terrestre diariamente. As novas formula\u00e7\u00f5es inteligentes utilizam cinzas de alto-forno e res\u00edduos industriais reaproveitados em grande escala para baixar a pegada de carbono de toda a obra.<\/p>\n\n\n\n<p>Menos reparos estruturais ao longo das d\u00e9cadas significam muito menos entulho descartado de maneira totalmente irregular em ca\u00e7ambas pelas ruas. Essa admir\u00e1vel cadeia sustent\u00e1vel atrai fundos milion\u00e1rios de investidores que s\u00e3o estritamente preocupados com diretrizes ecol\u00f3gicas globais e selos verdes para edif\u00edcios habitacionais.<\/p>\n\n\n<div class=\"wp-block-image\">\n<figure class=\"aligncenter size-full\"><img decoding=\"async\" width=\"1280\" height=\"720\" src=\"https:\/\/www.correiobraziliense.com.br\/cbradar\/wp-content\/uploads\/2026\/03\/imagem_2026-03-10_182044078.png\" alt=\"Engenheiro inspecionando parede de concreto perfeita e sem rachaduras.\" class=\"wp-image-206351\" srcset=\"https:\/\/www.correiobraziliense.com.br\/cbradar\/wp-content\/uploads\/2026\/03\/imagem_2026-03-10_182044078.png 1280w, https:\/\/www.correiobraziliense.com.br\/cbradar\/wp-content\/uploads\/2026\/03\/imagem_2026-03-10_182044078-300x169.png 300w, https:\/\/www.correiobraziliense.com.br\/cbradar\/wp-content\/uploads\/2026\/03\/imagem_2026-03-10_182044078-768x432.png 768w, https:\/\/www.correiobraziliense.com.br\/cbradar\/wp-content\/uploads\/2026\/03\/imagem_2026-03-10_182044078-750x422.png 750w, https:\/\/www.correiobraziliense.com.br\/cbradar\/wp-content\/uploads\/2026\/03\/imagem_2026-03-10_182044078-1140x641.png 1140w\" sizes=\"(max-width: 1280px) 100vw, 1280px\" \/><figcaption class=\"wp-element-caption\">Engenheiro inspecionando parede de concreto perfeita e sem rachaduras.<\/figcaption><\/figure><\/div>\n\n\n<p>Leia tamb\u00e9m: <a href=\"https:\/\/www.correiobraziliense.com.br\/cbradar\/quanto-custa-transformar-o-banheiro-antigo-em-um-espaco-moderno-trocando-apenas-a-bancada-e-o-sistema-de-iluminacao\/\" target=\"_blank\" rel=\"noreferrer noopener\">Quanto custa transformar o banheiro antigo em um espa\u00e7o moderno trocando apenas a bancada e o sistema de ilumina\u00e7\u00e3o<\/a><\/p>\n\n\n\n<h2 class=\"wp-block-heading\">Quais cuidados o mestre de obras precisa ter?<\/h2>\n\n\n\n<p>O correto manuseio di\u00e1rio desse material avan\u00e7ado exige extrema precis\u00e3o laboratorial dentro do canteiro de obras. O pedreiro chefe n\u00e3o pode adicionar \u00e1gua da mangueira sem controle absoluto ou misturar areia suja, pois isso anula completamente as ricas propriedades tecnol\u00f3gicas da nova massa.<\/p>\n\n\n\n<p>Engenheiros respons\u00e1veis e arquitetos precisam treinar intensamente toda a equipe operacional de campo antes de despejar a primeira carga na laje.<\/p>\n\n\n\n<p>Anote os pontos vitais de aten\u00e7\u00e3o e seguran\u00e7a estipulados durante o trabalho de concretagem cont\u00ednua:<\/p>\n\n\n\n<ul class=\"wp-block-list\">\n<li><strong>Dosagem milim\u00e9trica<\/strong>: uso exclusivo de balan\u00e7as digitais calibradas para medir os aditivos l\u00edquidos.<\/li>\n\n\n\n<li><strong>Vibra\u00e7\u00e3o mec\u00e2nica<\/strong>: uso de motores potentes para expulsar bolhas de ar presas no fundo da forma de madeira.<\/li>\n\n\n\n<li><strong>Cura \u00famida controlada<\/strong>: aspers\u00e3o de \u00e1gua limpa nos primeiros dias para evitar um forte choque t\u00e9rmico sob o sol.<\/li>\n<\/ul>\n\n\n<div class=\"wp-block-image\">\n<figure class=\"aligncenter size-full\"><img decoding=\"async\" width=\"1280\" height=\"720\" src=\"https:\/\/www.correiobraziliense.com.br\/cbradar\/wp-content\/uploads\/2026\/03\/imagem_2026-03-10_182051488.png\" alt=\"Vis\u00e3o em primeira pessoa medindo aditivos qu\u00edmicos para o concreto.\" class=\"wp-image-206352\" srcset=\"https:\/\/www.correiobraziliense.com.br\/cbradar\/wp-content\/uploads\/2026\/03\/imagem_2026-03-10_182051488.png 1280w, https:\/\/www.correiobraziliense.com.br\/cbradar\/wp-content\/uploads\/2026\/03\/imagem_2026-03-10_182051488-300x169.png 300w, https:\/\/www.correiobraziliense.com.br\/cbradar\/wp-content\/uploads\/2026\/03\/imagem_2026-03-10_182051488-768x432.png 768w, https:\/\/www.correiobraziliense.com.br\/cbradar\/wp-content\/uploads\/2026\/03\/imagem_2026-03-10_182051488-750x422.png 750w, https:\/\/www.correiobraziliense.com.br\/cbradar\/wp-content\/uploads\/2026\/03\/imagem_2026-03-10_182051488-1140x641.png 1140w\" sizes=\"(max-width: 1280px) 100vw, 1280px\" \/><figcaption class=\"wp-element-caption\">Vis\u00e3o em primeira pessoa medindo aditivos qu\u00edmicos para o concreto.<\/figcaption><\/figure><\/div>\n\n\n<h2 class=\"wp-block-heading\">A alvenaria tradicional vai desaparecer do mercado?<\/h2>\n\n\n\n<p>A transi\u00e7\u00e3o completa de insumos b\u00e1sicos no conservador mercado de constru\u00e7\u00e3o civil brasileiro ainda levar\u00e1 algumas longas d\u00e9cadas. O tijolo de barro cozido e a argamassa simples continuam dominando fortemente as pequenas reformas dom\u00e9sticas e as r\u00fasticas constru\u00e7\u00f5es erguidas em \u00e1reas rurais isoladas.<\/p>\n\n\n\n<p>No entanto, quem realmente planeja construir uma casa do zero absoluto nos pr\u00f3ximos anos deve or\u00e7ar obrigatoriamente essa tecnologia de ponta. Garantir uma base s\u00f3lida totalmente livre de rachaduras e entregar a obra inteira semanas antes do limite \u00e9 o novo e desejado padr\u00e3o de qualidade habitacional.<\/p>\n","protected":false},"excerpt":{"rendered":"<p>A ado\u00e7\u00e3o de um novo tipo de concreto revoluciona o tempo de entrega de obras residenciais no pa\u00eds. A tecnologia atual elimina o per\u00edodo demorado de secagem tradicional e blinda as paredes da casa contra fissuras perigosas. Como a mistura de materiais acelera a obra? A engenharia civil brasileira desenvolveu novos tra\u00e7os sint\u00e9ticos que atingem [&hellip;]<\/p>\n","protected":false},"author":11,"featured_media":207040,"comment_status":"open","ping_status":"open","sticky":false,"template":"","format":"standard","meta":{"_yoast_wpseo_focuskw":"novo tipo de concreto","_yoast_wpseo_title":"","_yoast_wpseo_metadesc":"A tecnologia na engenharia civil avan\u00e7ou. A nova mistura de materiais acelera obras residenciais e evita infiltra\u00e7\u00f5es perigosas na estrutura da sua casa.","jnews-multi-image_gallery":[],"jnews_single_post":{"format":"standard"},"jnews_primary_category":[],"jnews_social_meta":[],"jnews_override_counter":[],"footnotes":""},"categories":[143],"post_tag":[15949,15378],"class_list":["post-206349","post","type-post","status-publish","format-standard","has-post-thumbnail","hentry","category-casa-e-decoracao","tag-concreto","tag-rachadura"],"yoast_head":"<!-- This site is optimized with the Yoast SEO plugin v24.6 - https:\/\/yoast.com\/wordpress\/plugins\/seo\/ -->\n<title>Novo tipo de concreto promete construir casas mais r\u00e1pido e reduzir rachaduras - Correio Braziliense - Radar<\/title>\n<meta name=\"description\" content=\"A tecnologia na engenharia civil avan\u00e7ou. A nova mistura de materiais acelera obras residenciais e evita infiltra\u00e7\u00f5es perigosas na estrutura da sua casa.\" \/>\n<meta name=\"robots\" content=\"index, follow, max-snippet:-1, max-image-preview:large, max-video-preview:-1\" \/>\n<link rel=\"canonical\" href=\"https:\/\/www.correiobraziliense.com.br\/cbradar\/novo-tipo-de-concreto-promete-construir-casas-mais-rapido-e-reduzir-rachaduras\/\" \/>\n<meta property=\"og:locale\" content=\"pt_BR\" \/>\n<meta property=\"og:type\" content=\"article\" \/>\n<meta property=\"og:title\" content=\"Novo tipo de concreto promete construir casas mais r\u00e1pido e reduzir rachaduras - Correio Braziliense - Radar\" \/>\n<meta property=\"og:description\" content=\"A tecnologia na engenharia civil avan\u00e7ou. A nova mistura de materiais acelera obras residenciais e evita infiltra\u00e7\u00f5es perigosas na estrutura da sua casa.\" \/>\n<meta property=\"og:url\" content=\"https:\/\/www.correiobraziliense.com.br\/cbradar\/novo-tipo-de-concreto-promete-construir-casas-mais-rapido-e-reduzir-rachaduras\/\" \/>\n<meta property=\"og:site_name\" content=\"Correio Braziliense - Radar\" \/>\n<meta property=\"article:published_time\" content=\"2026-03-12T16:25:00+00:00\" \/>\n<meta property=\"og:image\" content=\"https:\/\/www.correiobraziliense.com.br\/cbradar\/wp-content\/uploads\/2026\/03\/freepik__laje-recmconcretada-lisa-e-uniforme-em-uma-obra-re__63008.jpeg\" \/>\n\t<meta property=\"og:image:width\" content=\"1280\" \/>\n\t<meta property=\"og:image:height\" content=\"720\" \/>\n\t<meta property=\"og:image:type\" content=\"image\/jpeg\" \/>\n<meta name=\"author\" content=\"Paulo Custodio\" \/>\n<meta name=\"twitter:card\" content=\"summary_large_image\" \/>\n<meta name=\"twitter:label1\" content=\"Escrito por\" \/>\n\t<meta name=\"twitter:data1\" content=\"Paulo Custodio\" \/>\n\t<meta name=\"twitter:label2\" content=\"Est. tempo de leitura\" \/>\n\t<meta name=\"twitter:data2\" content=\"6 minutos\" \/>\n<!-- \/ Yoast SEO plugin. -->","yoast_head_json":{"title":"Novo tipo de concreto promete construir casas mais r\u00e1pido e reduzir rachaduras - Correio Braziliense - Radar","description":"A tecnologia na engenharia civil avan\u00e7ou. A nova mistura de materiais acelera obras residenciais e evita infiltra\u00e7\u00f5es perigosas na estrutura da sua casa.","robots":{"index":"index","follow":"follow","max-snippet":"max-snippet:-1","max-image-preview":"max-image-preview:large","max-video-preview":"max-video-preview:-1"},"canonical":"https:\/\/www.correiobraziliense.com.br\/cbradar\/novo-tipo-de-concreto-promete-construir-casas-mais-rapido-e-reduzir-rachaduras\/","og_locale":"pt_BR","og_type":"article","og_title":"Novo tipo de concreto promete construir casas mais r\u00e1pido e reduzir rachaduras - Correio Braziliense - Radar","og_description":"A tecnologia na engenharia civil avan\u00e7ou. A nova mistura de materiais acelera obras residenciais e evita infiltra\u00e7\u00f5es perigosas na estrutura da sua casa.","og_url":"https:\/\/www.correiobraziliense.com.br\/cbradar\/novo-tipo-de-concreto-promete-construir-casas-mais-rapido-e-reduzir-rachaduras\/","og_site_name":"Correio Braziliense - Radar","article_published_time":"2026-03-12T16:25:00+00:00","og_image":[{"width":1280,"height":720,"url":"https:\/\/www.correiobraziliense.com.br\/cbradar\/wp-content\/uploads\/2026\/03\/freepik__laje-recmconcretada-lisa-e-uniforme-em-uma-obra-re__63008.jpeg","type":"image\/jpeg"}],"author":"Paulo Custodio","twitter_card":"summary_large_image","twitter_misc":{"Escrito por":"Paulo Custodio","Est. tempo de leitura":"6 minutos"},"schema":{"@context":"https:\/\/schema.org","@graph":[{"@type":"WebPage","@id":"https:\/\/www.correiobraziliense.com.br\/cbradar\/novo-tipo-de-concreto-promete-construir-casas-mais-rapido-e-reduzir-rachaduras\/","url":"https:\/\/www.correiobraziliense.com.br\/cbradar\/novo-tipo-de-concreto-promete-construir-casas-mais-rapido-e-reduzir-rachaduras\/","name":"Novo tipo de concreto promete construir casas mais r\u00e1pido e reduzir rachaduras - Correio Braziliense - Radar","isPartOf":{"@id":"https:\/\/www.correiobraziliense.com.br\/cbradar\/#website"},"primaryImageOfPage":{"@id":"https:\/\/www.correiobraziliense.com.br\/cbradar\/novo-tipo-de-concreto-promete-construir-casas-mais-rapido-e-reduzir-rachaduras\/#primaryimage"},"image":{"@id":"https:\/\/www.correiobraziliense.com.br\/cbradar\/novo-tipo-de-concreto-promete-construir-casas-mais-rapido-e-reduzir-rachaduras\/#primaryimage"},"thumbnailUrl":"https:\/\/www.correiobraziliense.com.br\/cbradar\/wp-content\/uploads\/2026\/03\/freepik__laje-recmconcretada-lisa-e-uniforme-em-uma-obra-re__63008.jpeg","datePublished":"2026-03-12T16:25:00+00:00","author":{"@id":"https:\/\/www.correiobraziliense.com.br\/cbradar\/#\/schema\/person\/4cec7857301a9a1a2ef249893cd908d3"},"description":"A tecnologia na engenharia civil avan\u00e7ou. A nova mistura de materiais acelera obras residenciais e evita infiltra\u00e7\u00f5es perigosas na estrutura da sua casa.","breadcrumb":{"@id":"https:\/\/www.correiobraziliense.com.br\/cbradar\/novo-tipo-de-concreto-promete-construir-casas-mais-rapido-e-reduzir-rachaduras\/#breadcrumb"},"inLanguage":"pt-BR","potentialAction":[{"@type":"ReadAction","target":["https:\/\/www.correiobraziliense.com.br\/cbradar\/novo-tipo-de-concreto-promete-construir-casas-mais-rapido-e-reduzir-rachaduras\/"]}]},{"@type":"ImageObject","inLanguage":"pt-BR","@id":"https:\/\/www.correiobraziliense.com.br\/cbradar\/novo-tipo-de-concreto-promete-construir-casas-mais-rapido-e-reduzir-rachaduras\/#primaryimage","url":"https:\/\/www.correiobraziliense.com.br\/cbradar\/wp-content\/uploads\/2026\/03\/freepik__laje-recmconcretada-lisa-e-uniforme-em-uma-obra-re__63008.jpeg","contentUrl":"https:\/\/www.correiobraziliense.com.br\/cbradar\/wp-content\/uploads\/2026\/03\/freepik__laje-recmconcretada-lisa-e-uniforme-em-uma-obra-re__63008.jpeg","width":1280,"height":720,"caption":"Novos tipos de concreto utilizam aditivos que aceleram o processo de cura"},{"@type":"BreadcrumbList","@id":"https:\/\/www.correiobraziliense.com.br\/cbradar\/novo-tipo-de-concreto-promete-construir-casas-mais-rapido-e-reduzir-rachaduras\/#breadcrumb","itemListElement":[{"@type":"ListItem","position":1,"name":"In\u00edcio","item":"https:\/\/www.correiobraziliense.com.br\/cbradar\/"},{"@type":"ListItem","position":2,"name":"Novo tipo de concreto promete construir casas mais r\u00e1pido e reduzir rachaduras"}]},{"@type":"WebSite","@id":"https:\/\/www.correiobraziliense.com.br\/cbradar\/#website","url":"https:\/\/www.correiobraziliense.com.br\/cbradar\/","name":"Correio Braziliense - Radar","description":"Acompanhe as \u00faltimas not\u00edcias e fique bem informado sobre tudo o que acontece no Brasil e no mundo.","potentialAction":[{"@type":"SearchAction","target":{"@type":"EntryPoint","urlTemplate":"https:\/\/www.correiobraziliense.com.br\/cbradar\/?s={search_term_string}"},"query-input":{"@type":"PropertyValueSpecification","valueRequired":true,"valueName":"search_term_string"}}],"inLanguage":"pt-BR"},{"@type":"Person","@id":"https:\/\/www.correiobraziliense.com.br\/cbradar\/#\/schema\/person\/4cec7857301a9a1a2ef249893cd908d3","name":"Paulo Custodio","image":{"@type":"ImageObject","inLanguage":"pt-BR","@id":"https:\/\/www.correiobraziliense.com.br\/cbradar\/#\/schema\/person\/image\/","url":"https:\/\/secure.gravatar.com\/avatar\/bcd67168d1534e8fcf4f45c726a87cea?s=96&d=mm&r=g","contentUrl":"https:\/\/secure.gravatar.com\/avatar\/bcd67168d1534e8fcf4f45c726a87cea?s=96&d=mm&r=g","caption":"Paulo Custodio"},"sameAs":["https:\/\/www.correiobraziliense.com.br\/cbradar"],"url":"https:\/\/www.correiobraziliense.com.br\/cbradar\/author\/paulomyth\/"}]}},"_links":{"self":[{"href":"https:\/\/www.correiobraziliense.com.br\/cbradar\/wp-json\/wp\/v2\/posts\/206349","targetHints":{"allow":["GET"]}}],"collection":[{"href":"https:\/\/www.correiobraziliense.com.br\/cbradar\/wp-json\/wp\/v2\/posts"}],"about":[{"href":"https:\/\/www.correiobraziliense.com.br\/cbradar\/wp-json\/wp\/v2\/types\/post"}],"author":[{"embeddable":true,"href":"https:\/\/www.correiobraziliense.com.br\/cbradar\/wp-json\/wp\/v2\/users\/11"}],"replies":[{"embeddable":true,"href":"https:\/\/www.correiobraziliense.com.br\/cbradar\/wp-json\/wp\/v2\/comments?post=206349"}],"version-history":[{"count":2,"href":"https:\/\/www.correiobraziliense.com.br\/cbradar\/wp-json\/wp\/v2\/posts\/206349\/revisions"}],"predecessor-version":[{"id":207015,"href":"https:\/\/www.correiobraziliense.com.br\/cbradar\/wp-json\/wp\/v2\/posts\/206349\/revisions\/207015"}],"wp:featuredmedia":[{"embeddable":true,"href":"https:\/\/www.correiobraziliense.com.br\/cbradar\/wp-json\/wp\/v2\/media\/207040"}],"wp:attachment":[{"href":"https:\/\/www.correiobraziliense.com.br\/cbradar\/wp-json\/wp\/v2\/media?parent=206349"}],"wp:term":[{"taxonomy":"category","embeddable":true,"href":"https:\/\/www.correiobraziliense.com.br\/cbradar\/wp-json\/wp\/v2\/categories?post=206349"},{"taxonomy":"post_tag","embeddable":true,"href":"https:\/\/www.correiobraziliense.com.br\/cbradar\/wp-json\/wp\/v2\/post_tag?post=206349"}],"curies":[{"name":"wp","href":"https:\/\/api.w.org\/{rel}","templated":true}]}}