{"id":206358,"date":"2026-03-10T21:10:14","date_gmt":"2026-03-11T00:10:14","guid":{"rendered":"https:\/\/www.correiobraziliense.com.br\/cbradar\/?p=206358"},"modified":"2026-03-10T21:10:17","modified_gmt":"2026-03-11T00:10:17","slug":"o-que-simone-de-beauvoir-quis-dizer-quando-afirmou-que-nao-se-nasce-mulher-torna-se","status":"publish","type":"post","link":"https:\/\/www.correiobraziliense.com.br\/cbradar\/o-que-simone-de-beauvoir-quis-dizer-quando-afirmou-que-nao-se-nasce-mulher-torna-se\/","title":{"rendered":"O que Simone de Beauvoir quis dizer quando afirmou que \u201cN\u00e3o se nasce mulher, torna-se\u201d"},"content":{"rendered":"\n<p>A c\u00e9lebre frase de <strong>Simone de Beauvoir<\/strong> revolucionou o pensamento feminista ao distinguir o sexo biol\u00f3gico do g\u00eanero socialmente constru\u00eddo. Ao longo de sua obra, a fil\u00f3sofa argumenta que a feminilidade n\u00e3o \u00e9 um <strong>destino biol\u00f3gico inevit\u00e1vel<\/strong>, mas um conjunto de comportamentos e expectativas impostos pela sociedade e pela cultura.<\/p>\n\n\n\n<h2 class=\"wp-block-heading\">Por que a anatomia n\u00e3o determina o destino feminino?<\/h2>\n\n\n\n<p>Para <strong>Simone de Beauvoir<\/strong>, as caracter\u00edsticas f\u00edsicas e reprodutivas n\u00e3o s\u00e3o suficientes para definir o que significa ser uma mulher na civiliza\u00e7\u00e3o. A biologia oferece apenas o substrato material, enquanto a sociedade projeta significados e limita\u00e7\u00f5es sobre esse corpo desde o nascimento. O destino de cada indiv\u00edduo deve ser constru\u00eddo pela sua pr\u00f3pria <strong>liberdade pessoal<\/strong> e consciente.<\/p>\n\n\n\n<p>A <strong><a href=\"https:\/\/www.correiobraziliense.com.br\/cbradar\/o-que-significa-amor-fati-a-filosofia-de-nietzsche-que-ensina-a-aceitar-o-destino\/\" target=\"_blank\" rel=\"noreferrer noopener\">fil\u00f3sofa <\/a><\/strong>existencialista defende que o ser humano n\u00e3o possui uma ess\u00eancia pr\u00e9-definida que determine sua conduta ou sua personalidade futura. Portanto, as no\u00e7\u00f5es tradicionais de sensibilidade ou passividade feminina s\u00e3o, na verdade, produtos de um longo processo de condicionamento social. Libertar-se dessas amarras \u00e9 o primeiro passo para que cada mulher conquiste sua pr\u00f3pria <strong>autonomia individual<\/strong>.<\/p>\n\n\n\n<figure class=\"wp-block-image size-full\"><img decoding=\"async\" width=\"1280\" height=\"720\" src=\"https:\/\/www.correiobraziliense.com.br\/cbradar\/wp-content\/uploads\/2026\/03\/Gemini_Generated_Image_e8ej7ue8ej7ue8ej-1-1.png\" alt=\"O que Simone de Beauvoir quis dizer quando afirmou que \u201cN\u00e3o se nasce mulher, torna-se\u201d\" class=\"wp-image-206369\" srcset=\"https:\/\/www.correiobraziliense.com.br\/cbradar\/wp-content\/uploads\/2026\/03\/Gemini_Generated_Image_e8ej7ue8ej7ue8ej-1-1.png 1280w, https:\/\/www.correiobraziliense.com.br\/cbradar\/wp-content\/uploads\/2026\/03\/Gemini_Generated_Image_e8ej7ue8ej7ue8ej-1-1-300x169.png 300w, https:\/\/www.correiobraziliense.com.br\/cbradar\/wp-content\/uploads\/2026\/03\/Gemini_Generated_Image_e8ej7ue8ej7ue8ej-1-1-768x432.png 768w, https:\/\/www.correiobraziliense.com.br\/cbradar\/wp-content\/uploads\/2026\/03\/Gemini_Generated_Image_e8ej7ue8ej7ue8ej-1-1-750x422.png 750w, https:\/\/www.correiobraziliense.com.br\/cbradar\/wp-content\/uploads\/2026\/03\/Gemini_Generated_Image_e8ej7ue8ej7ue8ej-1-1-1140x641.png 1140w\" sizes=\"(max-width: 1280px) 100vw, 1280px\" \/><figcaption class=\"wp-element-caption\">Reflex\u00e3o sobre identidade feminina inspirada na filosofia de Simone de Beauvoir e constru\u00e7\u00e3o social<\/figcaption><\/figure>\n\n\n\n<h2 class=\"wp-block-heading\">Como a educa\u00e7\u00e3o molda o comportamento das meninas?<\/h2>\n\n\n\n<p>Desde a inf\u00e2ncia, as crian\u00e7as s\u00e3o ensinadas a ocupar espa\u00e7os distintos e a desempenhar pap\u00e9is espec\u00edficos com base em seus corpos. Meninas s\u00e3o frequentemente incentivadas ao cuidado, \u00e0 docilidade e ao ambiente dom\u00e9stico, enquanto meninos s\u00e3o encorajados \u00e0 explora\u00e7\u00e3o e ao dom\u00ednio p\u00fablico. Esse processo educacional \u00e9 o que come\u00e7a a transformar o ser biol\u00f3gico em um sujeito social.<\/p>\n\n\n\n<p>O &#8220;tornar-se&#8221; mulher envolve a internaliza\u00e7\u00e3o de normas est\u00e9ticas e comportamentais que visam agradar o olhar externo e manter estruturas de poder. Essa <strong>constru\u00e7\u00e3o social<\/strong> \u00e9 t\u00e3o profunda que muitas vezes parece natural, ocultando o fato de que \u00e9 uma inven\u00e7\u00e3o cultural hist\u00f3rica. Questionar essas normas \u00e9 essencial para compreender como a identidade feminina \u00e9 forjada pela coletividade.<\/p>\n\n\n\n<h2 class=\"wp-block-heading\">Quais s\u00e3o as principais expectativas impostas pela cultura?<\/h2>\n\n\n\n<p>A cultura patriarcal estabelece um ideal de feminilidade que exige sacrif\u00edcios pessoais em prol da harmonia familiar e do bem-estar alheio constante. Essas expectativas variam entre diferentes \u00e9pocas e sociedades, mas mant\u00eam o objetivo comum de circunscrever a atua\u00e7\u00e3o da mulher a certas esferas. Reconhecer esses padr\u00f5es \u00e9 o caminho para desconstruir as desigualdades de g\u00eanero que ainda persistem hoje.<\/p>\n\n\n\n<p>Observe com aten\u00e7\u00e3o os elementos que costumam compor essa constru\u00e7\u00e3o social da identidade feminina no mundo contempor\u00e2neo:<\/p>\n\n\n\n<figure class=\"wp-block-image size-full\"><img decoding=\"async\" width=\"1280\" height=\"828\" src=\"https:\/\/www.correiobraziliense.com.br\/cbradar\/wp-content\/uploads\/2026\/03\/convertido-18.jpg\" alt=\"\" class=\"wp-image-206361\" srcset=\"https:\/\/www.correiobraziliense.com.br\/cbradar\/wp-content\/uploads\/2026\/03\/convertido-18.jpg 1280w, https:\/\/www.correiobraziliense.com.br\/cbradar\/wp-content\/uploads\/2026\/03\/convertido-18-300x194.jpg 300w, https:\/\/www.correiobraziliense.com.br\/cbradar\/wp-content\/uploads\/2026\/03\/convertido-18-1113x720.jpg 1113w, https:\/\/www.correiobraziliense.com.br\/cbradar\/wp-content\/uploads\/2026\/03\/convertido-18-768x497.jpg 768w, https:\/\/www.correiobraziliense.com.br\/cbradar\/wp-content\/uploads\/2026\/03\/convertido-18-750x485.jpg 750w, https:\/\/www.correiobraziliense.com.br\/cbradar\/wp-content\/uploads\/2026\/03\/convertido-18-1140x737.jpg 1140w\" sizes=\"(max-width: 1280px) 100vw, 1280px\" \/><\/figure>\n\n\n\n<h2 class=\"wp-block-heading\">Qual o papel da liberdade na filosofia existencialista?<\/h2>\n\n\n\n<p>O existencialismo prop\u00f5e que a exist\u00eancia precede a ess\u00eancia, o que significa que o ser humano \u00e9 livre para se inventar. <strong>Simone de Beauvoir<\/strong> aplica esse princ\u00edpio para denunciar como a liberdade das mulheres \u00e9 historicamente cerceada por defini\u00e7\u00f5es externas e opressoras. Ser livre implica rejeitar os roteiros prontos e assumir a responsabilidade total pelas pr\u00f3prias escolhas e caminhos.<\/p>\n\n\n\n<p>A luta por emancipa\u00e7\u00e3o n\u00e3o \u00e9 apenas pol\u00edtica ou econ\u00f4mica, mas tamb\u00e9m uma batalha metaf\u00edsica pelo <strong>direito de ser um sujeito aut\u00f4nomo<\/strong>. Quando a mulher deixa de ser vista como o &#8220;Outro&#8221; em rela\u00e7\u00e3o ao homem, ela conquista o status de ser humano completo. Essa transforma\u00e7\u00e3o exige coragem para enfrentar o julgamento social e construir uma <strong>exist\u00eancia aut\u00eantica<\/strong> e independente.<\/p>\n\n\n\n<figure class=\"wp-block-image size-full\"><img decoding=\"async\" width=\"1280\" height=\"720\" src=\"https:\/\/www.correiobraziliense.com.br\/cbradar\/wp-content\/uploads\/2026\/03\/Gemini_Generated_Image_3zr1nu3zr1nu3zr1-1-1.png\" alt=\"O que Simone de Beauvoir quis dizer quando afirmou que \u201cN\u00e3o se nasce mulher, torna-se\u201d\" class=\"wp-image-206370\" srcset=\"https:\/\/www.correiobraziliense.com.br\/cbradar\/wp-content\/uploads\/2026\/03\/Gemini_Generated_Image_3zr1nu3zr1nu3zr1-1-1.png 1280w, https:\/\/www.correiobraziliense.com.br\/cbradar\/wp-content\/uploads\/2026\/03\/Gemini_Generated_Image_3zr1nu3zr1nu3zr1-1-1-300x169.png 300w, https:\/\/www.correiobraziliense.com.br\/cbradar\/wp-content\/uploads\/2026\/03\/Gemini_Generated_Image_3zr1nu3zr1nu3zr1-1-1-768x432.png 768w, https:\/\/www.correiobraziliense.com.br\/cbradar\/wp-content\/uploads\/2026\/03\/Gemini_Generated_Image_3zr1nu3zr1nu3zr1-1-1-750x422.png 750w, https:\/\/www.correiobraziliense.com.br\/cbradar\/wp-content\/uploads\/2026\/03\/Gemini_Generated_Image_3zr1nu3zr1nu3zr1-1-1-1140x641.png 1140w\" sizes=\"(max-width: 1280px) 100vw, 1280px\" \/><figcaption class=\"wp-element-caption\">Reflex\u00e3o sobre identidade feminina inspirada na filosofia de Simone de Beauvoir e constru\u00e7\u00e3o social<\/figcaption><\/figure>\n\n\n\n<h2 class=\"wp-block-heading\">Quais fontes acad\u00eamicas explicam o impacto desta teoria?<\/h2>\n\n\n\n<p>A obra fundamental para compreender esse conceito em profundidade \u00e9 o livro <strong>O Segundo Sexo<\/strong>, publicado originalmente em mil novecentos e quarenta e nove. Nele, a autora detalha as ra\u00edzes hist\u00f3ricas, mitol\u00f3gicas e biol\u00f3gicas da opress\u00e3o feminina ao longo dos s\u00e9culos da humanidade. \u00c9 uma leitura indispens\u00e1vel para quem deseja aprofundar-se nos estudos de g\u00eanero e na teoria feminista moderna.<\/p>\n\n\n\n<p>Para ter acesso a uma an\u00e1lise acad\u00eamica detalhada sobre o impacto dessas ideias, recomenda-se consultar portais de filosofia de reconhecimento mundial e autoridade. Essas fontes oferecem contexto hist\u00f3rico e interpreta\u00e7\u00f5es cr\u00edticas que ajudam a situar o pensamento de <strong>Simone de Beauvoir<\/strong> no cen\u00e1rio intelectual contempor\u00e2neo. Explore o artigo completo na <a target=\"_blank\" rel=\"noreferrer noopener\" href=\"https:\/\/plato.stanford.edu\/entries\/beauvoir\/\">Stanford Encyclopedia of Philosophy<\/a> para dominar os conceitos fundamentais da autora com <strong>m\u00e1xima precis\u00e3o te\u00f3rica<\/strong>.<\/p>\n","protected":false},"excerpt":{"rendered":"<p>A c\u00e9lebre frase de Simone de Beauvoir revolucionou o pensamento feminista ao distinguir o sexo biol\u00f3gico do g\u00eanero socialmente constru\u00eddo. Ao longo de sua obra, a fil\u00f3sofa argumenta que a feminilidade n\u00e3o \u00e9 um destino biol\u00f3gico inevit\u00e1vel, mas um conjunto de comportamentos e expectativas impostos pela sociedade e pela cultura. Por que a anatomia n\u00e3o [&hellip;]<\/p>\n","protected":false},"author":21,"featured_media":206367,"comment_status":"open","ping_status":"open","sticky":false,"template":"","format":"standard","meta":{"_yoast_wpseo_focuskw":"Simone de Beauvoir e a constru\u00e7\u00e3o social da mulher","_yoast_wpseo_title":"","_yoast_wpseo_metadesc":"Uma frase de Simone de Beauvoir mudou para sempre o debate sobre identidade feminina. A ideia central ainda provoca reflex\u00f5es","jnews-multi-image_gallery":[],"jnews_single_post":{"format":"standard"},"jnews_primary_category":[],"jnews_social_meta":[],"jnews_override_counter":[],"footnotes":""},"categories":[112],"post_tag":[149,5078,2343,15520],"class_list":["post-206358","post","type-post","status-publish","format-standard","has-post-thumbnail","hentry","category-curiosidades","tag-educacao","tag-filosofia","tag-mulher","tag-simone-de-beauvoir"],"yoast_head":"<!-- This site is optimized with the Yoast SEO plugin v24.6 - https:\/\/yoast.com\/wordpress\/plugins\/seo\/ -->\n<title>O que Simone de Beauvoir quis dizer quando afirmou que \u201cN\u00e3o se nasce mulher, torna-se\u201d - Correio Braziliense - Radar<\/title>\n<meta name=\"description\" content=\"Uma frase de Simone de Beauvoir mudou para sempre o debate sobre identidade feminina. A ideia central ainda provoca reflex\u00f5es\" \/>\n<meta name=\"robots\" content=\"index, follow, max-snippet:-1, max-image-preview:large, max-video-preview:-1\" \/>\n<link rel=\"canonical\" href=\"https:\/\/www.correiobraziliense.com.br\/cbradar\/o-que-simone-de-beauvoir-quis-dizer-quando-afirmou-que-nao-se-nasce-mulher-torna-se\/\" \/>\n<meta property=\"og:locale\" content=\"pt_BR\" \/>\n<meta property=\"og:type\" content=\"article\" \/>\n<meta property=\"og:title\" content=\"O que Simone de Beauvoir quis dizer quando afirmou que \u201cN\u00e3o se nasce mulher, torna-se\u201d - Correio Braziliense - Radar\" \/>\n<meta property=\"og:description\" content=\"Uma frase de Simone de Beauvoir mudou para sempre o debate sobre identidade feminina. A ideia central ainda provoca reflex\u00f5es\" \/>\n<meta property=\"og:url\" content=\"https:\/\/www.correiobraziliense.com.br\/cbradar\/o-que-simone-de-beauvoir-quis-dizer-quando-afirmou-que-nao-se-nasce-mulher-torna-se\/\" \/>\n<meta property=\"og:site_name\" content=\"Correio Braziliense - Radar\" \/>\n<meta property=\"article:published_time\" content=\"2026-03-11T00:10:14+00:00\" \/>\n<meta property=\"article:modified_time\" content=\"2026-03-11T00:10:17+00:00\" \/>\n<meta property=\"og:image\" content=\"https:\/\/www.correiobraziliense.com.br\/cbradar\/wp-content\/uploads\/2026\/03\/Gemini_Generated_Image_vern00vern00vern-1-1.png\" \/>\n\t<meta property=\"og:image:width\" content=\"1280\" \/>\n\t<meta property=\"og:image:height\" content=\"720\" \/>\n\t<meta property=\"og:image:type\" content=\"image\/png\" \/>\n<meta name=\"author\" content=\"Patrick Silva\" \/>\n<meta name=\"twitter:card\" content=\"summary_large_image\" \/>\n<meta name=\"twitter:label1\" content=\"Escrito por\" \/>\n\t<meta name=\"twitter:data1\" content=\"Patrick Silva\" \/>\n\t<meta name=\"twitter:label2\" content=\"Est. tempo de leitura\" \/>\n\t<meta name=\"twitter:data2\" content=\"5 minutos\" \/>\n<!-- \/ Yoast SEO plugin. -->","yoast_head_json":{"title":"O que Simone de Beauvoir quis dizer quando afirmou que \u201cN\u00e3o se nasce mulher, torna-se\u201d - Correio Braziliense - Radar","description":"Uma frase de Simone de Beauvoir mudou para sempre o debate sobre identidade feminina. A ideia central ainda provoca reflex\u00f5es","robots":{"index":"index","follow":"follow","max-snippet":"max-snippet:-1","max-image-preview":"max-image-preview:large","max-video-preview":"max-video-preview:-1"},"canonical":"https:\/\/www.correiobraziliense.com.br\/cbradar\/o-que-simone-de-beauvoir-quis-dizer-quando-afirmou-que-nao-se-nasce-mulher-torna-se\/","og_locale":"pt_BR","og_type":"article","og_title":"O que Simone de Beauvoir quis dizer quando afirmou que \u201cN\u00e3o se nasce mulher, torna-se\u201d - Correio Braziliense - Radar","og_description":"Uma frase de Simone de Beauvoir mudou para sempre o debate sobre identidade feminina. A ideia central ainda provoca reflex\u00f5es","og_url":"https:\/\/www.correiobraziliense.com.br\/cbradar\/o-que-simone-de-beauvoir-quis-dizer-quando-afirmou-que-nao-se-nasce-mulher-torna-se\/","og_site_name":"Correio Braziliense - Radar","article_published_time":"2026-03-11T00:10:14+00:00","article_modified_time":"2026-03-11T00:10:17+00:00","og_image":[{"width":1280,"height":720,"url":"https:\/\/www.correiobraziliense.com.br\/cbradar\/wp-content\/uploads\/2026\/03\/Gemini_Generated_Image_vern00vern00vern-1-1.png","type":"image\/png"}],"author":"Patrick Silva","twitter_card":"summary_large_image","twitter_misc":{"Escrito por":"Patrick Silva","Est. tempo de leitura":"5 minutos"},"schema":{"@context":"https:\/\/schema.org","@graph":[{"@type":"WebPage","@id":"https:\/\/www.correiobraziliense.com.br\/cbradar\/o-que-simone-de-beauvoir-quis-dizer-quando-afirmou-que-nao-se-nasce-mulher-torna-se\/","url":"https:\/\/www.correiobraziliense.com.br\/cbradar\/o-que-simone-de-beauvoir-quis-dizer-quando-afirmou-que-nao-se-nasce-mulher-torna-se\/","name":"O que Simone de Beauvoir quis dizer quando afirmou que \u201cN\u00e3o se nasce mulher, torna-se\u201d - Correio Braziliense - Radar","isPartOf":{"@id":"https:\/\/www.correiobraziliense.com.br\/cbradar\/#website"},"primaryImageOfPage":{"@id":"https:\/\/www.correiobraziliense.com.br\/cbradar\/o-que-simone-de-beauvoir-quis-dizer-quando-afirmou-que-nao-se-nasce-mulher-torna-se\/#primaryimage"},"image":{"@id":"https:\/\/www.correiobraziliense.com.br\/cbradar\/o-que-simone-de-beauvoir-quis-dizer-quando-afirmou-que-nao-se-nasce-mulher-torna-se\/#primaryimage"},"thumbnailUrl":"https:\/\/www.correiobraziliense.com.br\/cbradar\/wp-content\/uploads\/2026\/03\/Gemini_Generated_Image_vern00vern00vern-1-1.png","datePublished":"2026-03-11T00:10:14+00:00","dateModified":"2026-03-11T00:10:17+00:00","author":{"@id":"https:\/\/www.correiobraziliense.com.br\/cbradar\/#\/schema\/person\/5440b72be9c7eb74f446c846479dc4da"},"description":"Uma frase de Simone de Beauvoir mudou para sempre o debate sobre identidade feminina. A ideia central ainda provoca reflex\u00f5es","breadcrumb":{"@id":"https:\/\/www.correiobraziliense.com.br\/cbradar\/o-que-simone-de-beauvoir-quis-dizer-quando-afirmou-que-nao-se-nasce-mulher-torna-se\/#breadcrumb"},"inLanguage":"pt-BR","potentialAction":[{"@type":"ReadAction","target":["https:\/\/www.correiobraziliense.com.br\/cbradar\/o-que-simone-de-beauvoir-quis-dizer-quando-afirmou-que-nao-se-nasce-mulher-torna-se\/"]}]},{"@type":"ImageObject","inLanguage":"pt-BR","@id":"https:\/\/www.correiobraziliense.com.br\/cbradar\/o-que-simone-de-beauvoir-quis-dizer-quando-afirmou-que-nao-se-nasce-mulher-torna-se\/#primaryimage","url":"https:\/\/www.correiobraziliense.com.br\/cbradar\/wp-content\/uploads\/2026\/03\/Gemini_Generated_Image_vern00vern00vern-1-1.png","contentUrl":"https:\/\/www.correiobraziliense.com.br\/cbradar\/wp-content\/uploads\/2026\/03\/Gemini_Generated_Image_vern00vern00vern-1-1.png","width":1280,"height":720,"caption":"Reflex\u00e3o sobre identidade feminina inspirada na filosofia de Simone de Beauvoir e constru\u00e7\u00e3o social"},{"@type":"BreadcrumbList","@id":"https:\/\/www.correiobraziliense.com.br\/cbradar\/o-que-simone-de-beauvoir-quis-dizer-quando-afirmou-que-nao-se-nasce-mulher-torna-se\/#breadcrumb","itemListElement":[{"@type":"ListItem","position":1,"name":"In\u00edcio","item":"https:\/\/www.correiobraziliense.com.br\/cbradar\/"},{"@type":"ListItem","position":2,"name":"O que Simone de Beauvoir quis dizer quando afirmou que \u201cN\u00e3o se nasce mulher, torna-se\u201d"}]},{"@type":"WebSite","@id":"https:\/\/www.correiobraziliense.com.br\/cbradar\/#website","url":"https:\/\/www.correiobraziliense.com.br\/cbradar\/","name":"Correio Braziliense - Radar","description":"Acompanhe as \u00faltimas not\u00edcias e fique bem informado sobre tudo o que acontece no Brasil e no mundo.","potentialAction":[{"@type":"SearchAction","target":{"@type":"EntryPoint","urlTemplate":"https:\/\/www.correiobraziliense.com.br\/cbradar\/?s={search_term_string}"},"query-input":{"@type":"PropertyValueSpecification","valueRequired":true,"valueName":"search_term_string"}}],"inLanguage":"pt-BR"},{"@type":"Person","@id":"https:\/\/www.correiobraziliense.com.br\/cbradar\/#\/schema\/person\/5440b72be9c7eb74f446c846479dc4da","name":"Patrick Silva","image":{"@type":"ImageObject","inLanguage":"pt-BR","@id":"https:\/\/www.correiobraziliense.com.br\/cbradar\/#\/schema\/person\/image\/","url":"https:\/\/secure.gravatar.com\/avatar\/944109df296fc087785c9715fd5f80b2?s=96&d=mm&r=g","contentUrl":"https:\/\/secure.gravatar.com\/avatar\/944109df296fc087785c9715fd5f80b2?s=96&d=mm&r=g","caption":"Patrick Silva"},"sameAs":["https:\/\/www.correiobraziliense.com.br\/cbradar\/"],"url":"https:\/\/www.correiobraziliense.com.br\/cbradar\/author\/patrick-silva\/"}]}},"_links":{"self":[{"href":"https:\/\/www.correiobraziliense.com.br\/cbradar\/wp-json\/wp\/v2\/posts\/206358","targetHints":{"allow":["GET"]}}],"collection":[{"href":"https:\/\/www.correiobraziliense.com.br\/cbradar\/wp-json\/wp\/v2\/posts"}],"about":[{"href":"https:\/\/www.correiobraziliense.com.br\/cbradar\/wp-json\/wp\/v2\/types\/post"}],"author":[{"embeddable":true,"href":"https:\/\/www.correiobraziliense.com.br\/cbradar\/wp-json\/wp\/v2\/users\/21"}],"replies":[{"embeddable":true,"href":"https:\/\/www.correiobraziliense.com.br\/cbradar\/wp-json\/wp\/v2\/comments?post=206358"}],"version-history":[{"count":3,"href":"https:\/\/www.correiobraziliense.com.br\/cbradar\/wp-json\/wp\/v2\/posts\/206358\/revisions"}],"predecessor-version":[{"id":206378,"href":"https:\/\/www.correiobraziliense.com.br\/cbradar\/wp-json\/wp\/v2\/posts\/206358\/revisions\/206378"}],"wp:featuredmedia":[{"embeddable":true,"href":"https:\/\/www.correiobraziliense.com.br\/cbradar\/wp-json\/wp\/v2\/media\/206367"}],"wp:attachment":[{"href":"https:\/\/www.correiobraziliense.com.br\/cbradar\/wp-json\/wp\/v2\/media?parent=206358"}],"wp:term":[{"taxonomy":"category","embeddable":true,"href":"https:\/\/www.correiobraziliense.com.br\/cbradar\/wp-json\/wp\/v2\/categories?post=206358"},{"taxonomy":"post_tag","embeddable":true,"href":"https:\/\/www.correiobraziliense.com.br\/cbradar\/wp-json\/wp\/v2\/post_tag?post=206358"}],"curies":[{"name":"wp","href":"https:\/\/api.w.org\/{rel}","templated":true}]}}