{"id":206360,"date":"2026-03-12T16:55:00","date_gmt":"2026-03-12T19:55:00","guid":{"rendered":"https:\/\/www.correiobraziliense.com.br\/cbradar\/?p=206360"},"modified":"2026-03-11T16:30:05","modified_gmt":"2026-03-11T19:30:05","slug":"regra-dos-5-minutos-o-erro-ao-abrir-a-geladeira-que-aumenta-o-consumo-de-energia","status":"publish","type":"post","link":"https:\/\/www.correiobraziliense.com.br\/cbradar\/regra-dos-5-minutos-o-erro-ao-abrir-a-geladeira-que-aumenta-o-consumo-de-energia\/","title":{"rendered":"Regra dos 5 minutos: o erro ao abrir a geladeira que aumenta o consumo de energia"},"content":{"rendered":"\n<p>Cometer o <strong>erro ao abrir a geladeira<\/strong> sem rumo certo destr\u00f3i a efici\u00eancia energ\u00e9tica da sua cozinha. A regra dos 5 minutos visa estancar a fuga do ar frio e garantir uma redu\u00e7\u00e3o direta no valor da conta de luz.<\/p>\n\n\n\n<h2 class=\"wp-block-heading\">Por que a troca de ar quente e frio custa dinheiro?<\/h2>\n\n\n\n<p>Quando algu\u00e9m puxa o puxador de metal apenas para olhar as prateleiras, o ar gelado e denso desce rapidamente para o ch\u00e3o. Imediatamente, o calor da casa invade o compartimento interno, elevando a temperatura de conserva\u00e7\u00e3o em pouqu\u00edssimos segundos.<\/p>\n\n\n\n<p>Esse fen\u00f4meno exato obedece aos princ\u00edpios b\u00e1sicos da <a href=\"https:\/\/pt.wikipedia.org\/wiki\/Termodin%C3%A2mica\" target=\"_blank\" rel=\"noreferrer noopener\">termodin\u00e2mica<\/a> cl\u00e1ssica. Para recuperar o clima ideal estipulado no painel, o motor precisa trabalhar em dobro, engolindo muitos quilowatts adicionais que ser\u00e3o repassados diretamente para a sua fatura mensal.<\/p>\n\n\n<div class=\"wp-block-image\">\n<figure class=\"aligncenter size-full\"><img decoding=\"async\" width=\"1280\" height=\"720\" src=\"https:\/\/www.correiobraziliense.com.br\/cbradar\/wp-content\/uploads\/2026\/03\/imagem_2026-03-10_182710697.png\" alt=\"N\u00e9voa de ar frio escapando de uma geladeira aberta \u00e0 noite.\" class=\"wp-image-206363\" srcset=\"https:\/\/www.correiobraziliense.com.br\/cbradar\/wp-content\/uploads\/2026\/03\/imagem_2026-03-10_182710697.png 1280w, https:\/\/www.correiobraziliense.com.br\/cbradar\/wp-content\/uploads\/2026\/03\/imagem_2026-03-10_182710697-300x169.png 300w, https:\/\/www.correiobraziliense.com.br\/cbradar\/wp-content\/uploads\/2026\/03\/imagem_2026-03-10_182710697-768x432.png 768w, https:\/\/www.correiobraziliense.com.br\/cbradar\/wp-content\/uploads\/2026\/03\/imagem_2026-03-10_182710697-750x422.png 750w, https:\/\/www.correiobraziliense.com.br\/cbradar\/wp-content\/uploads\/2026\/03\/imagem_2026-03-10_182710697-1140x641.png 1140w\" sizes=\"(max-width: 1280px) 100vw, 1280px\" \/><figcaption class=\"wp-element-caption\">N\u00e9voa de ar frio escapando de uma geladeira aberta \u00e0 noite.<\/figcaption><\/figure><\/div>\n\n\n<h2 class=\"wp-block-heading\">Como o compressor reage a esse erro ao abrir a geladeira?<\/h2>\n\n\n\n<p>O termostato eletr\u00f4nico detecta a invas\u00e3o do calor externo e envia um sinal imediato de alerta para a placa central. O compressor, que atua como o cora\u00e7\u00e3o da m\u00e1quina, liga na pot\u00eancia m\u00e1xima absoluta para resfriar os mantimentos novamente.<\/p>\n\n\n\n<p>Um levantamento t\u00e9cnico divulgado pelo <strong>Programa Nacional de Conserva\u00e7\u00e3o de Energia El\u00e9trica<\/strong> (<a href=\"https:\/\/www.gov.br\/mme\/pt-br\/assuntos\/noticias\/procel-da-dicas-para-economizar-energia-no-verao\" target=\"_blank\" rel=\"noreferrer noopener\">Procel<\/a>) aponta que o abre e fecha incessante representa uma fatia gigantesca da despesa residencial. Evitar esses picos fortes de funcionamento prolonga intensamente a vida \u00fatil do eletrodom\u00e9stico.<\/p>\n\n\n\n<h2 class=\"wp-block-heading\">Quais costumes pioram o desperd\u00edcio di\u00e1rio na cozinha?<\/h2>\n\n\n\n<p>A rotina acelerada faz com que muitas fam\u00edlias ignorem pequenos detalhes que sabotam o bom isolamento t\u00e9rmico do aparelho. O esfor\u00e7o da engenharia mec\u00e2nica aumenta absurdamente quando outros fatores negativos se somam \u00e0 abertura longa e n\u00e3o planejada da porta.<\/p>\n\n\n\n<p>Os t\u00e9cnicos de manuten\u00e7\u00e3o apontam falhas operacionais frequentes que agravam as contas da casa. Anote as atitudes mais destrutivas para a sua estabilidade financeira:<\/p>\n\n\n\n<ul class=\"wp-block-list\">\n<li><strong>Panelas quentes<\/strong>: guardar comida rec\u00e9m-sa\u00edda do fog\u00e3o exige for\u00e7a extrema do motor interno.<\/li>\n\n\n\n<li><strong>Excesso de vasilhas<\/strong>: lotar todas as prateleiras de vidro bloqueia a circula\u00e7\u00e3o do vento gelado.<\/li>\n\n\n\n<li><strong>Roupas na grade traseira<\/strong>: secar meias no condensador causa superaquecimento e aumenta os riscos de curtos-circuitos.<\/li>\n<\/ul>\n\n\n\n<p>Leia tamb\u00e9m: <a href=\"https:\/\/www.correiobraziliense.com.br\/cbradar\/quanto-custa-transformar-o-banheiro-antigo-em-um-espaco-moderno-trocando-apenas-a-bancada-e-o-sistema-de-iluminacao\/\" target=\"_blank\" rel=\"noreferrer noopener\">Quanto custa transformar o banheiro antigo em um espa\u00e7o moderno trocando apenas a bancada e o sistema de ilumina\u00e7\u00e3o<\/a><\/p>\n\n\n\n<h3 class=\"wp-block-heading\">O desgaste da borracha de veda\u00e7\u00e3o aumenta o problema?<\/h3>\n\n\n\n<p>Sim, o material espesso emborrachado resseca ao longo dos anos e perde completamente a capacidade de suc\u00e7\u00e3o contra o metal. Uma fresta invis\u00edvel funciona como um duto por onde toda a refrigera\u00e7\u00e3o escapa silenciosamente durante o per\u00edodo da madrugada.<\/p>\n\n\n\n<p>Fa\u00e7a o teste caseiro prendendo uma folha de caderno na porta fechada. Se o papel escorregar facilmente at\u00e9 o piso, chame um especialista em refrigera\u00e7\u00e3o para trocar a gaxeta magn\u00e9tica e estancar o seu preju\u00edzo el\u00e9trico invis\u00edvel.<\/p>\n\n\n<div class=\"wp-block-image\">\n<figure class=\"aligncenter size-full\"><img decoding=\"async\" width=\"1280\" height=\"720\" src=\"https:\/\/www.correiobraziliense.com.br\/cbradar\/wp-content\/uploads\/2026\/03\/imagem_2026-03-10_182753457-1.png\" alt=\"Vis\u00e3o de quem olha para dentro de uma geladeira organizada.\" class=\"wp-image-206365\" srcset=\"https:\/\/www.correiobraziliense.com.br\/cbradar\/wp-content\/uploads\/2026\/03\/imagem_2026-03-10_182753457-1.png 1280w, https:\/\/www.correiobraziliense.com.br\/cbradar\/wp-content\/uploads\/2026\/03\/imagem_2026-03-10_182753457-1-300x169.png 300w, https:\/\/www.correiobraziliense.com.br\/cbradar\/wp-content\/uploads\/2026\/03\/imagem_2026-03-10_182753457-1-768x432.png 768w, https:\/\/www.correiobraziliense.com.br\/cbradar\/wp-content\/uploads\/2026\/03\/imagem_2026-03-10_182753457-1-750x422.png 750w, https:\/\/www.correiobraziliense.com.br\/cbradar\/wp-content\/uploads\/2026\/03\/imagem_2026-03-10_182753457-1-1140x641.png 1140w\" sizes=\"(max-width: 1280px) 100vw, 1280px\" \/><figcaption class=\"wp-element-caption\">Vis\u00e3o de quem olha para dentro de uma geladeira organizada.<\/figcaption><\/figure><\/div>\n\n\n<h2 class=\"wp-block-heading\">Como a organiza\u00e7\u00e3o interna otimiza a rotina da casa?<\/h2>\n\n\n\n<p>A distribui\u00e7\u00e3o visual ordenada \u00e9 a principal ferramenta contra o tempo longo de exposi\u00e7\u00e3o. Utilizar recipientes transparentes de vidro permite que voc\u00ea identifique as sobras de alimentos em um piscar de olhos, sem precisar destampar pote por pote.<\/p>\n\n\n\n<p>Setorizar o espa\u00e7o tamb\u00e9m agiliza a escolha dos itens antes de come\u00e7ar a cozinhar. Agrupe latic\u00ednios frescos na parte superior e hortali\u00e7as na gaveta fechada inferior, desenhando um mapa mental eficiente do seu pr\u00f3prio estoque de mantimentos.<\/p>\n\n\n\n<h3 class=\"wp-block-heading\">Qual \u00e9 o ajuste correto de temperatura para o ver\u00e3o?<\/h3>\n\n\n\n<p>Ajustar o termostato para n\u00edveis extremamente baixos durante os meses t\u00f3rridos for\u00e7a as pe\u00e7as met\u00e1licas desnecessariamente. O clima de <strong>janeiro<\/strong> e <strong>fevereiro<\/strong> eleva as temperaturas, mas limitar as aberturas da porta rende mais economia do que congelar todas as gavetas.<\/p>\n\n\n\n<p>Os manuais das fabricantes brasileiras recomendam manter o regulador no est\u00e1gio m\u00e9dio na maior parte do tempo. Essa calibragem suave de f\u00e1brica conserva o volume rotineiro de comida sem gerar cobran\u00e7as abusivas de eletricidade na caixa de correio.<\/p>\n\n\n<div class=\"wp-block-image\">\n<figure class=\"aligncenter size-large\"><img decoding=\"async\" width=\"1024\" height=\"576\" src=\"https:\/\/www.correiobraziliense.com.br\/cbradar\/wp-content\/uploads\/2026\/02\/imagem_2026-02-17_155513233-1024x576.png\" alt=\"M\u00e3o fechando porta de geladeira com borracha branca impec\u00e1vel\" class=\"wp-image-195141\" srcset=\"https:\/\/www.correiobraziliense.com.br\/cbradar\/wp-content\/uploads\/2026\/02\/imagem_2026-02-17_155513233-1024x576.png 1024w, https:\/\/www.correiobraziliense.com.br\/cbradar\/wp-content\/uploads\/2026\/02\/imagem_2026-02-17_155513233-300x169.png 300w, https:\/\/www.correiobraziliense.com.br\/cbradar\/wp-content\/uploads\/2026\/02\/imagem_2026-02-17_155513233-768x432.png 768w, https:\/\/www.correiobraziliense.com.br\/cbradar\/wp-content\/uploads\/2026\/02\/imagem_2026-02-17_155513233-750x422.png 750w, https:\/\/www.correiobraziliense.com.br\/cbradar\/wp-content\/uploads\/2026\/02\/imagem_2026-02-17_155513233-1140x641.png 1140w, https:\/\/www.correiobraziliense.com.br\/cbradar\/wp-content\/uploads\/2026\/02\/imagem_2026-02-17_155513233.png 1280w\" sizes=\"(max-width: 1024px) 100vw, 1024px\" \/><figcaption class=\"wp-element-caption\">M\u00e3o fechando porta de geladeira com borracha branca impec\u00e1vel<\/figcaption><\/figure><\/div>\n\n\n<h2 class=\"wp-block-heading\">Vale a pena adotar um planejamento alimentar r\u00edgido?<\/h2>\n\n\n\n<p>Pensar de antem\u00e3o no card\u00e1pio antes de tocar na al\u00e7a resolve a raiz central dessa falha comum de comportamento. Ao decidir separar a manteiga, o ovo e o queijo em uma \u00fanica viagem r\u00e1pida, o usu\u00e1rio atinge o n\u00edvel m\u00e1ximo de controle energ\u00e9tico.<\/p>\n\n\n\n<p>A intelig\u00eancia e o capricho na gest\u00e3o dom\u00e9stica transformam pequenas readequa\u00e7\u00f5es de atitude em grandes saldos positivos na conta do banco. Aplicar a agilidade no seu dia a dia defende o seu dinheiro, preserva a validade dos frios e fortalece ativamente o sistema el\u00e9trico nacional.<\/p>\n","protected":false},"excerpt":{"rendered":"<p>Cometer o erro ao abrir a geladeira sem rumo certo destr\u00f3i a efici\u00eancia energ\u00e9tica da sua cozinha. A regra dos 5 minutos visa estancar a fuga do ar frio e garantir uma redu\u00e7\u00e3o direta no valor da conta de luz. Por que a troca de ar quente e frio custa dinheiro? Quando algu\u00e9m puxa o [&hellip;]<\/p>\n","protected":false},"author":11,"featured_media":207045,"comment_status":"open","ping_status":"open","sticky":false,"template":"","format":"standard","meta":{"_yoast_wpseo_focuskw":"erro ao abrir a geladeira","_yoast_wpseo_title":"","_yoast_wpseo_metadesc":"O calor chegou e a fatura de eletricidade disparou? Ajustar a refrigera\u00e7\u00e3o do jeito certo salva o seu or\u00e7amento sem abrir m\u00e3o do bem-estar di\u00e1rio.","jnews-multi-image_gallery":[],"jnews_single_post":{"format":"standard"},"jnews_primary_category":[],"jnews_social_meta":[],"jnews_override_counter":[],"footnotes":""},"categories":[143],"post_tag":[15950,1016],"class_list":["post-206360","post","type-post","status-publish","format-standard","has-post-thumbnail","hentry","category-casa-e-decoracao","tag-ar-quente","tag-geladeira"],"yoast_head":"<!-- This site is optimized with the Yoast SEO plugin v24.6 - https:\/\/yoast.com\/wordpress\/plugins\/seo\/ -->\n<title>Regra dos 5 minutos: o erro ao abrir a geladeira que aumenta o consumo de energia - Correio Braziliense - Radar<\/title>\n<meta name=\"description\" content=\"O calor chegou e a fatura de eletricidade disparou? Ajustar a refrigera\u00e7\u00e3o do jeito certo salva o seu or\u00e7amento sem abrir m\u00e3o do bem-estar di\u00e1rio.\" \/>\n<meta name=\"robots\" content=\"index, follow, max-snippet:-1, max-image-preview:large, max-video-preview:-1\" \/>\n<link rel=\"canonical\" href=\"https:\/\/www.correiobraziliense.com.br\/cbradar\/regra-dos-5-minutos-o-erro-ao-abrir-a-geladeira-que-aumenta-o-consumo-de-energia\/\" \/>\n<meta property=\"og:locale\" content=\"pt_BR\" \/>\n<meta property=\"og:type\" content=\"article\" \/>\n<meta property=\"og:title\" content=\"Regra dos 5 minutos: o erro ao abrir a geladeira que aumenta o consumo de energia - Correio Braziliense - Radar\" \/>\n<meta property=\"og:description\" content=\"O calor chegou e a fatura de eletricidade disparou? Ajustar a refrigera\u00e7\u00e3o do jeito certo salva o seu or\u00e7amento sem abrir m\u00e3o do bem-estar di\u00e1rio.\" \/>\n<meta property=\"og:url\" content=\"https:\/\/www.correiobraziliense.com.br\/cbradar\/regra-dos-5-minutos-o-erro-ao-abrir-a-geladeira-que-aumenta-o-consumo-de-energia\/\" \/>\n<meta property=\"og:site_name\" content=\"Correio Braziliense - Radar\" \/>\n<meta property=\"article:published_time\" content=\"2026-03-12T19:55:00+00:00\" \/>\n<meta property=\"og:image\" content=\"https:\/\/www.correiobraziliense.com.br\/cbradar\/wp-content\/uploads\/2026\/03\/freepik__geladeira-aberta-noite-com-forte-nvoa-de-ar-frio-e__63010.jpeg\" \/>\n\t<meta property=\"og:image:width\" content=\"1280\" \/>\n\t<meta property=\"og:image:height\" content=\"720\" \/>\n\t<meta property=\"og:image:type\" content=\"image\/jpeg\" \/>\n<meta name=\"author\" content=\"Paulo Custodio\" \/>\n<meta name=\"twitter:card\" content=\"summary_large_image\" \/>\n<meta name=\"twitter:label1\" content=\"Escrito por\" \/>\n\t<meta name=\"twitter:data1\" content=\"Paulo Custodio\" \/>\n\t<meta name=\"twitter:label2\" content=\"Est. tempo de leitura\" \/>\n\t<meta name=\"twitter:data2\" content=\"5 minutos\" \/>\n<!-- \/ Yoast SEO plugin. -->","yoast_head_json":{"title":"Regra dos 5 minutos: o erro ao abrir a geladeira que aumenta o consumo de energia - Correio Braziliense - Radar","description":"O calor chegou e a fatura de eletricidade disparou? Ajustar a refrigera\u00e7\u00e3o do jeito certo salva o seu or\u00e7amento sem abrir m\u00e3o do bem-estar di\u00e1rio.","robots":{"index":"index","follow":"follow","max-snippet":"max-snippet:-1","max-image-preview":"max-image-preview:large","max-video-preview":"max-video-preview:-1"},"canonical":"https:\/\/www.correiobraziliense.com.br\/cbradar\/regra-dos-5-minutos-o-erro-ao-abrir-a-geladeira-que-aumenta-o-consumo-de-energia\/","og_locale":"pt_BR","og_type":"article","og_title":"Regra dos 5 minutos: o erro ao abrir a geladeira que aumenta o consumo de energia - Correio Braziliense - Radar","og_description":"O calor chegou e a fatura de eletricidade disparou? Ajustar a refrigera\u00e7\u00e3o do jeito certo salva o seu or\u00e7amento sem abrir m\u00e3o do bem-estar di\u00e1rio.","og_url":"https:\/\/www.correiobraziliense.com.br\/cbradar\/regra-dos-5-minutos-o-erro-ao-abrir-a-geladeira-que-aumenta-o-consumo-de-energia\/","og_site_name":"Correio Braziliense - Radar","article_published_time":"2026-03-12T19:55:00+00:00","og_image":[{"width":1280,"height":720,"url":"https:\/\/www.correiobraziliense.com.br\/cbradar\/wp-content\/uploads\/2026\/03\/freepik__geladeira-aberta-noite-com-forte-nvoa-de-ar-frio-e__63010.jpeg","type":"image\/jpeg"}],"author":"Paulo Custodio","twitter_card":"summary_large_image","twitter_misc":{"Escrito por":"Paulo Custodio","Est. tempo de leitura":"5 minutos"},"schema":{"@context":"https:\/\/schema.org","@graph":[{"@type":"WebPage","@id":"https:\/\/www.correiobraziliense.com.br\/cbradar\/regra-dos-5-minutos-o-erro-ao-abrir-a-geladeira-que-aumenta-o-consumo-de-energia\/","url":"https:\/\/www.correiobraziliense.com.br\/cbradar\/regra-dos-5-minutos-o-erro-ao-abrir-a-geladeira-que-aumenta-o-consumo-de-energia\/","name":"Regra dos 5 minutos: o erro ao abrir a geladeira que aumenta o consumo de energia - Correio Braziliense - Radar","isPartOf":{"@id":"https:\/\/www.correiobraziliense.com.br\/cbradar\/#website"},"primaryImageOfPage":{"@id":"https:\/\/www.correiobraziliense.com.br\/cbradar\/regra-dos-5-minutos-o-erro-ao-abrir-a-geladeira-que-aumenta-o-consumo-de-energia\/#primaryimage"},"image":{"@id":"https:\/\/www.correiobraziliense.com.br\/cbradar\/regra-dos-5-minutos-o-erro-ao-abrir-a-geladeira-que-aumenta-o-consumo-de-energia\/#primaryimage"},"thumbnailUrl":"https:\/\/www.correiobraziliense.com.br\/cbradar\/wp-content\/uploads\/2026\/03\/freepik__geladeira-aberta-noite-com-forte-nvoa-de-ar-frio-e__63010.jpeg","datePublished":"2026-03-12T19:55:00+00:00","author":{"@id":"https:\/\/www.correiobraziliense.com.br\/cbradar\/#\/schema\/person\/4cec7857301a9a1a2ef249893cd908d3"},"description":"O calor chegou e a fatura de eletricidade disparou? Ajustar a refrigera\u00e7\u00e3o do jeito certo salva o seu or\u00e7amento sem abrir m\u00e3o do bem-estar di\u00e1rio.","breadcrumb":{"@id":"https:\/\/www.correiobraziliense.com.br\/cbradar\/regra-dos-5-minutos-o-erro-ao-abrir-a-geladeira-que-aumenta-o-consumo-de-energia\/#breadcrumb"},"inLanguage":"pt-BR","potentialAction":[{"@type":"ReadAction","target":["https:\/\/www.correiobraziliense.com.br\/cbradar\/regra-dos-5-minutos-o-erro-ao-abrir-a-geladeira-que-aumenta-o-consumo-de-energia\/"]}]},{"@type":"ImageObject","inLanguage":"pt-BR","@id":"https:\/\/www.correiobraziliense.com.br\/cbradar\/regra-dos-5-minutos-o-erro-ao-abrir-a-geladeira-que-aumenta-o-consumo-de-energia\/#primaryimage","url":"https:\/\/www.correiobraziliense.com.br\/cbradar\/wp-content\/uploads\/2026\/03\/freepik__geladeira-aberta-noite-com-forte-nvoa-de-ar-frio-e__63010.jpeg","contentUrl":"https:\/\/www.correiobraziliense.com.br\/cbradar\/wp-content\/uploads\/2026\/03\/freepik__geladeira-aberta-noite-com-forte-nvoa-de-ar-frio-e__63010.jpeg","width":1280,"height":720,"caption":"Abrir a geladeira por muito tempo permite a sa\u00edda do ar frio e aumenta o consumo de energia"},{"@type":"BreadcrumbList","@id":"https:\/\/www.correiobraziliense.com.br\/cbradar\/regra-dos-5-minutos-o-erro-ao-abrir-a-geladeira-que-aumenta-o-consumo-de-energia\/#breadcrumb","itemListElement":[{"@type":"ListItem","position":1,"name":"In\u00edcio","item":"https:\/\/www.correiobraziliense.com.br\/cbradar\/"},{"@type":"ListItem","position":2,"name":"Regra dos 5 minutos: o erro ao abrir a geladeira que aumenta o consumo de energia"}]},{"@type":"WebSite","@id":"https:\/\/www.correiobraziliense.com.br\/cbradar\/#website","url":"https:\/\/www.correiobraziliense.com.br\/cbradar\/","name":"Correio Braziliense - Radar","description":"Acompanhe as \u00faltimas not\u00edcias e fique bem informado sobre tudo o que acontece no Brasil e no mundo.","potentialAction":[{"@type":"SearchAction","target":{"@type":"EntryPoint","urlTemplate":"https:\/\/www.correiobraziliense.com.br\/cbradar\/?s={search_term_string}"},"query-input":{"@type":"PropertyValueSpecification","valueRequired":true,"valueName":"search_term_string"}}],"inLanguage":"pt-BR"},{"@type":"Person","@id":"https:\/\/www.correiobraziliense.com.br\/cbradar\/#\/schema\/person\/4cec7857301a9a1a2ef249893cd908d3","name":"Paulo Custodio","image":{"@type":"ImageObject","inLanguage":"pt-BR","@id":"https:\/\/www.correiobraziliense.com.br\/cbradar\/#\/schema\/person\/image\/","url":"https:\/\/secure.gravatar.com\/avatar\/bcd67168d1534e8fcf4f45c726a87cea?s=96&d=mm&r=g","contentUrl":"https:\/\/secure.gravatar.com\/avatar\/bcd67168d1534e8fcf4f45c726a87cea?s=96&d=mm&r=g","caption":"Paulo Custodio"},"sameAs":["https:\/\/www.correiobraziliense.com.br\/cbradar"],"url":"https:\/\/www.correiobraziliense.com.br\/cbradar\/author\/paulomyth\/"}]}},"_links":{"self":[{"href":"https:\/\/www.correiobraziliense.com.br\/cbradar\/wp-json\/wp\/v2\/posts\/206360","targetHints":{"allow":["GET"]}}],"collection":[{"href":"https:\/\/www.correiobraziliense.com.br\/cbradar\/wp-json\/wp\/v2\/posts"}],"about":[{"href":"https:\/\/www.correiobraziliense.com.br\/cbradar\/wp-json\/wp\/v2\/types\/post"}],"author":[{"embeddable":true,"href":"https:\/\/www.correiobraziliense.com.br\/cbradar\/wp-json\/wp\/v2\/users\/11"}],"replies":[{"embeddable":true,"href":"https:\/\/www.correiobraziliense.com.br\/cbradar\/wp-json\/wp\/v2\/comments?post=206360"}],"version-history":[{"count":1,"href":"https:\/\/www.correiobraziliense.com.br\/cbradar\/wp-json\/wp\/v2\/posts\/206360\/revisions"}],"predecessor-version":[{"id":206366,"href":"https:\/\/www.correiobraziliense.com.br\/cbradar\/wp-json\/wp\/v2\/posts\/206360\/revisions\/206366"}],"wp:featuredmedia":[{"embeddable":true,"href":"https:\/\/www.correiobraziliense.com.br\/cbradar\/wp-json\/wp\/v2\/media\/207045"}],"wp:attachment":[{"href":"https:\/\/www.correiobraziliense.com.br\/cbradar\/wp-json\/wp\/v2\/media?parent=206360"}],"wp:term":[{"taxonomy":"category","embeddable":true,"href":"https:\/\/www.correiobraziliense.com.br\/cbradar\/wp-json\/wp\/v2\/categories?post=206360"},{"taxonomy":"post_tag","embeddable":true,"href":"https:\/\/www.correiobraziliense.com.br\/cbradar\/wp-json\/wp\/v2\/post_tag?post=206360"}],"curies":[{"name":"wp","href":"https:\/\/api.w.org\/{rel}","templated":true}]}}