{"id":206368,"date":"2026-03-12T20:55:00","date_gmt":"2026-03-12T23:55:00","guid":{"rendered":"https:\/\/www.correiobraziliense.com.br\/cbradar\/?p=206368"},"modified":"2026-03-11T16:31:16","modified_gmt":"2026-03-11T19:31:16","slug":"regra-dos-24-graus-o-erro-no-ar-condicionado-que-faz-a-conta-de-luz-subir-no-fim-do-mes","status":"publish","type":"post","link":"https:\/\/www.correiobraziliense.com.br\/cbradar\/regra-dos-24-graus-o-erro-no-ar-condicionado-que-faz-a-conta-de-luz-subir-no-fim-do-mes\/","title":{"rendered":"Regra dos 24 graus: o erro no ar-condicionado que faz a conta de luz subir no fim do m\u00eas"},"content":{"rendered":"\n<p>Aplicar a <strong>regra dos 24 graus<\/strong> corrige imediatamente o erro no ar-condicionado que drena o or\u00e7amento da sua fam\u00edlia. Manter o controle remoto sempre nessa faixa exata garante um ambiente perfeitamente agrad\u00e1vel e reduz o esfor\u00e7o pesado do compressor el\u00e9trico.<\/p>\n\n\n\n<h2 class=\"wp-block-heading\">Por que programar o equipamento para 17 graus custa t\u00e3o caro?<\/h2>\n\n\n\n<p>Quando o usu\u00e1rio exige uma refrigera\u00e7\u00e3o extrema e surreal, a m\u00e1quina de parede trabalha na sua pot\u00eancia m\u00e1xima ininterruptamente. O motor externo n\u00e3o desliga at\u00e9 que todo o espa\u00e7o atinja a marca selecionada, algo que raramente acontece em dias de pico de calor intenso no <strong>Brasil<\/strong>.<\/p>\n\n\n\n<p>Esse esfor\u00e7o cont\u00ednuo exige uma quantidade gigantesca e di\u00e1ria de quilowatts por hora. A <a href=\"https:\/\/pt.wikipedia.org\/wiki\/Termodin%C3%A2mica\" target=\"_blank\" rel=\"noreferrer noopener\">termodin\u00e2mica<\/a> comprova que a troca t\u00e9rmica for\u00e7ada em limites irreais resulta apenas no superaquecimento das pe\u00e7as met\u00e1licas externas e no aumento desproporcional da cobran\u00e7a tarif\u00e1ria mensal.<\/p>\n\n\n<div class=\"wp-block-image\">\n<figure class=\"aligncenter size-full\"><img decoding=\"async\" width=\"1280\" height=\"720\" src=\"https:\/\/www.correiobraziliense.com.br\/cbradar\/wp-content\/uploads\/2026\/03\/imagem_2026-03-10_183513668.png\" alt=\"M\u00e3o segurando controle de ar-condicionado ajustado em 24 graus.\" class=\"wp-image-206374\" srcset=\"https:\/\/www.correiobraziliense.com.br\/cbradar\/wp-content\/uploads\/2026\/03\/imagem_2026-03-10_183513668.png 1280w, https:\/\/www.correiobraziliense.com.br\/cbradar\/wp-content\/uploads\/2026\/03\/imagem_2026-03-10_183513668-300x169.png 300w, https:\/\/www.correiobraziliense.com.br\/cbradar\/wp-content\/uploads\/2026\/03\/imagem_2026-03-10_183513668-768x432.png 768w, https:\/\/www.correiobraziliense.com.br\/cbradar\/wp-content\/uploads\/2026\/03\/imagem_2026-03-10_183513668-750x422.png 750w, https:\/\/www.correiobraziliense.com.br\/cbradar\/wp-content\/uploads\/2026\/03\/imagem_2026-03-10_183513668-1140x641.png 1140w\" sizes=\"(max-width: 1280px) 100vw, 1280px\" \/><figcaption class=\"wp-element-caption\">M\u00e3o segurando controle de ar-condicionado ajustado em 24 graus.<\/figcaption><\/figure><\/div>\n\n\n<h2 class=\"wp-block-heading\">Como a fisiologia humana percebe a forte mudan\u00e7a de clima?<\/h2>\n\n\n\n<p>O nosso complexo organismo biol\u00f3gico n\u00e3o precisa de temperaturas congelantes para sentir al\u00edvio imediato durante as esta\u00e7\u00f5es escaldantes. A sensa\u00e7\u00e3o pac\u00edfica de bem-estar t\u00e9rmico ocorre naturalmente quando o ambiente fechado oscila com estabilidade na faixa agrad\u00e1vel dos <strong>23<\/strong> a <strong>24 graus<\/strong>.<\/p>\n\n\n\n<p>Seguir essa forte recomenda\u00e7\u00e3o m\u00e9dica protege as vias respirat\u00f3rias contra choques bruscos e evita o ressecamento das mucosas.<\/p>\n\n\n\n<p>Leia tamb\u00e9m: <a href=\"https:\/\/www.correiobraziliense.com.br\/cbradar\/quanto-custa-transformar-o-banheiro-antigo-em-um-espaco-moderno-trocando-apenas-a-bancada-e-o-sistema-de-iluminacao\/\" target=\"_blank\" rel=\"noreferrer noopener\">Quanto custa transformar o banheiro antigo em um espa\u00e7o moderno trocando apenas a bancada e o sistema de ilumina\u00e7\u00e3o<\/a><\/p>\n\n\n\n<h2 class=\"wp-block-heading\">Qual \u00e9 o ganho financeiro pr\u00e1tico ao usar a regra dos 24 graus?<\/h2>\n\n\n\n<p>Subir o marcador num\u00e9rico brilhante do visor diminui drasticamente o tempo de rota\u00e7\u00e3o pesada do compressor externo. <\/p>\n\n\n\n<p>Adotar essa readequa\u00e7\u00e3o simples alivia a sobrecarregada rede el\u00e9trica nacional e gera economias reais que facilmente ultrapassam os <strong>20%<\/strong> no fechamento da fatura final. A matem\u00e1tica t\u00e9cnica sempre recompensa rapidamente os consumidores disciplinados que ajustam seus velhos h\u00e1bitos de refrigera\u00e7\u00e3o dom\u00e9stica.<\/p>\n\n\n<div class=\"wp-block-image\">\n<figure class=\"aligncenter size-full\"><img decoding=\"async\" width=\"1280\" height=\"720\" src=\"https:\/\/www.correiobraziliense.com.br\/cbradar\/wp-content\/uploads\/2026\/03\/imagem_2026-03-10_183401754.png\" alt=\"Detalhe do painel digital do ar-condicionado marcando 24 graus.\" class=\"wp-image-206371\" srcset=\"https:\/\/www.correiobraziliense.com.br\/cbradar\/wp-content\/uploads\/2026\/03\/imagem_2026-03-10_183401754.png 1280w, https:\/\/www.correiobraziliense.com.br\/cbradar\/wp-content\/uploads\/2026\/03\/imagem_2026-03-10_183401754-300x169.png 300w, https:\/\/www.correiobraziliense.com.br\/cbradar\/wp-content\/uploads\/2026\/03\/imagem_2026-03-10_183401754-768x432.png 768w, https:\/\/www.correiobraziliense.com.br\/cbradar\/wp-content\/uploads\/2026\/03\/imagem_2026-03-10_183401754-750x422.png 750w, https:\/\/www.correiobraziliense.com.br\/cbradar\/wp-content\/uploads\/2026\/03\/imagem_2026-03-10_183401754-1140x641.png 1140w\" sizes=\"(max-width: 1280px) 100vw, 1280px\" \/><figcaption class=\"wp-element-caption\">Detalhe do painel digital do ar-condicionado marcando 24 graus.<\/figcaption><\/figure><\/div>\n\n\n<h3 class=\"wp-block-heading\">A higieniza\u00e7\u00e3o do filtro sujo melhora a economia di\u00e1ria?<\/h3>\n\n\n\n<p>Sim, a pesada poeira acumulada nas fr\u00e1geis telas de nylon bloqueia completamente a sa\u00edda livre do vento gelado. Essa barreira f\u00edsica e prejudicial obriga o delicado equipamento a funcionar o dobro do tempo para atingir a climatiza\u00e7\u00e3o solicitada pelo usu\u00e1rio.<\/p>\n\n\n\n<p>Lavar as pe\u00e7as remov\u00edveis com \u00e1gua corrente limpa a cada <strong>15 dias<\/strong> devolve a for\u00e7a total e original do jato de ar. Essa atitude b\u00e1sica de manuten\u00e7\u00e3o residencial tamb\u00e9m evita a contrata\u00e7\u00e3o emergencial de t\u00e9cnicos para reparos extremamente caros.<\/p>\n\n\n\n<h2 class=\"wp-block-heading\">Quais outras t\u00e1ticas otimizam a reten\u00e7\u00e3o do frio na sala?<\/h2>\n\n\n\n<p>O isolamento f\u00edsico e bem executado do c\u00f4modo garante que a energia paga n\u00e3o escape pelas min\u00fasculas frestas. Fechar portas hermeticamente e manter as janelas trancadas impede que a sufocante massa de ar quente invada o espa\u00e7o rec\u00e9m-refrigerado.<\/p>\n\n\n\n<p>Pequenos bloqueios visuais inibem a radia\u00e7\u00e3o natural e ajudam imensamente a manter o clima ameno durante a tarde. Anote as melhores op\u00e7\u00f5es acess\u00edveis para barrar o calor na sua casa:<\/p>\n\n\n\n<ul class=\"wp-block-list\">\n<li><strong>Cortinas grossas<\/strong>: os tecidos com camada de blecaute impedem a incid\u00eancia direta dos raios solares no piso.<\/li>\n\n\n\n<li><strong>Pel\u00edculas de vidro<\/strong>: a r\u00e1pida instala\u00e7\u00e3o de adesivos opacos barra o perigoso aquecimento das grandes vidra\u00e7as transparentes.<\/li>\n\n\n\n<li><strong>Uso de ventiladores<\/strong>: ligar um aparelho de mesa direcionado para o teto espalha a massa gelada com maior facilidade.<\/li>\n\n\n\n<li><strong>Veda\u00e7\u00e3o de portas<\/strong>: colocar rolinhos de espuma sob a folha de madeira estanca a perda cont\u00ednua de ar frio.<\/li>\n<\/ul>\n\n\n<div class=\"wp-block-image\">\n<figure class=\"aligncenter size-full\"><img decoding=\"async\" width=\"1280\" height=\"720\" src=\"https:\/\/www.correiobraziliense.com.br\/cbradar\/wp-content\/uploads\/2026\/03\/imagem_2026-03-10_183416055.png\" alt=\"Vis\u00e3o em primeira pessoa controlando o consumo de energia pelo celular.\" class=\"wp-image-206373\" srcset=\"https:\/\/www.correiobraziliense.com.br\/cbradar\/wp-content\/uploads\/2026\/03\/imagem_2026-03-10_183416055.png 1280w, https:\/\/www.correiobraziliense.com.br\/cbradar\/wp-content\/uploads\/2026\/03\/imagem_2026-03-10_183416055-300x169.png 300w, https:\/\/www.correiobraziliense.com.br\/cbradar\/wp-content\/uploads\/2026\/03\/imagem_2026-03-10_183416055-768x432.png 768w, https:\/\/www.correiobraziliense.com.br\/cbradar\/wp-content\/uploads\/2026\/03\/imagem_2026-03-10_183416055-750x422.png 750w, https:\/\/www.correiobraziliense.com.br\/cbradar\/wp-content\/uploads\/2026\/03\/imagem_2026-03-10_183416055-1140x641.png 1140w\" sizes=\"(max-width: 1280px) 100vw, 1280px\" \/><figcaption class=\"wp-element-caption\">Vis\u00e3o em primeira pessoa controlando o consumo de energia pelo celular.<\/figcaption><\/figure><\/div>\n\n\n<h2 class=\"wp-block-heading\">Vale a pena substituir aparelhos antigos por modelos modernos?<\/h2>\n\n\n\n<p>M\u00e1quinas volumosas fabricadas h\u00e1 mais de uma d\u00e9cada possuem motores defasados que drenam muita energia el\u00e9trica urbana, mesmo operando nas configura\u00e7\u00f5es mais econ\u00f4micas poss\u00edveis. O desgaste natural e invis\u00edvel das engrenagens internas destr\u00f3i qualquer tentativa v\u00e1lida de poupar recursos financeiros.<\/p>\n\n\n\n<p>Investir em um modelo novo com a avan\u00e7ada tecnologia <strong>Inverter<\/strong> transforma o consumo da resid\u00eancia. Esse sistema inteligente ajusta a velocidade da refrigera\u00e7\u00e3o, elimina grandes picos el\u00e9tricos e garante noites de repouso absoluto com o or\u00e7amento dom\u00e9stico sempre sob controle.<\/p>\n","protected":false},"excerpt":{"rendered":"<p>Aplicar a regra dos 24 graus corrige imediatamente o erro no ar-condicionado que drena o or\u00e7amento da sua fam\u00edlia. Manter o controle remoto sempre nessa faixa exata garante um ambiente perfeitamente agrad\u00e1vel e reduz o esfor\u00e7o pesado do compressor el\u00e9trico. Por que programar o equipamento para 17 graus custa t\u00e3o caro? Quando o usu\u00e1rio exige [&hellip;]<\/p>\n","protected":false},"author":11,"featured_media":207048,"comment_status":"open","ping_status":"open","sticky":false,"template":"","format":"standard","meta":{"_yoast_wpseo_focuskw":"regra dos 24 graus","_yoast_wpseo_title":"","_yoast_wpseo_metadesc":"O calor chegou e a fatura de eletricidade disparou? Ajustar a refrigera\u00e7\u00e3o do jeito certo salva o seu or\u00e7amento sem abrir m\u00e3o do bem-estar di\u00e1rio.","jnews-multi-image_gallery":[],"jnews_single_post":{"format":"standard"},"jnews_primary_category":[],"jnews_social_meta":[],"jnews_override_counter":[],"footnotes":""},"categories":[143],"post_tag":[7755,1277],"class_list":["post-206368","post","type-post","status-publish","format-standard","has-post-thumbnail","hentry","category-casa-e-decoracao","tag-ar-condicionado-2","tag-conta-de-luz"],"yoast_head":"<!-- This site is optimized with the Yoast SEO plugin v24.6 - https:\/\/yoast.com\/wordpress\/plugins\/seo\/ -->\n<title>Regra dos 24 graus: o erro no ar-condicionado que faz a conta de luz subir no fim do m\u00eas - Correio Braziliense - Radar<\/title>\n<meta name=\"description\" content=\"O calor chegou e a fatura de eletricidade disparou? Ajustar a refrigera\u00e7\u00e3o do jeito certo salva o seu or\u00e7amento sem abrir m\u00e3o do bem-estar di\u00e1rio.\" \/>\n<meta name=\"robots\" content=\"index, follow, max-snippet:-1, max-image-preview:large, max-video-preview:-1\" \/>\n<link rel=\"canonical\" href=\"https:\/\/www.correiobraziliense.com.br\/cbradar\/regra-dos-24-graus-o-erro-no-ar-condicionado-que-faz-a-conta-de-luz-subir-no-fim-do-mes\/\" \/>\n<meta property=\"og:locale\" content=\"pt_BR\" \/>\n<meta property=\"og:type\" content=\"article\" \/>\n<meta property=\"og:title\" content=\"Regra dos 24 graus: o erro no ar-condicionado que faz a conta de luz subir no fim do m\u00eas - Correio Braziliense - Radar\" \/>\n<meta property=\"og:description\" content=\"O calor chegou e a fatura de eletricidade disparou? Ajustar a refrigera\u00e7\u00e3o do jeito certo salva o seu or\u00e7amento sem abrir m\u00e3o do bem-estar di\u00e1rio.\" \/>\n<meta property=\"og:url\" content=\"https:\/\/www.correiobraziliense.com.br\/cbradar\/regra-dos-24-graus-o-erro-no-ar-condicionado-que-faz-a-conta-de-luz-subir-no-fim-do-mes\/\" \/>\n<meta property=\"og:site_name\" content=\"Correio Braziliense - Radar\" \/>\n<meta property=\"article:published_time\" content=\"2026-03-12T23:55:00+00:00\" \/>\n<meta property=\"og:image\" content=\"https:\/\/www.correiobraziliense.com.br\/cbradar\/wp-content\/uploads\/2026\/03\/freepik__controle-remoto-de-arcondicionado-na-mo-de-uma-pes__63012.jpeg\" \/>\n\t<meta property=\"og:image:width\" content=\"1280\" \/>\n\t<meta property=\"og:image:height\" content=\"720\" \/>\n\t<meta property=\"og:image:type\" content=\"image\/jpeg\" \/>\n<meta name=\"author\" content=\"Paulo Custodio\" \/>\n<meta name=\"twitter:card\" content=\"summary_large_image\" \/>\n<meta name=\"twitter:label1\" content=\"Escrito por\" \/>\n\t<meta name=\"twitter:data1\" content=\"Paulo Custodio\" \/>\n\t<meta name=\"twitter:label2\" content=\"Est. tempo de leitura\" \/>\n\t<meta name=\"twitter:data2\" content=\"5 minutos\" \/>\n<!-- \/ Yoast SEO plugin. -->","yoast_head_json":{"title":"Regra dos 24 graus: o erro no ar-condicionado que faz a conta de luz subir no fim do m\u00eas - Correio Braziliense - Radar","description":"O calor chegou e a fatura de eletricidade disparou? Ajustar a refrigera\u00e7\u00e3o do jeito certo salva o seu or\u00e7amento sem abrir m\u00e3o do bem-estar di\u00e1rio.","robots":{"index":"index","follow":"follow","max-snippet":"max-snippet:-1","max-image-preview":"max-image-preview:large","max-video-preview":"max-video-preview:-1"},"canonical":"https:\/\/www.correiobraziliense.com.br\/cbradar\/regra-dos-24-graus-o-erro-no-ar-condicionado-que-faz-a-conta-de-luz-subir-no-fim-do-mes\/","og_locale":"pt_BR","og_type":"article","og_title":"Regra dos 24 graus: o erro no ar-condicionado que faz a conta de luz subir no fim do m\u00eas - Correio Braziliense - Radar","og_description":"O calor chegou e a fatura de eletricidade disparou? Ajustar a refrigera\u00e7\u00e3o do jeito certo salva o seu or\u00e7amento sem abrir m\u00e3o do bem-estar di\u00e1rio.","og_url":"https:\/\/www.correiobraziliense.com.br\/cbradar\/regra-dos-24-graus-o-erro-no-ar-condicionado-que-faz-a-conta-de-luz-subir-no-fim-do-mes\/","og_site_name":"Correio Braziliense - Radar","article_published_time":"2026-03-12T23:55:00+00:00","og_image":[{"width":1280,"height":720,"url":"https:\/\/www.correiobraziliense.com.br\/cbradar\/wp-content\/uploads\/2026\/03\/freepik__controle-remoto-de-arcondicionado-na-mo-de-uma-pes__63012.jpeg","type":"image\/jpeg"}],"author":"Paulo Custodio","twitter_card":"summary_large_image","twitter_misc":{"Escrito por":"Paulo Custodio","Est. tempo de leitura":"5 minutos"},"schema":{"@context":"https:\/\/schema.org","@graph":[{"@type":"WebPage","@id":"https:\/\/www.correiobraziliense.com.br\/cbradar\/regra-dos-24-graus-o-erro-no-ar-condicionado-que-faz-a-conta-de-luz-subir-no-fim-do-mes\/","url":"https:\/\/www.correiobraziliense.com.br\/cbradar\/regra-dos-24-graus-o-erro-no-ar-condicionado-que-faz-a-conta-de-luz-subir-no-fim-do-mes\/","name":"Regra dos 24 graus: o erro no ar-condicionado que faz a conta de luz subir no fim do m\u00eas - Correio Braziliense - Radar","isPartOf":{"@id":"https:\/\/www.correiobraziliense.com.br\/cbradar\/#website"},"primaryImageOfPage":{"@id":"https:\/\/www.correiobraziliense.com.br\/cbradar\/regra-dos-24-graus-o-erro-no-ar-condicionado-que-faz-a-conta-de-luz-subir-no-fim-do-mes\/#primaryimage"},"image":{"@id":"https:\/\/www.correiobraziliense.com.br\/cbradar\/regra-dos-24-graus-o-erro-no-ar-condicionado-que-faz-a-conta-de-luz-subir-no-fim-do-mes\/#primaryimage"},"thumbnailUrl":"https:\/\/www.correiobraziliense.com.br\/cbradar\/wp-content\/uploads\/2026\/03\/freepik__controle-remoto-de-arcondicionado-na-mo-de-uma-pes__63012.jpeg","datePublished":"2026-03-12T23:55:00+00:00","author":{"@id":"https:\/\/www.correiobraziliense.com.br\/cbradar\/#\/schema\/person\/4cec7857301a9a1a2ef249893cd908d3"},"description":"O calor chegou e a fatura de eletricidade disparou? Ajustar a refrigera\u00e7\u00e3o do jeito certo salva o seu or\u00e7amento sem abrir m\u00e3o do bem-estar di\u00e1rio.","breadcrumb":{"@id":"https:\/\/www.correiobraziliense.com.br\/cbradar\/regra-dos-24-graus-o-erro-no-ar-condicionado-que-faz-a-conta-de-luz-subir-no-fim-do-mes\/#breadcrumb"},"inLanguage":"pt-BR","potentialAction":[{"@type":"ReadAction","target":["https:\/\/www.correiobraziliense.com.br\/cbradar\/regra-dos-24-graus-o-erro-no-ar-condicionado-que-faz-a-conta-de-luz-subir-no-fim-do-mes\/"]}]},{"@type":"ImageObject","inLanguage":"pt-BR","@id":"https:\/\/www.correiobraziliense.com.br\/cbradar\/regra-dos-24-graus-o-erro-no-ar-condicionado-que-faz-a-conta-de-luz-subir-no-fim-do-mes\/#primaryimage","url":"https:\/\/www.correiobraziliense.com.br\/cbradar\/wp-content\/uploads\/2026\/03\/freepik__controle-remoto-de-arcondicionado-na-mo-de-uma-pes__63012.jpeg","contentUrl":"https:\/\/www.correiobraziliense.com.br\/cbradar\/wp-content\/uploads\/2026\/03\/freepik__controle-remoto-de-arcondicionado-na-mo-de-uma-pes__63012.jpeg","width":1280,"height":720,"caption":"A faixa em torno de 23 \u00b0C a 24 \u00b0C costuma equilibrar conforto t\u00e9rmico e efici\u00eancia energ\u00e9tica"},{"@type":"BreadcrumbList","@id":"https:\/\/www.correiobraziliense.com.br\/cbradar\/regra-dos-24-graus-o-erro-no-ar-condicionado-que-faz-a-conta-de-luz-subir-no-fim-do-mes\/#breadcrumb","itemListElement":[{"@type":"ListItem","position":1,"name":"In\u00edcio","item":"https:\/\/www.correiobraziliense.com.br\/cbradar\/"},{"@type":"ListItem","position":2,"name":"Regra dos 24 graus: o erro no ar-condicionado que faz a conta de luz subir no fim do m\u00eas"}]},{"@type":"WebSite","@id":"https:\/\/www.correiobraziliense.com.br\/cbradar\/#website","url":"https:\/\/www.correiobraziliense.com.br\/cbradar\/","name":"Correio Braziliense - Radar","description":"Acompanhe as \u00faltimas not\u00edcias e fique bem informado sobre tudo o que acontece no Brasil e no mundo.","potentialAction":[{"@type":"SearchAction","target":{"@type":"EntryPoint","urlTemplate":"https:\/\/www.correiobraziliense.com.br\/cbradar\/?s={search_term_string}"},"query-input":{"@type":"PropertyValueSpecification","valueRequired":true,"valueName":"search_term_string"}}],"inLanguage":"pt-BR"},{"@type":"Person","@id":"https:\/\/www.correiobraziliense.com.br\/cbradar\/#\/schema\/person\/4cec7857301a9a1a2ef249893cd908d3","name":"Paulo Custodio","image":{"@type":"ImageObject","inLanguage":"pt-BR","@id":"https:\/\/www.correiobraziliense.com.br\/cbradar\/#\/schema\/person\/image\/","url":"https:\/\/secure.gravatar.com\/avatar\/bcd67168d1534e8fcf4f45c726a87cea?s=96&d=mm&r=g","contentUrl":"https:\/\/secure.gravatar.com\/avatar\/bcd67168d1534e8fcf4f45c726a87cea?s=96&d=mm&r=g","caption":"Paulo Custodio"},"sameAs":["https:\/\/www.correiobraziliense.com.br\/cbradar"],"url":"https:\/\/www.correiobraziliense.com.br\/cbradar\/author\/paulomyth\/"}]}},"_links":{"self":[{"href":"https:\/\/www.correiobraziliense.com.br\/cbradar\/wp-json\/wp\/v2\/posts\/206368","targetHints":{"allow":["GET"]}}],"collection":[{"href":"https:\/\/www.correiobraziliense.com.br\/cbradar\/wp-json\/wp\/v2\/posts"}],"about":[{"href":"https:\/\/www.correiobraziliense.com.br\/cbradar\/wp-json\/wp\/v2\/types\/post"}],"author":[{"embeddable":true,"href":"https:\/\/www.correiobraziliense.com.br\/cbradar\/wp-json\/wp\/v2\/users\/11"}],"replies":[{"embeddable":true,"href":"https:\/\/www.correiobraziliense.com.br\/cbradar\/wp-json\/wp\/v2\/comments?post=206368"}],"version-history":[{"count":1,"href":"https:\/\/www.correiobraziliense.com.br\/cbradar\/wp-json\/wp\/v2\/posts\/206368\/revisions"}],"predecessor-version":[{"id":206377,"href":"https:\/\/www.correiobraziliense.com.br\/cbradar\/wp-json\/wp\/v2\/posts\/206368\/revisions\/206377"}],"wp:featuredmedia":[{"embeddable":true,"href":"https:\/\/www.correiobraziliense.com.br\/cbradar\/wp-json\/wp\/v2\/media\/207048"}],"wp:attachment":[{"href":"https:\/\/www.correiobraziliense.com.br\/cbradar\/wp-json\/wp\/v2\/media?parent=206368"}],"wp:term":[{"taxonomy":"category","embeddable":true,"href":"https:\/\/www.correiobraziliense.com.br\/cbradar\/wp-json\/wp\/v2\/categories?post=206368"},{"taxonomy":"post_tag","embeddable":true,"href":"https:\/\/www.correiobraziliense.com.br\/cbradar\/wp-json\/wp\/v2\/post_tag?post=206368"}],"curies":[{"name":"wp","href":"https:\/\/api.w.org\/{rel}","templated":true}]}}