{"id":206392,"date":"2026-03-12T09:05:00","date_gmt":"2026-03-12T12:05:00","guid":{"rendered":"https:\/\/www.correiobraziliense.com.br\/cbradar\/?p=206392"},"modified":"2026-03-11T16:21:55","modified_gmt":"2026-03-11T19:21:55","slug":"o-grao-barato-que-tem-mais-proteina-que-o-peito-de-frango-e-ajuda-a-ganhar-massa-magra-gastando-a-metade","status":"publish","type":"post","link":"https:\/\/www.correiobraziliense.com.br\/cbradar\/o-grao-barato-que-tem-mais-proteina-que-o-peito-de-frango-e-ajuda-a-ganhar-massa-magra-gastando-a-metade\/","title":{"rendered":"O gr\u00e3o barato que tem mais prote\u00edna que o peito de frango e ajuda a ganhar massa magra gastando a metade"},"content":{"rendered":"\n<p>Incluir o <strong>gr\u00e3o barato que tem mais prote\u00edna<\/strong> nas refei\u00e7\u00f5es di\u00e1rias transforma a sua recupera\u00e7\u00e3o f\u00edsica de forma muito r\u00e1pida. A soja oferece um elevado valor biol\u00f3gico para a constru\u00e7\u00e3o muscular exigente e reduz drasticamente as suas pesadas despesas mensais no talho da sua cidade.<\/p>\n\n\n\n<h2 class=\"wp-block-heading\">Por que a soja supera a carne na concentra\u00e7\u00e3o de nutrientes essenciais?<\/h2>\n\n\n\n<p>A compara\u00e7\u00e3o direta entre os alimentos revela diferen\u00e7as biol\u00f3gicas impressionantes para o consumidor final. Enquanto o frango fornece cerca de <strong>30 gramas<\/strong> de macronutrientes por por\u00e7\u00e3o, o formato texturizado desta poderosa leguminosa ultrapassa a marca dos <strong>50 gramas<\/strong> utilizando exatamente o mesmo peso bruto.<\/p>\n\n\n\n<p>Esta alta densidade nutricional ocorre exclusivamente devido ao moderno processo industrial de extra\u00e7\u00e3o do \u00f3leo original. O resultado final \u00e9 um produto diet\u00e9tico altamente concentrado, totalmente capaz de fornecer todos os amino\u00e1cidos essenciais que o corpo humano exige para regenerar as pesadas les\u00f5es dos treinos di\u00e1rios.<\/p>\n\n\n<div class=\"wp-block-image\">\n<figure class=\"aligncenter size-full\"><img decoding=\"async\" width=\"1280\" height=\"720\" src=\"https:\/\/www.correiobraziliense.com.br\/cbradar\/wp-content\/uploads\/2026\/03\/imagem_2026-03-10_185636518.png\" alt=\"Detalhe macro da textura da prote\u00edna de soja seca na m\u00e3o.\" class=\"wp-image-206402\" srcset=\"https:\/\/www.correiobraziliense.com.br\/cbradar\/wp-content\/uploads\/2026\/03\/imagem_2026-03-10_185636518.png 1280w, https:\/\/www.correiobraziliense.com.br\/cbradar\/wp-content\/uploads\/2026\/03\/imagem_2026-03-10_185636518-300x169.png 300w, https:\/\/www.correiobraziliense.com.br\/cbradar\/wp-content\/uploads\/2026\/03\/imagem_2026-03-10_185636518-768x432.png 768w, https:\/\/www.correiobraziliense.com.br\/cbradar\/wp-content\/uploads\/2026\/03\/imagem_2026-03-10_185636518-750x422.png 750w, https:\/\/www.correiobraziliense.com.br\/cbradar\/wp-content\/uploads\/2026\/03\/imagem_2026-03-10_185636518-1140x641.png 1140w\" sizes=\"(max-width: 1280px) 100vw, 1280px\" \/><figcaption class=\"wp-element-caption\">Detalhe macro da textura da prote\u00edna de soja seca na m\u00e3o.<\/figcaption><\/figure><\/div>\n\n\n<h2 class=\"wp-block-heading\">Qual \u00e9 o impacto financeiro de substituir as fontes animais?<\/h2>\n\n\n\n<p>O crescente custo de vida atual obriga muitos desportistas focados a repensar toda a extensa lista do supermercado. A prote\u00edna texturizada custa apenas uma pequena fra\u00e7\u00e3o do valor normalmente cobrado por cortes magros de vaca ou por caros suplementos em p\u00f3 importados do exterior.<\/p>\n\n\n\n<p>Nutricionistas desportivos indicam frequentemente que esta troca inteligente gera uma poupan\u00e7a financeira mensal superior \u00e0 margem dos <strong>50%<\/strong>. Este saldo excedente permite investir tranquilamente noutras \u00e1reas importantes da sa\u00fade, como acompanhamento profissional adequado ou inscri\u00e7\u00f5es anuais em gin\u00e1sios com equipamentos de alta qualidade.<\/p>\n\n\n\n<h2 class=\"wp-block-heading\">O consumo cont\u00ednuo da leguminosa altera os n\u00edveis hormonais masculinos?<\/h2>\n\n\n\n<p>O medo injustificado de altera\u00e7\u00f5es bruscas na testosterona afasta muitos homens jovens do consumo di\u00e1rio do gr\u00e3o. Contudo, extensos estudos cl\u00ednicos rigorosos refutam totalmente a velha tese popular de que os compostos fitoestr\u00f3genos causam indesejados efeitos feminizantes de longo prazo no organismo masculino maduro.<\/p>\n\n\n\n<p><a href=\"https:\/\/www.who.int\/publications\/i\/item\/9789241516648\" target=\"_blank\" rel=\"noreferrer noopener\">Dados revistos e publicados pela <strong>Organiza\u00e7\u00e3o Mundial da Sa\u00fade<\/strong> (OMS) <\/a>confirmam a seguran\u00e7a absoluta do ingrediente natural. A ingest\u00e3o moderada protege ativamente o delicado sistema cardiovascular contra o grande excesso de pesadas gorduras saturadas normalmente presentes nas r\u00edgidas dietas estritamente carn\u00edvoras de alta caloria.<\/p>\n\n\n<div class=\"wp-block-image\">\n<figure class=\"aligncenter size-full\"><img decoding=\"async\" width=\"1280\" height=\"720\" src=\"https:\/\/www.correiobraziliense.com.br\/cbradar\/wp-content\/uploads\/2026\/03\/imagem_2026-03-10_185647769.png\" alt=\"Mulher organizando soja na despensa com sensa\u00e7\u00e3o de economia.\" class=\"wp-image-206405\" srcset=\"https:\/\/www.correiobraziliense.com.br\/cbradar\/wp-content\/uploads\/2026\/03\/imagem_2026-03-10_185647769.png 1280w, https:\/\/www.correiobraziliense.com.br\/cbradar\/wp-content\/uploads\/2026\/03\/imagem_2026-03-10_185647769-300x169.png 300w, https:\/\/www.correiobraziliense.com.br\/cbradar\/wp-content\/uploads\/2026\/03\/imagem_2026-03-10_185647769-768x432.png 768w, https:\/\/www.correiobraziliense.com.br\/cbradar\/wp-content\/uploads\/2026\/03\/imagem_2026-03-10_185647769-750x422.png 750w, https:\/\/www.correiobraziliense.com.br\/cbradar\/wp-content\/uploads\/2026\/03\/imagem_2026-03-10_185647769-1140x641.png 1140w\" sizes=\"(max-width: 1280px) 100vw, 1280px\" \/><figcaption class=\"wp-element-caption\">Mulher organizando soja na despensa com sensa\u00e7\u00e3o de economia.<\/figcaption><\/figure><\/div>\n\n\n<h2 class=\"wp-block-heading\">Existe alguma diferen\u00e7a na absor\u00e7\u00e3o digestiva deste alimento vegetal?<\/h2>\n\n\n\n<p>O corpo humano processa as complexas fibras naturais de forma ligeiramente mais lenta quando comparamos diretamente com as tradicionais carnes brancas. Este ritmo digestivo gradual mant\u00e9m os vitais n\u00edveis de saciedade altamente elevados, evitando os perigosos ataques de fome s\u00fabitos que prejudicam o planeamento alimentar di\u00e1rio.<\/p>\n\n\n\n<p>A comunidade m\u00e9dica especializada refor\u00e7a frequentemente que a hidrata\u00e7\u00e3o di\u00e1ria constante combate qualquer ligeiro desconforto abdominal inicial. Beber \u00e1gua limpa em quantidade suficiente facilita muito o tr\u00e2nsito intestinal di\u00e1rio e garante a correta assimila\u00e7\u00e3o das trinta gramas de macronutrientes vitais exigidas durante cada refei\u00e7\u00e3o principal.<\/p>\n\n\n\n<p>No v\u00eddeo a seguir, <strong><em>Filipe Oliveira<\/em><\/strong>, com mais de 100 mil seguidores, fala um pouco dos benef\u00edcios da soja:<\/p>\n\n\n\n<blockquote class=\"tiktok-embed\" cite=\"https:\/\/www.tiktok.com\/@filipeoliveiranutri\/video\/7506274802814946565\" data-video-id=\"7506274802814946565\" style=\"max-width: 605px;min-width: 325px;\" > <section> <a target=\"_blank\" title=\"@filipeoliveiranutri\" href=\"https:\/\/www.tiktok.com\/@filipeoliveiranutri?refer=embed\">@filipeoliveiranutri<\/a> O mito da soja ainda existe at\u00e9 hoje! Aprenda a incluir na sua dieta e melhore sua sa\u00fade. <a title=\"soja\" target=\"_blank\" href=\"https:\/\/www.tiktok.com\/tag\/soja?refer=embed\">#soja<\/a>  <a title=\"proteinas\" target=\"_blank\" href=\"https:\/\/www.tiktok.com\/tag\/proteinas?refer=embed\">#proteinas<\/a> <a title=\"sojabrasil\" target=\"_blank\" href=\"https:\/\/www.tiktok.com\/tag\/sojabrasil?refer=embed\">#sojabrasil<\/a> <a title=\"dietas\" target=\"_blank\" href=\"https:\/\/www.tiktok.com\/tag\/dietas?refer=embed\">#dietas<\/a> <a target=\"_blank\" title=\"\u266c Last Hope (Over Slowed + Reverb) - Steve Ralph\" href=\"https:\/\/www.tiktok.com\/music\/Last-Hope-Over-Slowed-Reverb-7315831670740535298?refer=embed\">\u266c Last Hope (Over Slowed + Reverb) &#8211; Steve Ralph<\/a> <\/section> <\/blockquote> <script async src=\"https:\/\/www.tiktok.com\/embed.js\"><\/script>\n\n\n\n<h2 class=\"wp-block-heading\">Como preparar o ingrediente desidratado de forma verdadeiramente saborosa?<\/h2>\n\n\n\n<p>A falta absoluta de sabor natural da famosa <a href=\"https:\/\/pt.wikipedia.org\/wiki\/Soja\" target=\"_blank\" rel=\"noreferrer noopener\">soja<\/a> \u00e9 a sua maior vantagem culin\u00e1ria moderna. O material altamente poroso absorve quase qualquer tempero l\u00edquido adicionado durante o longo processo de hidrata\u00e7\u00e3o, assumindo a identidade gastron\u00f3mica do seu prato principal de modo perfeito.<\/p>\n\n\n\n<p>O grande segredo dos experientes chefs internacionais baseia-se na prepara\u00e7\u00e3o pr\u00e9via rigorosa e paciente da mat\u00e9ria-prima. Anote todos os passos manuais e essenciais para eliminar definitivamente o amargor residual da sua nova receita focada na hipertrofia muscular:<\/p>\n\n\n\n<ul class=\"wp-block-list\">\n<li><strong>\u00c1gua quente<\/strong>: demolhe os grandes peda\u00e7os secos durante <strong>15 minutos<\/strong> completos para amaciar totalmente a fibra estrutural.<\/li>\n\n\n\n<li><strong>Lim\u00e3o taiti<\/strong>: adicione algumas gotas \u00e1cidas intensas para neutralizar rapidamente o forte aroma terroso inerente ao pacote cru.<\/li>\n\n\n\n<li><strong>Lavagem dupla<\/strong>: esprema vigorosamente a pesada massa vegetal e passe por \u00e1gua limpa duas vezes seguidas na pia.<\/li>\n\n\n\n<li><strong>Especiarias fortes<\/strong>: utilize p\u00f3 de piment\u00e3o doce, alho desidratado e molho salgado escuro na refoga final quente.<\/li>\n<\/ul>\n\n\n<div class=\"wp-block-image\">\n<figure class=\"aligncenter size-full\"><img decoding=\"async\" width=\"1280\" height=\"720\" src=\"https:\/\/www.correiobraziliense.com.br\/cbradar\/wp-content\/uploads\/2026\/03\/imagem_2026-03-10_185656090.png\" alt=\"Vis\u00e3o em primeira pessoa refogando soja com temperos coloridos.\" class=\"wp-image-206403\" srcset=\"https:\/\/www.correiobraziliense.com.br\/cbradar\/wp-content\/uploads\/2026\/03\/imagem_2026-03-10_185656090.png 1280w, https:\/\/www.correiobraziliense.com.br\/cbradar\/wp-content\/uploads\/2026\/03\/imagem_2026-03-10_185656090-300x169.png 300w, https:\/\/www.correiobraziliense.com.br\/cbradar\/wp-content\/uploads\/2026\/03\/imagem_2026-03-10_185656090-768x432.png 768w, https:\/\/www.correiobraziliense.com.br\/cbradar\/wp-content\/uploads\/2026\/03\/imagem_2026-03-10_185656090-750x422.png 750w, https:\/\/www.correiobraziliense.com.br\/cbradar\/wp-content\/uploads\/2026\/03\/imagem_2026-03-10_185656090-1140x641.png 1140w\" sizes=\"(max-width: 1280px) 100vw, 1280px\" \/><figcaption class=\"wp-element-caption\">Vis\u00e3o em primeira pessoa refogando soja com temperos coloridos.<\/figcaption><\/figure><\/div>\n\n\n<h2 class=\"wp-block-heading\">Quais cuidados garantem a manuten\u00e7\u00e3o da sa\u00fade e os resultados est\u00e9ticos?<\/h2>\n\n\n\n<p>A forte base de qualquer dieta saud\u00e1vel e prolongada exige muita variedade alimentar constante e estruturalmente inteligente. Depender diariamente de forma exclusiva de um \u00fanico ingrediente isolado limita severamente a correta absor\u00e7\u00e3o de vitaminas vitais e sobrecarrega a digest\u00e3o intestinal ao longo do longo tempo.<\/p>\n\n\n\n<p>Combine a leguminosa amarela com por\u00e7\u00f5es exatas de arroz, aveia fina e ovos frescos ao longo do dia para maximizar a sua pr\u00f3pria s\u00edntese proteica. Avalia\u00e7\u00f5es regulares com m\u00e9dicos endocrinologistas garantem que a sua estrutura f\u00edsica e esquel\u00e9tica alcance o volume est\u00e9tico desejado com total seguran\u00e7a biol\u00f3gica.<\/p>\n","protected":false},"excerpt":{"rendered":"<p>Incluir o gr\u00e3o barato que tem mais prote\u00edna nas refei\u00e7\u00f5es di\u00e1rias transforma a sua recupera\u00e7\u00e3o f\u00edsica de forma muito r\u00e1pida. A soja oferece um elevado valor biol\u00f3gico para a constru\u00e7\u00e3o muscular exigente e reduz drasticamente as suas pesadas despesas mensais no talho da sua cidade. Por que a soja supera a carne na concentra\u00e7\u00e3o de [&hellip;]<\/p>\n","protected":false},"author":11,"featured_media":207041,"comment_status":"open","ping_status":"open","sticky":false,"template":"","format":"standard","meta":{"_yoast_wpseo_focuskw":"gr\u00e3o barato que tem mais prote\u00edna","_yoast_wpseo_title":"","_yoast_wpseo_metadesc":"Procura uma alternativa econ\u00f3mica para hipertrofia? O consumo estrat\u00e9gico desta leguminosa acelera a recupera\u00e7\u00e3o muscular sem pesar no or\u00e7amento mensal.","jnews-multi-image_gallery":[],"jnews_single_post":{"format":"standard"},"jnews_primary_category":[],"jnews_social_meta":[],"jnews_override_counter":[],"footnotes":""},"categories":[119],"tags":[11569,12519],"class_list":["post-206392","post","type-post","status-publish","format-standard","has-post-thumbnail","hentry","category-bem-estar","tag-grao","tag-soja"],"yoast_head":"<!-- This site is optimized with the Yoast SEO plugin v24.6 - https:\/\/yoast.com\/wordpress\/plugins\/seo\/ -->\n<title>O gr\u00e3o barato que tem mais prote\u00edna que o peito de frango e ajuda a ganhar massa magra gastando a metade - Correio Braziliense - Radar<\/title>\n<meta name=\"description\" content=\"Procura uma alternativa econ\u00f3mica para hipertrofia? O consumo estrat\u00e9gico desta leguminosa acelera a recupera\u00e7\u00e3o muscular sem pesar no or\u00e7amento mensal.\" \/>\n<meta name=\"robots\" content=\"index, follow, max-snippet:-1, max-image-preview:large, max-video-preview:-1\" \/>\n<link rel=\"canonical\" href=\"https:\/\/www.correiobraziliense.com.br\/cbradar\/o-grao-barato-que-tem-mais-proteina-que-o-peito-de-frango-e-ajuda-a-ganhar-massa-magra-gastando-a-metade\/\" \/>\n<meta property=\"og:locale\" content=\"pt_BR\" \/>\n<meta property=\"og:type\" content=\"article\" \/>\n<meta property=\"og:title\" content=\"O gr\u00e3o barato que tem mais prote\u00edna que o peito de frango e ajuda a ganhar massa magra gastando a metade - Correio Braziliense - Radar\" \/>\n<meta property=\"og:description\" content=\"Procura uma alternativa econ\u00f3mica para hipertrofia? O consumo estrat\u00e9gico desta leguminosa acelera a recupera\u00e7\u00e3o muscular sem pesar no or\u00e7amento mensal.\" \/>\n<meta property=\"og:url\" content=\"https:\/\/www.correiobraziliense.com.br\/cbradar\/o-grao-barato-que-tem-mais-proteina-que-o-peito-de-frango-e-ajuda-a-ganhar-massa-magra-gastando-a-metade\/\" \/>\n<meta property=\"og:site_name\" content=\"Correio Braziliense - Radar\" \/>\n<meta property=\"article:published_time\" content=\"2026-03-12T12:05:00+00:00\" \/>\n<meta property=\"og:image\" content=\"https:\/\/www.correiobraziliense.com.br\/cbradar\/wp-content\/uploads\/2026\/03\/freepik__recipiente-de-vidro-cheio-de-protena-de-soja-textu__63005.jpeg\" \/>\n\t<meta property=\"og:image:width\" content=\"1280\" \/>\n\t<meta property=\"og:image:height\" content=\"720\" \/>\n\t<meta property=\"og:image:type\" content=\"image\/jpeg\" \/>\n<meta name=\"author\" content=\"Paulo Custodio\" \/>\n<meta name=\"twitter:card\" content=\"summary_large_image\" \/>\n<meta name=\"twitter:label1\" content=\"Escrito por\" \/>\n\t<meta name=\"twitter:data1\" content=\"Paulo Custodio\" \/>\n\t<meta name=\"twitter:label2\" content=\"Est. tempo de leitura\" \/>\n\t<meta name=\"twitter:data2\" content=\"5 minutos\" \/>\n<!-- \/ Yoast SEO plugin. -->","yoast_head_json":{"title":"O gr\u00e3o barato que tem mais prote\u00edna que o peito de frango e ajuda a ganhar massa magra gastando a metade - Correio Braziliense - Radar","description":"Procura uma alternativa econ\u00f3mica para hipertrofia? O consumo estrat\u00e9gico desta leguminosa acelera a recupera\u00e7\u00e3o muscular sem pesar no or\u00e7amento mensal.","robots":{"index":"index","follow":"follow","max-snippet":"max-snippet:-1","max-image-preview":"max-image-preview:large","max-video-preview":"max-video-preview:-1"},"canonical":"https:\/\/www.correiobraziliense.com.br\/cbradar\/o-grao-barato-que-tem-mais-proteina-que-o-peito-de-frango-e-ajuda-a-ganhar-massa-magra-gastando-a-metade\/","og_locale":"pt_BR","og_type":"article","og_title":"O gr\u00e3o barato que tem mais prote\u00edna que o peito de frango e ajuda a ganhar massa magra gastando a metade - Correio Braziliense - Radar","og_description":"Procura uma alternativa econ\u00f3mica para hipertrofia? O consumo estrat\u00e9gico desta leguminosa acelera a recupera\u00e7\u00e3o muscular sem pesar no or\u00e7amento mensal.","og_url":"https:\/\/www.correiobraziliense.com.br\/cbradar\/o-grao-barato-que-tem-mais-proteina-que-o-peito-de-frango-e-ajuda-a-ganhar-massa-magra-gastando-a-metade\/","og_site_name":"Correio Braziliense - Radar","article_published_time":"2026-03-12T12:05:00+00:00","og_image":[{"width":1280,"height":720,"url":"https:\/\/www.correiobraziliense.com.br\/cbradar\/wp-content\/uploads\/2026\/03\/freepik__recipiente-de-vidro-cheio-de-protena-de-soja-textu__63005.jpeg","type":"image\/jpeg"}],"author":"Paulo Custodio","twitter_card":"summary_large_image","twitter_misc":{"Escrito por":"Paulo Custodio","Est. tempo de leitura":"5 minutos"},"schema":{"@context":"https:\/\/schema.org","@graph":[{"@type":"WebPage","@id":"https:\/\/www.correiobraziliense.com.br\/cbradar\/o-grao-barato-que-tem-mais-proteina-que-o-peito-de-frango-e-ajuda-a-ganhar-massa-magra-gastando-a-metade\/","url":"https:\/\/www.correiobraziliense.com.br\/cbradar\/o-grao-barato-que-tem-mais-proteina-que-o-peito-de-frango-e-ajuda-a-ganhar-massa-magra-gastando-a-metade\/","name":"O gr\u00e3o barato que tem mais prote\u00edna que o peito de frango e ajuda a ganhar massa magra gastando a metade - Correio Braziliense - Radar","isPartOf":{"@id":"https:\/\/www.correiobraziliense.com.br\/cbradar\/#website"},"primaryImageOfPage":{"@id":"https:\/\/www.correiobraziliense.com.br\/cbradar\/o-grao-barato-que-tem-mais-proteina-que-o-peito-de-frango-e-ajuda-a-ganhar-massa-magra-gastando-a-metade\/#primaryimage"},"image":{"@id":"https:\/\/www.correiobraziliense.com.br\/cbradar\/o-grao-barato-que-tem-mais-proteina-que-o-peito-de-frango-e-ajuda-a-ganhar-massa-magra-gastando-a-metade\/#primaryimage"},"thumbnailUrl":"https:\/\/www.correiobraziliense.com.br\/cbradar\/wp-content\/uploads\/2026\/03\/freepik__recipiente-de-vidro-cheio-de-protena-de-soja-textu__63005.jpeg","datePublished":"2026-03-12T12:05:00+00:00","author":{"@id":"https:\/\/www.correiobraziliense.com.br\/cbradar\/#\/schema\/person\/4cec7857301a9a1a2ef249893cd908d3"},"description":"Procura uma alternativa econ\u00f3mica para hipertrofia? O consumo estrat\u00e9gico desta leguminosa acelera a recupera\u00e7\u00e3o muscular sem pesar no or\u00e7amento mensal.","breadcrumb":{"@id":"https:\/\/www.correiobraziliense.com.br\/cbradar\/o-grao-barato-que-tem-mais-proteina-que-o-peito-de-frango-e-ajuda-a-ganhar-massa-magra-gastando-a-metade\/#breadcrumb"},"inLanguage":"pt-BR","potentialAction":[{"@type":"ReadAction","target":["https:\/\/www.correiobraziliense.com.br\/cbradar\/o-grao-barato-que-tem-mais-proteina-que-o-peito-de-frango-e-ajuda-a-ganhar-massa-magra-gastando-a-metade\/"]}]},{"@type":"ImageObject","inLanguage":"pt-BR","@id":"https:\/\/www.correiobraziliense.com.br\/cbradar\/o-grao-barato-que-tem-mais-proteina-que-o-peito-de-frango-e-ajuda-a-ganhar-massa-magra-gastando-a-metade\/#primaryimage","url":"https:\/\/www.correiobraziliense.com.br\/cbradar\/wp-content\/uploads\/2026\/03\/freepik__recipiente-de-vidro-cheio-de-protena-de-soja-textu__63005.jpeg","contentUrl":"https:\/\/www.correiobraziliense.com.br\/cbradar\/wp-content\/uploads\/2026\/03\/freepik__recipiente-de-vidro-cheio-de-protena-de-soja-textu__63005.jpeg","width":1280,"height":720,"caption":"A soja \u00e9 uma das leguminosas com maior teor de prote\u00edna entre os gr\u00e3os"},{"@type":"BreadcrumbList","@id":"https:\/\/www.correiobraziliense.com.br\/cbradar\/o-grao-barato-que-tem-mais-proteina-que-o-peito-de-frango-e-ajuda-a-ganhar-massa-magra-gastando-a-metade\/#breadcrumb","itemListElement":[{"@type":"ListItem","position":1,"name":"In\u00edcio","item":"https:\/\/www.correiobraziliense.com.br\/cbradar\/"},{"@type":"ListItem","position":2,"name":"O gr\u00e3o barato que tem mais prote\u00edna que o peito de frango e ajuda a ganhar massa magra gastando a metade"}]},{"@type":"WebSite","@id":"https:\/\/www.correiobraziliense.com.br\/cbradar\/#website","url":"https:\/\/www.correiobraziliense.com.br\/cbradar\/","name":"Correio Braziliense - Radar","description":"Acompanhe as \u00faltimas not\u00edcias e fique bem informado sobre tudo o que acontece no Brasil e no mundo.","potentialAction":[{"@type":"SearchAction","target":{"@type":"EntryPoint","urlTemplate":"https:\/\/www.correiobraziliense.com.br\/cbradar\/?s={search_term_string}"},"query-input":{"@type":"PropertyValueSpecification","valueRequired":true,"valueName":"search_term_string"}}],"inLanguage":"pt-BR"},{"@type":"Person","@id":"https:\/\/www.correiobraziliense.com.br\/cbradar\/#\/schema\/person\/4cec7857301a9a1a2ef249893cd908d3","name":"Paulo Custodio","image":{"@type":"ImageObject","inLanguage":"pt-BR","@id":"https:\/\/www.correiobraziliense.com.br\/cbradar\/#\/schema\/person\/image\/","url":"https:\/\/secure.gravatar.com\/avatar\/bcd67168d1534e8fcf4f45c726a87cea?s=96&d=mm&r=g","contentUrl":"https:\/\/secure.gravatar.com\/avatar\/bcd67168d1534e8fcf4f45c726a87cea?s=96&d=mm&r=g","caption":"Paulo Custodio"},"sameAs":["https:\/\/www.correiobraziliense.com.br\/cbradar"],"url":"https:\/\/www.correiobraziliense.com.br\/cbradar\/author\/paulomyth\/"}]}},"_links":{"self":[{"href":"https:\/\/www.correiobraziliense.com.br\/cbradar\/wp-json\/wp\/v2\/posts\/206392","targetHints":{"allow":["GET"]}}],"collection":[{"href":"https:\/\/www.correiobraziliense.com.br\/cbradar\/wp-json\/wp\/v2\/posts"}],"about":[{"href":"https:\/\/www.correiobraziliense.com.br\/cbradar\/wp-json\/wp\/v2\/types\/post"}],"author":[{"embeddable":true,"href":"https:\/\/www.correiobraziliense.com.br\/cbradar\/wp-json\/wp\/v2\/users\/11"}],"replies":[{"embeddable":true,"href":"https:\/\/www.correiobraziliense.com.br\/cbradar\/wp-json\/wp\/v2\/comments?post=206392"}],"version-history":[{"count":2,"href":"https:\/\/www.correiobraziliense.com.br\/cbradar\/wp-json\/wp\/v2\/posts\/206392\/revisions"}],"predecessor-version":[{"id":207016,"href":"https:\/\/www.correiobraziliense.com.br\/cbradar\/wp-json\/wp\/v2\/posts\/206392\/revisions\/207016"}],"wp:featuredmedia":[{"embeddable":true,"href":"https:\/\/www.correiobraziliense.com.br\/cbradar\/wp-json\/wp\/v2\/media\/207041"}],"wp:attachment":[{"href":"https:\/\/www.correiobraziliense.com.br\/cbradar\/wp-json\/wp\/v2\/media?parent=206392"}],"wp:term":[{"taxonomy":"category","embeddable":true,"href":"https:\/\/www.correiobraziliense.com.br\/cbradar\/wp-json\/wp\/v2\/categories?post=206392"},{"taxonomy":"post_tag","embeddable":true,"href":"https:\/\/www.correiobraziliense.com.br\/cbradar\/wp-json\/wp\/v2\/tags?post=206392"}],"curies":[{"name":"wp","href":"https:\/\/api.w.org\/{rel}","templated":true}]}}