{"id":206408,"date":"2026-03-12T01:35:00","date_gmt":"2026-03-12T04:35:00","guid":{"rendered":"https:\/\/www.correiobraziliense.com.br\/cbradar\/?p=206408"},"modified":"2026-03-11T20:02:05","modified_gmt":"2026-03-11T23:02:05","slug":"o-alimento-comum-que-supera-o-ovo-no-cafe-da-manha-e-mantem-a-sua-fome-bloqueada-ate-a-hora-do-almoco","status":"publish","type":"post","link":"https:\/\/www.correiobraziliense.com.br\/cbradar\/o-alimento-comum-que-supera-o-ovo-no-cafe-da-manha-e-mantem-a-sua-fome-bloqueada-ate-a-hora-do-almoco\/","title":{"rendered":"O alimento comum que supera o ovo no caf\u00e9 da manh\u00e3 e mant\u00e9m a sua fome bloqueada at\u00e9 a hora do almo\u00e7o"},"content":{"rendered":"\n<p>Consumir o <strong>alimento comum que supera o ovo no caf\u00e9 da manh\u00e3<\/strong> transforma totalmente a sua energia di\u00e1ria. A mistura exata de aveia em flocos com sementes de chia cria um gel nutritivo no est\u00f4mago que bloqueia a fome at\u00e9 a hora do almo\u00e7o.<\/p>\n\n\n\n<h2 class=\"wp-block-heading\">Por que a digest\u00e3o das fibras sol\u00faveis ganha da prote\u00edna animal?<\/h2>\n\n\n\n<p>Ovos frescos entregam alta carga proteica para o corpo humano, mas o processo digestivo dessa fonte animal ocorre de maneira relativamente r\u00e1pida. Essa velocidade biol\u00f3gica faz com que o vazio irritante no est\u00f4mago retorne em poucas horas ap\u00f3s a refei\u00e7\u00e3o.<\/p>\n\n\n\n<p>A uni\u00e3o bot\u00e2nica de cereais integrais com sementes hidratadas muda esse jogo fisiol\u00f3gico. A densa concentra\u00e7\u00e3o de fibras sol\u00faveis forma um cimento natural que retarda o esvaziamento g\u00e1strico, prolongando a sensa\u00e7\u00e3o de saciedade plena durante todo o longo per\u00edodo da manh\u00e3.<\/p>\n\n\n<div class=\"wp-block-image\">\n<figure class=\"aligncenter size-full\"><img decoding=\"async\" width=\"1280\" height=\"720\" src=\"https:\/\/www.correiobraziliense.com.br\/cbradar\/wp-content\/uploads\/2026\/03\/imagem_2026-03-10_190538910.png\" alt=\"Tigela de aveia e chia com morangos sob a luz da manh\u00e3.\" class=\"wp-image-206419\" srcset=\"https:\/\/www.correiobraziliense.com.br\/cbradar\/wp-content\/uploads\/2026\/03\/imagem_2026-03-10_190538910.png 1280w, https:\/\/www.correiobraziliense.com.br\/cbradar\/wp-content\/uploads\/2026\/03\/imagem_2026-03-10_190538910-300x169.png 300w, https:\/\/www.correiobraziliense.com.br\/cbradar\/wp-content\/uploads\/2026\/03\/imagem_2026-03-10_190538910-768x432.png 768w, https:\/\/www.correiobraziliense.com.br\/cbradar\/wp-content\/uploads\/2026\/03\/imagem_2026-03-10_190538910-750x422.png 750w, https:\/\/www.correiobraziliense.com.br\/cbradar\/wp-content\/uploads\/2026\/03\/imagem_2026-03-10_190538910-1140x641.png 1140w\" sizes=\"(max-width: 1280px) 100vw, 1280px\" \/><figcaption class=\"wp-element-caption\">Tigela de aveia e chia com morangos sob a luz da manh\u00e3.<\/figcaption><\/figure><\/div>\n\n\n<h2 class=\"wp-block-heading\">Como a estabilidade do \u00edndice glic\u00eamico melhora o foco mental?<\/h2>\n\n\n\n<p>Refei\u00e7\u00f5es repletas de carboidratos refinados geram picos repentinos de a\u00e7\u00facar no sangue humano, seguidos por quedas bruscas que causam intensa sonol\u00eancia e letargia. O c\u00e9rebro humano precisa de um suprimento energ\u00e9tico constante para manter a produtividade alta no ambiente de trabalho.<\/p>\n\n\n\n<p>O gel espesso formado pela <a href=\"https:\/\/pt.wikipedia.org\/wiki\/Aveia\" target=\"_blank\" rel=\"noreferrer noopener\">aveia<\/a> libera as min\u00fasculas mol\u00e9culas de glicose de forma extremamente lenta na corrente sangu\u00ednea. Esse ritmo cadenciado protege o p\u00e2ncreas e evita os ataques compulsivos por doces a\u00e7ucarados antes das grandes reuni\u00f5es matinais.<\/p>\n\n\n<div class=\"wp-block-image\">\n<figure class=\"aligncenter size-full\"><img decoding=\"async\" width=\"1280\" height=\"720\" src=\"https:\/\/www.correiobraziliense.com.br\/cbradar\/wp-content\/uploads\/2026\/03\/imagem_2026-03-10_190545149.png\" alt=\"Detalhe macro da textura cremosa da aveia com chia hidratada.\" class=\"wp-image-206417\" srcset=\"https:\/\/www.correiobraziliense.com.br\/cbradar\/wp-content\/uploads\/2026\/03\/imagem_2026-03-10_190545149.png 1280w, https:\/\/www.correiobraziliense.com.br\/cbradar\/wp-content\/uploads\/2026\/03\/imagem_2026-03-10_190545149-300x169.png 300w, https:\/\/www.correiobraziliense.com.br\/cbradar\/wp-content\/uploads\/2026\/03\/imagem_2026-03-10_190545149-768x432.png 768w, https:\/\/www.correiobraziliense.com.br\/cbradar\/wp-content\/uploads\/2026\/03\/imagem_2026-03-10_190545149-750x422.png 750w, https:\/\/www.correiobraziliense.com.br\/cbradar\/wp-content\/uploads\/2026\/03\/imagem_2026-03-10_190545149-1140x641.png 1140w\" sizes=\"(max-width: 1280px) 100vw, 1280px\" \/><figcaption class=\"wp-element-caption\">Detalhe macro da textura cremosa da aveia com chia hidratada.<\/figcaption><\/figure><\/div>\n\n\n<h3 class=\"wp-block-heading\">O impacto mastigat\u00f3rio na libera\u00e7\u00e3o de horm\u00f4nios saciet\u00f3genos<\/h3>\n\n\n\n<p>O ato mec\u00e2nico de triturar sementes ricas em fibras org\u00e2nicas envia poderosos sinais neurol\u00f3gicos diretamente para o hipot\u00e1lamo. Esse longo processo mastigat\u00f3rio estimula a r\u00e1pida libera\u00e7\u00e3o de leptina, o principal horm\u00f4nio respons\u00e1vel por avisar ao corpo que o limite g\u00e1strico foi atingido.<\/p>\n\n\n\n<p>Engolir vitaminas l\u00edquidas ralas anula essa etapa de sinaliza\u00e7\u00e3o qu\u00edmica vital para o controle rigoroso do peso. A mastiga\u00e7\u00e3o exigida pela textura densa dos gr\u00e3os garante que o paciente sinta uma profunda satisfa\u00e7\u00e3o f\u00edsica e emocional ap\u00f3s terminar o prato.<\/p>\n\n\n\n<p>Leia tamb\u00e9m: <a href=\"https:\/\/www.correiobraziliense.com.br\/cbradar\/o-sinal-discreto-na-sola-dos-pes-que-indica-que-o-seu-corpo-esta-inflamado-e-como-resolver-com-um-ajuste-na-dieta\/\" target=\"_blank\" rel=\"noreferrer noopener\">O sinal discreto na sola dos p\u00e9s que indica que o seu corpo est\u00e1 inflamado e como resolver com um ajuste na dieta<\/a><\/p>\n\n\n\n<h2 class=\"wp-block-heading\">Existe diferen\u00e7a entre os tipos de gr\u00e3os vendidos no supermercado?<\/h2>\n\n\n\n<p>As prateleiras das grandes mercearias no <strong>Brasil<\/strong> oferecem diversas varia\u00e7\u00f5es industriais do mesmo produto agr\u00edcola, o que confunde bastante os consumidores inexperientes. O farelo fino, os flocos regulares e a farinha processada possuem perfis nutricionais consideravelmente distintos entre si.<\/p>\n\n\n\n<p>A escolha t\u00e9cnica mais adequada recai quase sempre sobre os flocos grossos prensados a frio. Esse formato \u00edntegro preserva inteiramente a matriz estrutural do gr\u00e3o original, for\u00e7ando o seu sistema digestivo a trabalhar de maneira cont\u00ednua para conseguir extrair toda a energia contida na dura casca.<\/p>\n\n\n<div class=\"wp-block-image\">\n<figure class=\"aligncenter size-full\"><img decoding=\"async\" width=\"1280\" height=\"720\" src=\"https:\/\/www.correiobraziliense.com.br\/cbradar\/wp-content\/uploads\/2026\/03\/imagem_2026-03-10_190552567.png\" alt=\"Mulher preparando aveia com leite de am\u00eandoas na cozinha.\" class=\"wp-image-206418\" srcset=\"https:\/\/www.correiobraziliense.com.br\/cbradar\/wp-content\/uploads\/2026\/03\/imagem_2026-03-10_190552567.png 1280w, https:\/\/www.correiobraziliense.com.br\/cbradar\/wp-content\/uploads\/2026\/03\/imagem_2026-03-10_190552567-300x169.png 300w, https:\/\/www.correiobraziliense.com.br\/cbradar\/wp-content\/uploads\/2026\/03\/imagem_2026-03-10_190552567-768x432.png 768w, https:\/\/www.correiobraziliense.com.br\/cbradar\/wp-content\/uploads\/2026\/03\/imagem_2026-03-10_190552567-750x422.png 750w, https:\/\/www.correiobraziliense.com.br\/cbradar\/wp-content\/uploads\/2026\/03\/imagem_2026-03-10_190552567-1140x641.png 1140w\" sizes=\"(max-width: 1280px) 100vw, 1280px\" \/><figcaption class=\"wp-element-caption\">Mulher preparando aveia com leite de am\u00eandoas na cozinha.<\/figcaption><\/figure><\/div>\n\n\n<h2 class=\"wp-block-heading\">O que dizem as autoridades m\u00e9dicas sobre a prote\u00e7\u00e3o do cora\u00e7\u00e3o?<\/h2>\n\n\n\n<p>A substitui\u00e7\u00e3o parcial de ingredientes baseados em prote\u00edna animal por op\u00e7\u00f5es ricas em beta-glucana reduz significativamente a absor\u00e7\u00e3o do colesterol ruim no trato intestinal. O consumo disciplinado dessa liga protetora bot\u00e2nica limpa ativamente as paredes flex\u00edveis das art\u00e9rias principais.<\/p>\n\n\n\n<p><a href=\"https:\/\/www.who.int\/news-room\/fact-sheets\/detail\/healthy-diet\" target=\"_blank\" rel=\"noreferrer noopener\">Documentos oficiais publicados pela <strong>Organiza\u00e7\u00e3o Mundial da Sa\u00fade<\/strong> (OMS)<\/a> destacam as fibras diet\u00e9ticas como escudos indispens\u00e1veis contra doen\u00e7as cardiovasculares cr\u00f4nicas. Profissionais de nutri\u00e7\u00e3o cl\u00ednica recomendam a ingest\u00e3o m\u00ednima de <strong>25 gramas<\/strong> di\u00e1rias para blindar a sa\u00fade do sens\u00edvel sistema circulat\u00f3rio.<\/p>\n\n\n<div class=\"wp-block-image\">\n<figure class=\"aligncenter size-full\"><img decoding=\"async\" width=\"1280\" height=\"720\" src=\"https:\/\/www.correiobraziliense.com.br\/cbradar\/wp-content\/uploads\/2026\/03\/imagem_2026-03-10_190559698.png\" alt=\"Vis\u00e3o em primeira pessoa de um caf\u00e9 da manh\u00e3 produtivo e saud\u00e1vel.\" class=\"wp-image-206416\" srcset=\"https:\/\/www.correiobraziliense.com.br\/cbradar\/wp-content\/uploads\/2026\/03\/imagem_2026-03-10_190559698.png 1280w, https:\/\/www.correiobraziliense.com.br\/cbradar\/wp-content\/uploads\/2026\/03\/imagem_2026-03-10_190559698-300x169.png 300w, https:\/\/www.correiobraziliense.com.br\/cbradar\/wp-content\/uploads\/2026\/03\/imagem_2026-03-10_190559698-768x432.png 768w, https:\/\/www.correiobraziliense.com.br\/cbradar\/wp-content\/uploads\/2026\/03\/imagem_2026-03-10_190559698-750x422.png 750w, https:\/\/www.correiobraziliense.com.br\/cbradar\/wp-content\/uploads\/2026\/03\/imagem_2026-03-10_190559698-1140x641.png 1140w\" sizes=\"(max-width: 1280px) 100vw, 1280px\" \/><figcaption class=\"wp-element-caption\">Vis\u00e3o em primeira pessoa de um caf\u00e9 da manh\u00e3 produtivo e saud\u00e1vel.<\/figcaption><\/figure><\/div>\n\n\n<h2 class=\"wp-block-heading\">Quais s\u00e3o as melhores combina\u00e7\u00f5es pr\u00e1ticas para preparar a mistura?<\/h2>\n\n\n\n<p>A versatilidade culin\u00e1ria dessa poderosa dupla de ingredientes facilita a cria\u00e7\u00e3o de card\u00e1pios r\u00e1pidos para pessoas com a rotina severamente acelerada. Deixar os gr\u00e3os submersos em l\u00edquidos aquecidos durante a madrugada otimiza a textura final e ativa os micronutrientes ocultos.<\/p>\n\n\n\n<p>O preparo noturno aceita in\u00fameras varia\u00e7\u00f5es de sabores naturais para enriquecer a dieta de quem adotou o alimento comum que supera o ovo no caf\u00e9 da manh\u00e3. <\/p>\n\n\n\n<p>Anote as melhores op\u00e7\u00f5es bot\u00e2nicas para turbinar a sua pr\u00f3xima tigela matinal:<\/p>\n\n\n\n<ul class=\"wp-block-list\">\n<li><strong>Leite de am\u00eandoas<\/strong>: adiciona c\u00e1lcio de origem vegetal e mant\u00e9m o \u00edndice cal\u00f3rico total da receita rigorosamente baixo.<\/li>\n\n\n\n<li><strong>Canela em p\u00f3<\/strong>: atua como um excelente e acess\u00edvel termog\u00eanico natural que ajuda a acelerar o metabolismo basal di\u00e1rio.<\/li>\n\n\n\n<li><strong>Morangos maduros<\/strong>: fornecem uma carga alt\u00edssima de antioxidantes puros e vitamina C para fortalecer a imunidade celular.<\/li>\n\n\n\n<li><strong>Pasta de amendoim<\/strong>: entrega gorduras boas absolutamente necess\u00e1rias para a correta lubrifica\u00e7\u00e3o das articula\u00e7\u00f5es humanas sob forte estresse.<\/li>\n<\/ul>\n\n\n\n<p>No v\u00eddeo a seguir, o perfil <strong><em>Metida a Gourmet<\/em><\/strong>, com mais de 190 mil seguidores, mostra uma op\u00e7\u00e3o de receita com esses ingredientes:<\/p>\n\n\n\n<blockquote class=\"tiktok-embed\" cite=\"https:\/\/www.tiktok.com\/@metidaagourmet\/video\/7203039389604138246\" data-video-id=\"7203039389604138246\" style=\"max-width: 605px;min-width: 325px;\" > <section> <a target=\"_blank\" title=\"@metidaagourmet\" href=\"https:\/\/www.tiktok.com\/@metidaagourmet?refer=embed\">@metidaagourmet<\/a> Aveia Amanhecida \ud83d\ude0b\ud83d\udcaa Ingredientes: \u2714\ufe0f3 colheres (sopa) de aveia em flocos \u2714\ufe0f1 colher (sopa) de chia \u2714\ufe0f100ml de leite (gelado) \u2714\ufe0f1 colher (ch\u00e1) de mel (opcional) Gostou? Compartilha com quem voc\u00ea acha que vai gostar tamb\u00e9m!! <a title=\"receitafit\" target=\"_blank\" href=\"https:\/\/www.tiktok.com\/tag\/receitafit?refer=embed\">#receitafit<\/a>  <a title=\"receitafitnes\" target=\"_blank\" href=\"https:\/\/www.tiktok.com\/tag\/receitafitnes?refer=embed\">#receitafitnes<\/a>  <a title=\"receitafacil\" target=\"_blank\" href=\"https:\/\/www.tiktok.com\/tag\/receitafacil?refer=embed\">#receitafacil<\/a>  <a title=\"aveia\" target=\"_blank\" href=\"https:\/\/www.tiktok.com\/tag\/aveia?refer=embed\">#aveia<\/a>  <a title=\"metidaagourmet\" target=\"_blank\" href=\"https:\/\/www.tiktok.com\/tag\/metidaagourmet?refer=embed\">#metidaagourmet<\/a> <a target=\"_blank\" title=\"\u266c Calm Down - Rema\" href=\"https:\/\/www.tiktok.com\/music\/Calm-Down-7060633760082511873?refer=embed\">\u266c Calm Down &#8211; Rema<\/a> <\/section> <\/blockquote> <script async src=\"https:\/\/www.tiktok.com\/embed.js\"><\/script>\n\n\n\n<h2 class=\"wp-block-heading\">Qualquer pessoa pode incluir essas fibras na rotina de alimenta\u00e7\u00e3o?<\/h2>\n\n\n\n<p>A toler\u00e2ncia digestiva humana varia fortemente entre os indiv\u00edduos, especialmente em pacientes que relatam o diagn\u00f3stico cl\u00ednico rigoroso de s\u00edndrome do intestino irrit\u00e1vel. O aumento repentino no volume de cereais ingeridos costuma gerar excesso tempor\u00e1rio de gases e uma leve distens\u00e3o abdominal aguda.<\/p>\n\n\n\n<p>A adapta\u00e7\u00e3o org\u00e2nica segura exige muita cautela pr\u00e9via e hidrata\u00e7\u00e3o redobrada ao longo de toda a tarde. Iniciar o consumo com por\u00e7\u00f5es pequenas de apenas <strong>15 gramas<\/strong> e beber litros de \u00e1gua pura permite que a flora intestinal se ajuste perfeitamente sem dores, coroando o seu dia com produtividade e estabilidade corporal.<\/p>\n","protected":false},"excerpt":{"rendered":"<p>Consumir o alimento comum que supera o ovo no caf\u00e9 da manh\u00e3 transforma totalmente a sua energia di\u00e1ria. A mistura exata de aveia em flocos com sementes de chia cria um gel nutritivo no est\u00f4mago que bloqueia a fome at\u00e9 a hora do almo\u00e7o. Por que a digest\u00e3o das fibras sol\u00faveis ganha da prote\u00edna animal? [&hellip;]<\/p>\n","protected":false},"author":11,"featured_media":207036,"comment_status":"open","ping_status":"open","sticky":false,"template":"","format":"standard","meta":{"_yoast_wpseo_focuskw":"alimento comum que supera o ovo no caf\u00e9 da manh\u00e3","_yoast_wpseo_title":"","_yoast_wpseo_metadesc":"Sente o est\u00f4mago roncar logo ap\u00f3s a primeira refei\u00e7\u00e3o? Especialistas apontam uma mistura simples e muito barata que garante energia prolongada e foco mental.","jnews-multi-image_gallery":[],"jnews_single_post":{"format":"standard"},"jnews_primary_category":[],"jnews_social_meta":[],"jnews_override_counter":[],"footnotes":""},"categories":[143],"post_tag":[1524,409,1318],"class_list":["post-206408","post","type-post","status-publish","format-standard","has-post-thumbnail","hentry","category-casa-e-decoracao","tag-alimento","tag-ovo","tag-saude-2"],"yoast_head":"<!-- This site is optimized with the Yoast SEO plugin v24.6 - https:\/\/yoast.com\/wordpress\/plugins\/seo\/ -->\n<title>O alimento comum que supera o ovo no caf\u00e9 da manh\u00e3 e mant\u00e9m a sua fome bloqueada at\u00e9 a hora do almo\u00e7o - Correio Braziliense - Radar<\/title>\n<meta name=\"description\" content=\"Sente o est\u00f4mago roncar logo ap\u00f3s a primeira refei\u00e7\u00e3o? Especialistas apontam uma mistura simples e muito barata que garante energia prolongada e foco mental.\" \/>\n<meta name=\"robots\" content=\"index, follow, max-snippet:-1, max-image-preview:large, max-video-preview:-1\" \/>\n<link rel=\"canonical\" href=\"https:\/\/www.correiobraziliense.com.br\/cbradar\/o-alimento-comum-que-supera-o-ovo-no-cafe-da-manha-e-mantem-a-sua-fome-bloqueada-ate-a-hora-do-almoco\/\" \/>\n<meta property=\"og:locale\" content=\"pt_BR\" \/>\n<meta property=\"og:type\" content=\"article\" \/>\n<meta property=\"og:title\" content=\"O alimento comum que supera o ovo no caf\u00e9 da manh\u00e3 e mant\u00e9m a sua fome bloqueada at\u00e9 a hora do almo\u00e7o - Correio Braziliense - Radar\" \/>\n<meta property=\"og:description\" content=\"Sente o est\u00f4mago roncar logo ap\u00f3s a primeira refei\u00e7\u00e3o? Especialistas apontam uma mistura simples e muito barata que garante energia prolongada e foco mental.\" \/>\n<meta property=\"og:url\" content=\"https:\/\/www.correiobraziliense.com.br\/cbradar\/o-alimento-comum-que-supera-o-ovo-no-cafe-da-manha-e-mantem-a-sua-fome-bloqueada-ate-a-hora-do-almoco\/\" \/>\n<meta property=\"og:site_name\" content=\"Correio Braziliense - Radar\" \/>\n<meta property=\"article:published_time\" content=\"2026-03-12T04:35:00+00:00\" \/>\n<meta property=\"og:image\" content=\"https:\/\/www.correiobraziliense.com.br\/cbradar\/wp-content\/uploads\/2026\/03\/freepik__tigela-de-aveia-em-flocos-grossos-misturada-com-se__63007.jpeg\" \/>\n\t<meta property=\"og:image:width\" content=\"1280\" \/>\n\t<meta property=\"og:image:height\" content=\"720\" \/>\n\t<meta property=\"og:image:type\" content=\"image\/jpeg\" \/>\n<meta name=\"author\" content=\"Paulo Custodio\" \/>\n<meta name=\"twitter:card\" content=\"summary_large_image\" \/>\n<meta name=\"twitter:label1\" content=\"Escrito por\" \/>\n\t<meta name=\"twitter:data1\" content=\"Paulo Custodio\" \/>\n\t<meta name=\"twitter:label2\" content=\"Est. tempo de leitura\" \/>\n\t<meta name=\"twitter:data2\" content=\"6 minutos\" \/>\n<!-- \/ Yoast SEO plugin. -->","yoast_head_json":{"title":"O alimento comum que supera o ovo no caf\u00e9 da manh\u00e3 e mant\u00e9m a sua fome bloqueada at\u00e9 a hora do almo\u00e7o - Correio Braziliense - Radar","description":"Sente o est\u00f4mago roncar logo ap\u00f3s a primeira refei\u00e7\u00e3o? Especialistas apontam uma mistura simples e muito barata que garante energia prolongada e foco mental.","robots":{"index":"index","follow":"follow","max-snippet":"max-snippet:-1","max-image-preview":"max-image-preview:large","max-video-preview":"max-video-preview:-1"},"canonical":"https:\/\/www.correiobraziliense.com.br\/cbradar\/o-alimento-comum-que-supera-o-ovo-no-cafe-da-manha-e-mantem-a-sua-fome-bloqueada-ate-a-hora-do-almoco\/","og_locale":"pt_BR","og_type":"article","og_title":"O alimento comum que supera o ovo no caf\u00e9 da manh\u00e3 e mant\u00e9m a sua fome bloqueada at\u00e9 a hora do almo\u00e7o - Correio Braziliense - Radar","og_description":"Sente o est\u00f4mago roncar logo ap\u00f3s a primeira refei\u00e7\u00e3o? Especialistas apontam uma mistura simples e muito barata que garante energia prolongada e foco mental.","og_url":"https:\/\/www.correiobraziliense.com.br\/cbradar\/o-alimento-comum-que-supera-o-ovo-no-cafe-da-manha-e-mantem-a-sua-fome-bloqueada-ate-a-hora-do-almoco\/","og_site_name":"Correio Braziliense - Radar","article_published_time":"2026-03-12T04:35:00+00:00","og_image":[{"width":1280,"height":720,"url":"https:\/\/www.correiobraziliense.com.br\/cbradar\/wp-content\/uploads\/2026\/03\/freepik__tigela-de-aveia-em-flocos-grossos-misturada-com-se__63007.jpeg","type":"image\/jpeg"}],"author":"Paulo Custodio","twitter_card":"summary_large_image","twitter_misc":{"Escrito por":"Paulo Custodio","Est. tempo de leitura":"6 minutos"},"schema":{"@context":"https:\/\/schema.org","@graph":[{"@type":"WebPage","@id":"https:\/\/www.correiobraziliense.com.br\/cbradar\/o-alimento-comum-que-supera-o-ovo-no-cafe-da-manha-e-mantem-a-sua-fome-bloqueada-ate-a-hora-do-almoco\/","url":"https:\/\/www.correiobraziliense.com.br\/cbradar\/o-alimento-comum-que-supera-o-ovo-no-cafe-da-manha-e-mantem-a-sua-fome-bloqueada-ate-a-hora-do-almoco\/","name":"O alimento comum que supera o ovo no caf\u00e9 da manh\u00e3 e mant\u00e9m a sua fome bloqueada at\u00e9 a hora do almo\u00e7o - Correio Braziliense - Radar","isPartOf":{"@id":"https:\/\/www.correiobraziliense.com.br\/cbradar\/#website"},"primaryImageOfPage":{"@id":"https:\/\/www.correiobraziliense.com.br\/cbradar\/o-alimento-comum-que-supera-o-ovo-no-cafe-da-manha-e-mantem-a-sua-fome-bloqueada-ate-a-hora-do-almoco\/#primaryimage"},"image":{"@id":"https:\/\/www.correiobraziliense.com.br\/cbradar\/o-alimento-comum-que-supera-o-ovo-no-cafe-da-manha-e-mantem-a-sua-fome-bloqueada-ate-a-hora-do-almoco\/#primaryimage"},"thumbnailUrl":"https:\/\/www.correiobraziliense.com.br\/cbradar\/wp-content\/uploads\/2026\/03\/freepik__tigela-de-aveia-em-flocos-grossos-misturada-com-se__63007.jpeg","datePublished":"2026-03-12T04:35:00+00:00","author":{"@id":"https:\/\/www.correiobraziliense.com.br\/cbradar\/#\/schema\/person\/4cec7857301a9a1a2ef249893cd908d3"},"description":"Sente o est\u00f4mago roncar logo ap\u00f3s a primeira refei\u00e7\u00e3o? Especialistas apontam uma mistura simples e muito barata que garante energia prolongada e foco mental.","breadcrumb":{"@id":"https:\/\/www.correiobraziliense.com.br\/cbradar\/o-alimento-comum-que-supera-o-ovo-no-cafe-da-manha-e-mantem-a-sua-fome-bloqueada-ate-a-hora-do-almoco\/#breadcrumb"},"inLanguage":"pt-BR","potentialAction":[{"@type":"ReadAction","target":["https:\/\/www.correiobraziliense.com.br\/cbradar\/o-alimento-comum-que-supera-o-ovo-no-cafe-da-manha-e-mantem-a-sua-fome-bloqueada-ate-a-hora-do-almoco\/"]}]},{"@type":"ImageObject","inLanguage":"pt-BR","@id":"https:\/\/www.correiobraziliense.com.br\/cbradar\/o-alimento-comum-que-supera-o-ovo-no-cafe-da-manha-e-mantem-a-sua-fome-bloqueada-ate-a-hora-do-almoco\/#primaryimage","url":"https:\/\/www.correiobraziliense.com.br\/cbradar\/wp-content\/uploads\/2026\/03\/freepik__tigela-de-aveia-em-flocos-grossos-misturada-com-se__63007.jpeg","contentUrl":"https:\/\/www.correiobraziliense.com.br\/cbradar\/wp-content\/uploads\/2026\/03\/freepik__tigela-de-aveia-em-flocos-grossos-misturada-com-se__63007.jpeg","width":1280,"height":720,"caption":"A aveia \u00e9 rica em fibras sol\u00faveis como o beta-glucano, que contribuem para a saciedade"},{"@type":"BreadcrumbList","@id":"https:\/\/www.correiobraziliense.com.br\/cbradar\/o-alimento-comum-que-supera-o-ovo-no-cafe-da-manha-e-mantem-a-sua-fome-bloqueada-ate-a-hora-do-almoco\/#breadcrumb","itemListElement":[{"@type":"ListItem","position":1,"name":"In\u00edcio","item":"https:\/\/www.correiobraziliense.com.br\/cbradar\/"},{"@type":"ListItem","position":2,"name":"O alimento comum que supera o ovo no caf\u00e9 da manh\u00e3 e mant\u00e9m a sua fome bloqueada at\u00e9 a hora do almo\u00e7o"}]},{"@type":"WebSite","@id":"https:\/\/www.correiobraziliense.com.br\/cbradar\/#website","url":"https:\/\/www.correiobraziliense.com.br\/cbradar\/","name":"Correio Braziliense - Radar","description":"Acompanhe as \u00faltimas not\u00edcias e fique bem informado sobre tudo o que acontece no Brasil e no mundo.","potentialAction":[{"@type":"SearchAction","target":{"@type":"EntryPoint","urlTemplate":"https:\/\/www.correiobraziliense.com.br\/cbradar\/?s={search_term_string}"},"query-input":{"@type":"PropertyValueSpecification","valueRequired":true,"valueName":"search_term_string"}}],"inLanguage":"pt-BR"},{"@type":"Person","@id":"https:\/\/www.correiobraziliense.com.br\/cbradar\/#\/schema\/person\/4cec7857301a9a1a2ef249893cd908d3","name":"Paulo Custodio","image":{"@type":"ImageObject","inLanguage":"pt-BR","@id":"https:\/\/www.correiobraziliense.com.br\/cbradar\/#\/schema\/person\/image\/","url":"https:\/\/secure.gravatar.com\/avatar\/bcd67168d1534e8fcf4f45c726a87cea?s=96&d=mm&r=g","contentUrl":"https:\/\/secure.gravatar.com\/avatar\/bcd67168d1534e8fcf4f45c726a87cea?s=96&d=mm&r=g","caption":"Paulo Custodio"},"sameAs":["https:\/\/www.correiobraziliense.com.br\/cbradar"],"url":"https:\/\/www.correiobraziliense.com.br\/cbradar\/author\/paulomyth\/"}]}},"_links":{"self":[{"href":"https:\/\/www.correiobraziliense.com.br\/cbradar\/wp-json\/wp\/v2\/posts\/206408","targetHints":{"allow":["GET"]}}],"collection":[{"href":"https:\/\/www.correiobraziliense.com.br\/cbradar\/wp-json\/wp\/v2\/posts"}],"about":[{"href":"https:\/\/www.correiobraziliense.com.br\/cbradar\/wp-json\/wp\/v2\/types\/post"}],"author":[{"embeddable":true,"href":"https:\/\/www.correiobraziliense.com.br\/cbradar\/wp-json\/wp\/v2\/users\/11"}],"replies":[{"embeddable":true,"href":"https:\/\/www.correiobraziliense.com.br\/cbradar\/wp-json\/wp\/v2\/comments?post=206408"}],"version-history":[{"count":1,"href":"https:\/\/www.correiobraziliense.com.br\/cbradar\/wp-json\/wp\/v2\/posts\/206408\/revisions"}],"predecessor-version":[{"id":206423,"href":"https:\/\/www.correiobraziliense.com.br\/cbradar\/wp-json\/wp\/v2\/posts\/206408\/revisions\/206423"}],"wp:featuredmedia":[{"embeddable":true,"href":"https:\/\/www.correiobraziliense.com.br\/cbradar\/wp-json\/wp\/v2\/media\/207036"}],"wp:attachment":[{"href":"https:\/\/www.correiobraziliense.com.br\/cbradar\/wp-json\/wp\/v2\/media?parent=206408"}],"wp:term":[{"taxonomy":"category","embeddable":true,"href":"https:\/\/www.correiobraziliense.com.br\/cbradar\/wp-json\/wp\/v2\/categories?post=206408"},{"taxonomy":"post_tag","embeddable":true,"href":"https:\/\/www.correiobraziliense.com.br\/cbradar\/wp-json\/wp\/v2\/post_tag?post=206408"}],"curies":[{"name":"wp","href":"https:\/\/api.w.org\/{rel}","templated":true}]}}