{"id":206432,"date":"2026-03-11T07:55:00","date_gmt":"2026-03-11T10:55:00","guid":{"rendered":"https:\/\/www.correiobraziliense.com.br\/cbradar\/?p=206432"},"modified":"2026-03-11T08:07:15","modified_gmt":"2026-03-11T11:07:15","slug":"com-qualidade-de-vida-muito-alta-e-33-ilhas-esta-capital-e-a-2a-melhor-do-brasil-para-viver-e-lidera-em-saude-e-inovacao-hoje","status":"publish","type":"post","link":"https:\/\/www.correiobraziliense.com.br\/cbradar\/com-qualidade-de-vida-muito-alta-e-33-ilhas-esta-capital-e-a-2a-melhor-do-brasil-para-viver-e-lidera-em-saude-e-inovacao-hoje\/","title":{"rendered":"Com qualidade de vida muito alta e 33 ilhas, esta capital \u00e9 a 2\u00aa melhor do Brasil para viver e hoje lidera em sa\u00fade e inova\u00e7\u00e3o"},"content":{"rendered":"\n<p>Sete pontes ligam a <strong>Ilha de Vit\u00f3ria<\/strong> ao continente, mas quem mora na capital do <strong>Esp\u00edrito Santo<\/strong> raramente sente vontade de ir embora. Com cerca de 340 mil habitantes, <strong>Vit\u00f3ria<\/strong> combina indicadores de qualidade de vida europeia com um ritmo que outras capitais do Sudeste j\u00e1 perderam.<\/p>\n\n\n\n<h2 class=\"wp-block-heading\">Por que Vit\u00f3ria lidera rankings nacionais de qualidade de vida?<\/h2>\n\n\n\n<p>O <strong>IDHM<\/strong> de 0,845, classificado como muito alto, coloca a capital capixaba na segunda posi\u00e7\u00e3o entre todas as capitais brasileiras, atr\u00e1s apenas de <strong>Florian\u00f3polis<\/strong>. A pontua\u00e7\u00e3o reflete avan\u00e7os simult\u00e2neos em renda, educa\u00e7\u00e3o e sa\u00fade. Nos dados do <strong>Programa das Na\u00e7\u00f5es Unidas para o Desenvolvimento (PNUD)<\/strong>, Vit\u00f3ria aparece entre os cinco munic\u00edpios com melhor desenvolvimento humano do pa\u00eds, independentemente do porte.<\/p>\n\n\n\n<p>Em 2025, a cidade alcan\u00e7ou o primeiro lugar no <a href=\"https:\/\/www.vitoria.es.gov.br\/noticia\/vitoria-e-cidade-mais-inteligente-e-conectada-do-brasil-54527\" target=\"_blank\" rel=\"noreferrer noopener\"><strong>Ranking Connected Smart Cities<\/strong><\/a>, superando Florian\u00f3polis, Niter\u00f3i e S\u00e3o Paulo. O estudo avalia 75 indicadores em \u00e1reas como governan\u00e7a, sa\u00fade, mobilidade e telecomunica\u00e7\u00f5es. No recorte de sa\u00fade, a capital capixaba ocupa o topo h\u00e1 duas edi\u00e7\u00f5es consecutivas.<\/p>\n\n\n<div class=\"wp-block-image\">\n<figure class=\"aligncenter size-large\"><img decoding=\"async\" width=\"1024\" height=\"576\" src=\"https:\/\/www.correiobraziliense.com.br\/cbradar\/wp-content\/uploads\/2025\/07\/Vitoria-espirito-santo_1751512159435-1024x576.jpg\" alt=\"A ilha fundada em 1.551 que est\u00e1 em alta entre os brasileiros que buscam qualidade de vida confort\u00e1vel e tranquila\" class=\"wp-image-63799\" srcset=\"https:\/\/www.correiobraziliense.com.br\/cbradar\/wp-content\/uploads\/2025\/07\/Vitoria-espirito-santo_1751512159435-1024x576.jpg 1024w, https:\/\/www.correiobraziliense.com.br\/cbradar\/wp-content\/uploads\/2025\/07\/Vitoria-espirito-santo_1751512159435-300x169.jpg 300w, https:\/\/www.correiobraziliense.com.br\/cbradar\/wp-content\/uploads\/2025\/07\/Vitoria-espirito-santo_1751512159435-768x432.jpg 768w, https:\/\/www.correiobraziliense.com.br\/cbradar\/wp-content\/uploads\/2025\/07\/Vitoria-espirito-santo_1751512159435-750x422.jpg 750w, https:\/\/www.correiobraziliense.com.br\/cbradar\/wp-content\/uploads\/2025\/07\/Vitoria-espirito-santo_1751512159435-1140x641.jpg 1140w, https:\/\/www.correiobraziliense.com.br\/cbradar\/wp-content\/uploads\/2025\/07\/Vitoria-espirito-santo_1751512159435.jpg 1280w\" sizes=\"(max-width: 1024px) 100vw, 1024px\" \/><figcaption class=\"wp-element-caption\">Vit\u00f3ria, ES encanta com qualidade de vida, praias paradis\u00edacas e clima agrad\u00e1vel no Esp\u00edrito Santo. \/\/ Cr\u00e9ditos: depositphotos.com \/ losak.napior<\/figcaption><\/figure><\/div>\n\n\n<h2 class=\"wp-block-heading\">A ilha que j\u00e1 teve 50 ilhas e virou arquip\u00e9lago urbano<\/h2>\n\n\n\n<p>Os ind\u00edgenas chamavam o territ\u00f3rio de <strong>Guananira<\/strong>, ou Ilha do Mel, pelas \u00e1guas calmas da ba\u00eda e pelo manguezal rico em peixes e moluscos. Fundada em <strong>1551<\/strong>, Vit\u00f3ria \u00e9 a terceira capital mais antiga do Brasil. O nome veio de uma batalha: portugueses venceram os <strong>Goitacazes<\/strong> em 8 de setembro daquele ano e batizaram o lugar em celebra\u00e7\u00e3o.<\/p>\n\n\n\n<p>A cidade originalmente reunia cerca de 50 ilhas. Ao longo dos s\u00e9culos, aterros sucessivos foram reduzindo esse n\u00famero e moldando o desenho urbano atual. Hoje, a capital forma um arquip\u00e9lago de 33 ilhas e mant\u00e9m, entre morros e manguezais, uma geografia que surpreende quem chega de avi\u00e3o. O termo &#8220;capixaba&#8221;, ali\u00e1s, vem da l\u00edngua ind\u00edgena e significava &#8220;ro\u00e7a&#8221; ou &#8220;planta\u00e7\u00e3o&#8221;, costume dos povos que habitavam a ilha antes da coloniza\u00e7\u00e3o.<\/p>\n\n\n\n<p><strong>Vit\u00f3ria \u00e9 uma das capitais mais antigas e encantadoras do Brasil<\/strong>, destacando-se por ser quase inteiramente situada em uma ilha e oferecer uma das melhores qualidades de vida do pa\u00eds. O v\u00eddeo do canal <strong>Coisas do Mundo<\/strong> apresenta a capital capixaba como um mosaico de hist\u00f3ria, modernidade e belezas naturais:<\/p>\n\n\n\n<figure class=\"wp-block-embed aligncenter is-type-video is-provider-youtube wp-block-embed-youtube wp-embed-aspect-16-9 wp-has-aspect-ratio\"><div class=\"wp-block-embed__wrapper\">\n<div class=\"jeg_video_container jeg_video_content\"><iframe loading=\"lazy\" title=\"VIT\u00d3RIA (Esp\u00edrito Santo). Conhe\u00e7a a capital capixaba!\" width=\"500\" height=\"281\" src=\"https:\/\/www.youtube.com\/embed\/gmz8zlvgjxA?feature=oembed\" frameborder=\"0\" allow=\"accelerometer; autoplay; clipboard-write; encrypted-media; gyroscope; picture-in-picture; web-share\" referrerpolicy=\"strict-origin-when-cross-origin\" allowfullscreen><\/iframe><\/div>\n<\/div><\/figure>\n\n\n\n<h2 class=\"wp-block-heading\">Como \u00e9 o dia a dia de quem mora na capital capixaba?<\/h2>\n\n\n\n<p>O cotidiano de Vit\u00f3ria tem um compasso pr\u00f3prio. A <strong>Praia de Camburi<\/strong>, com sua orla extensa, funciona como sala de estar ao ar livre: corredores ocupam a ciclovia antes das sete da manh\u00e3, fam\u00edlias estendem cangas ao fim da tarde. O bairro <strong>Jardim Camburi<\/strong>, o maior do Esp\u00edrito Santo, funciona quase como uma cidade dentro da cidade, com com\u00e9rcio completo, parques e vida noturna. Pesquisas locais indicam que quase 90% dos moradores do bairro n\u00e3o desejam se mudar.<\/p>\n\n\n\n<p>A rede de sa\u00fade p\u00fablica registra 645 m\u00e9dicos por cem mil habitantes e 5,58 leitos por mil moradores. As escolas municipais em tempo integral saltaram de 4, em 2021, para 41 em 2025. S\u00e3o n\u00fameros que explicam por que a cidade atrai fam\u00edlias jovens em busca de estrutura sem o custo de capitais maiores.<\/p>\n\n\n\n<h2 class=\"wp-block-heading\">O que fazer no tempo livre na ilha?<\/h2>\n\n\n\n<p><strong>A vida de morador n\u00e3o se resume \u00e0 rotina.<\/strong> Vit\u00f3ria oferece op\u00e7\u00f5es que v\u00e3o do centro hist\u00f3rico \u00e0s trilhas de mata atl\u00e2ntica, quase sempre a poucos minutos de carro ou bicicleta.<\/p>\n\n\n\n<ul class=\"wp-block-list\">\n<li><strong>Parque da Fonte Grande<\/strong>: maior \u00e1rea de mata atl\u00e2ntica em zona urbana da cidade, com trilhas e mirantes de vista panor\u00e2mica.<\/li>\n\n\n\n<li><strong>Parque Pedra da Cebola<\/strong>: cart\u00e3o-postal da capital, com forma\u00e7\u00e3o rochosa que lembra uma cebola gigante e espa\u00e7o para caminhadas.<\/li>\n\n\n\n<li><strong>Centro Hist\u00f3rico<\/strong>: <strong>Pal\u00e1cio Anchieta<\/strong> (sede do governo desde o s\u00e9culo XVI), <strong>Teatro Carlos Gomes<\/strong> e a <strong>Catedral Metropolitana<\/strong> ficam a poucos passos entre si.<\/li>\n\n\n\n<li><strong>Ilha das Caieiras<\/strong>: reduto gastron\u00f4mico onde restaurantes servem moqueca e torta capixaba com vista para a ba\u00eda.<\/li>\n\n\n\n<li><strong>Projeto Tamar<\/strong>: base de preserva\u00e7\u00e3o de tartarugas marinhas ao lado da <strong>Pra\u00e7a do Papa<\/strong>, com vista da <strong>Terceira Ponte<\/strong>.<\/li>\n<\/ul>\n\n\n\n<p><strong>Vit\u00f3ria e Vila Velha formam uma dupla imperd\u00edvel no Esp\u00edrito Santo<\/strong>, unindo as comodidades de uma capital moderna ao charme hist\u00f3rico da cidade mais antiga do estado. O v\u00eddeo do canal<strong> Rol\u00ea Fam\u00edlia <\/strong>com cerca de <strong>280\u00a0mil inscritos<\/strong> apresenta um roteiro pr\u00e1tico de dois dias para explorar o melhor das duas regi\u00f5es:<\/p>\n\n\n\n<figure class=\"wp-block-embed aligncenter is-type-video is-provider-youtube wp-block-embed-youtube wp-embed-aspect-16-9 wp-has-aspect-ratio\"><div class=\"wp-block-embed__wrapper\">\n<div class=\"jeg_video_container jeg_video_content\"><iframe loading=\"lazy\" title=\"VIT\u00d3RIA E VILA VELHA | Roteiro de 2 dias na capital e na cidade mais antiga do Esp\u00edrito Santo\" width=\"500\" height=\"281\" src=\"https:\/\/www.youtube.com\/embed\/YKmMFJ1xiz0?feature=oembed\" frameborder=\"0\" allow=\"accelerometer; autoplay; clipboard-write; encrypted-media; gyroscope; picture-in-picture; web-share\" referrerpolicy=\"strict-origin-when-cross-origin\" allowfullscreen><\/iframe><\/div>\n<\/div><\/figure>\n\n\n\n<p><strong>Leia tamb\u00e9m: <a href=\"https:\/\/www.correiobraziliense.com.br\/cbradar\/a-vila-de-pescadores-que-se-transformou-em-potencia-do-maior-festival-de-jazz-da-america-latina-com-15-praias-de-aguas-cristalinas\/\" target=\"_blank\" rel=\"noreferrer noopener\">A vila de pescadores que se transformou em pot\u00eancia do maior festival de jazz da Am\u00e9rica Latina com 15 praias de \u00e1guas cristalinas.<\/a><\/strong><\/p>\n\n\n\n<h2 class=\"wp-block-heading\">Quando o clima favorece cada atividade ao ar livre?<\/h2>\n\n\n\n<p>O clima tropical garante calor o ano inteiro, com chuvas concentradas entre outubro e janeiro. O inverno seco \u00e9 a \u00e9poca mais confort\u00e1vel para caminhadas e trilhas.<\/p>\n\n\n<div class=\"wp-block-image\">\n<figure class=\"aligncenter size-full\"><img decoding=\"async\" width=\"1280\" height=\"275\" src=\"https:\/\/www.correiobraziliense.com.br\/cbradar\/wp-content\/uploads\/2026\/03\/convertido-1-2.jpg\" alt=\"\" class=\"wp-image-206509\" srcset=\"https:\/\/www.correiobraziliense.com.br\/cbradar\/wp-content\/uploads\/2026\/03\/convertido-1-2.jpg 1280w, https:\/\/www.correiobraziliense.com.br\/cbradar\/wp-content\/uploads\/2026\/03\/convertido-1-2-300x64.jpg 300w, https:\/\/www.correiobraziliense.com.br\/cbradar\/wp-content\/uploads\/2026\/03\/convertido-1-2-768x165.jpg 768w, https:\/\/www.correiobraziliense.com.br\/cbradar\/wp-content\/uploads\/2026\/03\/convertido-1-2-750x161.jpg 750w, https:\/\/www.correiobraziliense.com.br\/cbradar\/wp-content\/uploads\/2026\/03\/convertido-1-2-1140x245.jpg 1140w\" sizes=\"(max-width: 1280px) 100vw, 1280px\" \/><\/figure><\/div>\n\n\n<p><em>Temperaturas aproximadas com base no <a href=\"https:\/\/www.climatempo.com.br\/previsao-do-tempo\/cidade\/84\/vitoria-es\" target=\"_blank\" rel=\"noreferrer noopener\"><strong>Climatempo<\/strong><\/a>. Condi\u00e7\u00f5es podem variar.<\/em><\/p>\n\n\n<div class=\"wp-block-image\">\n<figure class=\"aligncenter size-large\"><img decoding=\"async\" width=\"1024\" height=\"576\" src=\"https:\/\/www.correiobraziliense.com.br\/cbradar\/wp-content\/uploads\/2025\/02\/Design-sem-nome-15-1-1024x576.png\" alt=\"A ilha fundada em 1.551 que est\u00e1 em alta entre os brasileiros que buscam qualidade de vida confort\u00e1vel e tranquila\" class=\"wp-image-5928\" srcset=\"https:\/\/www.correiobraziliense.com.br\/cbradar\/wp-content\/uploads\/2025\/02\/Design-sem-nome-15-1-1024x576.png 1024w, https:\/\/www.correiobraziliense.com.br\/cbradar\/wp-content\/uploads\/2025\/02\/Design-sem-nome-15-1-300x169.png 300w, https:\/\/www.correiobraziliense.com.br\/cbradar\/wp-content\/uploads\/2025\/02\/Design-sem-nome-15-1-768x432.png 768w, https:\/\/www.correiobraziliense.com.br\/cbradar\/wp-content\/uploads\/2025\/02\/Design-sem-nome-15-1-750x422.png 750w, https:\/\/www.correiobraziliense.com.br\/cbradar\/wp-content\/uploads\/2025\/02\/Design-sem-nome-15-1-1140x641.png 1140w, https:\/\/www.correiobraziliense.com.br\/cbradar\/wp-content\/uploads\/2025\/02\/Design-sem-nome-15-1.png 1280w\" sizes=\"(max-width: 1024px) 100vw, 1024px\" \/><figcaption class=\"wp-element-caption\">Vit\u00f3ria, ES oferece cultura, natureza e qualidade de vida em uma ilha no litoral capixaba. \/\/ Reprodu\u00e7\u00e3o: Wikimedia Commons<\/figcaption><\/figure><\/div>\n\n\n<h2 class=\"wp-block-heading\">Como chegar \u00e0 capital capixaba?<\/h2>\n\n\n\n<p>O <strong>Aeroporto de Vit\u00f3ria (Eurico de Aguiar Salles)<\/strong> recebe voos diretos das principais capitais. De carro, a <strong>BR-101<\/strong> conecta a cidade ao <strong>Rio de Janeiro<\/strong> (533 km) e ao sul da <strong>Bahia<\/strong>. Quem vem de <strong>Belo Horizonte<\/strong> percorre 544 km pela <strong>BR-262<\/strong>, com a op\u00e7\u00e3o c\u00eanica do trem de passageiros da <strong>Estrada de Ferro Vit\u00f3ria-Minas<\/strong>, uma viagem de cerca de 13 horas por entre montanhas.<\/p>\n\n\n\n<h2 class=\"wp-block-heading\">Uma ilha que vale chamar de lar<\/h2>\n\n\n\n<p><strong>Vit\u00f3ria entrega o que muitas capitais prometem e poucas cumprem: infraestrutura de cidade grande com proximidade de cidade pequena<\/strong>, mar na janela e mangue no quintal. A Ilha do Mel dos ind\u00edgenas segue doce para quem escolhe ficar.<\/p>\n\n\n\n<p>Voc\u00ea precisa conhecer Vit\u00f3ria e sentir o ritmo de uma capital que cresce sem perder a calma, onde a panela de barro e o ranking de inova\u00e7\u00e3o convivem na mesma ilha.<\/p>\n","protected":false},"excerpt":{"rendered":"<p>Sete pontes ligam a Ilha de Vit\u00f3ria ao continente, mas quem mora na capital do Esp\u00edrito Santo raramente sente vontade de ir embora. Com cerca de 340 mil habitantes, Vit\u00f3ria combina indicadores de qualidade de vida europeia com um ritmo que outras capitais do Sudeste j\u00e1 perderam. Por que Vit\u00f3ria lidera rankings nacionais de qualidade [&hellip;]<\/p>\n","protected":false},"author":8,"featured_media":206582,"comment_status":"open","ping_status":"open","sticky":false,"template":"","format":"standard","meta":{"_yoast_wpseo_focuskw":"qualidade de vida","_yoast_wpseo_title":"","_yoast_wpseo_metadesc":"Capital brasileira formada por 33 ilhas se destaca pela qualidade de vida elevada, lideran\u00e7a em sa\u00fade e inova\u00e7\u00e3o.","jnews-multi-image_gallery":[],"jnews_single_post":{"format":"standard"},"jnews_primary_category":[],"jnews_social_meta":[],"jnews_override_counter":[],"footnotes":""},"categories":[108,111],"post_tag":[6090,10500],"class_list":["post-206432","post","type-post","status-publish","format-standard","has-post-thumbnail","hentry","category-cidades","category-turismo","tag-espirito-santo","tag-vitoria-2"],"yoast_head":"<!-- This site is optimized with the Yoast SEO plugin v24.6 - https:\/\/yoast.com\/wordpress\/plugins\/seo\/ -->\n<title>Com qualidade de vida muito alta e 33 ilhas, esta capital \u00e9 a 2\u00aa melhor do Brasil para viver e hoje lidera em sa\u00fade e inova\u00e7\u00e3o - Correio Braziliense - Radar<\/title>\n<meta name=\"description\" content=\"Capital brasileira formada por 33 ilhas se destaca pela qualidade de vida elevada, lideran\u00e7a em sa\u00fade e inova\u00e7\u00e3o.\" \/>\n<meta name=\"robots\" content=\"index, follow, max-snippet:-1, max-image-preview:large, max-video-preview:-1\" \/>\n<link rel=\"canonical\" href=\"https:\/\/www.correiobraziliense.com.br\/cbradar\/com-qualidade-de-vida-muito-alta-e-33-ilhas-esta-capital-e-a-2a-melhor-do-brasil-para-viver-e-lidera-em-saude-e-inovacao-hoje\/\" \/>\n<meta property=\"og:locale\" content=\"pt_BR\" \/>\n<meta property=\"og:type\" content=\"article\" \/>\n<meta property=\"og:title\" content=\"Com qualidade de vida muito alta e 33 ilhas, esta capital \u00e9 a 2\u00aa melhor do Brasil para viver e hoje lidera em sa\u00fade e inova\u00e7\u00e3o - Correio Braziliense - Radar\" \/>\n<meta property=\"og:description\" content=\"Capital brasileira formada por 33 ilhas se destaca pela qualidade de vida elevada, lideran\u00e7a em sa\u00fade e inova\u00e7\u00e3o.\" \/>\n<meta property=\"og:url\" content=\"https:\/\/www.correiobraziliense.com.br\/cbradar\/com-qualidade-de-vida-muito-alta-e-33-ilhas-esta-capital-e-a-2a-melhor-do-brasil-para-viver-e-lidera-em-saude-e-inovacao-hoje\/\" \/>\n<meta property=\"og:site_name\" content=\"Correio Braziliense - Radar\" \/>\n<meta property=\"article:published_time\" content=\"2026-03-11T10:55:00+00:00\" \/>\n<meta property=\"article:modified_time\" content=\"2026-03-11T11:07:15+00:00\" \/>\n<meta property=\"og:image\" content=\"https:\/\/www.correiobraziliense.com.br\/cbradar\/wp-content\/uploads\/2026\/03\/aaa-2026-03-11T004551.669.png\" \/>\n\t<meta property=\"og:image:width\" content=\"1280\" \/>\n\t<meta property=\"og:image:height\" content=\"720\" \/>\n\t<meta property=\"og:image:type\" content=\"image\/png\" \/>\n<meta name=\"author\" content=\"Maura Pereira\" \/>\n<meta name=\"twitter:card\" content=\"summary_large_image\" \/>\n<meta name=\"twitter:label1\" content=\"Escrito por\" \/>\n\t<meta name=\"twitter:data1\" content=\"Maura Pereira\" \/>\n\t<meta name=\"twitter:label2\" content=\"Est. tempo de leitura\" \/>\n\t<meta name=\"twitter:data2\" content=\"7 minutos\" \/>\n<!-- \/ Yoast SEO plugin. -->","yoast_head_json":{"title":"Com qualidade de vida muito alta e 33 ilhas, esta capital \u00e9 a 2\u00aa melhor do Brasil para viver e hoje lidera em sa\u00fade e inova\u00e7\u00e3o - Correio Braziliense - Radar","description":"Capital brasileira formada por 33 ilhas se destaca pela qualidade de vida elevada, lideran\u00e7a em sa\u00fade e inova\u00e7\u00e3o.","robots":{"index":"index","follow":"follow","max-snippet":"max-snippet:-1","max-image-preview":"max-image-preview:large","max-video-preview":"max-video-preview:-1"},"canonical":"https:\/\/www.correiobraziliense.com.br\/cbradar\/com-qualidade-de-vida-muito-alta-e-33-ilhas-esta-capital-e-a-2a-melhor-do-brasil-para-viver-e-lidera-em-saude-e-inovacao-hoje\/","og_locale":"pt_BR","og_type":"article","og_title":"Com qualidade de vida muito alta e 33 ilhas, esta capital \u00e9 a 2\u00aa melhor do Brasil para viver e hoje lidera em sa\u00fade e inova\u00e7\u00e3o - Correio Braziliense - Radar","og_description":"Capital brasileira formada por 33 ilhas se destaca pela qualidade de vida elevada, lideran\u00e7a em sa\u00fade e inova\u00e7\u00e3o.","og_url":"https:\/\/www.correiobraziliense.com.br\/cbradar\/com-qualidade-de-vida-muito-alta-e-33-ilhas-esta-capital-e-a-2a-melhor-do-brasil-para-viver-e-lidera-em-saude-e-inovacao-hoje\/","og_site_name":"Correio Braziliense - Radar","article_published_time":"2026-03-11T10:55:00+00:00","article_modified_time":"2026-03-11T11:07:15+00:00","og_image":[{"width":1280,"height":720,"url":"https:\/\/www.correiobraziliense.com.br\/cbradar\/wp-content\/uploads\/2026\/03\/aaa-2026-03-11T004551.669.png","type":"image\/png"}],"author":"Maura Pereira","twitter_card":"summary_large_image","twitter_misc":{"Escrito por":"Maura Pereira","Est. tempo de leitura":"7 minutos"},"schema":{"@context":"https:\/\/schema.org","@graph":[{"@type":"WebPage","@id":"https:\/\/www.correiobraziliense.com.br\/cbradar\/com-qualidade-de-vida-muito-alta-e-33-ilhas-esta-capital-e-a-2a-melhor-do-brasil-para-viver-e-lidera-em-saude-e-inovacao-hoje\/","url":"https:\/\/www.correiobraziliense.com.br\/cbradar\/com-qualidade-de-vida-muito-alta-e-33-ilhas-esta-capital-e-a-2a-melhor-do-brasil-para-viver-e-lidera-em-saude-e-inovacao-hoje\/","name":"Com qualidade de vida muito alta e 33 ilhas, esta capital \u00e9 a 2\u00aa melhor do Brasil para viver e hoje lidera em sa\u00fade e inova\u00e7\u00e3o - Correio Braziliense - Radar","isPartOf":{"@id":"https:\/\/www.correiobraziliense.com.br\/cbradar\/#website"},"primaryImageOfPage":{"@id":"https:\/\/www.correiobraziliense.com.br\/cbradar\/com-qualidade-de-vida-muito-alta-e-33-ilhas-esta-capital-e-a-2a-melhor-do-brasil-para-viver-e-lidera-em-saude-e-inovacao-hoje\/#primaryimage"},"image":{"@id":"https:\/\/www.correiobraziliense.com.br\/cbradar\/com-qualidade-de-vida-muito-alta-e-33-ilhas-esta-capital-e-a-2a-melhor-do-brasil-para-viver-e-lidera-em-saude-e-inovacao-hoje\/#primaryimage"},"thumbnailUrl":"https:\/\/www.correiobraziliense.com.br\/cbradar\/wp-content\/uploads\/2026\/03\/aaa-2026-03-11T004551.669.png","datePublished":"2026-03-11T10:55:00+00:00","dateModified":"2026-03-11T11:07:15+00:00","author":{"@id":"https:\/\/www.correiobraziliense.com.br\/cbradar\/#\/schema\/person\/4053c651a9bfc785afc6f4cbc9032fd3"},"description":"Capital brasileira formada por 33 ilhas se destaca pela qualidade de vida elevada, lideran\u00e7a em sa\u00fade e inova\u00e7\u00e3o.","breadcrumb":{"@id":"https:\/\/www.correiobraziliense.com.br\/cbradar\/com-qualidade-de-vida-muito-alta-e-33-ilhas-esta-capital-e-a-2a-melhor-do-brasil-para-viver-e-lidera-em-saude-e-inovacao-hoje\/#breadcrumb"},"inLanguage":"pt-BR","potentialAction":[{"@type":"ReadAction","target":["https:\/\/www.correiobraziliense.com.br\/cbradar\/com-qualidade-de-vida-muito-alta-e-33-ilhas-esta-capital-e-a-2a-melhor-do-brasil-para-viver-e-lidera-em-saude-e-inovacao-hoje\/"]}]},{"@type":"ImageObject","inLanguage":"pt-BR","@id":"https:\/\/www.correiobraziliense.com.br\/cbradar\/com-qualidade-de-vida-muito-alta-e-33-ilhas-esta-capital-e-a-2a-melhor-do-brasil-para-viver-e-lidera-em-saude-e-inovacao-hoje\/#primaryimage","url":"https:\/\/www.correiobraziliense.com.br\/cbradar\/wp-content\/uploads\/2026\/03\/aaa-2026-03-11T004551.669.png","contentUrl":"https:\/\/www.correiobraziliense.com.br\/cbradar\/wp-content\/uploads\/2026\/03\/aaa-2026-03-11T004551.669.png","width":1280,"height":720,"caption":"O IDHM de 0,845, classificado como muito alto, coloca a capital capixaba na segunda posi\u00e7\u00e3o entre todas as capitais brasileiras. \/ Imagem ilustrativa"},{"@type":"BreadcrumbList","@id":"https:\/\/www.correiobraziliense.com.br\/cbradar\/com-qualidade-de-vida-muito-alta-e-33-ilhas-esta-capital-e-a-2a-melhor-do-brasil-para-viver-e-lidera-em-saude-e-inovacao-hoje\/#breadcrumb","itemListElement":[{"@type":"ListItem","position":1,"name":"In\u00edcio","item":"https:\/\/www.correiobraziliense.com.br\/cbradar\/"},{"@type":"ListItem","position":2,"name":"Com qualidade de vida muito alta e 33 ilhas, esta capital \u00e9 a 2\u00aa melhor do Brasil para viver e hoje lidera em sa\u00fade e inova\u00e7\u00e3o"}]},{"@type":"WebSite","@id":"https:\/\/www.correiobraziliense.com.br\/cbradar\/#website","url":"https:\/\/www.correiobraziliense.com.br\/cbradar\/","name":"Correio Braziliense - Radar","description":"Acompanhe as \u00faltimas not\u00edcias e fique bem informado sobre tudo o que acontece no Brasil e no mundo.","potentialAction":[{"@type":"SearchAction","target":{"@type":"EntryPoint","urlTemplate":"https:\/\/www.correiobraziliense.com.br\/cbradar\/?s={search_term_string}"},"query-input":{"@type":"PropertyValueSpecification","valueRequired":true,"valueName":"search_term_string"}}],"inLanguage":"pt-BR"},{"@type":"Person","@id":"https:\/\/www.correiobraziliense.com.br\/cbradar\/#\/schema\/person\/4053c651a9bfc785afc6f4cbc9032fd3","name":"Maura Pereira","image":{"@type":"ImageObject","inLanguage":"pt-BR","@id":"https:\/\/www.correiobraziliense.com.br\/cbradar\/#\/schema\/person\/image\/","url":"https:\/\/secure.gravatar.com\/avatar\/3effd6bdadfa447f15089c7f7144eaa6?s=96&d=mm&r=g","contentUrl":"https:\/\/secure.gravatar.com\/avatar\/3effd6bdadfa447f15089c7f7144eaa6?s=96&d=mm&r=g","caption":"Maura Pereira"},"sameAs":["https:\/\/www.correiobraziliense.com.br\/"],"url":"https:\/\/www.correiobraziliense.com.br\/cbradar\/author\/mauramyth\/"}]}},"_links":{"self":[{"href":"https:\/\/www.correiobraziliense.com.br\/cbradar\/wp-json\/wp\/v2\/posts\/206432","targetHints":{"allow":["GET"]}}],"collection":[{"href":"https:\/\/www.correiobraziliense.com.br\/cbradar\/wp-json\/wp\/v2\/posts"}],"about":[{"href":"https:\/\/www.correiobraziliense.com.br\/cbradar\/wp-json\/wp\/v2\/types\/post"}],"author":[{"embeddable":true,"href":"https:\/\/www.correiobraziliense.com.br\/cbradar\/wp-json\/wp\/v2\/users\/8"}],"replies":[{"embeddable":true,"href":"https:\/\/www.correiobraziliense.com.br\/cbradar\/wp-json\/wp\/v2\/comments?post=206432"}],"version-history":[{"count":13,"href":"https:\/\/www.correiobraziliense.com.br\/cbradar\/wp-json\/wp\/v2\/posts\/206432\/revisions"}],"predecessor-version":[{"id":206695,"href":"https:\/\/www.correiobraziliense.com.br\/cbradar\/wp-json\/wp\/v2\/posts\/206432\/revisions\/206695"}],"wp:featuredmedia":[{"embeddable":true,"href":"https:\/\/www.correiobraziliense.com.br\/cbradar\/wp-json\/wp\/v2\/media\/206582"}],"wp:attachment":[{"href":"https:\/\/www.correiobraziliense.com.br\/cbradar\/wp-json\/wp\/v2\/media?parent=206432"}],"wp:term":[{"taxonomy":"category","embeddable":true,"href":"https:\/\/www.correiobraziliense.com.br\/cbradar\/wp-json\/wp\/v2\/categories?post=206432"},{"taxonomy":"post_tag","embeddable":true,"href":"https:\/\/www.correiobraziliense.com.br\/cbradar\/wp-json\/wp\/v2\/post_tag?post=206432"}],"curies":[{"name":"wp","href":"https:\/\/api.w.org\/{rel}","templated":true}]}}