{"id":206437,"date":"2026-03-11T10:25:00","date_gmt":"2026-03-11T13:25:00","guid":{"rendered":"https:\/\/www.correiobraziliense.com.br\/cbradar\/?p=206437"},"modified":"2026-03-11T19:04:25","modified_gmt":"2026-03-11T22:04:25","slug":"a-cidade-a-76-km-de-sao-paulo-que-e-1a-do-brasil-em-educacao-e-seguranca","status":"publish","type":"post","link":"https:\/\/www.correiobraziliense.com.br\/cbradar\/a-cidade-a-76-km-de-sao-paulo-que-e-1a-do-brasil-em-educacao-e-seguranca\/","title":{"rendered":"A cidade a 76 km de S\u00e3o Paulo que \u00e9 1\u00aa do Brasil em educa\u00e7\u00e3o e seguran\u00e7a"},"content":{"rendered":"\n<p>Quem entra em <strong>Vinhedo<\/strong> pela <strong>Estrada da Boiada<\/strong> passa por parreirais que lembram que ali, antes dos condom\u00ednios e das ind\u00fastrias, havia um vilarejo de imigrantes italianos colhendo uva. Com cerca de 76 mil habitantes, a cidade no interior de <strong>S\u00e3o Paulo<\/strong> entrega n\u00fameros que capitais n\u00e3o conseguem igualar.<\/p>\n\n\n\n<h2 class=\"wp-block-heading\">Por que Vinhedo aparece no topo de tantos rankings?<\/h2>\n\n\n\n<p>O <strong>IDHM<\/strong> de 0,817, classificado como muito alto pelo <strong>Programa das Na\u00e7\u00f5es Unidas para o Desenvolvimento (PNUD)<\/strong>, coloca o munic\u00edpio entre os 15 melhores do pa\u00eds. A <a href=\"https:\/\/www.vinhedo.sp.gov.br\/portal\/noticias\/0\/3\/16964\/vinhedo-e-primeira-cidade-do-brasil-em-acesso-a-educacao-e-seguranca-em-ranking-de-competitividade\" target=\"_blank\" rel=\"noreferrer noopener\"><strong>Prefeitura de Vinhedo<\/strong><\/a> destaca que a cidade alcan\u00e7ou a primeira posi\u00e7\u00e3o nacional nos indicadores de acesso \u00e0 educa\u00e7\u00e3o e seguran\u00e7a no Ranking de Competitividade dos Munic\u00edpios.<\/p>\n\n\n\n<p>A expectativa de vida do vinhedense passou de 74 para quase 78 anos entre 2000 e 2010. No campo da seguran\u00e7a, o <strong>Instituto Sou da Paz<\/strong> posiciona Vinhedo entre as 15 cidades menos violentas do estado, e o munic\u00edpio opera um <strong>Centro de Opera\u00e7\u00f5es <\/strong>Integradas com 600 c\u00e2meras de monitoramento. Para uma cidade de porte m\u00e9dio, s\u00e3o indicadores dif\u00edceis de encontrar fora dos melhores bairros das capitais.<\/p>\n\n\n<div class=\"wp-block-image\">\n<figure class=\"aligncenter size-large\"><img decoding=\"async\" width=\"1024\" height=\"576\" src=\"https:\/\/www.correiobraziliense.com.br\/cbradar\/wp-content\/uploads\/2025\/05\/Edicoes-11-1-1024x576.png\" alt=\"Cidade do interior paulista \u00e9 ideal para viver com padr\u00e3o de vida alto\" class=\"wp-image-40477\" srcset=\"https:\/\/www.correiobraziliense.com.br\/cbradar\/wp-content\/uploads\/2025\/05\/Edicoes-11-1-1024x576.png 1024w, https:\/\/www.correiobraziliense.com.br\/cbradar\/wp-content\/uploads\/2025\/05\/Edicoes-11-1-300x169.png 300w, https:\/\/www.correiobraziliense.com.br\/cbradar\/wp-content\/uploads\/2025\/05\/Edicoes-11-1-768x432.png 768w, https:\/\/www.correiobraziliense.com.br\/cbradar\/wp-content\/uploads\/2025\/05\/Edicoes-11-1-750x422.png 750w, https:\/\/www.correiobraziliense.com.br\/cbradar\/wp-content\/uploads\/2025\/05\/Edicoes-11-1-1140x641.png 1140w, https:\/\/www.correiobraziliense.com.br\/cbradar\/wp-content\/uploads\/2025\/05\/Edicoes-11-1.png 1280w\" sizes=\"(max-width: 1024px) 100vw, 1024px\" \/><figcaption class=\"wp-element-caption\">A tranquilidade e a beleza natural de Vinhedo\ufeff, um ref\u00fagio no interior de S\u00e3o Paulo\ufeff. \/\/ Reprodu\u00e7\u00e3o: Wikip\u00e9dia<\/figcaption><\/figure><\/div>\n\n\n<h2 class=\"wp-block-heading\">De pousada de tropeiros a terra do vinho<\/h2>\n\n\n\n<p><strong>A hist\u00f3ria come\u00e7ou por volta de 1620, quando o povoado servia de parada na rota dos bandeirantes.<\/strong> Em <strong>1908<\/strong>, o lugar foi oficializado como Distrito de Paz de Rocinha, ligado a <strong>Jundia\u00ed<\/strong>. Imigrantes italianos chegaram e plantaram videiras nos vales, aproveitando o clima subtropical. A uva deu t\u00e3o certo que batizou a emancipa\u00e7\u00e3o: em <strong>1948<\/strong>, no mesmo ano do plebiscito que criou o munic\u00edpio, aconteceu a primeira <strong>Festa da Uva<\/strong>.<\/p>\n\n\n\n<p>A cidade trocou de nome, mas n\u00e3o de voca\u00e7\u00e3o. At\u00e9 hoje, adegas familiares como a <strong>Fam\u00edlia Ferragut<\/strong> e a <strong>Fam\u00edlia Baccetti<\/strong> produzem vinhos artesanais e recebem visitantes para degusta\u00e7\u00e3o entre as parreiras. Vinhedo integra o <strong>Circuito das Frutas<\/strong> do interior paulista.<\/p>\n\n\n\n<h2 class=\"wp-block-heading\">Como \u00e9 o cotidiano de quem mora na cidade?<\/h2>\n\n\n\n<p>A rotina do vinhedense combina estrutura urbana com h\u00e1bitos de interior. As tr\u00eas represas pr\u00f3ximas ao centro funcionam como parques a c\u00e9u aberto: moradores caminham, correm e fazem piquenique \u00e0 beira d&#8217;\u00e1gua sem sair do per\u00edmetro urbano. O <strong>Parque Municipal Jayme Ferragut<\/strong>, com 92.500 m\u00b2, abriga lago, quadra poliesportiva e pista de caminhada.<\/p>\n\n\n\n<p>A rede de ensino p\u00fablico registra mais de 95% de escolariza\u00e7\u00e3o entre crian\u00e7as de 5 a 14 anos. A cidade eliminou o analfabetismo em 2015 e mant\u00e9m alunos em tempo integral no ensino fundamental em propor\u00e7\u00f5es que a levaram ao topo nacional nesse indicador. Fam\u00edlias que se mudam para Vinhedo costumam citar a combina\u00e7\u00e3o de escola p\u00fablica forte, baixa criminalidade e proximidade com <strong>Campinas<\/strong> (18 km) e <strong>S\u00e3o Paulo<\/strong> (76 km) como os motivos da decis\u00e3o.<\/p>\n\n\n\n<p><strong>Vinhedo \u00e9 uma cidade encantadora do interior paulista que combina a tranquilidade rural com uma infraestrutura de alto n\u00edvel.<\/strong> O v\u00eddeo \u00e9 do canal <strong>Coisas do Mundo<\/strong>, que conta com mais de <strong>800 mil inscritos<\/strong>, e apresenta os motivos que tornam a cidade uma das melhores para se viver e visitar no Brasil:<\/p>\n\n\n\n<figure class=\"wp-block-embed aligncenter is-type-video is-provider-youtube wp-block-embed-youtube wp-embed-aspect-16-9 wp-has-aspect-ratio\"><div class=\"wp-block-embed__wrapper\">\n<div class=\"jeg_video_container jeg_video_content\"><iframe loading=\"lazy\" title=\"VINHEDO (S\u00e3o Paulo) - Conhe\u00e7a a joia do interior paulista.\" width=\"500\" height=\"281\" src=\"https:\/\/www.youtube.com\/embed\/BNHp003C2MI?feature=oembed\" frameborder=\"0\" allow=\"accelerometer; autoplay; clipboard-write; encrypted-media; gyroscope; picture-in-picture; web-share\" referrerpolicy=\"strict-origin-when-cross-origin\" allowfullscreen><\/iframe><\/div>\n<\/div><\/figure>\n\n\n\n<h2 class=\"wp-block-heading\">O que fazer no tempo livre sem sair da cidade?<\/h2>\n\n\n\n<p>O lazer em Vinhedo vai de adegas artesanais a um observat\u00f3rio da <strong>USP<\/strong>. A oferta surpreende para um munic\u00edpio desse porte.<\/p>\n\n\n\n<ul class=\"wp-block-list\">\n<li><strong>Adegas e vin\u00edcolas<\/strong>: a Fam\u00edlia Ferragut oferece degusta\u00e7\u00e3o com antepastos e 12 r\u00f3tulos de 9 uvas diferentes. A Baccetti produz vinhos e espumantes em escala familiar.<\/li>\n\n\n\n<li><strong>Mosteiro de S\u00e3o Bento<\/strong>: constru\u00eddo em 1958, com arquitetura moderna em meio \u00e0 mata. Os monges produzem p\u00e3es, mel e velas artesanais. As missas t\u00eam canto gregoriano acompanhado por \u00f3rg\u00e3o de tubos.<\/li>\n\n\n\n<li><strong><a href=\"https:\/\/www.iag.usp.br\/institucional\/oam\" target=\"_blank\" rel=\"noreferrer noopener\">Observat\u00f3rio Abrah\u00e3o de Moraes (IAG-USP)<\/a><\/strong>: com acesso por Vinhedo, oferece noites de observa\u00e7\u00e3o p\u00fablica. D\u00e1 para ver os an\u00e9is de Saturno pelos telesc\u00f3pios. Agendamento obrigat\u00f3rio.<\/li>\n\n\n\n<li><strong>Hopi Hari<\/strong>: na divisa com <strong>Itupeva<\/strong>, ocupa 760 mil m\u00b2 e tem mais de 40 atra\u00e7\u00f5es, incluindo a <strong>Montezum<\/strong>, montanha-russa de madeira entre as maiores da Am\u00e9rica Latina.<\/li>\n\n\n\n<li><strong>Represa Jo\u00e3o Gasparini<\/strong>: \u00e1rea verde com quiosques, quadras e espa\u00e7o para piquenique, frequentada por fam\u00edlias aos fins de semana.<\/li>\n<\/ul>\n\n\n\n<p><strong>Leia tamb\u00e9m: <a href=\"https:\/\/www.correiobraziliense.com.br\/cbradar\/a-vila-de-pescadores-que-se-transformou-em-potencia-do-maior-festival-de-jazz-da-america-latina-com-15-praias-de-aguas-cristalinas\/\" target=\"_blank\" rel=\"noreferrer noopener\">A vila de pescadores que se transformou em pot\u00eancia do maior festival de jazz da Am\u00e9rica Latina com 15 praias de \u00e1guas cristalinas.<\/a><\/strong><\/p>\n\n\n\n<h2 class=\"wp-block-heading\">Quando o clima favorece cada programa?<\/h2>\n\n\n\n<p>O clima subtropical de Vinhedo tem ver\u00f5es quentes e chuvosos e invernos secos com noites frescas. A colheita da uva ocorre entre janeiro e mar\u00e7o, per\u00edodo da Festa da Uva.<\/p>\n\n\n<div class=\"wp-block-image\">\n<figure class=\"aligncenter size-full\"><img decoding=\"async\" width=\"1280\" height=\"449\" src=\"https:\/\/www.correiobraziliense.com.br\/cbradar\/wp-content\/uploads\/2026\/03\/convertido-3-1.jpg\" alt=\"\" class=\"wp-image-206517\" srcset=\"https:\/\/www.correiobraziliense.com.br\/cbradar\/wp-content\/uploads\/2026\/03\/convertido-3-1.jpg 1280w, https:\/\/www.correiobraziliense.com.br\/cbradar\/wp-content\/uploads\/2026\/03\/convertido-3-1-300x105.jpg 300w, https:\/\/www.correiobraziliense.com.br\/cbradar\/wp-content\/uploads\/2026\/03\/convertido-3-1-768x269.jpg 768w, https:\/\/www.correiobraziliense.com.br\/cbradar\/wp-content\/uploads\/2026\/03\/convertido-3-1-750x263.jpg 750w, https:\/\/www.correiobraziliense.com.br\/cbradar\/wp-content\/uploads\/2026\/03\/convertido-3-1-1140x400.jpg 1140w\" sizes=\"(max-width: 1280px) 100vw, 1280px\" \/><\/figure><\/div>\n\n\n<p><em>Temperaturas aproximadas com base no <a href=\"https:\/\/www.climatempo.com.br\/previsao-do-tempo\/cidade\/575\/vinhedo-sp\" target=\"_blank\" rel=\"noreferrer noopener\"><strong>Climatempo<\/strong><\/a>. Condi\u00e7\u00f5es podem variar.<\/em><\/p>\n\n\n<div class=\"wp-block-image\">\n<figure class=\"aligncenter size-large\"><img decoding=\"async\" src=\"https:\/\/www.correiobraziliense.com.br\/cbradar\/wp-content\/uploads\/2025\/11\/Santos-Dumont-84-1024x576.png\" alt=\"A cidade a 75 km de S\u00e3o Paulo que exibe \u00edndices de qualidade de vida comparados a Europa e brilha em prosperidade com sabor de vinho\" class=\"wp-image-138142\"\/><figcaption class=\"wp-element-caption\">Venha curtir Vinhedo, suas paisagens lindas, vinhos artesanais e festas animadas! \/\/ Cr\u00e9ditos: YouTube @plenoimoveisimobiliaria<\/figcaption><\/figure><\/div>\n\n\n<h2 class=\"wp-block-heading\">Como chegar \u00e0 terra do vinho paulista?<\/h2>\n\n\n\n<p>Vinhedo fica no km 72 da <strong>Rodovia dos Bandeirantes<\/strong>, a 76 km de <strong>S\u00e3o Paulo<\/strong> e 18 km de <strong>Campinas<\/strong>. O aeroporto mais pr\u00f3ximo \u00e9 o de <strong>Viracopos<\/strong>, a cerca de 20 km. A <strong>Rodovia Anhanguera<\/strong> e a <strong>Dom Pedro I<\/strong> tamb\u00e9m d\u00e3o acesso \u00e0 cidade, que funciona como entroncamento entre tr\u00eas das principais vias do interior paulista.<\/p>\n\n\n\n<h2 class=\"wp-block-heading\">Uma cidade que cresceu sem perder o quintal<\/h2>\n\n\n\n<p><strong>Vinhedo prova que desenvolvimento e tranquilidade podem dividir o mesmo endere\u00e7o.<\/strong> As parreiras que os italianos plantaram no come\u00e7o do s\u00e9culo passado ainda d\u00e3o fruto, e os rankings confirmam o que o morador sente no cotidiano: escola forte, rua segura, lazer a poucos minutos de casa.<\/p>\n\n\n\n<p>Se voc\u00ea procura qualidade de vida no interior paulista sem abrir m\u00e3o da proximidade com S\u00e3o Paulo, vale conhecer Vinhedo e sentir de perto por que tanta gente troca a capital por uma cidade onde o vinho ainda \u00e9 feito \u00e0 m\u00e3o.<\/p>\n","protected":false},"excerpt":{"rendered":"<p>Quem entra em Vinhedo pela Estrada da Boiada passa por parreirais que lembram que ali, antes dos condom\u00ednios e das ind\u00fastrias, havia um vilarejo de imigrantes italianos colhendo uva. Com cerca de 76 mil habitantes, a cidade no interior de S\u00e3o Paulo entrega n\u00fameros que capitais n\u00e3o conseguem igualar. Por que Vinhedo aparece no topo [&hellip;]<\/p>\n","protected":false},"author":8,"featured_media":206608,"comment_status":"open","ping_status":"open","sticky":false,"template":"","format":"standard","meta":{"_yoast_wpseo_focuskw":"S\u00e3o Paulo","_yoast_wpseo_title":"","_yoast_wpseo_metadesc":"A 76 km de S\u00e3o Paulo, cidade do interior lidera o Brasil em educa\u00e7\u00e3o e seguran\u00e7a, atraindo novos moradores.","jnews-multi-image_gallery":[],"jnews_single_post":{"format":"standard"},"jnews_primary_category":[],"jnews_social_meta":[],"jnews_override_counter":[],"footnotes":""},"categories":[108,111],"tags":[278,5086],"class_list":["post-206437","post","type-post","status-publish","format-standard","has-post-thumbnail","hentry","category-cidades","category-turismo","tag-sao-paulo","tag-vinhedo"],"yoast_head":"<!-- This site is optimized with the Yoast SEO plugin v24.6 - https:\/\/yoast.com\/wordpress\/plugins\/seo\/ -->\n<title>A cidade a 76 km de S\u00e3o Paulo que \u00e9 1\u00aa do Brasil em educa\u00e7\u00e3o e seguran\u00e7a - Correio Braziliense - Radar<\/title>\n<meta name=\"description\" content=\"A 76 km de S\u00e3o Paulo, cidade do interior lidera o Brasil em educa\u00e7\u00e3o e seguran\u00e7a, atraindo novos moradores.\" \/>\n<meta name=\"robots\" content=\"index, follow, max-snippet:-1, max-image-preview:large, max-video-preview:-1\" \/>\n<link rel=\"canonical\" href=\"https:\/\/www.correiobraziliense.com.br\/cbradar\/a-cidade-a-76-km-de-sao-paulo-que-e-1a-do-brasil-em-educacao-e-seguranca\/\" \/>\n<meta property=\"og:locale\" content=\"pt_BR\" \/>\n<meta property=\"og:type\" content=\"article\" \/>\n<meta property=\"og:title\" content=\"A cidade a 76 km de S\u00e3o Paulo que \u00e9 1\u00aa do Brasil em educa\u00e7\u00e3o e seguran\u00e7a - Correio Braziliense - Radar\" \/>\n<meta property=\"og:description\" content=\"A 76 km de S\u00e3o Paulo, cidade do interior lidera o Brasil em educa\u00e7\u00e3o e seguran\u00e7a, atraindo novos moradores.\" \/>\n<meta property=\"og:url\" content=\"https:\/\/www.correiobraziliense.com.br\/cbradar\/a-cidade-a-76-km-de-sao-paulo-que-e-1a-do-brasil-em-educacao-e-seguranca\/\" \/>\n<meta property=\"og:site_name\" content=\"Correio Braziliense - Radar\" \/>\n<meta property=\"article:published_time\" content=\"2026-03-11T13:25:00+00:00\" \/>\n<meta property=\"article:modified_time\" content=\"2026-03-11T22:04:25+00:00\" \/>\n<meta property=\"og:image\" content=\"https:\/\/www.correiobraziliense.com.br\/cbradar\/wp-content\/uploads\/2026\/03\/aaa-2026-03-11T011212.984.png\" \/>\n\t<meta property=\"og:image:width\" content=\"1280\" \/>\n\t<meta property=\"og:image:height\" content=\"720\" \/>\n\t<meta property=\"og:image:type\" content=\"image\/png\" \/>\n<meta name=\"author\" content=\"Maura Pereira\" \/>\n<meta name=\"twitter:card\" content=\"summary_large_image\" \/>\n<meta name=\"twitter:label1\" content=\"Escrito por\" \/>\n\t<meta name=\"twitter:data1\" content=\"Maura Pereira\" \/>\n\t<meta name=\"twitter:label2\" content=\"Est. tempo de leitura\" \/>\n\t<meta name=\"twitter:data2\" content=\"6 minutos\" \/>\n<!-- \/ Yoast SEO plugin. -->","yoast_head_json":{"title":"A cidade a 76 km de S\u00e3o Paulo que \u00e9 1\u00aa do Brasil em educa\u00e7\u00e3o e seguran\u00e7a - Correio Braziliense - Radar","description":"A 76 km de S\u00e3o Paulo, cidade do interior lidera o Brasil em educa\u00e7\u00e3o e seguran\u00e7a, atraindo novos moradores.","robots":{"index":"index","follow":"follow","max-snippet":"max-snippet:-1","max-image-preview":"max-image-preview:large","max-video-preview":"max-video-preview:-1"},"canonical":"https:\/\/www.correiobraziliense.com.br\/cbradar\/a-cidade-a-76-km-de-sao-paulo-que-e-1a-do-brasil-em-educacao-e-seguranca\/","og_locale":"pt_BR","og_type":"article","og_title":"A cidade a 76 km de S\u00e3o Paulo que \u00e9 1\u00aa do Brasil em educa\u00e7\u00e3o e seguran\u00e7a - Correio Braziliense - Radar","og_description":"A 76 km de S\u00e3o Paulo, cidade do interior lidera o Brasil em educa\u00e7\u00e3o e seguran\u00e7a, atraindo novos moradores.","og_url":"https:\/\/www.correiobraziliense.com.br\/cbradar\/a-cidade-a-76-km-de-sao-paulo-que-e-1a-do-brasil-em-educacao-e-seguranca\/","og_site_name":"Correio Braziliense - Radar","article_published_time":"2026-03-11T13:25:00+00:00","article_modified_time":"2026-03-11T22:04:25+00:00","og_image":[{"width":1280,"height":720,"url":"https:\/\/www.correiobraziliense.com.br\/cbradar\/wp-content\/uploads\/2026\/03\/aaa-2026-03-11T011212.984.png","type":"image\/png"}],"author":"Maura Pereira","twitter_card":"summary_large_image","twitter_misc":{"Escrito por":"Maura Pereira","Est. tempo de leitura":"6 minutos"},"schema":{"@context":"https:\/\/schema.org","@graph":[{"@type":"WebPage","@id":"https:\/\/www.correiobraziliense.com.br\/cbradar\/a-cidade-a-76-km-de-sao-paulo-que-e-1a-do-brasil-em-educacao-e-seguranca\/","url":"https:\/\/www.correiobraziliense.com.br\/cbradar\/a-cidade-a-76-km-de-sao-paulo-que-e-1a-do-brasil-em-educacao-e-seguranca\/","name":"A cidade a 76 km de S\u00e3o Paulo que \u00e9 1\u00aa do Brasil em educa\u00e7\u00e3o e seguran\u00e7a - Correio Braziliense - Radar","isPartOf":{"@id":"https:\/\/www.correiobraziliense.com.br\/cbradar\/#website"},"primaryImageOfPage":{"@id":"https:\/\/www.correiobraziliense.com.br\/cbradar\/a-cidade-a-76-km-de-sao-paulo-que-e-1a-do-brasil-em-educacao-e-seguranca\/#primaryimage"},"image":{"@id":"https:\/\/www.correiobraziliense.com.br\/cbradar\/a-cidade-a-76-km-de-sao-paulo-que-e-1a-do-brasil-em-educacao-e-seguranca\/#primaryimage"},"thumbnailUrl":"https:\/\/www.correiobraziliense.com.br\/cbradar\/wp-content\/uploads\/2026\/03\/aaa-2026-03-11T011212.984.png","datePublished":"2026-03-11T13:25:00+00:00","dateModified":"2026-03-11T22:04:25+00:00","author":{"@id":"https:\/\/www.correiobraziliense.com.br\/cbradar\/#\/schema\/person\/4053c651a9bfc785afc6f4cbc9032fd3"},"description":"A 76 km de S\u00e3o Paulo, cidade do interior lidera o Brasil em educa\u00e7\u00e3o e seguran\u00e7a, atraindo novos moradores.","breadcrumb":{"@id":"https:\/\/www.correiobraziliense.com.br\/cbradar\/a-cidade-a-76-km-de-sao-paulo-que-e-1a-do-brasil-em-educacao-e-seguranca\/#breadcrumb"},"inLanguage":"pt-BR","potentialAction":[{"@type":"ReadAction","target":["https:\/\/www.correiobraziliense.com.br\/cbradar\/a-cidade-a-76-km-de-sao-paulo-que-e-1a-do-brasil-em-educacao-e-seguranca\/"]}]},{"@type":"ImageObject","inLanguage":"pt-BR","@id":"https:\/\/www.correiobraziliense.com.br\/cbradar\/a-cidade-a-76-km-de-sao-paulo-que-e-1a-do-brasil-em-educacao-e-seguranca\/#primaryimage","url":"https:\/\/www.correiobraziliense.com.br\/cbradar\/wp-content\/uploads\/2026\/03\/aaa-2026-03-11T011212.984.png","contentUrl":"https:\/\/www.correiobraziliense.com.br\/cbradar\/wp-content\/uploads\/2026\/03\/aaa-2026-03-11T011212.984.png","width":1280,"height":720,"caption":"Vinhedo prova que desenvolvimento e tranquilidade podem dividir o mesmo endere\u00e7o. \/ Imagem ilustrativa"},{"@type":"BreadcrumbList","@id":"https:\/\/www.correiobraziliense.com.br\/cbradar\/a-cidade-a-76-km-de-sao-paulo-que-e-1a-do-brasil-em-educacao-e-seguranca\/#breadcrumb","itemListElement":[{"@type":"ListItem","position":1,"name":"In\u00edcio","item":"https:\/\/www.correiobraziliense.com.br\/cbradar\/"},{"@type":"ListItem","position":2,"name":"A cidade a 76 km de S\u00e3o Paulo que \u00e9 1\u00aa do Brasil em educa\u00e7\u00e3o e seguran\u00e7a"}]},{"@type":"WebSite","@id":"https:\/\/www.correiobraziliense.com.br\/cbradar\/#website","url":"https:\/\/www.correiobraziliense.com.br\/cbradar\/","name":"Correio Braziliense - Radar","description":"Acompanhe as \u00faltimas not\u00edcias e fique bem informado sobre tudo o que acontece no Brasil e no mundo.","potentialAction":[{"@type":"SearchAction","target":{"@type":"EntryPoint","urlTemplate":"https:\/\/www.correiobraziliense.com.br\/cbradar\/?s={search_term_string}"},"query-input":{"@type":"PropertyValueSpecification","valueRequired":true,"valueName":"search_term_string"}}],"inLanguage":"pt-BR"},{"@type":"Person","@id":"https:\/\/www.correiobraziliense.com.br\/cbradar\/#\/schema\/person\/4053c651a9bfc785afc6f4cbc9032fd3","name":"Maura Pereira","image":{"@type":"ImageObject","inLanguage":"pt-BR","@id":"https:\/\/www.correiobraziliense.com.br\/cbradar\/#\/schema\/person\/image\/","url":"https:\/\/secure.gravatar.com\/avatar\/3effd6bdadfa447f15089c7f7144eaa6?s=96&d=mm&r=g","contentUrl":"https:\/\/secure.gravatar.com\/avatar\/3effd6bdadfa447f15089c7f7144eaa6?s=96&d=mm&r=g","caption":"Maura Pereira"},"sameAs":["https:\/\/www.correiobraziliense.com.br\/"],"url":"https:\/\/www.correiobraziliense.com.br\/cbradar\/author\/mauramyth\/"}]}},"_links":{"self":[{"href":"https:\/\/www.correiobraziliense.com.br\/cbradar\/wp-json\/wp\/v2\/posts\/206437","targetHints":{"allow":["GET"]}}],"collection":[{"href":"https:\/\/www.correiobraziliense.com.br\/cbradar\/wp-json\/wp\/v2\/posts"}],"about":[{"href":"https:\/\/www.correiobraziliense.com.br\/cbradar\/wp-json\/wp\/v2\/types\/post"}],"author":[{"embeddable":true,"href":"https:\/\/www.correiobraziliense.com.br\/cbradar\/wp-json\/wp\/v2\/users\/8"}],"replies":[{"embeddable":true,"href":"https:\/\/www.correiobraziliense.com.br\/cbradar\/wp-json\/wp\/v2\/comments?post=206437"}],"version-history":[{"count":8,"href":"https:\/\/www.correiobraziliense.com.br\/cbradar\/wp-json\/wp\/v2\/posts\/206437\/revisions"}],"predecessor-version":[{"id":206603,"href":"https:\/\/www.correiobraziliense.com.br\/cbradar\/wp-json\/wp\/v2\/posts\/206437\/revisions\/206603"}],"wp:featuredmedia":[{"embeddable":true,"href":"https:\/\/www.correiobraziliense.com.br\/cbradar\/wp-json\/wp\/v2\/media\/206608"}],"wp:attachment":[{"href":"https:\/\/www.correiobraziliense.com.br\/cbradar\/wp-json\/wp\/v2\/media?parent=206437"}],"wp:term":[{"taxonomy":"category","embeddable":true,"href":"https:\/\/www.correiobraziliense.com.br\/cbradar\/wp-json\/wp\/v2\/categories?post=206437"},{"taxonomy":"post_tag","embeddable":true,"href":"https:\/\/www.correiobraziliense.com.br\/cbradar\/wp-json\/wp\/v2\/tags?post=206437"}],"curies":[{"name":"wp","href":"https:\/\/api.w.org\/{rel}","templated":true}]}}