{"id":206454,"date":"2026-03-11T19:15:00","date_gmt":"2026-03-11T22:15:00","guid":{"rendered":"https:\/\/www.correiobraziliense.com.br\/cbradar\/?p=206454"},"modified":"2026-03-11T02:20:55","modified_gmt":"2026-03-11T05:20:55","slug":"a-unica-capital-do-nordeste-sem-praia-foi-planejada-como-uma-cidade-verde-entre-dois-rios-em-1852","status":"publish","type":"post","link":"https:\/\/www.correiobraziliense.com.br\/cbradar\/a-unica-capital-do-nordeste-sem-praia-foi-planejada-como-uma-cidade-verde-entre-dois-rios-em-1852\/","title":{"rendered":"A \u00fanica capital do Nordeste sem praia foi planejada como uma &#8220;Cidade Verde&#8221; entre dois rios em 1852"},"content":{"rendered":"\n<p>Enquanto as outras capitais nordestinas disputam turistas na orla, <strong>Teresina<\/strong> recebe quem chega entre dois rios. A capital do <strong>Piau\u00ed<\/strong> nasceu em <strong>1852<\/strong> como a primeira cidade planejada do Brasil, desenhada em tra\u00e7ado geom\u00e9trico \u00e0s margens do <strong>Rio Parna\u00edba<\/strong>. Chamada de <strong>Cidade Verde<\/strong> pela arboriza\u00e7\u00e3o densa e de <strong>Mesopot\u00e2mia Brasileira<\/strong> por estar espremida entre o Parna\u00edba e o <strong>Rio Poti<\/strong>, Teresina \u00e9 tamb\u00e9m a porta de entrada para alguns dos destinos naturais mais impressionantes do pa\u00eds.<\/p>\n\n\n\n<h2 class=\"wp-block-heading\">Uma capital projetada entre dois rios<\/h2>\n\n\n\n<p>A transfer\u00eancia da capital do Piau\u00ed de <strong>Oeiras<\/strong> para Teresina, em 1852, foi uma decis\u00e3o estrat\u00e9gica. A localiza\u00e7\u00e3o entre dois rios facilitava o transporte e o com\u00e9rcio com outras regi\u00f5es. O tra\u00e7ado geom\u00e9trico das ruas, raro no Brasil da \u00e9poca, deu \u00e0 cidade um ordenamento urbano que se percebe at\u00e9 hoje nas avenidas largas e nos quarteir\u00f5es regulares do centro.<\/p>\n\n\n\n<p>Foi nessa cidade que nasceu <strong>Torquato Neto<\/strong>, poeta e letrista fundamental do Tropicalismo. O <strong>Pal\u00e1cio Karnak<\/strong>, sede do governo estadual, carrega no nome a refer\u00eancia ao templo eg\u00edpcio e na arquitetura a inspira\u00e7\u00e3o em Portugal, Gr\u00e9cia e Roma. A poucos passos, a <strong>Pra\u00e7a Pedro II<\/strong> concentra edif\u00edcios neocl\u00e1ssicos e a <strong>Central de Artesanato<\/strong>, onde se encontram pe\u00e7as em opala e cer\u00e2mica piauiense.<\/p>\n\n\n<div class=\"wp-block-image\">\n<figure class=\"aligncenter size-large\"><img decoding=\"async\" width=\"1024\" height=\"576\" src=\"https:\/\/www.correiobraziliense.com.br\/cbradar\/wp-content\/uploads\/2025\/12\/Design-sem-nome-90-1024x576.png\" alt=\"A cidade verde do Nordeste est\u00e1 surpreendendo com a excel\u00eancia de polo m\u00e9dico regional e seu crescimento em qualidade de vida\" class=\"wp-image-158772\" srcset=\"https:\/\/www.correiobraziliense.com.br\/cbradar\/wp-content\/uploads\/2025\/12\/Design-sem-nome-90-1024x576.png 1024w, https:\/\/www.correiobraziliense.com.br\/cbradar\/wp-content\/uploads\/2025\/12\/Design-sem-nome-90-300x169.png 300w, https:\/\/www.correiobraziliense.com.br\/cbradar\/wp-content\/uploads\/2025\/12\/Design-sem-nome-90-768x432.png 768w, https:\/\/www.correiobraziliense.com.br\/cbradar\/wp-content\/uploads\/2025\/12\/Design-sem-nome-90-750x422.png 750w, https:\/\/www.correiobraziliense.com.br\/cbradar\/wp-content\/uploads\/2025\/12\/Design-sem-nome-90-1140x641.png 1140w, https:\/\/www.correiobraziliense.com.br\/cbradar\/wp-content\/uploads\/2025\/12\/Design-sem-nome-90.png 1280w\" sizes=\"(max-width: 1024px) 100vw, 1024px\" \/><figcaption class=\"wp-element-caption\">Parque Encontro dos Rios em Teresina-PI abrange 10 ha com trilhas ecol\u00f3gicas, lagoas e fauna nativa preservada no Poti-Parna\u00edba. \/\/ Cr\u00e9ditos: Wikip\u00e9dia<\/figcaption><\/figure><\/div>\n\n\n<h2 class=\"wp-block-heading\">O que visitar na Cidade Verde?<\/h2>\n\n\n\n<p><strong>Teresina compensa a aus\u00eancia de praia com parques urbanos, mirantes e um encontro de rios que rende um dos pores do sol mais bonitos do Nordeste. <\/strong>A maioria das atra\u00e7\u00f5es fica acess\u00edvel de carro de aplicativo.<\/p>\n\n\n\n<ul class=\"wp-block-list\">\n<li><strong>Mirante da Ponte Estaiada<\/strong>: inaugurado em 2010, o elevador panor\u00e2mico sobe a 95 metros de altura e oferece vista 360\u00b0 da cidade e dos dois rios. Recebe cerca de 50 mil visitantes por ano. Na base, barracas vendem artesanato e \u00e1gua de coco.<\/li>\n\n\n\n<li><strong>Parque Ambiental Encontro dos Rios<\/strong>: o ponto onde o Poti des\u00e1gua no Parna\u00edba forma um cen\u00e1rio natural com restaurantes flutuantes e p\u00f4r do sol de tirar foto. Passeios de barco saem do local.<\/li>\n\n\n\n<li><strong>Museu do Piau\u00ed<\/strong>: instalado em edif\u00edcio neocl\u00e1ssico no centro, abriga mais de 7 mil pe\u00e7as distribu\u00eddas em 12 salas, incluindo porcelanas chinesas, lou\u00e7as da Companhia das \u00cdndias e artefatos pr\u00e9-hist\u00f3ricos.<\/li>\n\n\n\n<li><strong>Theatro 4 de Setembro<\/strong>: inaugurado em 1894, \u00e9 a maior casa de espet\u00e1culos do estado, com 500 lugares. A fachada neocl\u00e1ssica e os detalhes decorativos merecem a visita guiada gratuita, que dura cerca de 15 minutos.<\/li>\n\n\n\n<li><strong>Parque Potycabana<\/strong>: \u00e0s margens do Rio Poti, com pistas de caminhada, ciclovia, quadras esportivas e eventos culturais. Abre todos os dias.<\/li>\n<\/ul>\n\n\n\n<p><strong>Teresina, a capital do Piau\u00ed, destaca-se por ser a \u00fanica capital do Nordeste que n\u00e3o fica no litoral e por ter sido a primeira cidade planeada do Brasil.<\/strong> O v\u00eddeo \u00e9 do canal <strong>Estevam Pelo Mundo<\/strong>, que conta com mais de <strong>1,4 milh\u00f5es de subscritores<\/strong>, e apresenta um guia completo sobre o que fazer, onde comer e a hist\u00f3ria desta cidade vibrante:<\/p>\n\n\n\n<figure class=\"wp-block-embed aligncenter is-type-video is-provider-youtube wp-block-embed-youtube wp-embed-aspect-16-9 wp-has-aspect-ratio\"><div class=\"wp-block-embed__wrapper\">\n<div class=\"jeg_video_container jeg_video_content\"><iframe loading=\"lazy\" title=\"TERESINA no PIAU\u00cd - O QUE FAZER?Onde ir, comer, se hospedar e muita hist\u00f3ria - 31\/60 #BRASIL60\" width=\"500\" height=\"281\" src=\"https:\/\/www.youtube.com\/embed\/GIE4lHENezc?feature=oembed\" frameborder=\"0\" allow=\"accelerometer; autoplay; clipboard-write; encrypted-media; gyroscope; picture-in-picture; web-share\" referrerpolicy=\"strict-origin-when-cross-origin\" allowfullscreen><\/iframe><\/div>\n<\/div><\/figure>\n\n\n\n<h2 class=\"wp-block-heading\">O que comer na terra da caju\u00edna?<\/h2>\n\n\n\n<p>A caju\u00edna gelada \u00e9 o cart\u00e3o de visita da cidade, mas a mesa piauiense vai muito al\u00e9m. A gastronomia de Teresina mistura ingredientes do sert\u00e3o com a tradi\u00e7\u00e3o ribeirinha dos dois rios.<\/p>\n\n\n\n<ul class=\"wp-block-list\">\n<li><strong>Caju\u00edna<\/strong>: suco de caju clarificado, sem a\u00e7\u00facar e sem conservantes. Servida gelada, \u00e9 o refresco oficial do calor teresinense.<\/li>\n\n\n\n<li><strong>Capote<\/strong>: galinha-d&#8217;angola preparada ao molho, prato tradicional das festas e reuni\u00f5es familiares.<\/li>\n\n\n\n<li><strong>Carne de sol com macaxeira<\/strong>: presente em praticamente todos os card\u00e1pios da cidade, do restaurante popular ao sofisticado.<\/li>\n\n\n\n<li><strong>Maria-isabel<\/strong>: arroz com carne de sol desfiada, temperado com cheiro-verde. Prato cotidiano que ganhou status de iguaria regional.<\/li>\n<\/ul>\n\n\n\n<h2 class=\"wp-block-heading\">De Teresina para os parques do Piau\u00ed<\/h2>\n\n\n\n<p>A capital funciona como base log\u00edstica para os destinos naturais mais conhecidos do estado. Com aeroporto e rodovias em boas condi\u00e7\u00f5es, \u00e9 poss\u00edvel combinar a visita urbana com roteiros de natureza nos dias seguintes.<\/p>\n\n\n\n<ul class=\"wp-block-list\">\n<li><strong>Parque Nacional de Sete Cidades<\/strong>: forma\u00e7\u00f5es rochosas e inscri\u00e7\u00f5es rupestres a 190 km de Teresina. Acesso pela <strong>BR-222<\/strong>.<\/li>\n\n\n\n<li><strong>Serra da Capivara<\/strong>: maior concentra\u00e7\u00e3o de s\u00edtios arqueol\u00f3gicos das Am\u00e9ricas, a 530 km da capital. Patrim\u00f4nio Mundial pela <strong>UNESCO<\/strong>.<\/li>\n\n\n\n<li><strong>Delta do Parna\u00edba<\/strong>: \u00fanico delta em mar aberto das Am\u00e9ricas, a 338 km. Ponto de partida da <strong>Rota das Emo\u00e7\u00f5es<\/strong>.<\/li>\n\n\n\n<li><strong>Cachoeira do Tingidor<\/strong>: queda d&#8217;\u00e1gua com tonalidade azulada e piscina natural em <strong>Juazeiro do Piau\u00ed<\/strong>, a 163 km.<\/li>\n<\/ul>\n\n\n<div class=\"wp-block-image\">\n<figure class=\"aligncenter size-large\"><img decoding=\"async\" width=\"1024\" height=\"576\" src=\"https:\/\/www.correiobraziliense.com.br\/cbradar\/wp-content\/uploads\/2025\/12\/Design-sem-nome-91-1024x576.png\" alt=\"A cidade verde do Nordeste est\u00e1 surpreendendo com a excel\u00eancia de polo m\u00e9dico regional e seu crescimento em qualidade de vida\" class=\"wp-image-158771\" srcset=\"https:\/\/www.correiobraziliense.com.br\/cbradar\/wp-content\/uploads\/2025\/12\/Design-sem-nome-91-1024x576.png 1024w, https:\/\/www.correiobraziliense.com.br\/cbradar\/wp-content\/uploads\/2025\/12\/Design-sem-nome-91-300x169.png 300w, https:\/\/www.correiobraziliense.com.br\/cbradar\/wp-content\/uploads\/2025\/12\/Design-sem-nome-91-768x432.png 768w, https:\/\/www.correiobraziliense.com.br\/cbradar\/wp-content\/uploads\/2025\/12\/Design-sem-nome-91-750x422.png 750w, https:\/\/www.correiobraziliense.com.br\/cbradar\/wp-content\/uploads\/2025\/12\/Design-sem-nome-91-1140x641.png 1140w, https:\/\/www.correiobraziliense.com.br\/cbradar\/wp-content\/uploads\/2025\/12\/Design-sem-nome-91.png 1280w\" sizes=\"(max-width: 1024px) 100vw, 1024px\" \/><figcaption class=\"wp-element-caption\">Teresina-PI revela Encontro dos Rios, Ponte Estaiada e Polo Cer\u00e2mico no cora\u00e7\u00e3o nordestino com parques urbanos vibrantes. \/\/ Cr\u00e9ditos: Wikip\u00e9dia<\/figcaption><\/figure><\/div>\n\n\n<p><strong>Leia tamb\u00e9m: <a href=\"https:\/\/www.correiobraziliense.com.br\/cbradar\/a-vila-de-pescadores-que-se-transformou-em-potencia-do-maior-festival-de-jazz-da-america-latina-com-15-praias-de-aguas-cristalinas\/\" target=\"_blank\" rel=\"noreferrer noopener\">A vila de pescadores que se transformou em pot\u00eancia do maior festival de jazz da Am\u00e9rica Latina com 15 praias de \u00e1guas cristalinas.<\/a><\/strong><\/p>\n\n\n\n<h2 class=\"wp-block-heading\">Quando visitar a Mesopot\u00e2mia Brasileira?<\/h2>\n\n\n\n<p>Teresina \u00e9 uma das capitais mais quentes do Brasil. O calor \u00e9 intenso o ano inteiro, com pico entre setembro e novembro, quando os term\u00f4metros passam dos 40 \u00b0C. A esta\u00e7\u00e3o chuvosa (janeiro a abril) ameniza as temperaturas e deixa a cidade ainda mais verde.<\/p>\n\n\n<div class=\"wp-block-image\">\n<figure class=\"aligncenter size-full\"><img decoding=\"async\" width=\"1280\" height=\"457\" src=\"https:\/\/www.correiobraziliense.com.br\/cbradar\/wp-content\/uploads\/2026\/03\/convertido-8-1.jpg\" alt=\"\" class=\"wp-image-206535\" srcset=\"https:\/\/www.correiobraziliense.com.br\/cbradar\/wp-content\/uploads\/2026\/03\/convertido-8-1.jpg 1280w, https:\/\/www.correiobraziliense.com.br\/cbradar\/wp-content\/uploads\/2026\/03\/convertido-8-1-300x107.jpg 300w, https:\/\/www.correiobraziliense.com.br\/cbradar\/wp-content\/uploads\/2026\/03\/convertido-8-1-768x274.jpg 768w, https:\/\/www.correiobraziliense.com.br\/cbradar\/wp-content\/uploads\/2026\/03\/convertido-8-1-750x268.jpg 750w, https:\/\/www.correiobraziliense.com.br\/cbradar\/wp-content\/uploads\/2026\/03\/convertido-8-1-1140x407.jpg 1140w\" sizes=\"(max-width: 1280px) 100vw, 1280px\" \/><\/figure><\/div>\n\n\n<p><em>Temperaturas aproximadas com base no <a href=\"https:\/\/www.climatempo.com.br\/previsao-do-tempo\/cidade\/264\/teresina-pi\" target=\"_blank\" rel=\"noreferrer noopener\"><strong>Climatempo<\/strong><\/a>. Condi\u00e7\u00f5es podem variar.<\/em><\/p>\n\n\n<div class=\"wp-block-image\">\n<figure class=\"aligncenter size-large\"><img decoding=\"async\" width=\"1024\" height=\"576\" src=\"https:\/\/www.correiobraziliense.com.br\/cbradar\/wp-content\/uploads\/2025\/12\/Design-sem-nome-92-1024x576.png\" alt=\"A cidade verde do Nordeste est\u00e1 surpreendendo com a excel\u00eancia de polo m\u00e9dico regional e seu crescimento em qualidade de vida\" class=\"wp-image-158769\" srcset=\"https:\/\/www.correiobraziliense.com.br\/cbradar\/wp-content\/uploads\/2025\/12\/Design-sem-nome-92-1024x576.png 1024w, https:\/\/www.correiobraziliense.com.br\/cbradar\/wp-content\/uploads\/2025\/12\/Design-sem-nome-92-300x169.png 300w, https:\/\/www.correiobraziliense.com.br\/cbradar\/wp-content\/uploads\/2025\/12\/Design-sem-nome-92-768x432.png 768w, https:\/\/www.correiobraziliense.com.br\/cbradar\/wp-content\/uploads\/2025\/12\/Design-sem-nome-92-750x422.png 750w, https:\/\/www.correiobraziliense.com.br\/cbradar\/wp-content\/uploads\/2025\/12\/Design-sem-nome-92-1140x641.png 1140w, https:\/\/www.correiobraziliense.com.br\/cbradar\/wp-content\/uploads\/2025\/12\/Design-sem-nome-92.png 1280w\" sizes=\"(max-width: 1024px) 100vw, 1024px\" \/><figcaption class=\"wp-element-caption\">Teresina-PI oferece roteiros familiares com museu hist\u00f3rico e mirantes acess\u00edveis para explorar rios e tradi\u00e7\u00e3o local. \/\/ Cr\u00e9ditos: Wikip\u00e9dia<\/figcaption><\/figure><\/div>\n\n\n<h2 class=\"wp-block-heading\">Como chegar \u00e0 capital do Piau\u00ed?<\/h2>\n\n\n\n<p>O <strong>Aeroporto Senador Petr\u00f4nio Portella<\/strong> fica a 4 km do centro e recebe voos de <strong>S\u00e3o Paulo<\/strong>, <strong>Bras\u00edlia<\/strong>, <strong>Fortaleza<\/strong> e outras capitais. Por estrada, Teresina est\u00e1 a 436 km de <strong>S\u00e3o Lu\u00eds<\/strong> e a 604 km de <strong>Fortaleza<\/strong>. A cidade faz divisa com <strong>Timon<\/strong>, no <strong>Maranh\u00e3o<\/strong>, conectada por pontes sobre o Parna\u00edba.<\/p>\n\n\n\n<h2 class=\"wp-block-heading\">A capital que troca o mar por dois rios e n\u00e3o perde nada<\/h2>\n\n\n\n<p><strong>Teresina prova que capital nordestina n\u00e3o precisa de litoral para encantar.<\/strong> Os dois rios que abra\u00e7am a cidade oferecem p\u00f4r do sol, passeio de barco e praias de \u00e1gua doce. No centro, a hist\u00f3ria do Piau\u00ed se espalha entre museus, teatros e pra\u00e7as arborizadas. E a caju\u00edna gelada, servida em qualquer esquina, faz o calor parecer parte do charme.<\/p>\n\n\n\n<p>Se voc\u00ea est\u00e1 montando um roteiro pelo Piau\u00ed, comece por Teresina e deixe a Cidade Verde mostrar que o Nordeste tem muito mais a oferecer do que o que cabe numa faixa de areia.<\/p>\n","protected":false},"excerpt":{"rendered":"<p>Enquanto as outras capitais nordestinas disputam turistas na orla, Teresina recebe quem chega entre dois rios. A capital do Piau\u00ed nasceu em 1852 como a primeira cidade planejada do Brasil, desenhada em tra\u00e7ado geom\u00e9trico \u00e0s margens do Rio Parna\u00edba. Chamada de Cidade Verde pela arboriza\u00e7\u00e3o densa e de Mesopot\u00e2mia Brasileira por estar espremida entre o [&hellip;]<\/p>\n","protected":false},"author":8,"featured_media":206660,"comment_status":"open","ping_status":"open","sticky":false,"template":"","format":"standard","meta":{"_yoast_wpseo_focuskw":"capital do Nordeste","_yoast_wpseo_title":"","_yoast_wpseo_metadesc":"Planejada em 1852 entre dois rios, a \u00fanica capital do Nordeste sem praia ficou conhecida como Cidade Verde.","jnews-multi-image_gallery":[],"jnews_single_post":{"format":"standard"},"jnews_primary_category":[],"jnews_social_meta":[],"jnews_override_counter":[],"footnotes":""},"categories":[108,111],"post_tag":[3034,12978],"class_list":["post-206454","post","type-post","status-publish","format-standard","has-post-thumbnail","hentry","category-cidades","category-turismo","tag-piaui","tag-teresina"],"yoast_head":"<!-- This site is optimized with the Yoast SEO plugin v24.6 - https:\/\/yoast.com\/wordpress\/plugins\/seo\/ -->\n<title>A \u00fanica capital do Nordeste sem praia foi planejada como uma &quot;Cidade Verde&quot; entre dois rios em 1852 - Correio Braziliense - Radar<\/title>\n<meta name=\"description\" content=\"Planejada em 1852 entre dois rios, a \u00fanica capital do Nordeste sem praia ficou conhecida como Cidade Verde.\" \/>\n<meta name=\"robots\" content=\"index, follow, max-snippet:-1, max-image-preview:large, max-video-preview:-1\" \/>\n<link rel=\"canonical\" href=\"https:\/\/www.correiobraziliense.com.br\/cbradar\/a-unica-capital-do-nordeste-sem-praia-foi-planejada-como-uma-cidade-verde-entre-dois-rios-em-1852\/\" \/>\n<meta property=\"og:locale\" content=\"pt_BR\" \/>\n<meta property=\"og:type\" content=\"article\" \/>\n<meta property=\"og:title\" content=\"A \u00fanica capital do Nordeste sem praia foi planejada como uma &quot;Cidade Verde&quot; entre dois rios em 1852 - Correio Braziliense - Radar\" \/>\n<meta property=\"og:description\" content=\"Planejada em 1852 entre dois rios, a \u00fanica capital do Nordeste sem praia ficou conhecida como Cidade Verde.\" \/>\n<meta property=\"og:url\" content=\"https:\/\/www.correiobraziliense.com.br\/cbradar\/a-unica-capital-do-nordeste-sem-praia-foi-planejada-como-uma-cidade-verde-entre-dois-rios-em-1852\/\" \/>\n<meta property=\"og:site_name\" content=\"Correio Braziliense - Radar\" \/>\n<meta property=\"article:published_time\" content=\"2026-03-11T22:15:00+00:00\" \/>\n<meta property=\"og:image\" content=\"https:\/\/www.correiobraziliense.com.br\/cbradar\/wp-content\/uploads\/2026\/03\/aaa-2026-03-11T021942.273.png\" \/>\n\t<meta property=\"og:image:width\" content=\"1280\" \/>\n\t<meta property=\"og:image:height\" content=\"720\" \/>\n\t<meta property=\"og:image:type\" content=\"image\/png\" \/>\n<meta name=\"author\" content=\"Maura Pereira\" \/>\n<meta name=\"twitter:card\" content=\"summary_large_image\" \/>\n<meta name=\"twitter:label1\" content=\"Escrito por\" \/>\n\t<meta name=\"twitter:data1\" content=\"Maura Pereira\" \/>\n\t<meta name=\"twitter:label2\" content=\"Est. tempo de leitura\" \/>\n\t<meta name=\"twitter:data2\" content=\"7 minutos\" \/>\n<!-- \/ Yoast SEO plugin. -->","yoast_head_json":{"title":"A \u00fanica capital do Nordeste sem praia foi planejada como uma \"Cidade Verde\" entre dois rios em 1852 - Correio Braziliense - Radar","description":"Planejada em 1852 entre dois rios, a \u00fanica capital do Nordeste sem praia ficou conhecida como Cidade Verde.","robots":{"index":"index","follow":"follow","max-snippet":"max-snippet:-1","max-image-preview":"max-image-preview:large","max-video-preview":"max-video-preview:-1"},"canonical":"https:\/\/www.correiobraziliense.com.br\/cbradar\/a-unica-capital-do-nordeste-sem-praia-foi-planejada-como-uma-cidade-verde-entre-dois-rios-em-1852\/","og_locale":"pt_BR","og_type":"article","og_title":"A \u00fanica capital do Nordeste sem praia foi planejada como uma \"Cidade Verde\" entre dois rios em 1852 - Correio Braziliense - Radar","og_description":"Planejada em 1852 entre dois rios, a \u00fanica capital do Nordeste sem praia ficou conhecida como Cidade Verde.","og_url":"https:\/\/www.correiobraziliense.com.br\/cbradar\/a-unica-capital-do-nordeste-sem-praia-foi-planejada-como-uma-cidade-verde-entre-dois-rios-em-1852\/","og_site_name":"Correio Braziliense - Radar","article_published_time":"2026-03-11T22:15:00+00:00","og_image":[{"width":1280,"height":720,"url":"https:\/\/www.correiobraziliense.com.br\/cbradar\/wp-content\/uploads\/2026\/03\/aaa-2026-03-11T021942.273.png","type":"image\/png"}],"author":"Maura Pereira","twitter_card":"summary_large_image","twitter_misc":{"Escrito por":"Maura Pereira","Est. tempo de leitura":"7 minutos"},"schema":{"@context":"https:\/\/schema.org","@graph":[{"@type":"WebPage","@id":"https:\/\/www.correiobraziliense.com.br\/cbradar\/a-unica-capital-do-nordeste-sem-praia-foi-planejada-como-uma-cidade-verde-entre-dois-rios-em-1852\/","url":"https:\/\/www.correiobraziliense.com.br\/cbradar\/a-unica-capital-do-nordeste-sem-praia-foi-planejada-como-uma-cidade-verde-entre-dois-rios-em-1852\/","name":"A \u00fanica capital do Nordeste sem praia foi planejada como uma \"Cidade Verde\" entre dois rios em 1852 - Correio Braziliense - Radar","isPartOf":{"@id":"https:\/\/www.correiobraziliense.com.br\/cbradar\/#website"},"primaryImageOfPage":{"@id":"https:\/\/www.correiobraziliense.com.br\/cbradar\/a-unica-capital-do-nordeste-sem-praia-foi-planejada-como-uma-cidade-verde-entre-dois-rios-em-1852\/#primaryimage"},"image":{"@id":"https:\/\/www.correiobraziliense.com.br\/cbradar\/a-unica-capital-do-nordeste-sem-praia-foi-planejada-como-uma-cidade-verde-entre-dois-rios-em-1852\/#primaryimage"},"thumbnailUrl":"https:\/\/www.correiobraziliense.com.br\/cbradar\/wp-content\/uploads\/2026\/03\/aaa-2026-03-11T021942.273.png","datePublished":"2026-03-11T22:15:00+00:00","author":{"@id":"https:\/\/www.correiobraziliense.com.br\/cbradar\/#\/schema\/person\/4053c651a9bfc785afc6f4cbc9032fd3"},"description":"Planejada em 1852 entre dois rios, a \u00fanica capital do Nordeste sem praia ficou conhecida como Cidade Verde.","breadcrumb":{"@id":"https:\/\/www.correiobraziliense.com.br\/cbradar\/a-unica-capital-do-nordeste-sem-praia-foi-planejada-como-uma-cidade-verde-entre-dois-rios-em-1852\/#breadcrumb"},"inLanguage":"pt-BR","potentialAction":[{"@type":"ReadAction","target":["https:\/\/www.correiobraziliense.com.br\/cbradar\/a-unica-capital-do-nordeste-sem-praia-foi-planejada-como-uma-cidade-verde-entre-dois-rios-em-1852\/"]}]},{"@type":"ImageObject","inLanguage":"pt-BR","@id":"https:\/\/www.correiobraziliense.com.br\/cbradar\/a-unica-capital-do-nordeste-sem-praia-foi-planejada-como-uma-cidade-verde-entre-dois-rios-em-1852\/#primaryimage","url":"https:\/\/www.correiobraziliense.com.br\/cbradar\/wp-content\/uploads\/2026\/03\/aaa-2026-03-11T021942.273.png","contentUrl":"https:\/\/www.correiobraziliense.com.br\/cbradar\/wp-content\/uploads\/2026\/03\/aaa-2026-03-11T021942.273.png","width":1280,"height":720,"caption":"Teresina compensa a aus\u00eancia de praia com parques urbanos, mirantes e um encontro de rios que rende um dos pores do sol mais bonitos do Nordeste. \/ Imagem ilustrativa"},{"@type":"BreadcrumbList","@id":"https:\/\/www.correiobraziliense.com.br\/cbradar\/a-unica-capital-do-nordeste-sem-praia-foi-planejada-como-uma-cidade-verde-entre-dois-rios-em-1852\/#breadcrumb","itemListElement":[{"@type":"ListItem","position":1,"name":"In\u00edcio","item":"https:\/\/www.correiobraziliense.com.br\/cbradar\/"},{"@type":"ListItem","position":2,"name":"A \u00fanica capital do Nordeste sem praia foi planejada como uma &#8220;Cidade Verde&#8221; entre dois rios em 1852"}]},{"@type":"WebSite","@id":"https:\/\/www.correiobraziliense.com.br\/cbradar\/#website","url":"https:\/\/www.correiobraziliense.com.br\/cbradar\/","name":"Correio Braziliense - Radar","description":"Acompanhe as \u00faltimas not\u00edcias e fique bem informado sobre tudo o que acontece no Brasil e no mundo.","potentialAction":[{"@type":"SearchAction","target":{"@type":"EntryPoint","urlTemplate":"https:\/\/www.correiobraziliense.com.br\/cbradar\/?s={search_term_string}"},"query-input":{"@type":"PropertyValueSpecification","valueRequired":true,"valueName":"search_term_string"}}],"inLanguage":"pt-BR"},{"@type":"Person","@id":"https:\/\/www.correiobraziliense.com.br\/cbradar\/#\/schema\/person\/4053c651a9bfc785afc6f4cbc9032fd3","name":"Maura Pereira","image":{"@type":"ImageObject","inLanguage":"pt-BR","@id":"https:\/\/www.correiobraziliense.com.br\/cbradar\/#\/schema\/person\/image\/","url":"https:\/\/secure.gravatar.com\/avatar\/3effd6bdadfa447f15089c7f7144eaa6?s=96&d=mm&r=g","contentUrl":"https:\/\/secure.gravatar.com\/avatar\/3effd6bdadfa447f15089c7f7144eaa6?s=96&d=mm&r=g","caption":"Maura Pereira"},"sameAs":["https:\/\/www.correiobraziliense.com.br\/"],"url":"https:\/\/www.correiobraziliense.com.br\/cbradar\/author\/mauramyth\/"}]}},"_links":{"self":[{"href":"https:\/\/www.correiobraziliense.com.br\/cbradar\/wp-json\/wp\/v2\/posts\/206454","targetHints":{"allow":["GET"]}}],"collection":[{"href":"https:\/\/www.correiobraziliense.com.br\/cbradar\/wp-json\/wp\/v2\/posts"}],"about":[{"href":"https:\/\/www.correiobraziliense.com.br\/cbradar\/wp-json\/wp\/v2\/types\/post"}],"author":[{"embeddable":true,"href":"https:\/\/www.correiobraziliense.com.br\/cbradar\/wp-json\/wp\/v2\/users\/8"}],"replies":[{"embeddable":true,"href":"https:\/\/www.correiobraziliense.com.br\/cbradar\/wp-json\/wp\/v2\/comments?post=206454"}],"version-history":[{"count":9,"href":"https:\/\/www.correiobraziliense.com.br\/cbradar\/wp-json\/wp\/v2\/posts\/206454\/revisions"}],"predecessor-version":[{"id":206661,"href":"https:\/\/www.correiobraziliense.com.br\/cbradar\/wp-json\/wp\/v2\/posts\/206454\/revisions\/206661"}],"wp:featuredmedia":[{"embeddable":true,"href":"https:\/\/www.correiobraziliense.com.br\/cbradar\/wp-json\/wp\/v2\/media\/206660"}],"wp:attachment":[{"href":"https:\/\/www.correiobraziliense.com.br\/cbradar\/wp-json\/wp\/v2\/media?parent=206454"}],"wp:term":[{"taxonomy":"category","embeddable":true,"href":"https:\/\/www.correiobraziliense.com.br\/cbradar\/wp-json\/wp\/v2\/categories?post=206454"},{"taxonomy":"post_tag","embeddable":true,"href":"https:\/\/www.correiobraziliense.com.br\/cbradar\/wp-json\/wp\/v2\/post_tag?post=206454"}],"curies":[{"name":"wp","href":"https:\/\/api.w.org\/{rel}","templated":true}]}}