{"id":206455,"date":"2026-03-11T21:05:00","date_gmt":"2026-03-12T00:05:00","guid":{"rendered":"https:\/\/www.correiobraziliense.com.br\/cbradar\/?p=206455"},"modified":"2026-03-11T02:27:58","modified_gmt":"2026-03-11T05:27:58","slug":"com-30-vinicolas-desde-o-seculo-xvii-e-clima-europeu-a-terra-do-vinho-a-1h-de-sp-e-o-maior-polo-de-enoturismo-do-estado-e-brilha-com-lazer","status":"publish","type":"post","link":"https:\/\/www.correiobraziliense.com.br\/cbradar\/com-30-vinicolas-desde-o-seculo-xvii-e-clima-europeu-a-terra-do-vinho-a-1h-de-sp-e-o-maior-polo-de-enoturismo-do-estado-e-brilha-com-lazer\/","title":{"rendered":"Com 30 vin\u00edcolas desde o s\u00e9culo XVII e clima europeu, a Terra do Vinho a 1h de SP \u00e9 o maior polo de enoturismo do estado e brilha com lazer"},"content":{"rendered":"\n<p>A hist\u00f3ria do vinho em <strong>S\u00e3o Roque<\/strong> come\u00e7a antes de a cidade existir. No s\u00e9culo XVII, <strong>Pedro Vaz de Barros<\/strong>, fundador do povoado, j\u00e1 investia no plantio de videiras nas encostas da regi\u00e3o. Quatro s\u00e9culos depois, a <strong>Terra do Vinho<\/strong> re\u00fane mais de 30 vin\u00edcolas, adegas, restaurantes e emp\u00f3rios ao longo de uma estrada de 10 km, a pouco mais de uma hora da capital paulista.<\/p>\n\n\n\n<h2 class=\"wp-block-heading\">Como um trem transformou vinho em tradi\u00e7\u00e3o?<\/h2>\n\n\n\n<p>A chegada da <strong>Estrada de Ferro Sorocabana<\/strong>, em 1875, mudou o destino de S\u00e3o Roque. Os trilhos levaram os vinhos da cidade ao litoral sul de <strong>S\u00e3o Paulo<\/strong> e abriram caminho para que fam\u00edlias de imigrantes portugueses e italianos, que desembarcaram a partir de 1884, transformassem o cultivo da uva em neg\u00f3cio. Em 1924, a cidade j\u00e1 produzia 10 mil litros de vinho por ano.<\/p>\n\n\n\n<p>A crise do caf\u00e9, em 1929, acelerou a transi\u00e7\u00e3o. Muitos agricultores trocaram o cafezal pela parreira, e as vin\u00edcolas se multiplicaram. Em <strong>1938<\/strong>, a fam\u00edlia <strong>G\u00f3es<\/strong>, de descend\u00eancia portuguesa, fundou a vin\u00edcola que se tornaria uma das mais conhecidas do <strong>Brasil<\/strong>. Em 1990, S\u00e3o Roque foi oficialmente transformada em <a href=\"https:\/\/www.roteirodovinho.com.br\/\" target=\"_blank\" rel=\"noreferrer noopener\"><strong>Est\u00e2ncia Tur\u00edstica<\/strong><\/a>, e o Roteiro do Vinho virou o cora\u00e7\u00e3o da cidade.<\/p>\n\n\n<div class=\"wp-block-image\">\n<figure class=\"aligncenter size-large\"><img decoding=\"async\" width=\"1024\" height=\"576\" src=\"https:\/\/www.correiobraziliense.com.br\/cbradar\/wp-content\/uploads\/2025\/12\/Design-sem-nome-96-2-1024x576.png\" alt=\"A cidade a 60 km de S\u00e3o Paulo conhecida como Terra do Vinho que atrai casais pelo charme de vilas europeias\" class=\"wp-image-158833\" srcset=\"https:\/\/www.correiobraziliense.com.br\/cbradar\/wp-content\/uploads\/2025\/12\/Design-sem-nome-96-2-1024x576.png 1024w, https:\/\/www.correiobraziliense.com.br\/cbradar\/wp-content\/uploads\/2025\/12\/Design-sem-nome-96-2-300x169.png 300w, https:\/\/www.correiobraziliense.com.br\/cbradar\/wp-content\/uploads\/2025\/12\/Design-sem-nome-96-2-768x432.png 768w, https:\/\/www.correiobraziliense.com.br\/cbradar\/wp-content\/uploads\/2025\/12\/Design-sem-nome-96-2-750x422.png 750w, https:\/\/www.correiobraziliense.com.br\/cbradar\/wp-content\/uploads\/2025\/12\/Design-sem-nome-96-2-1140x641.png 1140w, https:\/\/www.correiobraziliense.com.br\/cbradar\/wp-content\/uploads\/2025\/12\/Design-sem-nome-96-2.png 1280w\" sizes=\"(max-width: 1024px) 100vw, 1024px\" \/><figcaption class=\"wp-element-caption\">S\u00e3o Roque-SP revela Rota do Vinho, Ski Mountain Park e Mata da C\u00e2mara na capital paulista do enoturismo serrano preservado. \/\/ Cr\u00e9ditos: Wikip\u00e9dia<\/figcaption><\/figure><\/div>\n\n\n<h2 class=\"wp-block-heading\">Quais vin\u00edcolas visitar no Roteiro do Vinho?<\/h2>\n\n\n\n<p>O <strong>Roteiro do Vinho<\/strong> \u00e9 formado por tr\u00eas vias: <strong>Estrada do Vinho<\/strong>, <strong>Estrada dos Ven\u00e2ncios<\/strong> e <strong>Rodovia Quintino de Lima<\/strong>. O passeio \u00e9 gratuito, feito em carro pr\u00f3prio, e funciona o ano inteiro. Cada vin\u00edcola tem personalidade pr\u00f3pria.<\/p>\n\n\n\n<ul class=\"wp-block-list\">\n<li><strong>Vin\u00edcola G\u00f3es<\/strong>: produz vinhos e espumantes desde 1938. O complexo enotur\u00edstico oferece degusta\u00e7\u00f5es harmonizadas, passeios pelos vinhedos, tours de bicicleta e piqueniques. O wine bar com deck ao ar livre \u00e9 um dos pontos mais procurados.<\/li>\n\n\n\n<li><strong>Quinta do Olivardo<\/strong>: complexo gastron\u00f4mico com clima de vilarejo portugu\u00eas, restaurantes, animais de fazenda e a hist\u00f3ria do <strong>Vinho dos Mortos<\/strong>, tradi\u00e7\u00e3o trazida de Portugal, onde garrafas eram enterradas para escapar dos saques nas invas\u00f5es napole\u00f4nicas.<\/li>\n\n\n\n<li><strong>Vila Don Patto<\/strong>: enorme complexo de lazer com adega, restaurantes, sorveteria, cafeteria, playground e um jardim cenogr\u00e1fico com vista para as parreiras. Os vinhedos s\u00e3o cobertos e produzem o ano inteiro.<\/li>\n\n\n\n<li><strong>Vin\u00edcola Canguera<\/strong>: fundada em 1952 ao lado da linha f\u00e9rrea. Hoje na terceira gera\u00e7\u00e3o da fam\u00edlia, possui museu com equipamentos antigos e produz vinhos em \u00e2nforas de argila, resgatando o m\u00e9todo mais ancestral de vinifica\u00e7\u00e3o.<\/li>\n\n\n\n<li><strong>Vin\u00edcola Alma Galiza<\/strong>: dentro da <strong>Fazenda Bagad\u00e1<\/strong>, a mais de mil metros de altitude, cercada por mata atl\u00e2ntica e com vistas dos vales da regi\u00e3o. Destaque para o vinho branco licoroso envelhecido em carvalho.<\/li>\n<\/ul>\n\n\n\n<p>S\u00e3o Roque, em S\u00e3o Paulo, \u00e9 carinhosamente conhecida como a <strong>&#8220;Terra do Vinho&#8221;<\/strong> e destaca-se como um dos maiores produtores de alcachofra do Brasil. O v\u00eddeo \u00e9 do canal <strong>De fora em Juiz de Fora<\/strong>, que conta com mais de <strong>310 mil inscritos<\/strong>, e apresenta um guia completo sobre a cidade, situada a apenas uma hora da capital paulista:<\/p>\n\n\n\n<figure class=\"wp-block-embed aligncenter is-type-video is-provider-youtube wp-block-embed-youtube wp-embed-aspect-16-9 wp-has-aspect-ratio\"><div class=\"wp-block-embed__wrapper\">\n<div class=\"jeg_video_container jeg_video_content\"><iframe loading=\"lazy\" title=\"S\u00c3O ROQUE SP: A CIDADE QUE TRANSFORMOU VINHO EM TRADI\u00c7\u00c3O A 1 HORA DE S\u00c3O PAULO - com Tati Marmon\" width=\"500\" height=\"281\" src=\"https:\/\/www.youtube.com\/embed\/JxfUKESbTK0?feature=oembed\" frameborder=\"0\" allow=\"accelerometer; autoplay; clipboard-write; encrypted-media; gyroscope; picture-in-picture; web-share\" referrerpolicy=\"strict-origin-when-cross-origin\" allowfullscreen><\/iframe><\/div>\n<\/div><\/figure>\n\n\n\n<h2 class=\"wp-block-heading\">O que fazer al\u00e9m das vin\u00edcolas?<\/h2>\n\n\n\n<p>S\u00e3o Roque n\u00e3o vive s\u00f3 de uva. A cidade combina natureza preservada, arquitetura hist\u00f3rica e uma surpresa agr\u00edcola: a alcachofra, que ganhou festival pr\u00f3prio e divide espa\u00e7o com as parreiras em cons\u00f3rcios de cultivo.<\/p>\n\n\n\n<ul class=\"wp-block-list\">\n<li><strong>Parque Natural Municipal Mata da C\u00e2mara<\/strong>: 130 hectares de mata atl\u00e2ntica com 4.800 metros de trilhas sinalizadas. Integra o <strong>Cintur\u00e3o Verde da UNESCO<\/strong>, reconhecido como Reserva da Biosfera desde 1994. Ideal para caminhadas ecol\u00f3gicas e observa\u00e7\u00e3o de aves.<\/li>\n\n\n\n<li><strong>Igreja Matriz de S\u00e3o Roque<\/strong>: a maior igreja dedicada ao santo no Brasil, com pinturas no teto e vitrais em estilo mosaico.<\/li>\n\n\n\n<li><strong>Centro Cultural Brasital<\/strong>: instalado em uma das primeiras ind\u00fastrias t\u00eaxteis do estado, constru\u00edda em 1890 pelo comendador italiano <strong>Enrico Dell&#8217;Acqua<\/strong>.<\/li>\n\n\n\n<li><strong>Morro do Sabo\u00f3<\/strong>: ponto mais alto da cidade, a cerca de mil metros de altitude. Trilha de n\u00edvel m\u00e9dio com vista panor\u00e2mica de toda a regi\u00e3o.<\/li>\n<\/ul>\n\n\n<div class=\"wp-block-image\">\n<figure class=\"aligncenter size-large\"><img decoding=\"async\" width=\"1024\" height=\"576\" src=\"https:\/\/www.correiobraziliense.com.br\/cbradar\/wp-content\/uploads\/2025\/12\/Design-sem-nome-97-1-1024x576.png\" alt=\"A cidade de S\u00e3o Paulo conhecida como Terra do Vinho que atrai casais e fam\u00edlias em busca de divers\u00e3o ao ar livre\" class=\"wp-image-158834\" srcset=\"https:\/\/www.correiobraziliense.com.br\/cbradar\/wp-content\/uploads\/2025\/12\/Design-sem-nome-97-1-1024x576.png 1024w, https:\/\/www.correiobraziliense.com.br\/cbradar\/wp-content\/uploads\/2025\/12\/Design-sem-nome-97-1-300x169.png 300w, https:\/\/www.correiobraziliense.com.br\/cbradar\/wp-content\/uploads\/2025\/12\/Design-sem-nome-97-1-768x432.png 768w, https:\/\/www.correiobraziliense.com.br\/cbradar\/wp-content\/uploads\/2025\/12\/Design-sem-nome-97-1-750x422.png 750w, https:\/\/www.correiobraziliense.com.br\/cbradar\/wp-content\/uploads\/2025\/12\/Design-sem-nome-97-1-1140x641.png 1140w, https:\/\/www.correiobraziliense.com.br\/cbradar\/wp-content\/uploads\/2025\/12\/Design-sem-nome-97-1.png 1280w\" sizes=\"(max-width: 1024px) 100vw, 1024px\" \/><figcaption class=\"wp-element-caption\">S\u00e3o Roque-SP inspira com vinhedos ondulantes e mirantes m\u00e1gicos, convidando paix\u00f5es por sabores e natureza acolhedora.  \/\/ Cr\u00e9ditos: Wikip\u00e9dia<\/figcaption><\/figure><\/div>\n\n\n<h2 class=\"wp-block-heading\">O que comer na Terra do Vinho?<\/h2>\n\n\n\n<p><strong>A gastronomia de S\u00e3o Roque mistura heran\u00e7a portuguesa e italiana com ingredientes locais. <\/strong>A alcachofra \u00e9 protagonista em diversos pratos e tem festival dedicado.<\/p>\n\n\n\n<ul class=\"wp-block-list\">\n<li><strong>Alcachofra recheada e grelhada<\/strong>: presente nos card\u00e1pios de vin\u00edcolas e restaurantes do roteiro, especialmente entre setembro e novembro, quando as flores est\u00e3o no auge.<\/li>\n\n\n\n<li><strong>Almo\u00e7os harmonizados<\/strong>: restaurantes dentro das vin\u00edcolas servem pratos da culin\u00e1ria portuguesa e italiana acompanhados de r\u00f3tulos locais.<\/li>\n\n\n\n<li><strong>Vinho de jabuticaba<\/strong>: produzido por algumas adegas da regi\u00e3o, surpreende quem espera encontrar apenas uvas.<\/li>\n\n\n\n<li><strong>Emp\u00f3rios artesanais<\/strong>: biscoitos, doce de leite, geleias e chocolates vendem bem como lembran\u00e7a.<\/li>\n<\/ul>\n\n\n\n<p><strong>Leia tamb\u00e9m: <a href=\"https:\/\/www.correiobraziliense.com.br\/cbradar\/a-vila-de-pescadores-que-se-transformou-em-potencia-do-maior-festival-de-jazz-da-america-latina-com-15-praias-de-aguas-cristalinas\/\" target=\"_blank\" rel=\"noreferrer noopener\">A vila de pescadores que se transformou em pot\u00eancia do maior festival de jazz da Am\u00e9rica Latina com 15 praias de \u00e1guas cristalinas.<\/a><\/strong><\/p>\n\n\n\n<h2 class=\"wp-block-heading\">Quando ir a S\u00e3o Roque?<\/h2>\n\n\n\n<p><strong>Cada esta\u00e7\u00e3o oferece um motivo diferente para visitar. <\/strong>A vindima (colheita da uva) acontece entre janeiro e fevereiro. No outono, os pl\u00e1tanos pintam a cidade de cobre. O inverno \u00e9 a alta temporada das degusta\u00e7\u00f5es.<\/p>\n\n\n<div class=\"wp-block-image\">\n<figure class=\"aligncenter size-full\"><img decoding=\"async\" width=\"1280\" height=\"457\" src=\"https:\/\/www.correiobraziliense.com.br\/cbradar\/wp-content\/uploads\/2026\/03\/convertido-9-1.jpg\" alt=\"\" class=\"wp-image-206539\" srcset=\"https:\/\/www.correiobraziliense.com.br\/cbradar\/wp-content\/uploads\/2026\/03\/convertido-9-1.jpg 1280w, https:\/\/www.correiobraziliense.com.br\/cbradar\/wp-content\/uploads\/2026\/03\/convertido-9-1-300x107.jpg 300w, https:\/\/www.correiobraziliense.com.br\/cbradar\/wp-content\/uploads\/2026\/03\/convertido-9-1-768x274.jpg 768w, https:\/\/www.correiobraziliense.com.br\/cbradar\/wp-content\/uploads\/2026\/03\/convertido-9-1-750x268.jpg 750w, https:\/\/www.correiobraziliense.com.br\/cbradar\/wp-content\/uploads\/2026\/03\/convertido-9-1-1140x407.jpg 1140w\" sizes=\"(max-width: 1280px) 100vw, 1280px\" \/><\/figure><\/div>\n\n\n<p><em>Temperaturas aproximadas com base no <a href=\"https:\/\/www.climatempo.com.br\/previsao-do-tempo\/cidade\/559\/saoroque-sp\" target=\"_blank\" rel=\"noreferrer noopener\"><strong>Climatempo<\/strong><\/a>. Condi\u00e7\u00f5es podem variar.<\/em><\/p>\n\n\n<div class=\"wp-block-image\">\n<figure class=\"aligncenter size-large\"><img decoding=\"async\" width=\"1024\" height=\"576\" src=\"https:\/\/www.correiobraziliense.com.br\/cbradar\/wp-content\/uploads\/2025\/12\/Design-sem-nome-99-1024x576.png\" alt=\"A cidade a 60 km de S\u00e3o Paulo conhecida como Terra do Vinho que atrai casais pelo charme de vilas europeias\" class=\"wp-image-158836\" srcset=\"https:\/\/www.correiobraziliense.com.br\/cbradar\/wp-content\/uploads\/2025\/12\/Design-sem-nome-99-1024x576.png 1024w, https:\/\/www.correiobraziliense.com.br\/cbradar\/wp-content\/uploads\/2025\/12\/Design-sem-nome-99-300x169.png 300w, https:\/\/www.correiobraziliense.com.br\/cbradar\/wp-content\/uploads\/2025\/12\/Design-sem-nome-99-768x432.png 768w, https:\/\/www.correiobraziliense.com.br\/cbradar\/wp-content\/uploads\/2025\/12\/Design-sem-nome-99-750x422.png 750w, https:\/\/www.correiobraziliense.com.br\/cbradar\/wp-content\/uploads\/2025\/12\/Design-sem-nome-99-1140x641.png 1140w, https:\/\/www.correiobraziliense.com.br\/cbradar\/wp-content\/uploads\/2025\/12\/Design-sem-nome-99.png 1280w\" sizes=\"(max-width: 1024px) 100vw, 1024px\" \/><figcaption class=\"wp-element-caption\">Vin\u00edcola G\u00f3es em S\u00e3o Roque-SP produz 1 milh\u00e3o de garrafas anuais com caves subterr\u00e2neas e tours em 50 ha de vinhedos. \/\/ Cr\u00e9ditos: Wikip\u00e9dia<\/figcaption><\/figure><\/div>\n\n\n<h2 class=\"wp-block-heading\">Como chegar \u00e0 Terra do Vinho?<\/h2>\n\n\n\n<p>S\u00e3o Roque fica a 60 km de <strong>S\u00e3o Paulo<\/strong> pela <strong>Rodovia Raposo Tavares<\/strong>, cerca de uma hora de carro. Tamb\u00e9m \u00e9 poss\u00edvel acessar pela <strong>Rodovia Castelo Branco<\/strong>. A proximidade com a capital faz da cidade uma op\u00e7\u00e3o natural de bate e volta, mas quem fica um fim de semana inteiro consegue percorrer o roteiro com mais calma e aproveitar os restaurantes \u00e0 noite.<\/p>\n\n\n\n<h2 class=\"wp-block-heading\">Vinho, alcachofra e mata atl\u00e2ntica a uma hora de S\u00e3o Paulo<\/h2>\n\n\n\n<p><strong>S\u00e3o Roque carrega quatro s\u00e9culos de viticultura numa estrada de 10 km. <\/strong>As fam\u00edlias que trouxeram mudas de videira na bagagem continuam produzindo, agora com \u00e2nforas de argila e espumantes premiados dividindo espa\u00e7o com o vinho de mesa que fez a fama da cidade. A mata atl\u00e2ntica que envolve os vinhedos lembra que o interior paulista ainda guarda segredos a poucos quil\u00f4metros da capital.<\/p>\n\n\n\n<p>Se voc\u00ea procura um programa que combine ta\u00e7a na m\u00e3o, almo\u00e7o demorado e trilha no meio da mata, S\u00e3o Roque \u00e9 a resposta mais pr\u00f3xima e mais saborosa que S\u00e3o Paulo pode oferecer.<\/p>\n","protected":false},"excerpt":{"rendered":"<p>A hist\u00f3ria do vinho em S\u00e3o Roque come\u00e7a antes de a cidade existir. No s\u00e9culo XVII, Pedro Vaz de Barros, fundador do povoado, j\u00e1 investia no plantio de videiras nas encostas da regi\u00e3o. Quatro s\u00e9culos depois, a Terra do Vinho re\u00fane mais de 30 vin\u00edcolas, adegas, restaurantes e emp\u00f3rios ao longo de uma estrada de [&hellip;]<\/p>\n","protected":false},"author":8,"featured_media":194180,"comment_status":"open","ping_status":"open","sticky":false,"template":"","format":"standard","meta":{"_yoast_wpseo_focuskw":"Terra do Vinho","_yoast_wpseo_title":"","_yoast_wpseo_metadesc":"A 1 hora de S\u00e3o Paulo, a Terra do Vinho re\u00fane 30 vin\u00edcolas hist\u00f3ricas, clima europeu e se tornou o maior polo de enoturismo do estado.","jnews-multi-image_gallery":[],"jnews_single_post":{"format":"standard"},"jnews_primary_category":[],"jnews_social_meta":[],"jnews_override_counter":[],"footnotes":""},"categories":[108,111],"tags":[278,12981],"class_list":["post-206455","post","type-post","status-publish","format-standard","has-post-thumbnail","hentry","category-cidades","category-turismo","tag-sao-paulo","tag-sao-roque"],"yoast_head":"<!-- This site is optimized with the Yoast SEO plugin v24.6 - https:\/\/yoast.com\/wordpress\/plugins\/seo\/ -->\n<title>Com 30 vin\u00edcolas desde o s\u00e9culo XVII e clima europeu, a Terra do Vinho a 1h de SP \u00e9 o maior polo de enoturismo do estado e brilha com lazer - Correio Braziliense - Radar<\/title>\n<meta name=\"description\" content=\"A 1 hora de S\u00e3o Paulo, a Terra do Vinho re\u00fane 30 vin\u00edcolas hist\u00f3ricas, clima europeu e se tornou o maior polo de enoturismo do estado.\" \/>\n<meta name=\"robots\" content=\"index, follow, max-snippet:-1, max-image-preview:large, max-video-preview:-1\" \/>\n<link rel=\"canonical\" href=\"https:\/\/www.correiobraziliense.com.br\/cbradar\/com-30-vinicolas-desde-o-seculo-xvii-e-clima-europeu-a-terra-do-vinho-a-1h-de-sp-e-o-maior-polo-de-enoturismo-do-estado-e-brilha-com-lazer\/\" \/>\n<meta property=\"og:locale\" content=\"pt_BR\" \/>\n<meta property=\"og:type\" content=\"article\" \/>\n<meta property=\"og:title\" content=\"Com 30 vin\u00edcolas desde o s\u00e9culo XVII e clima europeu, a Terra do Vinho a 1h de SP \u00e9 o maior polo de enoturismo do estado e brilha com lazer - Correio Braziliense - Radar\" \/>\n<meta property=\"og:description\" content=\"A 1 hora de S\u00e3o Paulo, a Terra do Vinho re\u00fane 30 vin\u00edcolas hist\u00f3ricas, clima europeu e se tornou o maior polo de enoturismo do estado.\" \/>\n<meta property=\"og:url\" content=\"https:\/\/www.correiobraziliense.com.br\/cbradar\/com-30-vinicolas-desde-o-seculo-xvii-e-clima-europeu-a-terra-do-vinho-a-1h-de-sp-e-o-maior-polo-de-enoturismo-do-estado-e-brilha-com-lazer\/\" \/>\n<meta property=\"og:site_name\" content=\"Correio Braziliense - Radar\" \/>\n<meta property=\"article:published_time\" content=\"2026-03-12T00:05:00+00:00\" \/>\n<meta property=\"og:image\" content=\"https:\/\/www.correiobraziliense.com.br\/cbradar\/wp-content\/uploads\/2026\/02\/aaa-2026-02-15T201551.550.png\" \/>\n\t<meta property=\"og:image:width\" content=\"1280\" \/>\n\t<meta property=\"og:image:height\" content=\"720\" \/>\n\t<meta property=\"og:image:type\" content=\"image\/png\" \/>\n<meta name=\"author\" content=\"Maura Pereira\" \/>\n<meta name=\"twitter:card\" content=\"summary_large_image\" \/>\n<meta name=\"twitter:label1\" content=\"Escrito por\" \/>\n\t<meta name=\"twitter:data1\" content=\"Maura Pereira\" \/>\n\t<meta name=\"twitter:label2\" content=\"Est. tempo de leitura\" \/>\n\t<meta name=\"twitter:data2\" content=\"7 minutos\" \/>\n<!-- \/ Yoast SEO plugin. -->","yoast_head_json":{"title":"Com 30 vin\u00edcolas desde o s\u00e9culo XVII e clima europeu, a Terra do Vinho a 1h de SP \u00e9 o maior polo de enoturismo do estado e brilha com lazer - Correio Braziliense - Radar","description":"A 1 hora de S\u00e3o Paulo, a Terra do Vinho re\u00fane 30 vin\u00edcolas hist\u00f3ricas, clima europeu e se tornou o maior polo de enoturismo do estado.","robots":{"index":"index","follow":"follow","max-snippet":"max-snippet:-1","max-image-preview":"max-image-preview:large","max-video-preview":"max-video-preview:-1"},"canonical":"https:\/\/www.correiobraziliense.com.br\/cbradar\/com-30-vinicolas-desde-o-seculo-xvii-e-clima-europeu-a-terra-do-vinho-a-1h-de-sp-e-o-maior-polo-de-enoturismo-do-estado-e-brilha-com-lazer\/","og_locale":"pt_BR","og_type":"article","og_title":"Com 30 vin\u00edcolas desde o s\u00e9culo XVII e clima europeu, a Terra do Vinho a 1h de SP \u00e9 o maior polo de enoturismo do estado e brilha com lazer - Correio Braziliense - Radar","og_description":"A 1 hora de S\u00e3o Paulo, a Terra do Vinho re\u00fane 30 vin\u00edcolas hist\u00f3ricas, clima europeu e se tornou o maior polo de enoturismo do estado.","og_url":"https:\/\/www.correiobraziliense.com.br\/cbradar\/com-30-vinicolas-desde-o-seculo-xvii-e-clima-europeu-a-terra-do-vinho-a-1h-de-sp-e-o-maior-polo-de-enoturismo-do-estado-e-brilha-com-lazer\/","og_site_name":"Correio Braziliense - Radar","article_published_time":"2026-03-12T00:05:00+00:00","og_image":[{"width":1280,"height":720,"url":"https:\/\/www.correiobraziliense.com.br\/cbradar\/wp-content\/uploads\/2026\/02\/aaa-2026-02-15T201551.550.png","type":"image\/png"}],"author":"Maura Pereira","twitter_card":"summary_large_image","twitter_misc":{"Escrito por":"Maura Pereira","Est. tempo de leitura":"7 minutos"},"schema":{"@context":"https:\/\/schema.org","@graph":[{"@type":"WebPage","@id":"https:\/\/www.correiobraziliense.com.br\/cbradar\/com-30-vinicolas-desde-o-seculo-xvii-e-clima-europeu-a-terra-do-vinho-a-1h-de-sp-e-o-maior-polo-de-enoturismo-do-estado-e-brilha-com-lazer\/","url":"https:\/\/www.correiobraziliense.com.br\/cbradar\/com-30-vinicolas-desde-o-seculo-xvii-e-clima-europeu-a-terra-do-vinho-a-1h-de-sp-e-o-maior-polo-de-enoturismo-do-estado-e-brilha-com-lazer\/","name":"Com 30 vin\u00edcolas desde o s\u00e9culo XVII e clima europeu, a Terra do Vinho a 1h de SP \u00e9 o maior polo de enoturismo do estado e brilha com lazer - Correio Braziliense - Radar","isPartOf":{"@id":"https:\/\/www.correiobraziliense.com.br\/cbradar\/#website"},"primaryImageOfPage":{"@id":"https:\/\/www.correiobraziliense.com.br\/cbradar\/com-30-vinicolas-desde-o-seculo-xvii-e-clima-europeu-a-terra-do-vinho-a-1h-de-sp-e-o-maior-polo-de-enoturismo-do-estado-e-brilha-com-lazer\/#primaryimage"},"image":{"@id":"https:\/\/www.correiobraziliense.com.br\/cbradar\/com-30-vinicolas-desde-o-seculo-xvii-e-clima-europeu-a-terra-do-vinho-a-1h-de-sp-e-o-maior-polo-de-enoturismo-do-estado-e-brilha-com-lazer\/#primaryimage"},"thumbnailUrl":"https:\/\/www.correiobraziliense.com.br\/cbradar\/wp-content\/uploads\/2026\/02\/aaa-2026-02-15T201551.550.png","datePublished":"2026-03-12T00:05:00+00:00","author":{"@id":"https:\/\/www.correiobraziliense.com.br\/cbradar\/#\/schema\/person\/4053c651a9bfc785afc6f4cbc9032fd3"},"description":"A 1 hora de S\u00e3o Paulo, a Terra do Vinho re\u00fane 30 vin\u00edcolas hist\u00f3ricas, clima europeu e se tornou o maior polo de enoturismo do estado.","breadcrumb":{"@id":"https:\/\/www.correiobraziliense.com.br\/cbradar\/com-30-vinicolas-desde-o-seculo-xvii-e-clima-europeu-a-terra-do-vinho-a-1h-de-sp-e-o-maior-polo-de-enoturismo-do-estado-e-brilha-com-lazer\/#breadcrumb"},"inLanguage":"pt-BR","potentialAction":[{"@type":"ReadAction","target":["https:\/\/www.correiobraziliense.com.br\/cbradar\/com-30-vinicolas-desde-o-seculo-xvii-e-clima-europeu-a-terra-do-vinho-a-1h-de-sp-e-o-maior-polo-de-enoturismo-do-estado-e-brilha-com-lazer\/"]}]},{"@type":"ImageObject","inLanguage":"pt-BR","@id":"https:\/\/www.correiobraziliense.com.br\/cbradar\/com-30-vinicolas-desde-o-seculo-xvii-e-clima-europeu-a-terra-do-vinho-a-1h-de-sp-e-o-maior-polo-de-enoturismo-do-estado-e-brilha-com-lazer\/#primaryimage","url":"https:\/\/www.correiobraziliense.com.br\/cbradar\/wp-content\/uploads\/2026\/02\/aaa-2026-02-15T201551.550.png","contentUrl":"https:\/\/www.correiobraziliense.com.br\/cbradar\/wp-content\/uploads\/2026\/02\/aaa-2026-02-15T201551.550.png","width":1280,"height":720,"caption":"Fundada em 1657, a cidade transformou seu solo f\u00e9rtil e relevo serrano na famosa Estrada do Vinho, que abriga dezenas de vin\u00edcolas familiares e gastron\u00f4micas. \/ Imagem ilustrativa"},{"@type":"BreadcrumbList","@id":"https:\/\/www.correiobraziliense.com.br\/cbradar\/com-30-vinicolas-desde-o-seculo-xvii-e-clima-europeu-a-terra-do-vinho-a-1h-de-sp-e-o-maior-polo-de-enoturismo-do-estado-e-brilha-com-lazer\/#breadcrumb","itemListElement":[{"@type":"ListItem","position":1,"name":"In\u00edcio","item":"https:\/\/www.correiobraziliense.com.br\/cbradar\/"},{"@type":"ListItem","position":2,"name":"Com 30 vin\u00edcolas desde o s\u00e9culo XVII e clima europeu, a Terra do Vinho a 1h de SP \u00e9 o maior polo de enoturismo do estado e brilha com lazer"}]},{"@type":"WebSite","@id":"https:\/\/www.correiobraziliense.com.br\/cbradar\/#website","url":"https:\/\/www.correiobraziliense.com.br\/cbradar\/","name":"Correio Braziliense - Radar","description":"Acompanhe as \u00faltimas not\u00edcias e fique bem informado sobre tudo o que acontece no Brasil e no mundo.","potentialAction":[{"@type":"SearchAction","target":{"@type":"EntryPoint","urlTemplate":"https:\/\/www.correiobraziliense.com.br\/cbradar\/?s={search_term_string}"},"query-input":{"@type":"PropertyValueSpecification","valueRequired":true,"valueName":"search_term_string"}}],"inLanguage":"pt-BR"},{"@type":"Person","@id":"https:\/\/www.correiobraziliense.com.br\/cbradar\/#\/schema\/person\/4053c651a9bfc785afc6f4cbc9032fd3","name":"Maura Pereira","image":{"@type":"ImageObject","inLanguage":"pt-BR","@id":"https:\/\/www.correiobraziliense.com.br\/cbradar\/#\/schema\/person\/image\/","url":"https:\/\/secure.gravatar.com\/avatar\/3effd6bdadfa447f15089c7f7144eaa6?s=96&d=mm&r=g","contentUrl":"https:\/\/secure.gravatar.com\/avatar\/3effd6bdadfa447f15089c7f7144eaa6?s=96&d=mm&r=g","caption":"Maura Pereira"},"sameAs":["https:\/\/www.correiobraziliense.com.br\/"],"url":"https:\/\/www.correiobraziliense.com.br\/cbradar\/author\/mauramyth\/"}]}},"_links":{"self":[{"href":"https:\/\/www.correiobraziliense.com.br\/cbradar\/wp-json\/wp\/v2\/posts\/206455","targetHints":{"allow":["GET"]}}],"collection":[{"href":"https:\/\/www.correiobraziliense.com.br\/cbradar\/wp-json\/wp\/v2\/posts"}],"about":[{"href":"https:\/\/www.correiobraziliense.com.br\/cbradar\/wp-json\/wp\/v2\/types\/post"}],"author":[{"embeddable":true,"href":"https:\/\/www.correiobraziliense.com.br\/cbradar\/wp-json\/wp\/v2\/users\/8"}],"replies":[{"embeddable":true,"href":"https:\/\/www.correiobraziliense.com.br\/cbradar\/wp-json\/wp\/v2\/comments?post=206455"}],"version-history":[{"count":13,"href":"https:\/\/www.correiobraziliense.com.br\/cbradar\/wp-json\/wp\/v2\/posts\/206455\/revisions"}],"predecessor-version":[{"id":206670,"href":"https:\/\/www.correiobraziliense.com.br\/cbradar\/wp-json\/wp\/v2\/posts\/206455\/revisions\/206670"}],"wp:featuredmedia":[{"embeddable":true,"href":"https:\/\/www.correiobraziliense.com.br\/cbradar\/wp-json\/wp\/v2\/media\/194180"}],"wp:attachment":[{"href":"https:\/\/www.correiobraziliense.com.br\/cbradar\/wp-json\/wp\/v2\/media?parent=206455"}],"wp:term":[{"taxonomy":"category","embeddable":true,"href":"https:\/\/www.correiobraziliense.com.br\/cbradar\/wp-json\/wp\/v2\/categories?post=206455"},{"taxonomy":"post_tag","embeddable":true,"href":"https:\/\/www.correiobraziliense.com.br\/cbradar\/wp-json\/wp\/v2\/tags?post=206455"}],"curies":[{"name":"wp","href":"https:\/\/api.w.org\/{rel}","templated":true}]}}