{"id":206476,"date":"2026-03-16T16:25:00","date_gmt":"2026-03-16T19:25:00","guid":{"rendered":"https:\/\/www.correiobraziliense.com.br\/cbradar\/?p=206476"},"modified":"2026-03-13T13:00:05","modified_gmt":"2026-03-13T16:00:05","slug":"8-plantas-de-cobertura-de-solo-de-crescimento-rapido-que-deixam-o-jardim-colorido-quase-o-ano-todo","status":"publish","type":"post","link":"https:\/\/www.correiobraziliense.com.br\/cbradar\/8-plantas-de-cobertura-de-solo-de-crescimento-rapido-que-deixam-o-jardim-colorido-quase-o-ano-todo\/","title":{"rendered":"8 plantas de cobertura de solo de crescimento r\u00e1pido que deixam o jardim colorido quase o ano todo"},"content":{"rendered":"\n<p>Manter o jardim sempre colorido e bonito exige planejamento e escolha certa das plantas. Coberturas de solo de crescimento r\u00e1pido ajudam a preencher espa\u00e7os vazios, controlar ervas daninhas e melhorar a apar\u00eancia do ambiente. Ao optar por esp\u00e9cies resistentes e floridas, \u00e9 poss\u00edvel ter um jardim vibrante quase o ano inteiro, sem precisar de manuten\u00e7\u00e3o excessiva ou substitui\u00e7\u00f5es frequentes.<\/p>\n\n\n\n<h2 class=\"wp-block-heading\">Quais s\u00e3o os benef\u00edcios das plantas de cobertura de solo?<\/h2>\n\n\n\n<p>As <a href=\"https:\/\/www.correiobraziliense.com.br\/cbradar\/o-que-significa-ter-plantas-artificiais-em-casa-segundo-o-feng-shui\/\" target=\"_blank\" rel=\"noreferrer noopener\">plantas <\/a>de cobertura de solo proporcionam diversos benef\u00edcios al\u00e9m da est\u00e9tica. Elas ajudam a proteger a terra da eros\u00e3o, mant\u00eam a umidade e criam um microclima favor\u00e1vel para outras esp\u00e9cies. Seu crescimento r\u00e1pido permite que \u00e1reas amplas sejam preenchidas em pouco tempo, garantindo um visual uniforme e evitando que ervas daninhas comprometam a sa\u00fade do jardim.<\/p>\n\n\n\n<p>Al\u00e9m de proteger o solo, muitas coberturas possuem flores atraentes que trazem cores variadas e estimulam a presen\u00e7a de polinizadores. Esp\u00e9cies como <strong>alecrim rasteiro<\/strong> e <strong>verbena<\/strong> oferecem beleza cont\u00ednua, resist\u00eancia e facilidade de manuten\u00e7\u00e3o. Com escolha adequada, \u00e9 poss\u00edvel equilibrar durabilidade, est\u00e9tica e crescimento acelerado.<\/p>\n\n\n\n<figure class=\"wp-block-image size-large\"><img decoding=\"async\" width=\"1278\" height=\"720\" src=\"https:\/\/www.correiobraziliense.com.br\/cbradar\/wp-content\/uploads\/2026\/03\/plantas-de-cobertura-de-solo-coloridas-1-1278x720.png\" alt=\"8 plantas de cobertura de solo de crescimento r\u00e1pido que deixam o jardim colorido quase o ano todo\" class=\"wp-image-206479\" srcset=\"https:\/\/www.correiobraziliense.com.br\/cbradar\/wp-content\/uploads\/2026\/03\/plantas-de-cobertura-de-solo-coloridas-1-1278x720.png 1278w, https:\/\/www.correiobraziliense.com.br\/cbradar\/wp-content\/uploads\/2026\/03\/plantas-de-cobertura-de-solo-coloridas-1-300x169.png 300w, https:\/\/www.correiobraziliense.com.br\/cbradar\/wp-content\/uploads\/2026\/03\/plantas-de-cobertura-de-solo-coloridas-1-768x433.png 768w, https:\/\/www.correiobraziliense.com.br\/cbradar\/wp-content\/uploads\/2026\/03\/plantas-de-cobertura-de-solo-coloridas-1-750x422.png 750w, https:\/\/www.correiobraziliense.com.br\/cbradar\/wp-content\/uploads\/2026\/03\/plantas-de-cobertura-de-solo-coloridas-1-1140x642.png 1140w, https:\/\/www.correiobraziliense.com.br\/cbradar\/wp-content\/uploads\/2026\/03\/plantas-de-cobertura-de-solo-coloridas-1.png 1280w\" sizes=\"(max-width: 1278px) 100vw, 1278px\" \/><figcaption class=\"wp-element-caption\">Plantas de Cobertura de Solo para Jardins Vibrantes <\/figcaption><\/figure>\n\n\n\n<h2 class=\"wp-block-heading\">Quais esp\u00e9cies de crescimento r\u00e1pido s\u00e3o indicadas?<\/h2>\n\n\n\n<p>Para criar um jardim colorido, algumas plantas se destacam por sua velocidade e florescimento cont\u00ednuo. A sele\u00e7\u00e3o correta permite cobrir grandes \u00e1reas com pouco esfor\u00e7o, tornando o cultivo pr\u00e1tico e eficiente. Essas esp\u00e9cies combinam beleza, resist\u00eancia e adaptabilidade, garantindo que o solo esteja protegido e o visual vibrante:<\/p>\n\n\n\n<ul class=\"wp-block-list\">\n<li><strong>Alecrim rasteiro<\/strong> para aroma e flores azuis<\/li>\n\n\n\n<li><strong>Verbena<\/strong> com flores em tons variados<\/li>\n\n\n\n<li><strong>Trapoeraba roxa<\/strong> resistente e colorida<\/li>\n\n\n\n<li><strong>Grama amendoim<\/strong> para cobertura verde uniforme<\/li>\n\n\n\n<li><strong>Sedum<\/strong> ornamental de baixa manuten\u00e7\u00e3o<\/li>\n\n\n\n<li><strong>Ipomeia<\/strong> com flores delicadas e extensas<\/li>\n\n\n\n<li><strong>Gaz\u00e2nia<\/strong> para cor intensa e duradoura<\/li>\n\n\n\n<li><strong>Trevo vermelho<\/strong> atraente e nutritivo<\/li>\n<\/ul>\n\n\n\n<h2 class=\"wp-block-heading\">Como preparar o solo para essas plantas?<\/h2>\n\n\n\n<p>O sucesso das coberturas depende de prepara\u00e7\u00e3o adequada do solo. \u00c9 importante remover detritos, afofar a terra e aplicar composto org\u00e2nico para garantir nutrientes. Solos bem drenados favorecem crescimento acelerado e maior resist\u00eancia a pragas e doen\u00e7as. Plantio adequado evita falhas e garante cobertura uniforme, reduzindo trabalho de manuten\u00e7\u00e3o e aumentando a longevidade do jardim.<\/p>\n\n\n\n<p>Al\u00e9m do preparo, irriga\u00e7\u00e3o inicial constante ajuda as plantas a se estabelecerem rapidamente. Com aten\u00e7\u00e3o \u00e0s necessidades espec\u00edficas de cada esp\u00e9cie, \u00e9 poss\u00edvel alcan\u00e7ar cobertura completa em semanas, criando um efeito visual cont\u00ednuo e saud\u00e1vel em qualquer esta\u00e7\u00e3o do ano.<\/p>\n\n\n\n<h2 class=\"wp-block-heading\">Quais cuidados manter para garantir florescimento cont\u00ednuo?<\/h2>\n\n\n\n<p>Para manter a cor e a densidade, \u00e9 essencial adotar cuidados regulares como poda leve, aduba\u00e7\u00e3o e irriga\u00e7\u00e3o equilibrada. Retirar plantas invasoras e monitorar pragas contribui para longevidade e vigor das esp\u00e9cies. Coberturas saud\u00e1veis proporcionam solo protegido, flores mais duradouras e ambientes harmoniosos, garantindo que o jardim permane\u00e7a vibrante sem exigir esfor\u00e7os excessivos.<\/p>\n\n\n\n<p>Planejar rota\u00e7\u00e3o de esp\u00e9cies e alternar florescimento tamb\u00e9m ajuda a criar cores cont\u00ednuas. Com manuten\u00e7\u00e3o preventiva e escolha estrat\u00e9gica, o jardim se mant\u00e9m colorido, atraente e saud\u00e1vel, otimizando o espa\u00e7o e o tempo investido no cuidado das plantas.<\/p>\n\n\n\n<p>Se voc\u00ea quer melhorar a produtividade e a sa\u00fade da sua horta, este v\u00eddeo do canal <strong><a href=\"https:\/\/www.youtube.com\/@Org%C3%A2nicoSimples\" target=\"_blank\" rel=\"noreferrer noopener\">Org\u00e2nico Simples<\/a><\/strong>, com 44,3 mil subscritores, foi escolhido especialmente para voc\u00ea. Ele explica quais materiais usar como cobertura de solo e como organizar corretamente a horta org\u00e2nica para manter plantas mais saud\u00e1veis e solo protegido.<\/p>\n\n\n\n<figure class=\"wp-block-embed is-type-video is-provider-youtube wp-block-embed-youtube wp-embed-aspect-16-9 wp-has-aspect-ratio\"><div class=\"wp-block-embed__wrapper\">\n<div class=\"jeg_video_container jeg_video_content\"><iframe loading=\"lazy\" title=\"Cobertura de solo, que materiais usar e como organizar na horta org\u00e2nica.\" width=\"500\" height=\"281\" src=\"https:\/\/www.youtube.com\/embed\/i3xdVgA5b6g?feature=oembed\" frameborder=\"0\" allow=\"accelerometer; autoplay; clipboard-write; encrypted-media; gyroscope; picture-in-picture; web-share\" referrerpolicy=\"strict-origin-when-cross-origin\" allowfullscreen><\/iframe><\/div>\n<\/div><\/figure>\n\n\n\n<h2 class=\"wp-block-heading\">Como combinar cores e texturas no jardim?<\/h2>\n\n\n\n<p>A combina\u00e7\u00e3o de cores e texturas \u00e9 fundamental para impacto visual. Mesclar folhas verdes com flores roxas, amarelas e vermelhas cria contraste e movimento. Plantas rasteiras e tapetes verdes, como <strong>grama amendoim<\/strong>, servem de fundo para esp\u00e9cies floridas, gerando profundidade e dinamismo. Equil\u00edbrio entre alturas, formatos e cores mant\u00e9m o jardim interessante.<\/p>\n\n\n\n<p>Incluir esp\u00e9cies com flores diferentes em \u00e9pocas variadas garante cobertura quase cont\u00ednua. Planejamento estrat\u00e9gico permite que cada planta contribua para harmonia visual, criando um jardim alegre, colorido e de f\u00e1cil manuten\u00e7\u00e3o que impressiona pelo efeito quase permanente de florescimento e crescimento acelerado.<\/p>\n","protected":false},"excerpt":{"rendered":"<p>Saiba como escolher esp\u00e9cies de crescimento r\u00e1pido que protegem o solo e criam um jardim vibrante e de f\u00e1cil manuten\u00e7\u00e3o<\/p>\n","protected":false},"author":23,"featured_media":206477,"comment_status":"open","ping_status":"open","sticky":false,"template":"","format":"standard","meta":{"_yoast_wpseo_focuskw":"Plantas de cobertura","_yoast_wpseo_title":"","_yoast_wpseo_metadesc":"Saiba como escolher esp\u00e9cies de crescimento r\u00e1pido que protegem o solo e criam um jardim vibrante e de f\u00e1cil manuten\u00e7\u00e3o","jnews-multi-image_gallery":[],"jnews_single_post":{"format":"standard"},"jnews_primary_category":[],"jnews_social_meta":[],"jnews_override_counter":[],"footnotes":""},"categories":[136],"tags":[144,329,224],"class_list":["post-206476","post","type-post","status-publish","format-standard","has-post-thumbnail","hentry","category-jardinagem","tag-curiosidades","tag-jardinagem","tag-plantas"],"yoast_head":"<!-- This site is optimized with the Yoast SEO plugin v24.6 - https:\/\/yoast.com\/wordpress\/plugins\/seo\/ -->\n<title>8 plantas de cobertura de solo de crescimento r\u00e1pido que deixam o jardim colorido quase o ano todo - Correio Braziliense - Radar<\/title>\n<meta name=\"description\" content=\"Saiba como escolher esp\u00e9cies de crescimento r\u00e1pido que protegem o solo e criam um jardim vibrante e de f\u00e1cil manuten\u00e7\u00e3o\" \/>\n<meta name=\"robots\" content=\"index, follow, max-snippet:-1, max-image-preview:large, max-video-preview:-1\" \/>\n<link rel=\"canonical\" href=\"https:\/\/www.correiobraziliense.com.br\/cbradar\/8-plantas-de-cobertura-de-solo-de-crescimento-rapido-que-deixam-o-jardim-colorido-quase-o-ano-todo\/\" \/>\n<meta property=\"og:locale\" content=\"pt_BR\" \/>\n<meta property=\"og:type\" content=\"article\" \/>\n<meta property=\"og:title\" content=\"8 plantas de cobertura de solo de crescimento r\u00e1pido que deixam o jardim colorido quase o ano todo - Correio Braziliense - Radar\" \/>\n<meta property=\"og:description\" content=\"Saiba como escolher esp\u00e9cies de crescimento r\u00e1pido que protegem o solo e criam um jardim vibrante e de f\u00e1cil manuten\u00e7\u00e3o\" \/>\n<meta property=\"og:url\" content=\"https:\/\/www.correiobraziliense.com.br\/cbradar\/8-plantas-de-cobertura-de-solo-de-crescimento-rapido-que-deixam-o-jardim-colorido-quase-o-ano-todo\/\" \/>\n<meta property=\"og:site_name\" content=\"Correio Braziliense - Radar\" \/>\n<meta property=\"article:published_time\" content=\"2026-03-16T19:25:00+00:00\" \/>\n<meta property=\"og:image\" content=\"https:\/\/www.correiobraziliense.com.br\/cbradar\/wp-content\/uploads\/2026\/03\/plantas-de-cobertura-de-solo-coloridas.png\" \/>\n\t<meta property=\"og:image:width\" content=\"1280\" \/>\n\t<meta property=\"og:image:height\" content=\"721\" \/>\n\t<meta property=\"og:image:type\" content=\"image\/png\" \/>\n<meta name=\"author\" content=\"Nicolas Otto\" \/>\n<meta name=\"twitter:card\" content=\"summary_large_image\" \/>\n<meta name=\"twitter:label1\" content=\"Escrito por\" \/>\n\t<meta name=\"twitter:data1\" content=\"Nicolas Otto\" \/>\n\t<meta name=\"twitter:label2\" content=\"Est. tempo de leitura\" \/>\n\t<meta name=\"twitter:data2\" content=\"4 minutos\" \/>\n<!-- \/ Yoast SEO plugin. -->","yoast_head_json":{"title":"8 plantas de cobertura de solo de crescimento r\u00e1pido que deixam o jardim colorido quase o ano todo - Correio Braziliense - Radar","description":"Saiba como escolher esp\u00e9cies de crescimento r\u00e1pido que protegem o solo e criam um jardim vibrante e de f\u00e1cil manuten\u00e7\u00e3o","robots":{"index":"index","follow":"follow","max-snippet":"max-snippet:-1","max-image-preview":"max-image-preview:large","max-video-preview":"max-video-preview:-1"},"canonical":"https:\/\/www.correiobraziliense.com.br\/cbradar\/8-plantas-de-cobertura-de-solo-de-crescimento-rapido-que-deixam-o-jardim-colorido-quase-o-ano-todo\/","og_locale":"pt_BR","og_type":"article","og_title":"8 plantas de cobertura de solo de crescimento r\u00e1pido que deixam o jardim colorido quase o ano todo - Correio Braziliense - Radar","og_description":"Saiba como escolher esp\u00e9cies de crescimento r\u00e1pido que protegem o solo e criam um jardim vibrante e de f\u00e1cil manuten\u00e7\u00e3o","og_url":"https:\/\/www.correiobraziliense.com.br\/cbradar\/8-plantas-de-cobertura-de-solo-de-crescimento-rapido-que-deixam-o-jardim-colorido-quase-o-ano-todo\/","og_site_name":"Correio Braziliense - Radar","article_published_time":"2026-03-16T19:25:00+00:00","og_image":[{"width":1280,"height":721,"url":"https:\/\/www.correiobraziliense.com.br\/cbradar\/wp-content\/uploads\/2026\/03\/plantas-de-cobertura-de-solo-coloridas.png","type":"image\/png"}],"author":"Nicolas Otto","twitter_card":"summary_large_image","twitter_misc":{"Escrito por":"Nicolas Otto","Est. tempo de leitura":"4 minutos"},"schema":{"@context":"https:\/\/schema.org","@graph":[{"@type":"WebPage","@id":"https:\/\/www.correiobraziliense.com.br\/cbradar\/8-plantas-de-cobertura-de-solo-de-crescimento-rapido-que-deixam-o-jardim-colorido-quase-o-ano-todo\/","url":"https:\/\/www.correiobraziliense.com.br\/cbradar\/8-plantas-de-cobertura-de-solo-de-crescimento-rapido-que-deixam-o-jardim-colorido-quase-o-ano-todo\/","name":"8 plantas de cobertura de solo de crescimento r\u00e1pido que deixam o jardim colorido quase o ano todo - Correio Braziliense - Radar","isPartOf":{"@id":"https:\/\/www.correiobraziliense.com.br\/cbradar\/#website"},"primaryImageOfPage":{"@id":"https:\/\/www.correiobraziliense.com.br\/cbradar\/8-plantas-de-cobertura-de-solo-de-crescimento-rapido-que-deixam-o-jardim-colorido-quase-o-ano-todo\/#primaryimage"},"image":{"@id":"https:\/\/www.correiobraziliense.com.br\/cbradar\/8-plantas-de-cobertura-de-solo-de-crescimento-rapido-que-deixam-o-jardim-colorido-quase-o-ano-todo\/#primaryimage"},"thumbnailUrl":"https:\/\/www.correiobraziliense.com.br\/cbradar\/wp-content\/uploads\/2026\/03\/plantas-de-cobertura-de-solo-coloridas.png","datePublished":"2026-03-16T19:25:00+00:00","author":{"@id":"https:\/\/www.correiobraziliense.com.br\/cbradar\/#\/schema\/person\/3221b250518e74ac52c442d1c1236aaa"},"description":"Saiba como escolher esp\u00e9cies de crescimento r\u00e1pido que protegem o solo e criam um jardim vibrante e de f\u00e1cil manuten\u00e7\u00e3o","breadcrumb":{"@id":"https:\/\/www.correiobraziliense.com.br\/cbradar\/8-plantas-de-cobertura-de-solo-de-crescimento-rapido-que-deixam-o-jardim-colorido-quase-o-ano-todo\/#breadcrumb"},"inLanguage":"pt-BR","potentialAction":[{"@type":"ReadAction","target":["https:\/\/www.correiobraziliense.com.br\/cbradar\/8-plantas-de-cobertura-de-solo-de-crescimento-rapido-que-deixam-o-jardim-colorido-quase-o-ano-todo\/"]}]},{"@type":"ImageObject","inLanguage":"pt-BR","@id":"https:\/\/www.correiobraziliense.com.br\/cbradar\/8-plantas-de-cobertura-de-solo-de-crescimento-rapido-que-deixam-o-jardim-colorido-quase-o-ano-todo\/#primaryimage","url":"https:\/\/www.correiobraziliense.com.br\/cbradar\/wp-content\/uploads\/2026\/03\/plantas-de-cobertura-de-solo-coloridas.png","contentUrl":"https:\/\/www.correiobraziliense.com.br\/cbradar\/wp-content\/uploads\/2026\/03\/plantas-de-cobertura-de-solo-coloridas.png","width":1280,"height":721,"caption":"Plantas de Cobertura de Solo para Jardins Vibrantes"},{"@type":"BreadcrumbList","@id":"https:\/\/www.correiobraziliense.com.br\/cbradar\/8-plantas-de-cobertura-de-solo-de-crescimento-rapido-que-deixam-o-jardim-colorido-quase-o-ano-todo\/#breadcrumb","itemListElement":[{"@type":"ListItem","position":1,"name":"In\u00edcio","item":"https:\/\/www.correiobraziliense.com.br\/cbradar\/"},{"@type":"ListItem","position":2,"name":"8 plantas de cobertura de solo de crescimento r\u00e1pido que deixam o jardim colorido quase o ano todo"}]},{"@type":"WebSite","@id":"https:\/\/www.correiobraziliense.com.br\/cbradar\/#website","url":"https:\/\/www.correiobraziliense.com.br\/cbradar\/","name":"Correio Braziliense - Radar","description":"Acompanhe as \u00faltimas not\u00edcias e fique bem informado sobre tudo o que acontece no Brasil e no mundo.","potentialAction":[{"@type":"SearchAction","target":{"@type":"EntryPoint","urlTemplate":"https:\/\/www.correiobraziliense.com.br\/cbradar\/?s={search_term_string}"},"query-input":{"@type":"PropertyValueSpecification","valueRequired":true,"valueName":"search_term_string"}}],"inLanguage":"pt-BR"},{"@type":"Person","@id":"https:\/\/www.correiobraziliense.com.br\/cbradar\/#\/schema\/person\/3221b250518e74ac52c442d1c1236aaa","name":"Nicolas Otto","image":{"@type":"ImageObject","inLanguage":"pt-BR","@id":"https:\/\/www.correiobraziliense.com.br\/cbradar\/#\/schema\/person\/image\/","url":"https:\/\/secure.gravatar.com\/avatar\/05925f730d72f0ea0df144f236adfb18?s=96&d=mm&r=g","contentUrl":"https:\/\/secure.gravatar.com\/avatar\/05925f730d72f0ea0df144f236adfb18?s=96&d=mm&r=g","caption":"Nicolas Otto"},"sameAs":["https:\/\/www.correiobraziliense.com.br\/cbradar\/"],"url":"https:\/\/www.correiobraziliense.com.br\/cbradar\/author\/nicolas-otto\/"}]}},"_links":{"self":[{"href":"https:\/\/www.correiobraziliense.com.br\/cbradar\/wp-json\/wp\/v2\/posts\/206476","targetHints":{"allow":["GET"]}}],"collection":[{"href":"https:\/\/www.correiobraziliense.com.br\/cbradar\/wp-json\/wp\/v2\/posts"}],"about":[{"href":"https:\/\/www.correiobraziliense.com.br\/cbradar\/wp-json\/wp\/v2\/types\/post"}],"author":[{"embeddable":true,"href":"https:\/\/www.correiobraziliense.com.br\/cbradar\/wp-json\/wp\/v2\/users\/23"}],"replies":[{"embeddable":true,"href":"https:\/\/www.correiobraziliense.com.br\/cbradar\/wp-json\/wp\/v2\/comments?post=206476"}],"version-history":[{"count":2,"href":"https:\/\/www.correiobraziliense.com.br\/cbradar\/wp-json\/wp\/v2\/posts\/206476\/revisions"}],"predecessor-version":[{"id":208191,"href":"https:\/\/www.correiobraziliense.com.br\/cbradar\/wp-json\/wp\/v2\/posts\/206476\/revisions\/208191"}],"wp:featuredmedia":[{"embeddable":true,"href":"https:\/\/www.correiobraziliense.com.br\/cbradar\/wp-json\/wp\/v2\/media\/206477"}],"wp:attachment":[{"href":"https:\/\/www.correiobraziliense.com.br\/cbradar\/wp-json\/wp\/v2\/media?parent=206476"}],"wp:term":[{"taxonomy":"category","embeddable":true,"href":"https:\/\/www.correiobraziliense.com.br\/cbradar\/wp-json\/wp\/v2\/categories?post=206476"},{"taxonomy":"post_tag","embeddable":true,"href":"https:\/\/www.correiobraziliense.com.br\/cbradar\/wp-json\/wp\/v2\/tags?post=206476"}],"curies":[{"name":"wp","href":"https:\/\/api.w.org\/{rel}","templated":true}]}}