{"id":206486,"date":"2026-03-16T17:05:00","date_gmt":"2026-03-16T20:05:00","guid":{"rendered":"https:\/\/www.correiobraziliense.com.br\/cbradar\/?p=206486"},"modified":"2026-03-13T13:00:55","modified_gmt":"2026-03-13T16:00:55","slug":"bebes-que-comecam-a-falar-mais-cedo-costumam-nascer-nestes-4-meses-do-ano-segundo-estudo-sobre-desenvolvimento-da-linguagem","status":"publish","type":"post","link":"https:\/\/www.correiobraziliense.com.br\/cbradar\/bebes-que-comecam-a-falar-mais-cedo-costumam-nascer-nestes-4-meses-do-ano-segundo-estudo-sobre-desenvolvimento-da-linguagem\/","title":{"rendered":"Beb\u00eas que come\u00e7am a falar mais cedo costumam nascer nestes 4 meses do ano, segundo estudo sobre desenvolvimento da linguagem"},"content":{"rendered":"\n<p>O desenvolvimento da linguagem nos beb\u00eas varia conforme fatores gen\u00e9ticos, ambientais e sociais. Pesquisas recentes indicam que o m\u00eas de nascimento pode influenciar a idade em que a crian\u00e7a come\u00e7a a falar. Beb\u00eas nascidos em determinados meses apresentam maior predisposi\u00e7\u00e3o a iniciar palavras mais cedo, sugerindo que condi\u00e7\u00f5es sazonais e exposi\u00e7\u00e3o \u00e0 luz natural podem impactar o desenvolvimento cerebral e cognitivo inicial.<\/p>\n\n\n\n<h2 class=\"wp-block-heading\">Como o m\u00eas de nascimento influencia a fala?<\/h2>\n\n\n\n<p>O estudo aponta que <a href=\"https:\/\/www.correiobraziliense.com.br\/cbradar\/coisas-que-as-criancas-notam-na-relacao-entre-os-pais-mesmo-quando-ninguem-comenta-segundo-a-psicologia\/\" target=\"_blank\" rel=\"noreferrer noopener\">crian\u00e7as <\/a>nascidas em meses espec\u00edficos demonstram avan\u00e7o na linguagem nos primeiros anos de vida. A explica\u00e7\u00e3o envolve fatores como maior exposi\u00e7\u00e3o \u00e0 luz solar, varia\u00e7\u00f5es nutricionais maternas durante a gesta\u00e7\u00e3o e intera\u00e7\u00f5es sociais iniciais. Esses elementos contribuem para a matura\u00e7\u00e3o neurol\u00f3gica e facilitam a forma\u00e7\u00e3o de conex\u00f5es cerebrais ligadas \u00e0 comunica\u00e7\u00e3o e \u00e0 express\u00e3o verbal do beb\u00ea.<\/p>\n\n\n\n<p>Al\u00e9m disso, a influ\u00eancia do m\u00eas de nascimento \u00e9 mais significativa em fam\u00edlias com ambiente rico em est\u00edmulos verbais. Beb\u00eas expostos a leitura, conversas constantes e m\u00fasica podem apresentar fala precoce mesmo fora dos meses de maior predisposi\u00e7\u00e3o, mostrando que fatores ambientais complementam a predisposi\u00e7\u00e3o biol\u00f3gica.<\/p>\n\n\n\n<figure class=\"wp-block-image size-full\"><img decoding=\"async\" width=\"1280\" height=\"720\" src=\"https:\/\/www.correiobraziliense.com.br\/cbradar\/wp-content\/uploads\/2026\/03\/Bebes-_1773190012515.jpg\" alt=\"Beb\u00eas que come\u00e7am a falar mais cedo costumam nascer nestes 4 meses do ano, segundo estudo sobre desenvolvimento da linguagem\n\" class=\"wp-image-206488\" srcset=\"https:\/\/www.correiobraziliense.com.br\/cbradar\/wp-content\/uploads\/2026\/03\/Bebes-_1773190012515.jpg 1280w, https:\/\/www.correiobraziliense.com.br\/cbradar\/wp-content\/uploads\/2026\/03\/Bebes-_1773190012515-300x169.jpg 300w, https:\/\/www.correiobraziliense.com.br\/cbradar\/wp-content\/uploads\/2026\/03\/Bebes-_1773190012515-768x432.jpg 768w, https:\/\/www.correiobraziliense.com.br\/cbradar\/wp-content\/uploads\/2026\/03\/Bebes-_1773190012515-750x422.jpg 750w, https:\/\/www.correiobraziliense.com.br\/cbradar\/wp-content\/uploads\/2026\/03\/Bebes-_1773190012515-1140x641.jpg 1140w\" sizes=\"(max-width: 1280px) 100vw, 1280px\" \/><figcaption class=\"wp-element-caption\">O Segredo do M\u00eas de Nascimento Que Acelera a Linguagem Infantil &#8211; Cr\u00e9ditos: depositphotos.com \/ pitrs10<\/figcaption><\/figure>\n\n\n\n<h2 class=\"wp-block-heading\">Quais meses est\u00e3o associados \u00e0 fala precoce?<\/h2>\n\n\n\n<p>Pesquisadores identificaram quatro meses em que o nascimento est\u00e1 correlacionado a maior rapidez no in\u00edcio da fala. Essa descoberta auxilia pediatras e pais a observar o desenvolvimento lingu\u00edstico de forma mais direcionada. Entender a rela\u00e7\u00e3o entre per\u00edodo do ano e progresso verbal permite planejar est\u00edmulos adequados que favore\u00e7am aprendizado e socializa\u00e7\u00e3o, otimizando resultados cognitivos e emocionais do beb\u00ea.<\/p>\n\n\n\n<p>A associa\u00e7\u00e3o entre m\u00eas de nascimento e desenvolvimento da linguagem sugere oportunidades de interven\u00e7\u00e3o para estimular crian\u00e7as em fases de menor predisposi\u00e7\u00e3o, garantindo suporte adequado em casa e na escola:<\/p>\n\n\n\n<ul class=\"wp-block-list\">\n<li>Janeiro favorece maior exposi\u00e7\u00e3o \u00e0 luz solar no in\u00edcio do ano<\/li>\n\n\n\n<li>Abril est\u00e1 ligado a gesta\u00e7\u00e3o com varia\u00e7\u00e3o nutricional positiva<\/li>\n\n\n\n<li>Agosto proporciona intera\u00e7\u00f5es sociais iniciais mais ricas<\/li>\n\n\n\n<li>Setembro oferece est\u00edmulos ambientais consistentes para aprendizado verbal<\/li>\n<\/ul>\n\n\n\n<h2 class=\"wp-block-heading\">Que fatores biol\u00f3gicos contribuem para a fala precoce?<\/h2>\n\n\n\n<p>O desenvolvimento da fala envolve matura\u00e7\u00e3o neurol\u00f3gica, controle motor fino e mem\u00f3ria auditiva. Beb\u00eas nascidos em meses favor\u00e1veis podem apresentar sinapses mais eficientes, maior sensibilidade auditiva e resposta a est\u00edmulos verbais. Horm\u00f4nios maternos durante a gesta\u00e7\u00e3o e n\u00edveis de vitamina D associados \u00e0 luz solar tamb\u00e9m s\u00e3o determinantes, influenciando diretamente o crescimento cerebral e a capacidade de iniciar palavras precocemente.<\/p>\n\n\n\n<p>A combina\u00e7\u00e3o de fatores biol\u00f3gicos e ambientais cria um contexto prop\u00edcio para a aquisi\u00e7\u00e3o precoce da linguagem. Monitorar essas vari\u00e1veis permite que pais e cuidadores implementem atividades adequadas, refor\u00e7ando a fala e garantindo desenvolvimento lingu\u00edstico saud\u00e1vel e cont\u00ednuo.<\/p>\n\n\n\n<p>Se voc\u00ea quer entender como ajudar no desenvolvimento da fala das crian\u00e7as, este v\u00eddeo do canal <strong><a href=\"https:\/\/www.youtube.com\/@assembleiasc\" target=\"_blank\" rel=\"noreferrer noopener\">assembleiasc<\/a><\/strong>, com 73,7 mil subscritores, foi escolhido especialmente para voc\u00ea. Ele apresenta orienta\u00e7\u00f5es sobre como estimular a comunica\u00e7\u00e3o infantil e apoiar o desenvolvimento da linguagem nos primeiros anos de vida.<\/p>\n\n\n\n<figure class=\"wp-block-embed is-type-video is-provider-youtube wp-block-embed-youtube wp-embed-aspect-16-9 wp-has-aspect-ratio\"><div class=\"wp-block-embed__wrapper\">\n<div class=\"jeg_video_container jeg_video_content\"><iframe loading=\"lazy\" title=\"Como estimular a fala nas crian\u00e7as - Bem-Estar SC\" width=\"500\" height=\"281\" src=\"https:\/\/www.youtube.com\/embed\/SYwl2rmvEAk?feature=oembed\" frameborder=\"0\" allow=\"accelerometer; autoplay; clipboard-write; encrypted-media; gyroscope; picture-in-picture; web-share\" referrerpolicy=\"strict-origin-when-cross-origin\" allowfullscreen><\/iframe><\/div>\n<\/div><\/figure>\n\n\n\n<h2 class=\"wp-block-heading\">Como estimular a fala nos primeiros anos?<\/h2>\n\n\n\n<p>Atividades simples ajudam a acelerar a linguagem, independentemente do m\u00eas de nascimento. Conversar com o beb\u00ea, ler hist\u00f3rias diariamente, cantar m\u00fasicas e nomear objetos do cotidiano promove aprendizado natural. A repeti\u00e7\u00e3o frequente de palavras e a intera\u00e7\u00e3o constante fortalecem conex\u00f5es cerebrais essenciais, permitindo que a crian\u00e7a expresse necessidades, emo\u00e7\u00f5es e compreenda o ambiente de forma mais efetiva.<\/p>\n\n\n\n<p>A aten\u00e7\u00e3o a sinais de atraso tamb\u00e9m \u00e9 importante. Consultas regulares com pediatras ou fonoaudi\u00f3logos ajudam a identificar dificuldades e aplicar interven\u00e7\u00f5es precoces, garantindo que o desenvolvimento da linguagem siga dentro dos par\u00e2metros esperados.<\/p>\n\n\n\n<h2 class=\"wp-block-heading\">Quais sinais indicam que a fala est\u00e1 avan\u00e7ando?<\/h2>\n\n\n\n<p>Sinais de progresso incluem balbucio frequente, tentativa de imitar palavras, aten\u00e7\u00e3o a sons e respostas a chamadas. Crian\u00e7as que come\u00e7am a juntar palavras simples e interagir verbalmente com familiares demonstram avan\u00e7o consistente. Observar esses comportamentos permite avaliar o desenvolvimento cognitivo e lingu\u00edstico, orientando pais e cuidadores a refor\u00e7ar est\u00edmulos adequados sem pressionar o ritmo natural da crian\u00e7a.<\/p>\n\n\n\n<p>Com acompanhamento atento e est\u00edmulos adequados, \u00e9 poss\u00edvel favorecer a fala precoce, independentemente do m\u00eas de nascimento, promovendo aprendizado eficiente e confian\u00e7a na comunica\u00e7\u00e3o desde os primeiros anos de vida.<\/p>\n","protected":false},"excerpt":{"rendered":"<p>Beb\u00eas nascidos em determinados meses podem falar mais cedo. Veja os fatores que ajudam a estimular a linguagem e acelerar o aprendizado<\/p>\n","protected":false},"author":23,"featured_media":206487,"comment_status":"open","ping_status":"open","sticky":false,"template":"","format":"standard","meta":{"_yoast_wpseo_focuskw":"Falar mais cedo","_yoast_wpseo_title":"","_yoast_wpseo_metadesc":"Beb\u00eas nascidos em determinados meses podem falar mais cedo. Veja os fatores que ajudam a estimular a linguagem e acelerar o aprendizado","jnews-multi-image_gallery":[],"jnews_single_post":{"format":"standard"},"jnews_primary_category":[],"jnews_social_meta":[],"jnews_override_counter":[],"footnotes":""},"categories":[112],"tags":[5901,144,4664],"class_list":["post-206486","post","type-post","status-publish","format-standard","has-post-thumbnail","hentry","category-curiosidades","tag-bebes","tag-curiosidades","tag-nascimento"],"yoast_head":"<!-- This site is optimized with the Yoast SEO plugin v24.6 - https:\/\/yoast.com\/wordpress\/plugins\/seo\/ -->\n<title>Beb\u00eas que come\u00e7am a falar mais cedo costumam nascer nestes 4 meses do ano, segundo estudo sobre desenvolvimento da linguagem - Correio Braziliense - Radar<\/title>\n<meta name=\"description\" content=\"Beb\u00eas nascidos em determinados meses podem falar mais cedo. Veja os fatores que ajudam a estimular a linguagem e acelerar o aprendizado\" \/>\n<meta name=\"robots\" content=\"index, follow, max-snippet:-1, max-image-preview:large, max-video-preview:-1\" \/>\n<link rel=\"canonical\" href=\"https:\/\/www.correiobraziliense.com.br\/cbradar\/bebes-que-comecam-a-falar-mais-cedo-costumam-nascer-nestes-4-meses-do-ano-segundo-estudo-sobre-desenvolvimento-da-linguagem\/\" \/>\n<meta property=\"og:locale\" content=\"pt_BR\" \/>\n<meta property=\"og:type\" content=\"article\" \/>\n<meta property=\"og:title\" content=\"Beb\u00eas que come\u00e7am a falar mais cedo costumam nascer nestes 4 meses do ano, segundo estudo sobre desenvolvimento da linguagem - Correio Braziliense - Radar\" \/>\n<meta property=\"og:description\" content=\"Beb\u00eas nascidos em determinados meses podem falar mais cedo. Veja os fatores que ajudam a estimular a linguagem e acelerar o aprendizado\" \/>\n<meta property=\"og:url\" content=\"https:\/\/www.correiobraziliense.com.br\/cbradar\/bebes-que-comecam-a-falar-mais-cedo-costumam-nascer-nestes-4-meses-do-ano-segundo-estudo-sobre-desenvolvimento-da-linguagem\/\" \/>\n<meta property=\"og:site_name\" content=\"Correio Braziliense - Radar\" \/>\n<meta property=\"article:published_time\" content=\"2026-03-16T20:05:00+00:00\" \/>\n<meta property=\"og:image\" content=\"https:\/\/www.correiobraziliense.com.br\/cbradar\/wp-content\/uploads\/2026\/03\/Bebes-_1773189767952.jpg\" \/>\n\t<meta property=\"og:image:width\" content=\"1280\" \/>\n\t<meta property=\"og:image:height\" content=\"720\" \/>\n\t<meta property=\"og:image:type\" content=\"image\/jpeg\" \/>\n<meta name=\"author\" content=\"Nicolas Otto\" \/>\n<meta name=\"twitter:card\" content=\"summary_large_image\" \/>\n<meta name=\"twitter:label1\" content=\"Escrito por\" \/>\n\t<meta name=\"twitter:data1\" content=\"Nicolas Otto\" \/>\n\t<meta name=\"twitter:label2\" content=\"Est. tempo de leitura\" \/>\n\t<meta name=\"twitter:data2\" content=\"5 minutos\" \/>\n<!-- \/ Yoast SEO plugin. -->","yoast_head_json":{"title":"Beb\u00eas que come\u00e7am a falar mais cedo costumam nascer nestes 4 meses do ano, segundo estudo sobre desenvolvimento da linguagem - Correio Braziliense - Radar","description":"Beb\u00eas nascidos em determinados meses podem falar mais cedo. Veja os fatores que ajudam a estimular a linguagem e acelerar o aprendizado","robots":{"index":"index","follow":"follow","max-snippet":"max-snippet:-1","max-image-preview":"max-image-preview:large","max-video-preview":"max-video-preview:-1"},"canonical":"https:\/\/www.correiobraziliense.com.br\/cbradar\/bebes-que-comecam-a-falar-mais-cedo-costumam-nascer-nestes-4-meses-do-ano-segundo-estudo-sobre-desenvolvimento-da-linguagem\/","og_locale":"pt_BR","og_type":"article","og_title":"Beb\u00eas que come\u00e7am a falar mais cedo costumam nascer nestes 4 meses do ano, segundo estudo sobre desenvolvimento da linguagem - Correio Braziliense - Radar","og_description":"Beb\u00eas nascidos em determinados meses podem falar mais cedo. Veja os fatores que ajudam a estimular a linguagem e acelerar o aprendizado","og_url":"https:\/\/www.correiobraziliense.com.br\/cbradar\/bebes-que-comecam-a-falar-mais-cedo-costumam-nascer-nestes-4-meses-do-ano-segundo-estudo-sobre-desenvolvimento-da-linguagem\/","og_site_name":"Correio Braziliense - Radar","article_published_time":"2026-03-16T20:05:00+00:00","og_image":[{"width":1280,"height":720,"url":"https:\/\/www.correiobraziliense.com.br\/cbradar\/wp-content\/uploads\/2026\/03\/Bebes-_1773189767952.jpg","type":"image\/jpeg"}],"author":"Nicolas Otto","twitter_card":"summary_large_image","twitter_misc":{"Escrito por":"Nicolas Otto","Est. tempo de leitura":"5 minutos"},"schema":{"@context":"https:\/\/schema.org","@graph":[{"@type":"WebPage","@id":"https:\/\/www.correiobraziliense.com.br\/cbradar\/bebes-que-comecam-a-falar-mais-cedo-costumam-nascer-nestes-4-meses-do-ano-segundo-estudo-sobre-desenvolvimento-da-linguagem\/","url":"https:\/\/www.correiobraziliense.com.br\/cbradar\/bebes-que-comecam-a-falar-mais-cedo-costumam-nascer-nestes-4-meses-do-ano-segundo-estudo-sobre-desenvolvimento-da-linguagem\/","name":"Beb\u00eas que come\u00e7am a falar mais cedo costumam nascer nestes 4 meses do ano, segundo estudo sobre desenvolvimento da linguagem - Correio Braziliense - Radar","isPartOf":{"@id":"https:\/\/www.correiobraziliense.com.br\/cbradar\/#website"},"primaryImageOfPage":{"@id":"https:\/\/www.correiobraziliense.com.br\/cbradar\/bebes-que-comecam-a-falar-mais-cedo-costumam-nascer-nestes-4-meses-do-ano-segundo-estudo-sobre-desenvolvimento-da-linguagem\/#primaryimage"},"image":{"@id":"https:\/\/www.correiobraziliense.com.br\/cbradar\/bebes-que-comecam-a-falar-mais-cedo-costumam-nascer-nestes-4-meses-do-ano-segundo-estudo-sobre-desenvolvimento-da-linguagem\/#primaryimage"},"thumbnailUrl":"https:\/\/www.correiobraziliense.com.br\/cbradar\/wp-content\/uploads\/2026\/03\/Bebes-_1773189767952.jpg","datePublished":"2026-03-16T20:05:00+00:00","author":{"@id":"https:\/\/www.correiobraziliense.com.br\/cbradar\/#\/schema\/person\/3221b250518e74ac52c442d1c1236aaa"},"description":"Beb\u00eas nascidos em determinados meses podem falar mais cedo. Veja os fatores que ajudam a estimular a linguagem e acelerar o aprendizado","breadcrumb":{"@id":"https:\/\/www.correiobraziliense.com.br\/cbradar\/bebes-que-comecam-a-falar-mais-cedo-costumam-nascer-nestes-4-meses-do-ano-segundo-estudo-sobre-desenvolvimento-da-linguagem\/#breadcrumb"},"inLanguage":"pt-BR","potentialAction":[{"@type":"ReadAction","target":["https:\/\/www.correiobraziliense.com.br\/cbradar\/bebes-que-comecam-a-falar-mais-cedo-costumam-nascer-nestes-4-meses-do-ano-segundo-estudo-sobre-desenvolvimento-da-linguagem\/"]}]},{"@type":"ImageObject","inLanguage":"pt-BR","@id":"https:\/\/www.correiobraziliense.com.br\/cbradar\/bebes-que-comecam-a-falar-mais-cedo-costumam-nascer-nestes-4-meses-do-ano-segundo-estudo-sobre-desenvolvimento-da-linguagem\/#primaryimage","url":"https:\/\/www.correiobraziliense.com.br\/cbradar\/wp-content\/uploads\/2026\/03\/Bebes-_1773189767952.jpg","contentUrl":"https:\/\/www.correiobraziliense.com.br\/cbradar\/wp-content\/uploads\/2026\/03\/Bebes-_1773189767952.jpg","width":1280,"height":720,"caption":"M\u00eas de Nascimento Pode Influenciar a Fala do Beb\u00ea - Cr\u00e9ditos: depositphotos.com \/ HayDmitriy"},{"@type":"BreadcrumbList","@id":"https:\/\/www.correiobraziliense.com.br\/cbradar\/bebes-que-comecam-a-falar-mais-cedo-costumam-nascer-nestes-4-meses-do-ano-segundo-estudo-sobre-desenvolvimento-da-linguagem\/#breadcrumb","itemListElement":[{"@type":"ListItem","position":1,"name":"In\u00edcio","item":"https:\/\/www.correiobraziliense.com.br\/cbradar\/"},{"@type":"ListItem","position":2,"name":"Beb\u00eas que come\u00e7am a falar mais cedo costumam nascer nestes 4 meses do ano, segundo estudo sobre desenvolvimento da linguagem"}]},{"@type":"WebSite","@id":"https:\/\/www.correiobraziliense.com.br\/cbradar\/#website","url":"https:\/\/www.correiobraziliense.com.br\/cbradar\/","name":"Correio Braziliense - Radar","description":"Acompanhe as \u00faltimas not\u00edcias e fique bem informado sobre tudo o que acontece no Brasil e no mundo.","potentialAction":[{"@type":"SearchAction","target":{"@type":"EntryPoint","urlTemplate":"https:\/\/www.correiobraziliense.com.br\/cbradar\/?s={search_term_string}"},"query-input":{"@type":"PropertyValueSpecification","valueRequired":true,"valueName":"search_term_string"}}],"inLanguage":"pt-BR"},{"@type":"Person","@id":"https:\/\/www.correiobraziliense.com.br\/cbradar\/#\/schema\/person\/3221b250518e74ac52c442d1c1236aaa","name":"Nicolas Otto","image":{"@type":"ImageObject","inLanguage":"pt-BR","@id":"https:\/\/www.correiobraziliense.com.br\/cbradar\/#\/schema\/person\/image\/","url":"https:\/\/secure.gravatar.com\/avatar\/05925f730d72f0ea0df144f236adfb18?s=96&d=mm&r=g","contentUrl":"https:\/\/secure.gravatar.com\/avatar\/05925f730d72f0ea0df144f236adfb18?s=96&d=mm&r=g","caption":"Nicolas Otto"},"sameAs":["https:\/\/www.correiobraziliense.com.br\/cbradar\/"],"url":"https:\/\/www.correiobraziliense.com.br\/cbradar\/author\/nicolas-otto\/"}]}},"_links":{"self":[{"href":"https:\/\/www.correiobraziliense.com.br\/cbradar\/wp-json\/wp\/v2\/posts\/206486","targetHints":{"allow":["GET"]}}],"collection":[{"href":"https:\/\/www.correiobraziliense.com.br\/cbradar\/wp-json\/wp\/v2\/posts"}],"about":[{"href":"https:\/\/www.correiobraziliense.com.br\/cbradar\/wp-json\/wp\/v2\/types\/post"}],"author":[{"embeddable":true,"href":"https:\/\/www.correiobraziliense.com.br\/cbradar\/wp-json\/wp\/v2\/users\/23"}],"replies":[{"embeddable":true,"href":"https:\/\/www.correiobraziliense.com.br\/cbradar\/wp-json\/wp\/v2\/comments?post=206486"}],"version-history":[{"count":2,"href":"https:\/\/www.correiobraziliense.com.br\/cbradar\/wp-json\/wp\/v2\/posts\/206486\/revisions"}],"predecessor-version":[{"id":208194,"href":"https:\/\/www.correiobraziliense.com.br\/cbradar\/wp-json\/wp\/v2\/posts\/206486\/revisions\/208194"}],"wp:featuredmedia":[{"embeddable":true,"href":"https:\/\/www.correiobraziliense.com.br\/cbradar\/wp-json\/wp\/v2\/media\/206487"}],"wp:attachment":[{"href":"https:\/\/www.correiobraziliense.com.br\/cbradar\/wp-json\/wp\/v2\/media?parent=206486"}],"wp:term":[{"taxonomy":"category","embeddable":true,"href":"https:\/\/www.correiobraziliense.com.br\/cbradar\/wp-json\/wp\/v2\/categories?post=206486"},{"taxonomy":"post_tag","embeddable":true,"href":"https:\/\/www.correiobraziliense.com.br\/cbradar\/wp-json\/wp\/v2\/tags?post=206486"}],"curies":[{"name":"wp","href":"https:\/\/api.w.org\/{rel}","templated":true}]}}