{"id":206498,"date":"2026-03-16T19:45:00","date_gmt":"2026-03-16T22:45:00","guid":{"rendered":"https:\/\/www.correiobraziliense.com.br\/cbradar\/?p=206498"},"modified":"2026-03-13T11:50:20","modified_gmt":"2026-03-13T14:50:20","slug":"a-planta-resistente-que-alimentou-povos-africanos-por-seculos-e-hoje-volta-a-ganhar-espaco-na-agricultura","status":"publish","type":"post","link":"https:\/\/www.correiobraziliense.com.br\/cbradar\/a-planta-resistente-que-alimentou-povos-africanos-por-seculos-e-hoje-volta-a-ganhar-espaco-na-agricultura\/","title":{"rendered":"A planta resistente que alimentou povos africanos por s\u00e9culos e hoje volta a ganhar espa\u00e7o na agricultura"},"content":{"rendered":"\n<p>Diversas culturas agr\u00edcolas da <strong>\u00c1frica<\/strong> desenvolveram plantas altamente adaptadas a climas secos e solos pobres. Entre elas, o <strong>sorgo<\/strong>, cereal cultivado h\u00e1 milhares de anos, alimentou popula\u00e7\u00f5es por gera\u00e7\u00f5es. Com as mudan\u00e7as clim\u00e1ticas e a busca por culturas mais resistentes, essa planta volta a receber aten\u00e7\u00e3o de pesquisadores e produtores interessados em sistemas agr\u00edcolas sustent\u00e1veis.<\/p>\n\n\n\n<h2 class=\"wp-block-heading\">O que \u00e9 o sorgo e qual sua import\u00e2ncia hist\u00f3rica?<\/h2>\n\n\n\n<p>O <strong>sorgo<\/strong> \u00e9 um cereal origin\u00e1rio do continente africano, cultivado h\u00e1 mais de quatro mil anos em regi\u00f5es de clima quente e seco. Povos tradicionais utilizaram esse gr\u00e3o como base alimentar em diversas culturas, produzindo farinhas, mingaus e <a href=\"https:\/\/www.correiobraziliense.com.br\/cbradar\/as-tres-bebidas-naturais-que-ajudam-a-hidratar-o-corpo-e-apoiar-a-saude-do-figado\/\" target=\"_blank\" rel=\"noreferrer noopener\">bebidas <\/a>fermentadas, essenciais para a nutri\u00e7\u00e3o e sobreviv\u00eancia em ambientes desafiadores.<\/p>\n\n\n\n<p>Al\u00e9m de seu valor alimentar, o <strong>sorgo<\/strong> teve papel importante na organiza\u00e7\u00e3o agr\u00edcola de muitas comunidades africanas. Sua capacidade de crescer com pouca \u00e1gua permitiu a manuten\u00e7\u00e3o de sistemas produtivos est\u00e1veis, mesmo em regi\u00f5es com longos per\u00edodos de seca e solos menos f\u00e9rteis.<\/p>\n\n\n\n<figure class=\"wp-block-image size-large\"><img decoding=\"async\" width=\"1278\" height=\"720\" src=\"https:\/\/www.correiobraziliense.com.br\/cbradar\/wp-content\/uploads\/2026\/03\/planta-sorgo-1-1278x720.png\" alt=\"A planta resistente que alimentou povos africanos por s\u00e9culos e hoje volta a ganhar espa\u00e7o na agricultura\" class=\"wp-image-206500\" srcset=\"https:\/\/www.correiobraziliense.com.br\/cbradar\/wp-content\/uploads\/2026\/03\/planta-sorgo-1-1278x720.png 1278w, https:\/\/www.correiobraziliense.com.br\/cbradar\/wp-content\/uploads\/2026\/03\/planta-sorgo-1-300x169.png 300w, https:\/\/www.correiobraziliense.com.br\/cbradar\/wp-content\/uploads\/2026\/03\/planta-sorgo-1-768x433.png 768w, https:\/\/www.correiobraziliense.com.br\/cbradar\/wp-content\/uploads\/2026\/03\/planta-sorgo-1-750x422.png 750w, https:\/\/www.correiobraziliense.com.br\/cbradar\/wp-content\/uploads\/2026\/03\/planta-sorgo-1-1140x642.png 1140w, https:\/\/www.correiobraziliense.com.br\/cbradar\/wp-content\/uploads\/2026\/03\/planta-sorgo-1.png 1280w\" sizes=\"(max-width: 1278px) 100vw, 1278px\" \/><figcaption class=\"wp-element-caption\">Sorgo Africano Volta a Ganhar Espa\u00e7o na Agricultura <\/figcaption><\/figure>\n\n\n\n<h2 class=\"wp-block-heading\">Por que essa planta \u00e9 considerada altamente resistente?<\/h2>\n\n\n\n<p>O <strong>Sorgo<\/strong> apresenta caracter\u00edsticas agron\u00f4micas que o tornam extremamente adapt\u00e1vel. A planta possui ra\u00edzes profundas que ajudam a acessar \u00e1gua em camadas mais baixas do solo, al\u00e9m de tolerar temperaturas elevadas e longos per\u00edodos sem chuva, condi\u00e7\u00f5es comuns em diversas regi\u00f5es tropicais.<\/p>\n\n\n\n<p>Essa resist\u00eancia permite que o cereal seja cultivado em \u00e1reas onde outras culturas teriam dificuldades de desenvolvimento. Por esse motivo, agr\u00f4nomos e pesquisadores em <strong>Agronomia<\/strong> avaliam o potencial do <strong>sorgo<\/strong> como alternativa estrat\u00e9gica para ampliar a seguran\u00e7a alimentar em cen\u00e1rios de instabilidade clim\u00e1tica.<\/p>\n\n\n\n<h2 class=\"wp-block-heading\">Quais caracter\u00edsticas fazem do sorgo uma cultura promissora?<\/h2>\n\n\n\n<p>Diversos fatores agr\u00edcolas e nutricionais explicam por que o <strong>sorgo<\/strong> voltou a ganhar aten\u00e7\u00e3o em pesquisas e programas de produ\u00e7\u00e3o sustent\u00e1vel. Seu cultivo apresenta vantagens importantes tanto para agricultores quanto para sistemas alimentares que buscam maior diversidade e resili\u00eancia frente a desafios clim\u00e1ticos.<\/p>\n\n\n\n<p>Entre as principais caracter\u00edsticas do <strong>sorgo<\/strong>, destacam-se os seguintes pontos:<\/p>\n\n\n\n<ul class=\"wp-block-list\">\n<li><strong>Alta toler\u00e2ncia \u00e0 seca<\/strong>, adaptando-se a regi\u00f5es com pouca chuva<\/li>\n\n\n\n<li><strong>Boa produtividade<\/strong>, mesmo em solos de fertilidade limitada<\/li>\n\n\n\n<li><strong>Valor nutricional relevante<\/strong>, com presen\u00e7a de fibras e minerais<\/li>\n\n\n\n<li><strong>Versatilidade agr\u00edcola<\/strong>, podendo ser usado para alimenta\u00e7\u00e3o humana e animal<\/li>\n\n\n\n<li><strong>Resist\u00eancia clim\u00e1tica<\/strong>, importante em cen\u00e1rios de mudan\u00e7as ambientais<\/li>\n<\/ul>\n\n\n\n<h2 class=\"wp-block-heading\">Como o sorgo volta a ganhar espa\u00e7o na agricultura?<\/h2>\n\n\n\n<p>Nos \u00faltimos anos, pesquisadores e institui\u00e7\u00f5es agr\u00edcolas passaram a estudar novamente o <strong>sorgo<\/strong> como parte de estrat\u00e9gias de agricultura resiliente. Programas de melhoramento gen\u00e9tico buscam desenvolver variedades mais produtivas e adaptadas a diferentes condi\u00e7\u00f5es clim\u00e1ticas.<\/p>\n\n\n\n<p>Al\u00e9m da pesquisa cient\u00edfica, agricultores em v\u00e1rias regi\u00f5es do mundo voltam a incorporar o <strong>sorgo<\/strong> em sistemas de rota\u00e7\u00e3o de culturas. Essa pr\u00e1tica contribui para melhorar a sa\u00fade do solo, diversificar a produ\u00e7\u00e3o agr\u00edcola e reduzir riscos associados \u00e0 depend\u00eancia de poucos cultivos principais.<\/p>\n\n\n\n<p>Se voc\u00ea quer entender melhor essa cultura agr\u00edcola vers\u00e1til, este v\u00eddeo do canal <strong><a href=\"https:\/\/www.youtube.com\/@AgriculturaAaZ\" target=\"_blank\" rel=\"noreferrer noopener\">Agricultura A a Z<\/a><\/strong>, com 70,3 mil subscritores, foi escolhido especialmente para voc\u00ea. Ele apresenta os diferentes tipos de sorgo e explica seus principais usos na alimenta\u00e7\u00e3o, na produ\u00e7\u00e3o de ra\u00e7\u00e3o e na agricultura.<\/p>\n\n\n\n<figure class=\"wp-block-embed is-type-video is-provider-youtube wp-block-embed-youtube wp-embed-aspect-16-9 wp-has-aspect-ratio\"><div class=\"wp-block-embed__wrapper\">\n<div class=\"jeg_video_container jeg_video_content\"><iframe loading=\"lazy\" title=\"Conhe\u00e7a os Diferentes Tipos de Sorgo e Seus Usos\" width=\"500\" height=\"281\" src=\"https:\/\/www.youtube.com\/embed\/um6epMhe-WE?feature=oembed\" frameborder=\"0\" allow=\"accelerometer; autoplay; clipboard-write; encrypted-media; gyroscope; picture-in-picture; web-share\" referrerpolicy=\"strict-origin-when-cross-origin\" allowfullscreen><\/iframe><\/div>\n<\/div><\/figure>\n\n\n\n<h2 class=\"wp-block-heading\">Qual \u00e9 o papel do sorgo na seguran\u00e7a alimentar?<\/h2>\n\n\n\n<p>Em um cen\u00e1rio global marcado por mudan\u00e7as clim\u00e1ticas e crescimento populacional, culturas resistentes ganham import\u00e2ncia estrat\u00e9gica. O <strong>sorgo<\/strong> oferece uma alternativa capaz de produzir alimento em regi\u00f5es onde outras plantas enfrentam maiores dificuldades de adapta\u00e7\u00e3o.<\/p>\n\n\n\n<p>Seu cultivo tamb\u00e9m contribui para preservar conhecimentos agr\u00edcolas tradicionais de comunidades africanas. Ao valorizar plantas adaptadas ao clima e ao solo local, pesquisadores e agricultores fortalecem sistemas produtivos mais equilibrados e sustent\u00e1veis, ampliando a diversidade alimentar em diferentes regi\u00f5es do mundo.<\/p>\n","protected":false},"excerpt":{"rendered":"<p>O sorgo resiste \u00e0 seca e cresce em solos pobres. Veja por que esse gr\u00e3o antigo pode ganhar espa\u00e7o na agricultura moderna<\/p>\n","protected":false},"author":23,"featured_media":206499,"comment_status":"open","ping_status":"open","sticky":false,"template":"","format":"standard","meta":{"_yoast_wpseo_focuskw":"Planta resistente que alimentou povos","_yoast_wpseo_title":"","_yoast_wpseo_metadesc":"O sorgo resiste \u00e0 seca e cresce em solos pobres. Veja por que esse gr\u00e3o antigo pode ganhar espa\u00e7o na agricultura moderna","jnews-multi-image_gallery":[],"jnews_single_post":{"format":"standard"},"jnews_primary_category":[],"jnews_social_meta":[],"jnews_override_counter":[],"footnotes":""},"categories":[136],"tags":[144,329,866],"class_list":["post-206498","post","type-post","status-publish","format-standard","has-post-thumbnail","hentry","category-jardinagem","tag-curiosidades","tag-jardinagem","tag-planta"],"yoast_head":"<!-- This site is optimized with the Yoast SEO plugin v24.6 - https:\/\/yoast.com\/wordpress\/plugins\/seo\/ -->\n<title>A planta resistente que alimentou povos africanos por s\u00e9culos e hoje volta a ganhar espa\u00e7o na agricultura - Correio Braziliense - Radar<\/title>\n<meta name=\"description\" content=\"O sorgo resiste \u00e0 seca e cresce em solos pobres. Veja por que esse gr\u00e3o antigo pode ganhar espa\u00e7o na agricultura moderna\" \/>\n<meta name=\"robots\" content=\"index, follow, max-snippet:-1, max-image-preview:large, max-video-preview:-1\" \/>\n<link rel=\"canonical\" href=\"https:\/\/www.correiobraziliense.com.br\/cbradar\/a-planta-resistente-que-alimentou-povos-africanos-por-seculos-e-hoje-volta-a-ganhar-espaco-na-agricultura\/\" \/>\n<meta property=\"og:locale\" content=\"pt_BR\" \/>\n<meta property=\"og:type\" content=\"article\" \/>\n<meta property=\"og:title\" content=\"A planta resistente que alimentou povos africanos por s\u00e9culos e hoje volta a ganhar espa\u00e7o na agricultura - Correio Braziliense - Radar\" \/>\n<meta property=\"og:description\" content=\"O sorgo resiste \u00e0 seca e cresce em solos pobres. Veja por que esse gr\u00e3o antigo pode ganhar espa\u00e7o na agricultura moderna\" \/>\n<meta property=\"og:url\" content=\"https:\/\/www.correiobraziliense.com.br\/cbradar\/a-planta-resistente-que-alimentou-povos-africanos-por-seculos-e-hoje-volta-a-ganhar-espaco-na-agricultura\/\" \/>\n<meta property=\"og:site_name\" content=\"Correio Braziliense - Radar\" \/>\n<meta property=\"article:published_time\" content=\"2026-03-16T22:45:00+00:00\" \/>\n<meta property=\"og:image\" content=\"https:\/\/www.correiobraziliense.com.br\/cbradar\/wp-content\/uploads\/2026\/03\/planta-sorgo.png\" \/>\n\t<meta property=\"og:image:width\" content=\"1280\" \/>\n\t<meta property=\"og:image:height\" content=\"721\" \/>\n\t<meta property=\"og:image:type\" content=\"image\/png\" \/>\n<meta name=\"author\" content=\"Nicolas Otto\" \/>\n<meta name=\"twitter:card\" content=\"summary_large_image\" \/>\n<meta name=\"twitter:label1\" content=\"Escrito por\" \/>\n\t<meta name=\"twitter:data1\" content=\"Nicolas Otto\" \/>\n\t<meta name=\"twitter:label2\" content=\"Est. tempo de leitura\" \/>\n\t<meta name=\"twitter:data2\" content=\"4 minutos\" \/>\n<!-- \/ Yoast SEO plugin. -->","yoast_head_json":{"title":"A planta resistente que alimentou povos africanos por s\u00e9culos e hoje volta a ganhar espa\u00e7o na agricultura - Correio Braziliense - Radar","description":"O sorgo resiste \u00e0 seca e cresce em solos pobres. Veja por que esse gr\u00e3o antigo pode ganhar espa\u00e7o na agricultura moderna","robots":{"index":"index","follow":"follow","max-snippet":"max-snippet:-1","max-image-preview":"max-image-preview:large","max-video-preview":"max-video-preview:-1"},"canonical":"https:\/\/www.correiobraziliense.com.br\/cbradar\/a-planta-resistente-que-alimentou-povos-africanos-por-seculos-e-hoje-volta-a-ganhar-espaco-na-agricultura\/","og_locale":"pt_BR","og_type":"article","og_title":"A planta resistente que alimentou povos africanos por s\u00e9culos e hoje volta a ganhar espa\u00e7o na agricultura - Correio Braziliense - Radar","og_description":"O sorgo resiste \u00e0 seca e cresce em solos pobres. Veja por que esse gr\u00e3o antigo pode ganhar espa\u00e7o na agricultura moderna","og_url":"https:\/\/www.correiobraziliense.com.br\/cbradar\/a-planta-resistente-que-alimentou-povos-africanos-por-seculos-e-hoje-volta-a-ganhar-espaco-na-agricultura\/","og_site_name":"Correio Braziliense - Radar","article_published_time":"2026-03-16T22:45:00+00:00","og_image":[{"width":1280,"height":721,"url":"https:\/\/www.correiobraziliense.com.br\/cbradar\/wp-content\/uploads\/2026\/03\/planta-sorgo.png","type":"image\/png"}],"author":"Nicolas Otto","twitter_card":"summary_large_image","twitter_misc":{"Escrito por":"Nicolas Otto","Est. tempo de leitura":"4 minutos"},"schema":{"@context":"https:\/\/schema.org","@graph":[{"@type":"WebPage","@id":"https:\/\/www.correiobraziliense.com.br\/cbradar\/a-planta-resistente-que-alimentou-povos-africanos-por-seculos-e-hoje-volta-a-ganhar-espaco-na-agricultura\/","url":"https:\/\/www.correiobraziliense.com.br\/cbradar\/a-planta-resistente-que-alimentou-povos-africanos-por-seculos-e-hoje-volta-a-ganhar-espaco-na-agricultura\/","name":"A planta resistente que alimentou povos africanos por s\u00e9culos e hoje volta a ganhar espa\u00e7o na agricultura - Correio Braziliense - Radar","isPartOf":{"@id":"https:\/\/www.correiobraziliense.com.br\/cbradar\/#website"},"primaryImageOfPage":{"@id":"https:\/\/www.correiobraziliense.com.br\/cbradar\/a-planta-resistente-que-alimentou-povos-africanos-por-seculos-e-hoje-volta-a-ganhar-espaco-na-agricultura\/#primaryimage"},"image":{"@id":"https:\/\/www.correiobraziliense.com.br\/cbradar\/a-planta-resistente-que-alimentou-povos-africanos-por-seculos-e-hoje-volta-a-ganhar-espaco-na-agricultura\/#primaryimage"},"thumbnailUrl":"https:\/\/www.correiobraziliense.com.br\/cbradar\/wp-content\/uploads\/2026\/03\/planta-sorgo.png","datePublished":"2026-03-16T22:45:00+00:00","author":{"@id":"https:\/\/www.correiobraziliense.com.br\/cbradar\/#\/schema\/person\/3221b250518e74ac52c442d1c1236aaa"},"description":"O sorgo resiste \u00e0 seca e cresce em solos pobres. Veja por que esse gr\u00e3o antigo pode ganhar espa\u00e7o na agricultura moderna","breadcrumb":{"@id":"https:\/\/www.correiobraziliense.com.br\/cbradar\/a-planta-resistente-que-alimentou-povos-africanos-por-seculos-e-hoje-volta-a-ganhar-espaco-na-agricultura\/#breadcrumb"},"inLanguage":"pt-BR","potentialAction":[{"@type":"ReadAction","target":["https:\/\/www.correiobraziliense.com.br\/cbradar\/a-planta-resistente-que-alimentou-povos-africanos-por-seculos-e-hoje-volta-a-ganhar-espaco-na-agricultura\/"]}]},{"@type":"ImageObject","inLanguage":"pt-BR","@id":"https:\/\/www.correiobraziliense.com.br\/cbradar\/a-planta-resistente-que-alimentou-povos-africanos-por-seculos-e-hoje-volta-a-ganhar-espaco-na-agricultura\/#primaryimage","url":"https:\/\/www.correiobraziliense.com.br\/cbradar\/wp-content\/uploads\/2026\/03\/planta-sorgo.png","contentUrl":"https:\/\/www.correiobraziliense.com.br\/cbradar\/wp-content\/uploads\/2026\/03\/planta-sorgo.png","width":1280,"height":721,"caption":"Sorgo Africano Volta a Ganhar Espa\u00e7o na Agricultura"},{"@type":"BreadcrumbList","@id":"https:\/\/www.correiobraziliense.com.br\/cbradar\/a-planta-resistente-que-alimentou-povos-africanos-por-seculos-e-hoje-volta-a-ganhar-espaco-na-agricultura\/#breadcrumb","itemListElement":[{"@type":"ListItem","position":1,"name":"In\u00edcio","item":"https:\/\/www.correiobraziliense.com.br\/cbradar\/"},{"@type":"ListItem","position":2,"name":"A planta resistente que alimentou povos africanos por s\u00e9culos e hoje volta a ganhar espa\u00e7o na agricultura"}]},{"@type":"WebSite","@id":"https:\/\/www.correiobraziliense.com.br\/cbradar\/#website","url":"https:\/\/www.correiobraziliense.com.br\/cbradar\/","name":"Correio Braziliense - Radar","description":"Acompanhe as \u00faltimas not\u00edcias e fique bem informado sobre tudo o que acontece no Brasil e no mundo.","potentialAction":[{"@type":"SearchAction","target":{"@type":"EntryPoint","urlTemplate":"https:\/\/www.correiobraziliense.com.br\/cbradar\/?s={search_term_string}"},"query-input":{"@type":"PropertyValueSpecification","valueRequired":true,"valueName":"search_term_string"}}],"inLanguage":"pt-BR"},{"@type":"Person","@id":"https:\/\/www.correiobraziliense.com.br\/cbradar\/#\/schema\/person\/3221b250518e74ac52c442d1c1236aaa","name":"Nicolas Otto","image":{"@type":"ImageObject","inLanguage":"pt-BR","@id":"https:\/\/www.correiobraziliense.com.br\/cbradar\/#\/schema\/person\/image\/","url":"https:\/\/secure.gravatar.com\/avatar\/05925f730d72f0ea0df144f236adfb18?s=96&d=mm&r=g","contentUrl":"https:\/\/secure.gravatar.com\/avatar\/05925f730d72f0ea0df144f236adfb18?s=96&d=mm&r=g","caption":"Nicolas Otto"},"sameAs":["https:\/\/www.correiobraziliense.com.br\/cbradar\/"],"url":"https:\/\/www.correiobraziliense.com.br\/cbradar\/author\/nicolas-otto\/"}]}},"_links":{"self":[{"href":"https:\/\/www.correiobraziliense.com.br\/cbradar\/wp-json\/wp\/v2\/posts\/206498","targetHints":{"allow":["GET"]}}],"collection":[{"href":"https:\/\/www.correiobraziliense.com.br\/cbradar\/wp-json\/wp\/v2\/posts"}],"about":[{"href":"https:\/\/www.correiobraziliense.com.br\/cbradar\/wp-json\/wp\/v2\/types\/post"}],"author":[{"embeddable":true,"href":"https:\/\/www.correiobraziliense.com.br\/cbradar\/wp-json\/wp\/v2\/users\/23"}],"replies":[{"embeddable":true,"href":"https:\/\/www.correiobraziliense.com.br\/cbradar\/wp-json\/wp\/v2\/comments?post=206498"}],"version-history":[{"count":2,"href":"https:\/\/www.correiobraziliense.com.br\/cbradar\/wp-json\/wp\/v2\/posts\/206498\/revisions"}],"predecessor-version":[{"id":208172,"href":"https:\/\/www.correiobraziliense.com.br\/cbradar\/wp-json\/wp\/v2\/posts\/206498\/revisions\/208172"}],"wp:featuredmedia":[{"embeddable":true,"href":"https:\/\/www.correiobraziliense.com.br\/cbradar\/wp-json\/wp\/v2\/media\/206499"}],"wp:attachment":[{"href":"https:\/\/www.correiobraziliense.com.br\/cbradar\/wp-json\/wp\/v2\/media?parent=206498"}],"wp:term":[{"taxonomy":"category","embeddable":true,"href":"https:\/\/www.correiobraziliense.com.br\/cbradar\/wp-json\/wp\/v2\/categories?post=206498"},{"taxonomy":"post_tag","embeddable":true,"href":"https:\/\/www.correiobraziliense.com.br\/cbradar\/wp-json\/wp\/v2\/tags?post=206498"}],"curies":[{"name":"wp","href":"https:\/\/api.w.org\/{rel}","templated":true}]}}