{"id":206511,"date":"2026-03-12T08:05:47","date_gmt":"2026-03-12T11:05:47","guid":{"rendered":"https:\/\/www.correiobraziliense.com.br\/cbradar\/?p=206511"},"modified":"2026-03-11T15:53:05","modified_gmt":"2026-03-11T18:53:05","slug":"esse-vegetal-pouco-usado-pode-ajudar-a-melhorar-a-visao-naturalmente","status":"publish","type":"post","link":"https:\/\/www.correiobraziliense.com.br\/cbradar\/esse-vegetal-pouco-usado-pode-ajudar-a-melhorar-a-visao-naturalmente\/","title":{"rendered":"Esse vegetal pouco usado pode ajudar a melhorar a vis\u00e3o naturalmente"},"content":{"rendered":"\n<p>Voc\u00ea j\u00e1 reparou como a gente s\u00f3 lembra dos <b>olhos<\/b> quando a vis\u00e3o come\u00e7a a falhar ou quando passamos horas nas telas e eles ficam cansados? Entre as op\u00e7\u00f5es naturais que podem ajudar a cuidar da vis\u00e3o no dia a dia, a <b>couve-de-folhas<\/b> (a nossa conhecida couve) vem ganhando espa\u00e7o. Embora simples e comum nas feiras, ela re\u00fane <b>nutrientes<\/b> importantes que podem proteger os olhos de forma natural e complementar os cuidados com consultas e exames regulares.<\/p>\n\n\n\n<h2 class=\"wp-block-heading\">Por que a couve-de-folhas ajuda tanto na sa\u00fade dos olhos<\/h2>\n\n\n\n<p>A <b>couve-de-folhas<\/b> \u00e9 rica em antioxidantes como lute\u00edna e zeaxantina, que atuam como uma esp\u00e9cie de \u201cescudo protetor\u201d da <b>retina<\/b> contra radicais livres e excesso de <b>luz<\/b> azul das telas. Ela tamb\u00e9m \u00e9 fonte de vitamina A, que participa da vis\u00e3o noturna e ajuda a manter as estruturas dos olhos funcionando direitinho.<\/p>\n\n\n\n<p>Al\u00e9m disso, a couve oferece vitamina C, vitamina K e minerais como <b>zinco<\/b> e magn\u00e9sio, que participam de processos ligados ao bom funcionamento das c\u00e9lulas oculares. Quando consumida com frequ\u00eancia dentro de uma alimenta\u00e7\u00e3o equilibrada, pode ajudar a reduzir o risco de problemas como <b>degenera\u00e7\u00e3o<\/b> macular relacionada \u00e0 idade e ressecamento <b>ocular<\/b>.<\/p>\n\n\n<div class=\"wp-block-image\">\n<figure class=\"aligncenter size-large\"><img decoding=\"async\" width=\"1024\" height=\"576\" src=\"https:\/\/www.correiobraziliense.com.br\/cbradar\/wp-content\/uploads\/2025\/03\/couve-planta_1743445190183-1024x576.jpg\" alt=\"6 ervas que voc\u00ea pode plantar em casa para fazer um detox poderoso\" class=\"wp-image-17518\" srcset=\"https:\/\/www.correiobraziliense.com.br\/cbradar\/wp-content\/uploads\/2025\/03\/couve-planta_1743445190183-1024x576.jpg 1024w, https:\/\/www.correiobraziliense.com.br\/cbradar\/wp-content\/uploads\/2025\/03\/couve-planta_1743445190183-300x169.jpg 300w, https:\/\/www.correiobraziliense.com.br\/cbradar\/wp-content\/uploads\/2025\/03\/couve-planta_1743445190183-768x432.jpg 768w, https:\/\/www.correiobraziliense.com.br\/cbradar\/wp-content\/uploads\/2025\/03\/couve-planta_1743445190183-750x422.jpg 750w, https:\/\/www.correiobraziliense.com.br\/cbradar\/wp-content\/uploads\/2025\/03\/couve-planta_1743445190183-1140x641.jpg 1140w, https:\/\/www.correiobraziliense.com.br\/cbradar\/wp-content\/uploads\/2025\/03\/couve-planta_1743445190183.jpg 1280w\" sizes=\"(max-width: 1024px) 100vw, 1024px\" \/><figcaption class=\"wp-element-caption\">Uma das hortali\u00e7as mais utilizadas na alimenta\u00e7\u00e3o brasileira &#8211; Cr\u00e9ditos: depositphotos.com \/ mvg68<\/figcaption><\/figure><\/div>\n\n\n<p>Leia tamb\u00e9m:&nbsp;<a href=\"https:\/\/www.correiobraziliense.com.br\/cbradar\/pouco-popular-fora-do-nordeste-essa-fruta-refrescante-ajuda-na-hidratacao-na-saciedade-e-pode-ser-plantada-no-quintal-2\/\" target=\"_blank\" rel=\"noopener\">Pouco popular fora do Nordeste, essa fruta refrescante ajuda na hidrata\u00e7\u00e3o, na saciedade e pode ser plantada no quintal<\/a><\/p>\n\n\n\n<h2 class=\"wp-block-heading\">A couve pode melhorar a vis\u00e3o de forma natural<\/h2>\n\n\n\n<p>Nenhum alimento, sozinho, \u00e9 capaz de curar dificuldades visuais, mas alguns vegetais podem ajudar a <b>preservar<\/b> a vis\u00e3o ao longo do tempo. A couve, por ser rica em carotenoides, entra como aliada, principalmente quando combinada com gorduras boas, como <b>azeite<\/b> de oliva ou abacate, que facilitam a absor\u00e7\u00e3o desses compostos pelo <b>organismo<\/b>.<\/p>\n\n\n\n<p>Quando se fala em melhorar a vis\u00e3o naturalmente, a ideia \u00e9 fortalecer as estruturas dos <b>olhos<\/b> e retardar danos ligados ao envelhecimento. Uma dieta que inclui couve, folhas verde-escuras e legumes coloridos contribui para manter a fun\u00e7\u00e3o <b>visual<\/b> em melhores condi\u00e7\u00f5es, principalmente a longo prazo, desde que acompanhada de consultas oftalmol\u00f3gicas e outros h\u00e1bitos <b>saud\u00e1veis<\/b>.<\/p>\n\n\n\n<h2 class=\"wp-block-heading\">Como colocar a couve-de-folhas na rotina do dia a dia<\/h2>\n\n\n\n<p>Para aproveitar melhor os benef\u00edcios da <b>couve-de-folhas<\/b> para a vis\u00e3o, o modo de preparo faz diferen\u00e7a. Quando muito cozida, parte dos <b>nutrientes<\/b> pode ser perdida, por isso vale apostar em prepara\u00e7\u00f5es r\u00e1pidas ou no consumo cru, sempre que for seguro e bem <b>higienizado<\/b>. Pequenos ajustes na cozinha j\u00e1 ajudam a transformar a couve em presen\u00e7a constante no prato. Se voc\u00ea gosta de ouvir opini\u00e3o de profissionais, separamos esse v\u00eddeo do canal da <a href=\"https:\/\/www.youtube.com\/@NutricionistaPatriciaLeite\" target=\"_blank\" rel=\"noreferrer noopener\">Nutricionista Patricia Leite<\/a> falando com mais detalhes sobre os ben\u00e9ficos da couve:<\/p>\n\n\n\n<figure class=\"wp-block-embed is-type-video is-provider-youtube wp-block-embed-youtube wp-embed-aspect-16-9 wp-has-aspect-ratio\"><div class=\"wp-block-embed__wrapper\">\n<div class=\"jeg_video_container jeg_video_content\"><iframe loading=\"lazy\" title=\"Benefi\u0301cios da Couve - Para Que Serve e Propriedades [RECEITAS LIGHT e DICAS]\" width=\"500\" height=\"281\" src=\"https:\/\/www.youtube.com\/embed\/1YBKLCuVhYQ?feature=oembed\" frameborder=\"0\" allow=\"accelerometer; autoplay; clipboard-write; encrypted-media; gyroscope; picture-in-picture; web-share\" referrerpolicy=\"strict-origin-when-cross-origin\" allowfullscreen><\/iframe><\/div>\n<\/div><\/figure>\n\n\n\n<p>Uma boa forma de variar \u00e9 testar receitas simples e pr\u00e1ticas, deixando a <b>couve<\/b> mais presente sem precisar mudar totalmente o card\u00e1pio:<\/p>\n\n\n\n<ul class=\"wp-block-list\">\n<li><b>Refogado<\/b> r\u00e1pido: saltear as folhas em fogo alto por poucos minutos para preservar mais nutrientes.<\/li>\n\n\n\n<li>Saladas: fatiar bem fino e misturar com outras folhas, usando um molho \u00e0 base de <b>azeite<\/b>.<\/li>\n\n\n\n<li>Sucos e vitaminas: bater a couve com frutas c\u00edtricas, como lim\u00e3o ou laranja, para aproveitar a vitamina <b>C<\/b>.<\/li>\n\n\n\n<li>Sopas e caldos: adicionar a couve ao final do preparo, evitando longos per\u00edodos de <b>fervura<\/b>.<\/li>\n<\/ul>\n\n\n\n<h2 class=\"wp-block-heading\">Quais cuidados potencializam os benef\u00edcios da couve para a vis\u00e3o<\/h2>\n\n\n\n<p>O consumo de <b>couve-de-folhas<\/b> para a vis\u00e3o funciona melhor quando vem acompanhado de uma alimenta\u00e7\u00e3o variada e equilibrada. Combinar a couve com outros vegetais ricos em carotenoides, como espinafre, br\u00f3colis, ab\u00f3bora e cenoura, cria um verdadeiro \u201ctime\u201d de <b>prote\u00e7\u00e3o<\/b> para os olhos, enquanto a boa <b>hidrata\u00e7\u00e3o<\/b> ajuda a evitar ressecamento ocular.<\/p>\n\n\n\n<p>Outros cuidados tamb\u00e9m fazem diferen\u00e7a: alternar as formas de preparo para n\u00e3o enjoar, usar gorduras boas como azeite, oleaginosas ou <b>sementes<\/b>, manter consultas regulares com o oftalmologista e evitar longos per\u00edodos seguidos em frente \u00e0s <b>telas<\/b>, fazendo pausas visuais frequentes. Assim, a couve deixa de ser s\u00f3 um acompanhamento e passa a fazer parte de um plano mais amplo de <b>cuidado<\/b> com a vis\u00e3o ao longo dos anos.<\/p>\n","protected":false},"excerpt":{"rendered":"<p>Voc\u00ea j\u00e1 reparou como a gente s\u00f3 lembra dos olhos quando a vis\u00e3o come\u00e7a a falhar ou quando passamos horas nas telas e eles ficam cansados? Entre as op\u00e7\u00f5es naturais que podem ajudar a cuidar da vis\u00e3o no dia a dia, a couve-de-folhas (a nossa conhecida couve) vem ganhando espa\u00e7o. Embora simples e comum nas [&hellip;]<\/p>\n","protected":false},"author":9,"featured_media":207020,"comment_status":"open","ping_status":"open","sticky":false,"template":"","format":"standard","meta":{"_yoast_wpseo_focuskw":"benef\u00edcios da couve na vis\u00e3o","_yoast_wpseo_title":"","_yoast_wpseo_metadesc":"Uma folha comum na cozinha pode trazer nutrientes importantes para os olhos e ajudar a proteger a vis\u00e3o no dia a dia.","jnews-multi-image_gallery":[],"jnews_single_post":{"format":"standard"},"jnews_primary_category":[],"jnews_social_meta":[],"jnews_override_counter":[],"footnotes":""},"categories":[119,4404],"post_tag":[9420,3345,15953],"class_list":["post-206511","post","type-post","status-publish","format-standard","has-post-thumbnail","hentry","category-bem-estar","category-saude","tag-beneficios-da-couve","tag-couve","tag-couvemanteiga"],"yoast_head":"<!-- This site is optimized with the Yoast SEO plugin v24.6 - https:\/\/yoast.com\/wordpress\/plugins\/seo\/ -->\n<title>Esse vegetal pouco usado pode ajudar a melhorar a vis\u00e3o naturalmente - Correio Braziliense - Radar<\/title>\n<meta name=\"description\" content=\"Uma folha comum na cozinha pode trazer nutrientes importantes para os olhos e ajudar a proteger a vis\u00e3o no dia a dia.\" \/>\n<meta name=\"robots\" content=\"index, follow, max-snippet:-1, max-image-preview:large, max-video-preview:-1\" \/>\n<link rel=\"canonical\" href=\"https:\/\/www.correiobraziliense.com.br\/cbradar\/esse-vegetal-pouco-usado-pode-ajudar-a-melhorar-a-visao-naturalmente\/\" \/>\n<meta property=\"og:locale\" content=\"pt_BR\" \/>\n<meta property=\"og:type\" content=\"article\" \/>\n<meta property=\"og:title\" content=\"Esse vegetal pouco usado pode ajudar a melhorar a vis\u00e3o naturalmente - Correio Braziliense - Radar\" \/>\n<meta property=\"og:description\" content=\"Uma folha comum na cozinha pode trazer nutrientes importantes para os olhos e ajudar a proteger a vis\u00e3o no dia a dia.\" \/>\n<meta property=\"og:url\" content=\"https:\/\/www.correiobraziliense.com.br\/cbradar\/esse-vegetal-pouco-usado-pode-ajudar-a-melhorar-a-visao-naturalmente\/\" \/>\n<meta property=\"og:site_name\" content=\"Correio Braziliense - Radar\" \/>\n<meta property=\"article:published_time\" content=\"2026-03-12T11:05:47+00:00\" \/>\n<meta property=\"og:image\" content=\"https:\/\/www.correiobraziliense.com.br\/cbradar\/wp-content\/uploads\/2026\/03\/freepik__folhas-frescas-de-couvedefolhas-verdes-sobre-tbua-__62993.jpeg\" \/>\n\t<meta property=\"og:image:width\" content=\"1280\" \/>\n\t<meta property=\"og:image:height\" content=\"720\" \/>\n\t<meta property=\"og:image:type\" content=\"image\/jpeg\" \/>\n<meta name=\"author\" content=\"Daniely Cardoso\" \/>\n<meta name=\"twitter:card\" content=\"summary_large_image\" \/>\n<meta name=\"twitter:label1\" content=\"Escrito por\" \/>\n\t<meta name=\"twitter:data1\" content=\"Daniely Cardoso\" \/>\n\t<meta name=\"twitter:label2\" content=\"Est. tempo de leitura\" \/>\n\t<meta name=\"twitter:data2\" content=\"4 minutos\" \/>\n<!-- \/ Yoast SEO plugin. -->","yoast_head_json":{"title":"Esse vegetal pouco usado pode ajudar a melhorar a vis\u00e3o naturalmente - Correio Braziliense - Radar","description":"Uma folha comum na cozinha pode trazer nutrientes importantes para os olhos e ajudar a proteger a vis\u00e3o no dia a dia.","robots":{"index":"index","follow":"follow","max-snippet":"max-snippet:-1","max-image-preview":"max-image-preview:large","max-video-preview":"max-video-preview:-1"},"canonical":"https:\/\/www.correiobraziliense.com.br\/cbradar\/esse-vegetal-pouco-usado-pode-ajudar-a-melhorar-a-visao-naturalmente\/","og_locale":"pt_BR","og_type":"article","og_title":"Esse vegetal pouco usado pode ajudar a melhorar a vis\u00e3o naturalmente - Correio Braziliense - Radar","og_description":"Uma folha comum na cozinha pode trazer nutrientes importantes para os olhos e ajudar a proteger a vis\u00e3o no dia a dia.","og_url":"https:\/\/www.correiobraziliense.com.br\/cbradar\/esse-vegetal-pouco-usado-pode-ajudar-a-melhorar-a-visao-naturalmente\/","og_site_name":"Correio Braziliense - Radar","article_published_time":"2026-03-12T11:05:47+00:00","og_image":[{"width":1280,"height":720,"url":"https:\/\/www.correiobraziliense.com.br\/cbradar\/wp-content\/uploads\/2026\/03\/freepik__folhas-frescas-de-couvedefolhas-verdes-sobre-tbua-__62993.jpeg","type":"image\/jpeg"}],"author":"Daniely Cardoso","twitter_card":"summary_large_image","twitter_misc":{"Escrito por":"Daniely Cardoso","Est. tempo de leitura":"4 minutos"},"schema":{"@context":"https:\/\/schema.org","@graph":[{"@type":"WebPage","@id":"https:\/\/www.correiobraziliense.com.br\/cbradar\/esse-vegetal-pouco-usado-pode-ajudar-a-melhorar-a-visao-naturalmente\/","url":"https:\/\/www.correiobraziliense.com.br\/cbradar\/esse-vegetal-pouco-usado-pode-ajudar-a-melhorar-a-visao-naturalmente\/","name":"Esse vegetal pouco usado pode ajudar a melhorar a vis\u00e3o naturalmente - Correio Braziliense - Radar","isPartOf":{"@id":"https:\/\/www.correiobraziliense.com.br\/cbradar\/#website"},"primaryImageOfPage":{"@id":"https:\/\/www.correiobraziliense.com.br\/cbradar\/esse-vegetal-pouco-usado-pode-ajudar-a-melhorar-a-visao-naturalmente\/#primaryimage"},"image":{"@id":"https:\/\/www.correiobraziliense.com.br\/cbradar\/esse-vegetal-pouco-usado-pode-ajudar-a-melhorar-a-visao-naturalmente\/#primaryimage"},"thumbnailUrl":"https:\/\/www.correiobraziliense.com.br\/cbradar\/wp-content\/uploads\/2026\/03\/freepik__folhas-frescas-de-couvedefolhas-verdes-sobre-tbua-__62993.jpeg","datePublished":"2026-03-12T11:05:47+00:00","author":{"@id":"https:\/\/www.correiobraziliense.com.br\/cbradar\/#\/schema\/person\/7356666e12ec0ee53f348ee5db227032"},"description":"Uma folha comum na cozinha pode trazer nutrientes importantes para os olhos e ajudar a proteger a vis\u00e3o no dia a dia.","breadcrumb":{"@id":"https:\/\/www.correiobraziliense.com.br\/cbradar\/esse-vegetal-pouco-usado-pode-ajudar-a-melhorar-a-visao-naturalmente\/#breadcrumb"},"inLanguage":"pt-BR","potentialAction":[{"@type":"ReadAction","target":["https:\/\/www.correiobraziliense.com.br\/cbradar\/esse-vegetal-pouco-usado-pode-ajudar-a-melhorar-a-visao-naturalmente\/"]}]},{"@type":"ImageObject","inLanguage":"pt-BR","@id":"https:\/\/www.correiobraziliense.com.br\/cbradar\/esse-vegetal-pouco-usado-pode-ajudar-a-melhorar-a-visao-naturalmente\/#primaryimage","url":"https:\/\/www.correiobraziliense.com.br\/cbradar\/wp-content\/uploads\/2026\/03\/freepik__folhas-frescas-de-couvedefolhas-verdes-sobre-tbua-__62993.jpeg","contentUrl":"https:\/\/www.correiobraziliense.com.br\/cbradar\/wp-content\/uploads\/2026\/03\/freepik__folhas-frescas-de-couvedefolhas-verdes-sobre-tbua-__62993.jpeg","width":1280,"height":720,"caption":"A couve \u00e9 rica em lute\u00edna e zeaxantina, antioxidantes associados \u00e0 sa\u00fade dos olhos"},{"@type":"BreadcrumbList","@id":"https:\/\/www.correiobraziliense.com.br\/cbradar\/esse-vegetal-pouco-usado-pode-ajudar-a-melhorar-a-visao-naturalmente\/#breadcrumb","itemListElement":[{"@type":"ListItem","position":1,"name":"In\u00edcio","item":"https:\/\/www.correiobraziliense.com.br\/cbradar\/"},{"@type":"ListItem","position":2,"name":"Esse vegetal pouco usado pode ajudar a melhorar a vis\u00e3o naturalmente"}]},{"@type":"WebSite","@id":"https:\/\/www.correiobraziliense.com.br\/cbradar\/#website","url":"https:\/\/www.correiobraziliense.com.br\/cbradar\/","name":"Correio Braziliense - Radar","description":"Acompanhe as \u00faltimas not\u00edcias e fique bem informado sobre tudo o que acontece no Brasil e no mundo.","potentialAction":[{"@type":"SearchAction","target":{"@type":"EntryPoint","urlTemplate":"https:\/\/www.correiobraziliense.com.br\/cbradar\/?s={search_term_string}"},"query-input":{"@type":"PropertyValueSpecification","valueRequired":true,"valueName":"search_term_string"}}],"inLanguage":"pt-BR"},{"@type":"Person","@id":"https:\/\/www.correiobraziliense.com.br\/cbradar\/#\/schema\/person\/7356666e12ec0ee53f348ee5db227032","name":"Daniely Cardoso","image":{"@type":"ImageObject","inLanguage":"pt-BR","@id":"https:\/\/www.correiobraziliense.com.br\/cbradar\/#\/schema\/person\/image\/","url":"https:\/\/secure.gravatar.com\/avatar\/4b80ddbd124d1f071b626d52d62e5dff?s=96&d=mm&r=g","contentUrl":"https:\/\/secure.gravatar.com\/avatar\/4b80ddbd124d1f071b626d52d62e5dff?s=96&d=mm&r=g","caption":"Daniely Cardoso"},"description":"Redatora nos portais CB Radar e EM Foco, formada pela Universidade Federal de Goi\u00e1s, em Goi\u00e2nia. Apaixonada por comunica\u00e7\u00e3o, arte, decora\u00e7\u00e3o e tend\u00eancias, atuo na produ\u00e7\u00e3o de conte\u00fados envolventes sobre curiosidades, moda, beleza e paisagismo, sempre com um olhar atento \u00e0s novidades do momento.","sameAs":["https:\/\/www.correiobraziliense.com.br\/cbradar"],"url":"https:\/\/www.correiobraziliense.com.br\/cbradar\/author\/danielymyth\/"}]}},"_links":{"self":[{"href":"https:\/\/www.correiobraziliense.com.br\/cbradar\/wp-json\/wp\/v2\/posts\/206511","targetHints":{"allow":["GET"]}}],"collection":[{"href":"https:\/\/www.correiobraziliense.com.br\/cbradar\/wp-json\/wp\/v2\/posts"}],"about":[{"href":"https:\/\/www.correiobraziliense.com.br\/cbradar\/wp-json\/wp\/v2\/types\/post"}],"author":[{"embeddable":true,"href":"https:\/\/www.correiobraziliense.com.br\/cbradar\/wp-json\/wp\/v2\/users\/9"}],"replies":[{"embeddable":true,"href":"https:\/\/www.correiobraziliense.com.br\/cbradar\/wp-json\/wp\/v2\/comments?post=206511"}],"version-history":[{"count":2,"href":"https:\/\/www.correiobraziliense.com.br\/cbradar\/wp-json\/wp\/v2\/posts\/206511\/revisions"}],"predecessor-version":[{"id":206688,"href":"https:\/\/www.correiobraziliense.com.br\/cbradar\/wp-json\/wp\/v2\/posts\/206511\/revisions\/206688"}],"wp:featuredmedia":[{"embeddable":true,"href":"https:\/\/www.correiobraziliense.com.br\/cbradar\/wp-json\/wp\/v2\/media\/207020"}],"wp:attachment":[{"href":"https:\/\/www.correiobraziliense.com.br\/cbradar\/wp-json\/wp\/v2\/media?parent=206511"}],"wp:term":[{"taxonomy":"category","embeddable":true,"href":"https:\/\/www.correiobraziliense.com.br\/cbradar\/wp-json\/wp\/v2\/categories?post=206511"},{"taxonomy":"post_tag","embeddable":true,"href":"https:\/\/www.correiobraziliense.com.br\/cbradar\/wp-json\/wp\/v2\/post_tag?post=206511"}],"curies":[{"name":"wp","href":"https:\/\/api.w.org\/{rel}","templated":true}]}}