{"id":206526,"date":"2026-03-12T14:25:42","date_gmt":"2026-03-12T17:25:42","guid":{"rendered":"https:\/\/www.correiobraziliense.com.br\/cbradar\/?p=206526"},"modified":"2026-03-11T15:59:18","modified_gmt":"2026-03-11T18:59:18","slug":"a-fruta-tropical-poderosa-que-ajuda-a-combater-inflamacoes-e-pode-ser-cultivada-no-quinta","status":"publish","type":"post","link":"https:\/\/www.correiobraziliense.com.br\/cbradar\/a-fruta-tropical-poderosa-que-ajuda-a-combater-inflamacoes-e-pode-ser-cultivada-no-quinta\/","title":{"rendered":"A fruta tropical poderosa que ajuda a combater inflama\u00e7\u00f5es e pode ser cultivada no quintal"},"content":{"rendered":"\n<p>Voc\u00ea j\u00e1 reparou como algumas <b>frutas<\/b> parecem ter \u201cpoderes extras\u201d quando o assunto \u00e9 cuidar da <b>sa\u00fade<\/b> em casa? Em muitos quintais pelo Brasil, o <b>abacaxi<\/b> tem ganhado destaque n\u00e3o s\u00f3 pelo sabor refrescante, mas tamb\u00e9m por ser f\u00e1cil de plantar, ajudar na economia da fam\u00edlia e ainda contribuir de forma natural no apoio ao organismo em situa\u00e7\u00f5es de inflama\u00e7\u00e3o.<\/p>\n\n\n\n<h2 class=\"wp-block-heading\">Abacaxi ajuda no combate \u00e0s inflama\u00e7\u00f5es do dia a dia<\/h2>\n\n\n\n<p>O <b>abacaxi<\/b> \u00e9 uma fruta tropical muito lembrada quando o assunto \u00e9 apoio ao corpo em momentos de incha\u00e7o e desconfortos leves. A principal subst\u00e2ncia ligada a esse efeito \u00e9 a <b>bromelina<\/b>, um conjunto de enzimas presente principalmente no talo e na polpa, que pode ajudar a modular processos <b>inflamat\u00f3rios<\/b>, sempre como complemento \u00e0s orienta\u00e7\u00f5es de profissionais de sa\u00fade.<\/p>\n\n\n\n<p>Al\u00e9m da bromelina, o abacaxi \u00e9 rico em <b>vitamina<\/b> C, que participa da defesa do organismo e ajuda a proteger as <b>c\u00e9lulas<\/b> contra danos do dia a dia. Com boa quantidade de \u00e1gua, a fruta tamb\u00e9m contribui para a <b>hidrata\u00e7\u00e3o<\/b>, sendo muito usada em sucos e lanches p\u00f3s-atividade f\u00edsica, associada a outras fontes de carboidratos e prote\u00ednas.<\/p>\n\n\n<div class=\"wp-block-image\">\n<figure class=\"aligncenter size-large\"><img decoding=\"async\" width=\"1024\" height=\"576\" src=\"https:\/\/www.correiobraziliense.com.br\/cbradar\/wp-content\/uploads\/2025\/11\/Design-sem-nome-23-1024x576.png\" alt=\"\" class=\"wp-image-140037\" srcset=\"https:\/\/www.correiobraziliense.com.br\/cbradar\/wp-content\/uploads\/2025\/11\/Design-sem-nome-23-1024x576.png 1024w, https:\/\/www.correiobraziliense.com.br\/cbradar\/wp-content\/uploads\/2025\/11\/Design-sem-nome-23-300x169.png 300w, https:\/\/www.correiobraziliense.com.br\/cbradar\/wp-content\/uploads\/2025\/11\/Design-sem-nome-23-768x432.png 768w, https:\/\/www.correiobraziliense.com.br\/cbradar\/wp-content\/uploads\/2025\/11\/Design-sem-nome-23-750x422.png 750w, https:\/\/www.correiobraziliense.com.br\/cbradar\/wp-content\/uploads\/2025\/11\/Design-sem-nome-23-1140x641.png 1140w, https:\/\/www.correiobraziliense.com.br\/cbradar\/wp-content\/uploads\/2025\/11\/Design-sem-nome-23.png 1280w\" sizes=\"(max-width: 1024px) 100vw, 1024px\" \/><figcaption class=\"wp-element-caption\">Plantar abacaxi em casa a partir da coroa \u00e9 uma atividade recompensadora e mais simples do que parece<\/figcaption><\/figure><\/div>\n\n\n<p>Leia tamb\u00e9m:&nbsp;<a href=\"https:\/\/www.correiobraziliense.com.br\/cbradar\/pouco-popular-fora-do-nordeste-essa-fruta-refrescante-ajuda-na-hidratacao-na-saciedade-e-pode-ser-plantada-no-quintal-2\/\" target=\"_blank\" rel=\"noopener\">Pouco popular fora do Nordeste, essa fruta refrescante ajuda na hidrata\u00e7\u00e3o, na saciedade e pode ser plantada no quintal<\/a><\/p>\n\n\n\n<h2 class=\"wp-block-heading\">Como o abacaxi pode entrar de forma simples na alimenta\u00e7\u00e3o di\u00e1ria<\/h2>\n\n\n\n<p>O abacaxi \u00e9 muito <b>vers\u00e1til<\/b>: pode ser consumido puro, em sucos, sobremesas, marinadas e at\u00e9 em pratos salgados. Essa variedade facilita o consumo frequente, o que \u00e9 mais interessante para a <b>sa\u00fade<\/b> do que comer a fruta apenas de vez em quando. Aproveitar tamb\u00e9m o <b>miolo<\/b>, mais firme, \u00e9 uma forma de ingerir mais bromelina.<\/p>\n\n\n\n<p>No dia a dia, muita gente combina o <b>abacaxi<\/b> com outras frutas frescas, iogurtes ou aveia, montando lanches r\u00e1pidos e acess\u00edveis. Em receitas salgadas, ele costuma aparecer em preparos grelhados, assados ou em molhos <b>agridoce<\/b>, trazendo um equil\u00edbrio entre sabor doce e toque <b>\u00e1cido<\/b>.<\/p>\n\n\n\n<h2 class=\"wp-block-heading\">Como cultivar abacaxi no quintal com poucos recursos<\/h2>\n\n\n\n<p>Ter <b>abacaxi<\/b> no quintal costuma ser mais simples do que parece, mesmo para quem nunca cuidou de plantas. A esp\u00e9cie se adapta bem ao clima quente e ensolarado e pode ser cultivada a partir da pr\u00f3pria <b>coroa<\/b> da fruta comprada no mercado, reaproveitando o que iria para o <b>lixo<\/b>.<\/p>\n\n\n\n<p>Em muitas casas, o plantio virou um <b>h\u00e1bito<\/b>: depois de consumir a fruta, a coroa \u00e9 preparada e levada ao solo, em canteiros ou vasos grandes. O tempo at\u00e9 a <b>frutifica\u00e7\u00e3o<\/b> costuma ficar entre 16 e 24 meses, mas quem planta v\u00e1rias mudas em sequ\u00eancia consegue ter abacaxi quase o ano todo, direto do <b>p\u00e9<\/b> para a mesa. Se voc\u00ea gosta de cultivo, separamos esse v\u00eddeo do canal <a href=\"https:\/\/www.youtube.com\/@SpagnholPlantas1\" target=\"_blank\" rel=\"noreferrer noopener\">Spagnhol Plantas<\/a> ensinando mais formas de cultivar o abacaxi em casa:<\/p>\n\n\n\n<figure class=\"wp-block-embed is-type-video is-provider-youtube wp-block-embed-youtube wp-embed-aspect-16-9 wp-has-aspect-ratio\"><div class=\"wp-block-embed__wrapper\">\n<div class=\"jeg_video_container jeg_video_content\"><iframe loading=\"lazy\" title=\"8 Tipos de ABACAXI e Como CULTIVAR em Casa | Da Coroa ao Fruto do jeito certo\" width=\"500\" height=\"281\" src=\"https:\/\/www.youtube.com\/embed\/xRUrokQonjI?feature=oembed\" frameborder=\"0\" allow=\"accelerometer; autoplay; clipboard-write; encrypted-media; gyroscope; picture-in-picture; web-share\" referrerpolicy=\"strict-origin-when-cross-origin\" allowfullscreen><\/iframe><\/div>\n<\/div><\/figure>\n\n\n\n<h2 class=\"wp-block-heading\">Quais s\u00e3o os cuidados b\u00e1sicos para plantar abacaxi com seguran\u00e7a<\/h2>\n\n\n\n<p>Alguns cuidados simples ajudam o <b>abacaxizeiro<\/b> a se desenvolver melhor, evitando problemas de solo, pragas e acidentes no quintal. Isso vale tanto para \u00e1reas grandes quanto para espa\u00e7os menores, como varandas e pequenos <b>terra\u00e7os<\/b>.<\/p>\n\n\n\n<ul class=\"wp-block-list\">\n<li><b>Solo<\/b> bem drenado, sem encharcamento.<\/li>\n\n\n\n<li>Boa quantidade de <b>sol<\/b> direto por v\u00e1rias horas ao dia.<\/li>\n\n\n\n<li><b>Limpeza<\/b> do entorno, retirando folhas secas e restos acumulados.<\/li>\n\n\n\n<li>Monitoramento de pragas como <b>formigas<\/b> e cochonilhas.<\/li>\n\n\n\n<li>Uso moderado ou aus\u00eancia de <b>agrot\u00f3xicos<\/b>, priorizando manejo sustent\u00e1vel.<\/li>\n<\/ul>\n\n\n\n<h2 class=\"wp-block-heading\">Que cuidados ter ao consumir o abacaxi em diferentes situa\u00e7\u00f5es<\/h2>\n\n\n\n<p>Embora o <b>abacaxi<\/b> tenha muitos pontos positivos, sua acidez natural pode incomodar algumas pessoas, principalmente quem tem sensibilidade na <b>boca<\/b> ou quest\u00f5es g\u00e1stricas. Nesses casos, consumir a fruta em pequenas quantidades ou combin\u00e1-la com <b>iogurte<\/b>, queijos leves ou em prepara\u00e7\u00f5es cozidas pode ser mais confort\u00e1vel.<\/p>\n\n\n\n<figure class=\"wp-block-embed is-type-rich is-provider-pinterest wp-block-embed-pinterest\"><div class=\"wp-block-embed__wrapper\">\n<iframe loading=\"lazy\" title=\"Plantando Abacaxi em Vaso - Frut\u00edferas em vasos\" src=\"https:\/\/assets.pinterest.com\/ext\/embed.html?id=1041246376325922753&#038;src=oembed\" height=\"899\" width=\"450\" frameborder=\"0\" scrolling=\"no\" ><\/iframe>\n<\/div><\/figure>\n\n\n\n<p>Em casa, tamb\u00e9m \u00e9 importante lembrar que as <b>folhas<\/b> s\u00e3o pontiagudas e podem machucar crian\u00e7as e animais. Por isso, muita gente prefere delimitar o <b>canteiro<\/b>, usar vasos em locais estrat\u00e9gicos e manter o entorno sempre organizado, deixando o cultivo mais <b>seguro<\/b> e agrad\u00e1vel.<\/p>\n\n\n\n<h2 class=\"wp-block-heading\">Quais s\u00e3o formas pr\u00e1ticas de incluir o abacaxi na rotina<\/h2>\n\n\n\n<p>Para aproveitar melhor essa fruta tropical com potencial <b>anti-inflamat\u00f3rio<\/b>, vale variar as formas de consumo ao longo da semana. Assim, o <b>abacaxi<\/b> n\u00e3o enjoa e passa a fazer parte natural da rotina, em lanches, refei\u00e7\u00f5es principais e at\u00e9 como op\u00e7\u00e3o de <b>sobremesa<\/b> mais leve.<\/p>\n\n\n\n<p>Entre as prepara\u00e7\u00f5es caseiras mais comuns, muitas fam\u00edlias costumam apostar em suco de <b>abacaxi<\/b> com hortel\u00e3, saladas de frutas, abacaxi grelhado acompanhando carnes e aves, uso da fruta em <b>marinadas<\/b> e tamb\u00e9m em geleias com menos a\u00e7\u00facar. Desse jeito, o abacaxi segue do quintal para a <b>cozinha<\/b>, unindo sabor, praticidade e cuidado com a sa\u00fade.<\/p>\n","protected":false},"excerpt":{"rendered":"<p>Voc\u00ea j\u00e1 reparou como algumas frutas parecem ter \u201cpoderes extras\u201d quando o assunto \u00e9 cuidar da sa\u00fade em casa? Em muitos quintais pelo Brasil, o abacaxi tem ganhado destaque n\u00e3o s\u00f3 pelo sabor refrescante, mas tamb\u00e9m por ser f\u00e1cil de plantar, ajudar na economia da fam\u00edlia e ainda contribuir de forma natural no apoio ao [&hellip;]<\/p>\n","protected":false},"author":9,"featured_media":170417,"comment_status":"open","ping_status":"open","sticky":false,"template":"","format":"standard","meta":{"_yoast_wpseo_focuskw":"plantar abacaxi em casa","_yoast_wpseo_title":"","_yoast_wpseo_metadesc":"Uma fruta tropical comum no Brasil pode ajudar o organismo em inflama\u00e7\u00f5es e ainda ser cultivada facilmente no quintal de casa.","jnews-multi-image_gallery":[],"jnews_single_post":{"format":"standard"},"jnews_primary_category":[],"jnews_social_meta":[],"jnews_override_counter":[],"footnotes":""},"categories":[119,136],"tags":[615,8650,599,5666],"class_list":["post-206526","post","type-post","status-publish","format-standard","has-post-thumbnail","hentry","category-bem-estar","category-jardinagem","tag-fruta","tag-inflamacoes","tag-pitaya","tag-plantar-pitaya"],"yoast_head":"<!-- This site is optimized with the Yoast SEO plugin v24.6 - https:\/\/yoast.com\/wordpress\/plugins\/seo\/ -->\n<title>A fruta tropical poderosa que ajuda a combater inflama\u00e7\u00f5es e pode ser cultivada no quintal - Correio Braziliense - Radar<\/title>\n<meta name=\"description\" content=\"Uma fruta tropical comum no Brasil pode ajudar o organismo em inflama\u00e7\u00f5es e ainda ser cultivada facilmente no quintal de casa.\" \/>\n<meta name=\"robots\" content=\"index, follow, max-snippet:-1, max-image-preview:large, max-video-preview:-1\" \/>\n<link rel=\"canonical\" href=\"https:\/\/www.correiobraziliense.com.br\/cbradar\/a-fruta-tropical-poderosa-que-ajuda-a-combater-inflamacoes-e-pode-ser-cultivada-no-quinta\/\" \/>\n<meta property=\"og:locale\" content=\"pt_BR\" \/>\n<meta property=\"og:type\" content=\"article\" \/>\n<meta property=\"og:title\" content=\"A fruta tropical poderosa que ajuda a combater inflama\u00e7\u00f5es e pode ser cultivada no quintal - Correio Braziliense - Radar\" \/>\n<meta property=\"og:description\" content=\"Uma fruta tropical comum no Brasil pode ajudar o organismo em inflama\u00e7\u00f5es e ainda ser cultivada facilmente no quintal de casa.\" \/>\n<meta property=\"og:url\" content=\"https:\/\/www.correiobraziliense.com.br\/cbradar\/a-fruta-tropical-poderosa-que-ajuda-a-combater-inflamacoes-e-pode-ser-cultivada-no-quinta\/\" \/>\n<meta property=\"og:site_name\" content=\"Correio Braziliense - Radar\" \/>\n<meta property=\"article:published_time\" content=\"2026-03-12T17:25:42+00:00\" \/>\n<meta property=\"og:image\" content=\"https:\/\/www.correiobraziliense.com.br\/cbradar\/wp-content\/uploads\/2026\/01\/freepik__imagem-realista-de-um-p-de-abacaxi-no-quintal-de-u__57052.png\" \/>\n\t<meta property=\"og:image:width\" content=\"1280\" \/>\n\t<meta property=\"og:image:height\" content=\"720\" \/>\n\t<meta property=\"og:image:type\" content=\"image\/png\" \/>\n<meta name=\"author\" content=\"Daniely Cardoso\" \/>\n<meta name=\"twitter:card\" content=\"summary_large_image\" \/>\n<meta name=\"twitter:label1\" content=\"Escrito por\" \/>\n\t<meta name=\"twitter:data1\" content=\"Daniely Cardoso\" \/>\n\t<meta name=\"twitter:label2\" content=\"Est. tempo de leitura\" \/>\n\t<meta name=\"twitter:data2\" content=\"5 minutos\" \/>\n<!-- \/ Yoast SEO plugin. -->","yoast_head_json":{"title":"A fruta tropical poderosa que ajuda a combater inflama\u00e7\u00f5es e pode ser cultivada no quintal - Correio Braziliense - Radar","description":"Uma fruta tropical comum no Brasil pode ajudar o organismo em inflama\u00e7\u00f5es e ainda ser cultivada facilmente no quintal de casa.","robots":{"index":"index","follow":"follow","max-snippet":"max-snippet:-1","max-image-preview":"max-image-preview:large","max-video-preview":"max-video-preview:-1"},"canonical":"https:\/\/www.correiobraziliense.com.br\/cbradar\/a-fruta-tropical-poderosa-que-ajuda-a-combater-inflamacoes-e-pode-ser-cultivada-no-quinta\/","og_locale":"pt_BR","og_type":"article","og_title":"A fruta tropical poderosa que ajuda a combater inflama\u00e7\u00f5es e pode ser cultivada no quintal - Correio Braziliense - Radar","og_description":"Uma fruta tropical comum no Brasil pode ajudar o organismo em inflama\u00e7\u00f5es e ainda ser cultivada facilmente no quintal de casa.","og_url":"https:\/\/www.correiobraziliense.com.br\/cbradar\/a-fruta-tropical-poderosa-que-ajuda-a-combater-inflamacoes-e-pode-ser-cultivada-no-quinta\/","og_site_name":"Correio Braziliense - Radar","article_published_time":"2026-03-12T17:25:42+00:00","og_image":[{"width":1280,"height":720,"url":"https:\/\/www.correiobraziliense.com.br\/cbradar\/wp-content\/uploads\/2026\/01\/freepik__imagem-realista-de-um-p-de-abacaxi-no-quintal-de-u__57052.png","type":"image\/png"}],"author":"Daniely Cardoso","twitter_card":"summary_large_image","twitter_misc":{"Escrito por":"Daniely Cardoso","Est. tempo de leitura":"5 minutos"},"schema":{"@context":"https:\/\/schema.org","@graph":[{"@type":"WebPage","@id":"https:\/\/www.correiobraziliense.com.br\/cbradar\/a-fruta-tropical-poderosa-que-ajuda-a-combater-inflamacoes-e-pode-ser-cultivada-no-quinta\/","url":"https:\/\/www.correiobraziliense.com.br\/cbradar\/a-fruta-tropical-poderosa-que-ajuda-a-combater-inflamacoes-e-pode-ser-cultivada-no-quinta\/","name":"A fruta tropical poderosa que ajuda a combater inflama\u00e7\u00f5es e pode ser cultivada no quintal - Correio Braziliense - Radar","isPartOf":{"@id":"https:\/\/www.correiobraziliense.com.br\/cbradar\/#website"},"primaryImageOfPage":{"@id":"https:\/\/www.correiobraziliense.com.br\/cbradar\/a-fruta-tropical-poderosa-que-ajuda-a-combater-inflamacoes-e-pode-ser-cultivada-no-quinta\/#primaryimage"},"image":{"@id":"https:\/\/www.correiobraziliense.com.br\/cbradar\/a-fruta-tropical-poderosa-que-ajuda-a-combater-inflamacoes-e-pode-ser-cultivada-no-quinta\/#primaryimage"},"thumbnailUrl":"https:\/\/www.correiobraziliense.com.br\/cbradar\/wp-content\/uploads\/2026\/01\/freepik__imagem-realista-de-um-p-de-abacaxi-no-quintal-de-u__57052.png","datePublished":"2026-03-12T17:25:42+00:00","author":{"@id":"https:\/\/www.correiobraziliense.com.br\/cbradar\/#\/schema\/person\/7356666e12ec0ee53f348ee5db227032"},"description":"Uma fruta tropical comum no Brasil pode ajudar o organismo em inflama\u00e7\u00f5es e ainda ser cultivada facilmente no quintal de casa.","breadcrumb":{"@id":"https:\/\/www.correiobraziliense.com.br\/cbradar\/a-fruta-tropical-poderosa-que-ajuda-a-combater-inflamacoes-e-pode-ser-cultivada-no-quinta\/#breadcrumb"},"inLanguage":"pt-BR","potentialAction":[{"@type":"ReadAction","target":["https:\/\/www.correiobraziliense.com.br\/cbradar\/a-fruta-tropical-poderosa-que-ajuda-a-combater-inflamacoes-e-pode-ser-cultivada-no-quinta\/"]}]},{"@type":"ImageObject","inLanguage":"pt-BR","@id":"https:\/\/www.correiobraziliense.com.br\/cbradar\/a-fruta-tropical-poderosa-que-ajuda-a-combater-inflamacoes-e-pode-ser-cultivada-no-quinta\/#primaryimage","url":"https:\/\/www.correiobraziliense.com.br\/cbradar\/wp-content\/uploads\/2026\/01\/freepik__imagem-realista-de-um-p-de-abacaxi-no-quintal-de-u__57052.png","contentUrl":"https:\/\/www.correiobraziliense.com.br\/cbradar\/wp-content\/uploads\/2026\/01\/freepik__imagem-realista-de-um-p-de-abacaxi-no-quintal-de-u__57052.png","width":1280,"height":720,"caption":"Pode ser cultivado em quintais e vasos grandes"},{"@type":"BreadcrumbList","@id":"https:\/\/www.correiobraziliense.com.br\/cbradar\/a-fruta-tropical-poderosa-que-ajuda-a-combater-inflamacoes-e-pode-ser-cultivada-no-quinta\/#breadcrumb","itemListElement":[{"@type":"ListItem","position":1,"name":"In\u00edcio","item":"https:\/\/www.correiobraziliense.com.br\/cbradar\/"},{"@type":"ListItem","position":2,"name":"A fruta tropical poderosa que ajuda a combater inflama\u00e7\u00f5es e pode ser cultivada no quintal"}]},{"@type":"WebSite","@id":"https:\/\/www.correiobraziliense.com.br\/cbradar\/#website","url":"https:\/\/www.correiobraziliense.com.br\/cbradar\/","name":"Correio Braziliense - Radar","description":"Acompanhe as \u00faltimas not\u00edcias e fique bem informado sobre tudo o que acontece no Brasil e no mundo.","potentialAction":[{"@type":"SearchAction","target":{"@type":"EntryPoint","urlTemplate":"https:\/\/www.correiobraziliense.com.br\/cbradar\/?s={search_term_string}"},"query-input":{"@type":"PropertyValueSpecification","valueRequired":true,"valueName":"search_term_string"}}],"inLanguage":"pt-BR"},{"@type":"Person","@id":"https:\/\/www.correiobraziliense.com.br\/cbradar\/#\/schema\/person\/7356666e12ec0ee53f348ee5db227032","name":"Daniely Cardoso","image":{"@type":"ImageObject","inLanguage":"pt-BR","@id":"https:\/\/www.correiobraziliense.com.br\/cbradar\/#\/schema\/person\/image\/","url":"https:\/\/secure.gravatar.com\/avatar\/4b80ddbd124d1f071b626d52d62e5dff?s=96&d=mm&r=g","contentUrl":"https:\/\/secure.gravatar.com\/avatar\/4b80ddbd124d1f071b626d52d62e5dff?s=96&d=mm&r=g","caption":"Daniely Cardoso"},"description":"Redatora nos portais CB Radar e EM Foco, formada pela Universidade Federal de Goi\u00e1s, em Goi\u00e2nia. Apaixonada por comunica\u00e7\u00e3o, arte, decora\u00e7\u00e3o e tend\u00eancias, atuo na produ\u00e7\u00e3o de conte\u00fados envolventes sobre curiosidades, moda, beleza e paisagismo, sempre com um olhar atento \u00e0s novidades do momento.","sameAs":["https:\/\/www.correiobraziliense.com.br\/cbradar"],"url":"https:\/\/www.correiobraziliense.com.br\/cbradar\/author\/danielymyth\/"}]}},"_links":{"self":[{"href":"https:\/\/www.correiobraziliense.com.br\/cbradar\/wp-json\/wp\/v2\/posts\/206526","targetHints":{"allow":["GET"]}}],"collection":[{"href":"https:\/\/www.correiobraziliense.com.br\/cbradar\/wp-json\/wp\/v2\/posts"}],"about":[{"href":"https:\/\/www.correiobraziliense.com.br\/cbradar\/wp-json\/wp\/v2\/types\/post"}],"author":[{"embeddable":true,"href":"https:\/\/www.correiobraziliense.com.br\/cbradar\/wp-json\/wp\/v2\/users\/9"}],"replies":[{"embeddable":true,"href":"https:\/\/www.correiobraziliense.com.br\/cbradar\/wp-json\/wp\/v2\/comments?post=206526"}],"version-history":[{"count":3,"href":"https:\/\/www.correiobraziliense.com.br\/cbradar\/wp-json\/wp\/v2\/posts\/206526\/revisions"}],"predecessor-version":[{"id":207028,"href":"https:\/\/www.correiobraziliense.com.br\/cbradar\/wp-json\/wp\/v2\/posts\/206526\/revisions\/207028"}],"wp:featuredmedia":[{"embeddable":true,"href":"https:\/\/www.correiobraziliense.com.br\/cbradar\/wp-json\/wp\/v2\/media\/170417"}],"wp:attachment":[{"href":"https:\/\/www.correiobraziliense.com.br\/cbradar\/wp-json\/wp\/v2\/media?parent=206526"}],"wp:term":[{"taxonomy":"category","embeddable":true,"href":"https:\/\/www.correiobraziliense.com.br\/cbradar\/wp-json\/wp\/v2\/categories?post=206526"},{"taxonomy":"post_tag","embeddable":true,"href":"https:\/\/www.correiobraziliense.com.br\/cbradar\/wp-json\/wp\/v2\/tags?post=206526"}],"curies":[{"name":"wp","href":"https:\/\/api.w.org\/{rel}","templated":true}]}}