{"id":206542,"date":"2026-03-12T16:25:18","date_gmt":"2026-03-12T19:25:18","guid":{"rendered":"https:\/\/www.correiobraziliense.com.br\/cbradar\/?p=206542"},"modified":"2026-03-11T16:00:40","modified_gmt":"2026-03-11T19:00:40","slug":"o-vegetal-poderoso-que-pode-ajudar-a-proteger-o-figado-e-melhorar-a-digestao","status":"publish","type":"post","link":"https:\/\/www.correiobraziliense.com.br\/cbradar\/o-vegetal-poderoso-que-pode-ajudar-a-proteger-o-figado-e-melhorar-a-digestao\/","title":{"rendered":"O vegetal poderoso que pode ajudar a proteger o f\u00edgado e melhorar a digest\u00e3o"},"content":{"rendered":"\n<p>Voc\u00ea j\u00e1 sentiu aquele peso na barriga depois de uma refei\u00e7\u00e3o caprichada e pensou: \u201cMeu <b>f\u00edgado<\/b> deve estar cansado\u201d? Entre tantos alimentos que podem ajudar o corpo, a <b>alcachofra<\/b> vem ganhando espa\u00e7o justamente por unir sabor marcante e um poss\u00edvel apoio natural ao f\u00edgado e \u00e0 <b>digest\u00e3o<\/b>. Muito al\u00e9m de ingrediente de saladas, assados e conservas, ela tamb\u00e9m \u00e9 usada em prepara\u00e7\u00f5es fitoter\u00e1picas e vem despertando o interesse de quem quer cuidar melhor da <b>sa\u00fade<\/b> pelo prato do dia a dia.<\/p>\n\n\n\n<h2 class=\"wp-block-heading\">Alcachofra realmente faz bem para o f\u00edgado<\/h2>\n\n\n\n<p>Pesquisas apontam que a alcachofra cont\u00e9m <b>compostos<\/b> que podem favorecer o funcionamento do f\u00edgado, \u00f3rg\u00e3o respons\u00e1vel por filtrar toxinas e metabolizar <b>nutrientes<\/b>. Isso \u00e9 especialmente interessante para quem busca reduzir o consumo de ultraprocessados e adotar uma alimenta\u00e7\u00e3o mais <b>caseira<\/b> e natural.<\/p>\n\n\n\n<p>Entre as subst\u00e2ncias mais comentadas est\u00e1 a <b>cinarina<\/b>, ligada ao aumento da produ\u00e7\u00e3o e do fluxo da bile, que ajuda na digest\u00e3o das gorduras. Somada a outros <b>compostos<\/b> fen\u00f3licos, essa a\u00e7\u00e3o pode representar um suporte extra ao f\u00edgado, principalmente dentro de um estilo de vida <b>equilibrado<\/b> e n\u00e3o como substituto de tratamentos m\u00e9dicos.<\/p>\n\n\n<div class=\"wp-block-image\">\n<figure class=\"aligncenter size-large\"><img decoding=\"async\" width=\"1024\" height=\"576\" src=\"https:\/\/www.correiobraziliense.com.br\/cbradar\/wp-content\/uploads\/2026\/02\/Gemini_Generated_Image_d19ahwd19ahwd19a-1-1024x576.png\" alt=\"\" class=\"wp-image-197208\" srcset=\"https:\/\/www.correiobraziliense.com.br\/cbradar\/wp-content\/uploads\/2026\/02\/Gemini_Generated_Image_d19ahwd19ahwd19a-1-1024x576.png 1024w, https:\/\/www.correiobraziliense.com.br\/cbradar\/wp-content\/uploads\/2026\/02\/Gemini_Generated_Image_d19ahwd19ahwd19a-1-300x169.png 300w, https:\/\/www.correiobraziliense.com.br\/cbradar\/wp-content\/uploads\/2026\/02\/Gemini_Generated_Image_d19ahwd19ahwd19a-1-768x432.png 768w, https:\/\/www.correiobraziliense.com.br\/cbradar\/wp-content\/uploads\/2026\/02\/Gemini_Generated_Image_d19ahwd19ahwd19a-1-750x422.png 750w, https:\/\/www.correiobraziliense.com.br\/cbradar\/wp-content\/uploads\/2026\/02\/Gemini_Generated_Image_d19ahwd19ahwd19a-1-1140x641.png 1140w, https:\/\/www.correiobraziliense.com.br\/cbradar\/wp-content\/uploads\/2026\/02\/Gemini_Generated_Image_d19ahwd19ahwd19a-1.png 1280w\" sizes=\"(max-width: 1024px) 100vw, 1024px\" \/><figcaption class=\"wp-element-caption\">A rela\u00e7\u00e3o entre alcachofra e sistema digestivo envolve diferentes mecanismos, mas pode ser entendida de forma simples<\/figcaption><\/figure><\/div>\n\n\n<p>Leia tamb\u00e9m:&nbsp;<a href=\"https:\/\/www.correiobraziliense.com.br\/cbradar\/pouco-popular-fora-do-nordeste-essa-fruta-refrescante-ajuda-na-hidratacao-na-saciedade-e-pode-ser-plantada-no-quintal-2\/\" target=\"_blank\" rel=\"noopener\">Pouco popular fora do Nordeste, essa fruta refrescante ajuda na hidrata\u00e7\u00e3o, na saciedade e pode ser plantada no quintal<\/a><\/p>\n\n\n\n<h2 class=\"wp-block-heading\">Quais nutrientes da alcachofra ajudam na sa\u00fade geral<\/h2>\n\n\n\n<p>Al\u00e9m dos <b>compostos<\/b> espec\u00edficos para o f\u00edgado, a alcachofra oferece fibras, vitaminas e minerais que colaboram para o equil\u00edbrio do <b>organismo<\/b> como um todo. As fibras ajudam a regular o intestino e podem contribuir para a redu\u00e7\u00e3o da absor\u00e7\u00e3o de gorduras e <b>colesterol<\/b>, algo importante para quem se preocupa tamb\u00e9m com o cora\u00e7\u00e3o.<\/p>\n\n\n\n<p>Nutrientes como <b>vitamina<\/b> C, vitamina K e minerais como magn\u00e9sio participam do metabolismo energ\u00e9tico e da sa\u00fade vascular. Em conjunto, esses elementos tornam a alcachofra uma aliada interessante em estrat\u00e9gias de cuidado com o <b>f\u00edgado<\/b> e com a sa\u00fade geral, desde que inserida em uma rotina alimentar <b>variada<\/b>.<\/p>\n\n\n\n<h2 class=\"wp-block-heading\">Como a alcachofra contribui para uma digest\u00e3o mais leve<\/h2>\n\n\n\n<p>No dia a dia, muitas pessoas relatam estufamento, gases e sensa\u00e7\u00e3o de peso ap\u00f3s comer, principalmente depois de refei\u00e7\u00f5es mais <b>gordurosas<\/b>. A alcachofra se destaca justamente por unir fibras e compostos de sabor mais amargo, que est\u00e3o associados ao est\u00edmulo da produ\u00e7\u00e3o de sucos <b>digestivos<\/b> e da bile, facilitando a digest\u00e3o. Se voc\u00ea gosta de ouvir especialistas, separamos esse v\u00eddeo do canal do <a href=\"https:\/\/www.youtube.com\/@DayanSiebra\" target=\"_blank\" rel=\"noreferrer noopener\">Dayan Siebra<\/a> mostrando com mais detalhes sobre a alcachofra:<\/p>\n\n\n\n<figure class=\"wp-block-embed is-type-video is-provider-youtube wp-block-embed-youtube wp-embed-aspect-16-9 wp-has-aspect-ratio\"><div class=\"wp-block-embed__wrapper\">\n<div class=\"jeg_video_container jeg_video_content\"><iframe loading=\"lazy\" title=\"PARA QUE SER ALCACHOFRA? EMAGRECE E COMBATE GORDURA NO F\u00cdGADO| Dr. Dayan Siebra\" width=\"500\" height=\"281\" src=\"https:\/\/www.youtube.com\/embed\/mt9KFt74B0Y?start=1&#038;feature=oembed\" frameborder=\"0\" allow=\"accelerometer; autoplay; clipboard-write; encrypted-media; gyroscope; picture-in-picture; web-share\" referrerpolicy=\"strict-origin-when-cross-origin\" allowfullscreen><\/iframe><\/div>\n<\/div><\/figure>\n\n\n\n<p>Outro ponto importante \u00e9 a presen\u00e7a de fibras com a\u00e7\u00e3o <b>prebi\u00f3tica<\/b>, que podem favorecer a flora intestinal e o crescimento de bact\u00e9rias ben\u00e9ficas. Um intestino em equil\u00edbrio costuma estar ligado a menos desconforto <b>abdominal<\/b> e maior sensa\u00e7\u00e3o de leveza, motivo pelo qual extratos de alcachofra aparecem em alguns suplementos voltados ao conforto <b>digestivo<\/b>.<\/p>\n\n\n\n<h2 class=\"wp-block-heading\">Formas simples de incluir alcachofra na rotina<\/h2>\n\n\n\n<p>Inserir a alcachofra na alimenta\u00e7\u00e3o n\u00e3o precisa ser complicado nem caro, especialmente em regi\u00f5es com feiras e mercados que j\u00e1 oferecem o vegetal fresco, enlatado ou em <b>conserva<\/b>. Ela combina bem com receitas do dia a dia, do lanche r\u00e1pido ao almo\u00e7o de fim de semana em <b>fam\u00edlia<\/b>, ajudando a trazer mais variedade e <b>sabor<\/b> ao card\u00e1pio.<\/p>\n\n\n\n<p>Para facilitar a escolha e variar o card\u00e1pio, veja algumas formas pr\u00e1ticas de consumo da alcachofra no <b>cotidiano<\/b>:<\/p>\n\n\n\n<ul class=\"wp-block-list\">\n<li><strong>Fresca cozida:<\/strong> os \u201ccora\u00e7\u00f5es\u201d podem ser cozidos no vapor ou em \u00e1gua, servidos com <b>azeite<\/b>, sal moderado, alho e <b>ervas<\/b>.<\/li>\n\n\n\n<li><strong>Em saladas:<\/strong> as partes comest\u00edveis entram bem em saladas frias com folhas <b>verdes<\/b>, tomates e gr\u00e3os como <b>gr\u00e3o-de-bico<\/b>, formando combina\u00e7\u00f5es nutritivas.<\/li>\n\n\n\n<li><strong>Em massas e risotos:<\/strong> combina com molhos suaves, trazendo sabor marcante e <b>textura<\/b> diferente ao prato, al\u00e9m de acrescentar mais <b>fibras<\/b> e variedade de <b>vegetais<\/b>.<\/li>\n\n\n\n<li><strong>Em conservas:<\/strong> vers\u00f5es em \u00f3leo ou salmoura podem rechear sandu\u00edches, <b>tortas<\/b> e pizzas caseiras, oferecendo praticidade e um toque de <b>gourmet<\/b>.<\/li>\n<\/ul>\n\n\n\n<figure class=\"wp-block-embed is-type-rich is-provider-pinterest wp-block-embed-pinterest\"><div class=\"wp-block-embed__wrapper\">\n<iframe loading=\"lazy\" title=\"Alcachofra\" src=\"https:\/\/assets.pinterest.com\/ext\/embed.html?id=42221315251350283&#038;src=oembed\" height=\"899\" width=\"450\" frameborder=\"0\" scrolling=\"no\" ><\/iframe>\n<\/div><\/figure>\n\n\n\n<h2 class=\"wp-block-heading\">Quais cuidados ter ao usar a alcachofra para f\u00edgado e digest\u00e3o<\/h2>\n\n\n\n<p>Apesar de ser considerada segura para a maioria das pessoas quando consumida na alimenta\u00e7\u00e3o, a alcachofra exige alguns cuidados em situa\u00e7\u00f5es espec\u00edficas. Quem tem alergia a plantas da mesma fam\u00edlia, como <b>margaridas<\/b> e cris\u00e2ntemos, pode apresentar sensibilidade, e pessoas com problemas de ves\u00edcula ou obstru\u00e7\u00e3o das vias <b>biliares<\/b> devem ter aten\u00e7\u00e3o <b>redobrada<\/b>.<\/p>\n\n\n\n<p>Em 2026, com o aumento do interesse por estrat\u00e9gias naturais de cuidado com o corpo, cresce tamb\u00e9m o uso de ch\u00e1s e extratos de alcachofra em c\u00e1psulas. Nessas formas mais <b>concentradas<\/b>, \u00e9 ainda mais importante:<\/p>\n\n\n\n<ol class=\"wp-block-list\">\n<li><strong>Consultar um profissional:<\/strong> m\u00e9dico ou nutricionista deve avaliar o uso de extratos, c\u00e1psulas ou ch\u00e1s <b>concentrados<\/b>, especialmente em pessoas com doen\u00e7as cr\u00f4nicas ou que usam <b>medicamentos<\/b> cont\u00ednuos.<\/li>\n\n\n\n<li><strong>Observar rea\u00e7\u00f5es:<\/strong> sintomas como <b>dor<\/b> abdominal persistente ou mal-estar precisam ser investigados, assim como eventuais sinais de alergia ou <b>intoler\u00e2ncia<\/b>.<\/li>\n\n\n\n<li><strong>Integrar \u00e0 alimenta\u00e7\u00e3o equilibrada:<\/strong> a alcachofra ajuda, mas n\u00e3o substitui tratamento <b>m\u00e9dico<\/b> ou rem\u00e9dios prescritos, devendo ser vista como parte de um conjunto de h\u00e1bitos <b>saud\u00e1veis<\/b>.<\/li>\n\n\n\n<li><strong>Respeitar quantidades:<\/strong> exageros, mesmo com alimentos considerados <b>bons<\/b>, podem causar o efeito oposto ao desejado, como desconforto digestivo ou sobrecarga em pessoas com <b>sensibilidade<\/b>.<\/li>\n<\/ol>\n\n\n\n<p>Assim, a alcachofra pode ser vista como uma aliada do f\u00edgado e da digest\u00e3o dentro de uma rotina organizada, com sono adequado, pr\u00e1tica de atividade <b>f\u00edsica<\/b> e acompanhamento profissional, mostrando como escolhas simples \u00e0 mesa podem somar muito na <b>sa\u00fade<\/b> a longo prazo.<\/p>\n","protected":false},"excerpt":{"rendered":"<p>Voc\u00ea j\u00e1 sentiu aquele peso na barriga depois de uma refei\u00e7\u00e3o caprichada e pensou: \u201cMeu f\u00edgado deve estar cansado\u201d? Entre tantos alimentos que podem ajudar o corpo, a alcachofra vem ganhando espa\u00e7o justamente por unir sabor marcante e um poss\u00edvel apoio natural ao f\u00edgado e \u00e0 digest\u00e3o. Muito al\u00e9m de ingrediente de saladas, assados e [&hellip;]<\/p>\n","protected":false},"author":9,"featured_media":156787,"comment_status":"open","ping_status":"open","sticky":false,"template":"","format":"standard","meta":{"_yoast_wpseo_focuskw":"alcachofra para f\u00edgado e digest\u00e3o","_yoast_wpseo_title":"","_yoast_wpseo_metadesc":"Um alimento rico em fibras e compostos naturais pode ajudar o f\u00edgado e contribuir para uma digest\u00e3o mais leve no dia a dia.","jnews-multi-image_gallery":[],"jnews_single_post":{"format":"standard"},"jnews_primary_category":[],"jnews_social_meta":[],"jnews_override_counter":[],"footnotes":""},"categories":[119,4404],"post_tag":[1389,11511,3051],"class_list":["post-206542","post","type-post","status-publish","format-standard","has-post-thumbnail","hentry","category-bem-estar","category-saude","tag-alcachofra","tag-cha-de-alcachofra","tag-digestao"],"yoast_head":"<!-- This site is optimized with the Yoast SEO plugin v24.6 - https:\/\/yoast.com\/wordpress\/plugins\/seo\/ -->\n<title>O vegetal poderoso que pode ajudar a proteger o f\u00edgado e melhorar a digest\u00e3o - Correio Braziliense - Radar<\/title>\n<meta name=\"description\" content=\"Um alimento rico em fibras e compostos naturais pode ajudar o f\u00edgado e contribuir para uma digest\u00e3o mais leve no dia a dia.\" \/>\n<meta name=\"robots\" content=\"index, follow, max-snippet:-1, max-image-preview:large, max-video-preview:-1\" \/>\n<link rel=\"canonical\" href=\"https:\/\/www.correiobraziliense.com.br\/cbradar\/o-vegetal-poderoso-que-pode-ajudar-a-proteger-o-figado-e-melhorar-a-digestao\/\" \/>\n<meta property=\"og:locale\" content=\"pt_BR\" \/>\n<meta property=\"og:type\" content=\"article\" \/>\n<meta property=\"og:title\" content=\"O vegetal poderoso que pode ajudar a proteger o f\u00edgado e melhorar a digest\u00e3o - Correio Braziliense - Radar\" \/>\n<meta property=\"og:description\" content=\"Um alimento rico em fibras e compostos naturais pode ajudar o f\u00edgado e contribuir para uma digest\u00e3o mais leve no dia a dia.\" \/>\n<meta property=\"og:url\" content=\"https:\/\/www.correiobraziliense.com.br\/cbradar\/o-vegetal-poderoso-que-pode-ajudar-a-proteger-o-figado-e-melhorar-a-digestao\/\" \/>\n<meta property=\"og:site_name\" content=\"Correio Braziliense - Radar\" \/>\n<meta property=\"article:published_time\" content=\"2026-03-12T19:25:18+00:00\" \/>\n<meta property=\"og:image\" content=\"https:\/\/www.correiobraziliense.com.br\/cbradar\/wp-content\/uploads\/2025\/12\/freepik__alcachofra-em-cima-da-mesa__45420.jpeg\" \/>\n\t<meta property=\"og:image:width\" content=\"1280\" \/>\n\t<meta property=\"og:image:height\" content=\"720\" \/>\n\t<meta property=\"og:image:type\" content=\"image\/jpeg\" \/>\n<meta name=\"author\" content=\"Daniely Cardoso\" \/>\n<meta name=\"twitter:card\" content=\"summary_large_image\" \/>\n<meta name=\"twitter:label1\" content=\"Escrito por\" \/>\n\t<meta name=\"twitter:data1\" content=\"Daniely Cardoso\" \/>\n\t<meta name=\"twitter:label2\" content=\"Est. tempo de leitura\" \/>\n\t<meta name=\"twitter:data2\" content=\"6 minutos\" \/>\n<!-- \/ Yoast SEO plugin. -->","yoast_head_json":{"title":"O vegetal poderoso que pode ajudar a proteger o f\u00edgado e melhorar a digest\u00e3o - Correio Braziliense - Radar","description":"Um alimento rico em fibras e compostos naturais pode ajudar o f\u00edgado e contribuir para uma digest\u00e3o mais leve no dia a dia.","robots":{"index":"index","follow":"follow","max-snippet":"max-snippet:-1","max-image-preview":"max-image-preview:large","max-video-preview":"max-video-preview:-1"},"canonical":"https:\/\/www.correiobraziliense.com.br\/cbradar\/o-vegetal-poderoso-que-pode-ajudar-a-proteger-o-figado-e-melhorar-a-digestao\/","og_locale":"pt_BR","og_type":"article","og_title":"O vegetal poderoso que pode ajudar a proteger o f\u00edgado e melhorar a digest\u00e3o - Correio Braziliense - Radar","og_description":"Um alimento rico em fibras e compostos naturais pode ajudar o f\u00edgado e contribuir para uma digest\u00e3o mais leve no dia a dia.","og_url":"https:\/\/www.correiobraziliense.com.br\/cbradar\/o-vegetal-poderoso-que-pode-ajudar-a-proteger-o-figado-e-melhorar-a-digestao\/","og_site_name":"Correio Braziliense - Radar","article_published_time":"2026-03-12T19:25:18+00:00","og_image":[{"width":1280,"height":720,"url":"https:\/\/www.correiobraziliense.com.br\/cbradar\/wp-content\/uploads\/2025\/12\/freepik__alcachofra-em-cima-da-mesa__45420.jpeg","type":"image\/jpeg"}],"author":"Daniely Cardoso","twitter_card":"summary_large_image","twitter_misc":{"Escrito por":"Daniely Cardoso","Est. tempo de leitura":"6 minutos"},"schema":{"@context":"https:\/\/schema.org","@graph":[{"@type":"WebPage","@id":"https:\/\/www.correiobraziliense.com.br\/cbradar\/o-vegetal-poderoso-que-pode-ajudar-a-proteger-o-figado-e-melhorar-a-digestao\/","url":"https:\/\/www.correiobraziliense.com.br\/cbradar\/o-vegetal-poderoso-que-pode-ajudar-a-proteger-o-figado-e-melhorar-a-digestao\/","name":"O vegetal poderoso que pode ajudar a proteger o f\u00edgado e melhorar a digest\u00e3o - Correio Braziliense - Radar","isPartOf":{"@id":"https:\/\/www.correiobraziliense.com.br\/cbradar\/#website"},"primaryImageOfPage":{"@id":"https:\/\/www.correiobraziliense.com.br\/cbradar\/o-vegetal-poderoso-que-pode-ajudar-a-proteger-o-figado-e-melhorar-a-digestao\/#primaryimage"},"image":{"@id":"https:\/\/www.correiobraziliense.com.br\/cbradar\/o-vegetal-poderoso-que-pode-ajudar-a-proteger-o-figado-e-melhorar-a-digestao\/#primaryimage"},"thumbnailUrl":"https:\/\/www.correiobraziliense.com.br\/cbradar\/wp-content\/uploads\/2025\/12\/freepik__alcachofra-em-cima-da-mesa__45420.jpeg","datePublished":"2026-03-12T19:25:18+00:00","author":{"@id":"https:\/\/www.correiobraziliense.com.br\/cbradar\/#\/schema\/person\/7356666e12ec0ee53f348ee5db227032"},"description":"Um alimento rico em fibras e compostos naturais pode ajudar o f\u00edgado e contribuir para uma digest\u00e3o mais leve no dia a dia.","breadcrumb":{"@id":"https:\/\/www.correiobraziliense.com.br\/cbradar\/o-vegetal-poderoso-que-pode-ajudar-a-proteger-o-figado-e-melhorar-a-digestao\/#breadcrumb"},"inLanguage":"pt-BR","potentialAction":[{"@type":"ReadAction","target":["https:\/\/www.correiobraziliense.com.br\/cbradar\/o-vegetal-poderoso-que-pode-ajudar-a-proteger-o-figado-e-melhorar-a-digestao\/"]}]},{"@type":"ImageObject","inLanguage":"pt-BR","@id":"https:\/\/www.correiobraziliense.com.br\/cbradar\/o-vegetal-poderoso-que-pode-ajudar-a-proteger-o-figado-e-melhorar-a-digestao\/#primaryimage","url":"https:\/\/www.correiobraziliense.com.br\/cbradar\/wp-content\/uploads\/2025\/12\/freepik__alcachofra-em-cima-da-mesa__45420.jpeg","contentUrl":"https:\/\/www.correiobraziliense.com.br\/cbradar\/wp-content\/uploads\/2025\/12\/freepik__alcachofra-em-cima-da-mesa__45420.jpeg","width":1280,"height":720,"caption":"Rica em compostos bioativos como cinarina, \u00e1cidos fen\u00f3licos e flavonoides"},{"@type":"BreadcrumbList","@id":"https:\/\/www.correiobraziliense.com.br\/cbradar\/o-vegetal-poderoso-que-pode-ajudar-a-proteger-o-figado-e-melhorar-a-digestao\/#breadcrumb","itemListElement":[{"@type":"ListItem","position":1,"name":"In\u00edcio","item":"https:\/\/www.correiobraziliense.com.br\/cbradar\/"},{"@type":"ListItem","position":2,"name":"O vegetal poderoso que pode ajudar a proteger o f\u00edgado e melhorar a digest\u00e3o"}]},{"@type":"WebSite","@id":"https:\/\/www.correiobraziliense.com.br\/cbradar\/#website","url":"https:\/\/www.correiobraziliense.com.br\/cbradar\/","name":"Correio Braziliense - Radar","description":"Acompanhe as \u00faltimas not\u00edcias e fique bem informado sobre tudo o que acontece no Brasil e no mundo.","potentialAction":[{"@type":"SearchAction","target":{"@type":"EntryPoint","urlTemplate":"https:\/\/www.correiobraziliense.com.br\/cbradar\/?s={search_term_string}"},"query-input":{"@type":"PropertyValueSpecification","valueRequired":true,"valueName":"search_term_string"}}],"inLanguage":"pt-BR"},{"@type":"Person","@id":"https:\/\/www.correiobraziliense.com.br\/cbradar\/#\/schema\/person\/7356666e12ec0ee53f348ee5db227032","name":"Daniely Cardoso","image":{"@type":"ImageObject","inLanguage":"pt-BR","@id":"https:\/\/www.correiobraziliense.com.br\/cbradar\/#\/schema\/person\/image\/","url":"https:\/\/secure.gravatar.com\/avatar\/4b80ddbd124d1f071b626d52d62e5dff?s=96&d=mm&r=g","contentUrl":"https:\/\/secure.gravatar.com\/avatar\/4b80ddbd124d1f071b626d52d62e5dff?s=96&d=mm&r=g","caption":"Daniely Cardoso"},"description":"Redatora nos portais CB Radar e EM Foco, formada pela Universidade Federal de Goi\u00e1s, em Goi\u00e2nia. Apaixonada por comunica\u00e7\u00e3o, arte, decora\u00e7\u00e3o e tend\u00eancias, atuo na produ\u00e7\u00e3o de conte\u00fados envolventes sobre curiosidades, moda, beleza e paisagismo, sempre com um olhar atento \u00e0s novidades do momento.","sameAs":["https:\/\/www.correiobraziliense.com.br\/cbradar"],"url":"https:\/\/www.correiobraziliense.com.br\/cbradar\/author\/danielymyth\/"}]}},"_links":{"self":[{"href":"https:\/\/www.correiobraziliense.com.br\/cbradar\/wp-json\/wp\/v2\/posts\/206542","targetHints":{"allow":["GET"]}}],"collection":[{"href":"https:\/\/www.correiobraziliense.com.br\/cbradar\/wp-json\/wp\/v2\/posts"}],"about":[{"href":"https:\/\/www.correiobraziliense.com.br\/cbradar\/wp-json\/wp\/v2\/types\/post"}],"author":[{"embeddable":true,"href":"https:\/\/www.correiobraziliense.com.br\/cbradar\/wp-json\/wp\/v2\/users\/9"}],"replies":[{"embeddable":true,"href":"https:\/\/www.correiobraziliense.com.br\/cbradar\/wp-json\/wp\/v2\/comments?post=206542"}],"version-history":[{"count":3,"href":"https:\/\/www.correiobraziliense.com.br\/cbradar\/wp-json\/wp\/v2\/posts\/206542\/revisions"}],"predecessor-version":[{"id":207029,"href":"https:\/\/www.correiobraziliense.com.br\/cbradar\/wp-json\/wp\/v2\/posts\/206542\/revisions\/207029"}],"wp:featuredmedia":[{"embeddable":true,"href":"https:\/\/www.correiobraziliense.com.br\/cbradar\/wp-json\/wp\/v2\/media\/156787"}],"wp:attachment":[{"href":"https:\/\/www.correiobraziliense.com.br\/cbradar\/wp-json\/wp\/v2\/media?parent=206542"}],"wp:term":[{"taxonomy":"category","embeddable":true,"href":"https:\/\/www.correiobraziliense.com.br\/cbradar\/wp-json\/wp\/v2\/categories?post=206542"},{"taxonomy":"post_tag","embeddable":true,"href":"https:\/\/www.correiobraziliense.com.br\/cbradar\/wp-json\/wp\/v2\/post_tag?post=206542"}],"curies":[{"name":"wp","href":"https:\/\/api.w.org\/{rel}","templated":true}]}}