{"id":206543,"date":"2026-03-12T16:35:26","date_gmt":"2026-03-12T19:35:26","guid":{"rendered":"https:\/\/www.correiobraziliense.com.br\/cbradar\/?p=206543"},"modified":"2026-03-11T16:08:53","modified_gmt":"2026-03-11T19:08:53","slug":"como-eliminar-ervas-daninhas-do-jardim-sem-prejudicar-a-grama","status":"publish","type":"post","link":"https:\/\/www.correiobraziliense.com.br\/cbradar\/como-eliminar-ervas-daninhas-do-jardim-sem-prejudicar-a-grama\/","title":{"rendered":"Como eliminar ervas daninhas do jardim sem prejudicar a grama"},"content":{"rendered":"\n<p>Voc\u00ea j\u00e1 olhou para o gramado e sentiu que as <strong>ervas daninhas<\/strong> est\u00e3o \u201ctomando conta\u201d do <b>jardim<\/b>? Esse \u00e9 um problema muito comum: a grama vai perdendo for\u00e7a, o visual fica <b>manchado<\/b> e, na tentativa de resolver, muita gente acaba usando produtos que prejudicam ainda mais o solo e o pr\u00f3prio gramado. Com alguns cuidados simples e escolhas certeiras, \u00e9 poss\u00edvel <strong>controlar<\/strong> as ervas daninhas sem estragar a grama.<\/p>\n\n\n\n<h2 class=\"wp-block-heading\">O que s\u00e3o ervas daninhas e por que elas aparecem na grama<\/h2>\n\n\n\n<p>As <b>ervas daninhas<\/b> s\u00e3o plantas que crescem onde n\u00e3o foram convidadas, competindo com a grama por <strong>luz<\/strong>, \u00e1gua e nutrientes. Podem ser anuais, que surgem e morrem em poucos meses, ou <b>perenes<\/b>, que permanecem por anos gra\u00e7as a ra\u00edzes profundas ou rizomas bem resistentes.<\/p>\n\n\n\n<p>Elas chegam ao <strong>jardim<\/strong> principalmente por sementes trazidas pelo vento, por p\u00e1ssaros, animais de estima\u00e7\u00e3o, pelo pr\u00f3prio solo ou at\u00e9 mesmo junto com tapetes de <b>grama<\/b>. Quando o gramado est\u00e1 fraco, com falhas, mal nutrido ou mal cortado, o espa\u00e7o livre vira convite aberto para invasoras como <strong>tiririca<\/strong>, trevos e pic\u00e3o.<\/p>\n\n\n<div class=\"wp-block-image\">\n<figure class=\"aligncenter size-full\"><img decoding=\"async\" width=\"1280\" height=\"720\" src=\"https:\/\/www.correiobraziliense.com.br\/cbradar\/wp-content\/uploads\/2026\/03\/Gemini_Generated_Image_hl4nn1hl4nn1hl4n-1.png\" alt=\"\" class=\"wp-image-206699\" srcset=\"https:\/\/www.correiobraziliense.com.br\/cbradar\/wp-content\/uploads\/2026\/03\/Gemini_Generated_Image_hl4nn1hl4nn1hl4n-1.png 1280w, https:\/\/www.correiobraziliense.com.br\/cbradar\/wp-content\/uploads\/2026\/03\/Gemini_Generated_Image_hl4nn1hl4nn1hl4n-1-300x169.png 300w, https:\/\/www.correiobraziliense.com.br\/cbradar\/wp-content\/uploads\/2026\/03\/Gemini_Generated_Image_hl4nn1hl4nn1hl4n-1-768x432.png 768w, https:\/\/www.correiobraziliense.com.br\/cbradar\/wp-content\/uploads\/2026\/03\/Gemini_Generated_Image_hl4nn1hl4nn1hl4n-1-750x422.png 750w, https:\/\/www.correiobraziliense.com.br\/cbradar\/wp-content\/uploads\/2026\/03\/Gemini_Generated_Image_hl4nn1hl4nn1hl4n-1-1140x641.png 1140w\" sizes=\"(max-width: 1280px) 100vw, 1280px\" \/><figcaption class=\"wp-element-caption\">As ervas daninhas s\u00e3o plantas que crescem onde n\u00e3o foram convidadas, competindo com a grama por luz, \u00e1gua e nutrientes<\/figcaption><\/figure><\/div>\n\n\n<p>Leia tamb\u00e9m:&nbsp;<a href=\"https:\/\/www.correiobraziliense.com.br\/cbradar\/pouco-popular-fora-do-nordeste-essa-fruta-refrescante-ajuda-na-hidratacao-na-saciedade-e-pode-ser-plantada-no-quintal-2\/\" target=\"_blank\" rel=\"noopener\">Pouco popular fora do Nordeste, essa fruta refrescante ajuda na hidrata\u00e7\u00e3o, na saciedade e pode ser plantada no quintal<\/a><\/p>\n\n\n\n<h2 class=\"wp-block-heading\">Como eliminar ervas daninhas do jardim sem prejudicar a grama<\/h2>\n\n\n\n<p>Para controlar as <b>ervas daninhas<\/b> sem estragar a grama, o ideal \u00e9 escolher m\u00e9todos que ataquem s\u00f3 as <strong>invasoras<\/strong>. Em \u00e1reas pequenas ou com poucos focos, a remo\u00e7\u00e3o <b>manual<\/b> \u00e9 a forma mais segura: puxe a planta pela raiz, usando ferramentas estreitas para alcan\u00e7ar mais fundo e evitar que ela rebrote.<\/p>\n\n\n\n<p>Em gramados maiores, os <strong>herbicidas<\/strong> seletivos podem ser aliados, desde que usados com muito cuidado. Eles s\u00e3o feitos para atingir certos tipos de plantas, como folhas largas, sem prejudicar a <b>grama<\/b> quando aplicados exatamente como manda o r\u00f3tulo, em dias sem vento e sem excesso de <strong>sol<\/strong> forte.<\/p>\n\n\n\n<h2 class=\"wp-block-heading\">Quais cuidados ajudam a proteger o gramado durante o controle<\/h2>\n\n\n\n<p>Antes de qualquer produto <b>qu\u00edmico<\/b>, vale sempre observar o tipo de grama, o clima e o n\u00edvel de <strong>infesta\u00e7\u00e3o<\/strong>. Muitas vezes, uma combina\u00e7\u00e3o de manuten\u00e7\u00e3o correta, corre\u00e7\u00e3o do solo e retirada manual j\u00e1 controla boa parte do problema, evitando exageros no uso de <b>herbicidas<\/b>.<\/p>\n\n\n\n<p>Alguns cuidados b\u00e1sicos tornam o controle muito mais seguro e eficiente, ajudando a preservar a sa\u00fade do <strong>gramado<\/strong> enquanto voc\u00ea lida com as plantas <b>invasoras<\/b>:<\/p>\n\n\n\n<ul class=\"wp-block-list\">\n<li><b>Identificar<\/b> o tipo de erva daninha antes de escolher o m\u00e9todo de <strong>controle<\/strong>.<\/li>\n\n\n\n<li>Priorizar a remo\u00e7\u00e3o <b>manual<\/b> em est\u00e1gios iniciais de <strong>infesta\u00e7\u00e3o<\/strong>.<\/li>\n\n\n\n<li>Utilizar <strong>herbicidas<\/strong> seletivos somente quando necess\u00e1rio e seguindo as <b>instru\u00e7\u00f5es<\/b>.<\/li>\n\n\n\n<li>Evitar cortes de <b>grama<\/b> muito baixos, que enfraquecem o <strong>gramado<\/strong>.<\/li>\n\n\n\n<li>Corrigir problemas de <strong>solo<\/strong>, como compacta\u00e7\u00e3o e falta de <b>nutrientes<\/b>.<\/li>\n<\/ul>\n\n\n\n<p>Se voc\u00ea gosta de plantas, separamos esse v\u00eddeo do canal <a href=\"https:\/\/www.youtube.com\/@vidadejardineiro\" target=\"_blank\" rel=\"noreferrer noopener\">Vida De Jardineiro<\/a> mostrando como eliminar as ervas daninhas da sua grama:<\/p>\n\n\n\n<figure class=\"wp-block-embed is-type-video is-provider-youtube wp-block-embed-youtube wp-embed-aspect-16-9 wp-has-aspect-ratio\"><div class=\"wp-block-embed__wrapper\">\n<div class=\"jeg_video_container jeg_video_content\"><iframe loading=\"lazy\" title=\"Como acabar com mato na grama | Chega de ervas daninhas | Vida de Jardineiro\" width=\"500\" height=\"281\" src=\"https:\/\/www.youtube.com\/embed\/kD9xcKXezmU?feature=oembed\" frameborder=\"0\" allow=\"accelerometer; autoplay; clipboard-write; encrypted-media; gyroscope; picture-in-picture; web-share\" referrerpolicy=\"strict-origin-when-cross-origin\" allowfullscreen><\/iframe><\/div>\n<\/div><\/figure>\n\n\n\n<h2 class=\"wp-block-heading\">Quais m\u00e9todos caseiros realmente ajudam no controle das ervas daninhas<\/h2>\n\n\n\n<p>No dia a dia, alguns m\u00e9todos <strong>caseiros<\/strong> podem complementar o cuidado com o jardim, desde que aplicados com bom senso. Usar cobertura morta (<b>mulch<\/b>) em canteiros e bordas, com casca de \u00e1rvore, folhas secas ou pedriscos, ajuda a impedir que novas sementes <b>germinem<\/b> nessas \u00e1reas e cheguem ao gramado.<\/p>\n\n\n\n<p>J\u00e1 truques como jogar \u00e1gua <b>fervente<\/b>, sal ou vinagre diretamente sobre a grama n\u00e3o s\u00e3o recomendados, pois podem queimar <strong>ra\u00edzes<\/strong> e prejudicar o solo. Esses recursos funcionam melhor em frestas de cal\u00e7adas ou locais sem plantas desejadas. No jardim, \u00e9 mais seguro apostar em manejo do <b>solo<\/b>, cortes corretos e retirada mec\u00e2nica das invasoras.<\/p>\n\n\n\n<h2 class=\"wp-block-heading\">Como prevenir o reaparecimento de ervas daninhas no gramado<\/h2>\n\n\n\n<p>Depois de reduzir a <b>infesta\u00e7\u00e3o<\/b>, o segredo \u00e9 fortalecer a <strong>grama<\/strong> para que ela mesma dificulte o retorno das ervas daninhas. Um gramado denso e bem cuidado faz sombra sobre o solo, atrapalhando a germina\u00e7\u00e3o de novas <b>sementes<\/b> e ocupando o espa\u00e7o que poderia ser tomado por invasoras.<\/p>\n\n\n\n<p>Para isso, mantenha a altura de <b>corte<\/b> adequada ao tipo de grama, fa\u00e7a aduba\u00e7\u00e3o regular espec\u00edfica para gramados, areje o solo compacto e prefira regas mais profundas e menos frequentes. Observe o <strong>jardim<\/strong> com frequ\u00eancia: ao notar uma nova erva daninha, retire logo no in\u00edcio, evitando que se <b>espalhe<\/b> e mantendo o visual do jardim bonito e equilibrado por muito mais tempo.<\/p>\n","protected":false},"excerpt":{"rendered":"<p>Voc\u00ea j\u00e1 olhou para o gramado e sentiu que as ervas daninhas est\u00e3o \u201ctomando conta\u201d do jardim? Esse \u00e9 um problema muito comum: a grama vai perdendo for\u00e7a, o visual fica manchado e, na tentativa de resolver, muita gente acaba usando produtos que prejudicam ainda mais o solo e o pr\u00f3prio gramado. Com alguns cuidados [&hellip;]<\/p>\n","protected":false},"author":9,"featured_media":207031,"comment_status":"open","ping_status":"open","sticky":false,"template":"","format":"standard","meta":{"_yoast_wpseo_focuskw":"Ervas daninhas","_yoast_wpseo_title":"","_yoast_wpseo_metadesc":"Ervas daninhas podem tomar conta do gramado, mas alguns cuidados simples ajudam a controlar o problema sem prejudicar a grama.","jnews-multi-image_gallery":[],"jnews_single_post":{"format":"standard"},"jnews_primary_category":[],"jnews_social_meta":[],"jnews_override_counter":[],"footnotes":""},"categories":[136],"tags":[15956,15957,733],"class_list":["post-206543","post","type-post","status-publish","format-standard","has-post-thumbnail","hentry","category-jardinagem","tag-eliminar-ervas-daninhas","tag-ervas-no-jardim","tag-jardim"],"yoast_head":"<!-- This site is optimized with the Yoast SEO plugin v24.6 - https:\/\/yoast.com\/wordpress\/plugins\/seo\/ -->\n<title>Como eliminar ervas daninhas do jardim sem prejudicar a grama - Correio Braziliense - Radar<\/title>\n<meta name=\"description\" content=\"Ervas daninhas podem tomar conta do gramado, mas alguns cuidados simples ajudam a controlar o problema sem prejudicar a grama.\" \/>\n<meta name=\"robots\" content=\"index, follow, max-snippet:-1, max-image-preview:large, max-video-preview:-1\" \/>\n<link rel=\"canonical\" href=\"https:\/\/www.correiobraziliense.com.br\/cbradar\/como-eliminar-ervas-daninhas-do-jardim-sem-prejudicar-a-grama\/\" \/>\n<meta property=\"og:locale\" content=\"pt_BR\" \/>\n<meta property=\"og:type\" content=\"article\" \/>\n<meta property=\"og:title\" content=\"Como eliminar ervas daninhas do jardim sem prejudicar a grama - Correio Braziliense - Radar\" \/>\n<meta property=\"og:description\" content=\"Ervas daninhas podem tomar conta do gramado, mas alguns cuidados simples ajudam a controlar o problema sem prejudicar a grama.\" \/>\n<meta property=\"og:url\" content=\"https:\/\/www.correiobraziliense.com.br\/cbradar\/como-eliminar-ervas-daninhas-do-jardim-sem-prejudicar-a-grama\/\" \/>\n<meta property=\"og:site_name\" content=\"Correio Braziliense - Radar\" \/>\n<meta property=\"article:published_time\" content=\"2026-03-12T19:35:26+00:00\" \/>\n<meta property=\"og:image\" content=\"https:\/\/www.correiobraziliense.com.br\/cbradar\/wp-content\/uploads\/2026\/03\/freepik__mo-removendo-erva-daninha-pela-raiz-em-gramado-ver__63001.jpeg\" \/>\n\t<meta property=\"og:image:width\" content=\"1280\" \/>\n\t<meta property=\"og:image:height\" content=\"720\" \/>\n\t<meta property=\"og:image:type\" content=\"image\/jpeg\" \/>\n<meta name=\"author\" content=\"Daniely Cardoso\" \/>\n<meta name=\"twitter:card\" content=\"summary_large_image\" \/>\n<meta name=\"twitter:label1\" content=\"Escrito por\" \/>\n\t<meta name=\"twitter:data1\" content=\"Daniely Cardoso\" \/>\n\t<meta name=\"twitter:label2\" content=\"Est. tempo de leitura\" \/>\n\t<meta name=\"twitter:data2\" content=\"5 minutos\" \/>\n<!-- \/ Yoast SEO plugin. -->","yoast_head_json":{"title":"Como eliminar ervas daninhas do jardim sem prejudicar a grama - Correio Braziliense - Radar","description":"Ervas daninhas podem tomar conta do gramado, mas alguns cuidados simples ajudam a controlar o problema sem prejudicar a grama.","robots":{"index":"index","follow":"follow","max-snippet":"max-snippet:-1","max-image-preview":"max-image-preview:large","max-video-preview":"max-video-preview:-1"},"canonical":"https:\/\/www.correiobraziliense.com.br\/cbradar\/como-eliminar-ervas-daninhas-do-jardim-sem-prejudicar-a-grama\/","og_locale":"pt_BR","og_type":"article","og_title":"Como eliminar ervas daninhas do jardim sem prejudicar a grama - Correio Braziliense - Radar","og_description":"Ervas daninhas podem tomar conta do gramado, mas alguns cuidados simples ajudam a controlar o problema sem prejudicar a grama.","og_url":"https:\/\/www.correiobraziliense.com.br\/cbradar\/como-eliminar-ervas-daninhas-do-jardim-sem-prejudicar-a-grama\/","og_site_name":"Correio Braziliense - Radar","article_published_time":"2026-03-12T19:35:26+00:00","og_image":[{"width":1280,"height":720,"url":"https:\/\/www.correiobraziliense.com.br\/cbradar\/wp-content\/uploads\/2026\/03\/freepik__mo-removendo-erva-daninha-pela-raiz-em-gramado-ver__63001.jpeg","type":"image\/jpeg"}],"author":"Daniely Cardoso","twitter_card":"summary_large_image","twitter_misc":{"Escrito por":"Daniely Cardoso","Est. tempo de leitura":"5 minutos"},"schema":{"@context":"https:\/\/schema.org","@graph":[{"@type":"WebPage","@id":"https:\/\/www.correiobraziliense.com.br\/cbradar\/como-eliminar-ervas-daninhas-do-jardim-sem-prejudicar-a-grama\/","url":"https:\/\/www.correiobraziliense.com.br\/cbradar\/como-eliminar-ervas-daninhas-do-jardim-sem-prejudicar-a-grama\/","name":"Como eliminar ervas daninhas do jardim sem prejudicar a grama - Correio Braziliense - Radar","isPartOf":{"@id":"https:\/\/www.correiobraziliense.com.br\/cbradar\/#website"},"primaryImageOfPage":{"@id":"https:\/\/www.correiobraziliense.com.br\/cbradar\/como-eliminar-ervas-daninhas-do-jardim-sem-prejudicar-a-grama\/#primaryimage"},"image":{"@id":"https:\/\/www.correiobraziliense.com.br\/cbradar\/como-eliminar-ervas-daninhas-do-jardim-sem-prejudicar-a-grama\/#primaryimage"},"thumbnailUrl":"https:\/\/www.correiobraziliense.com.br\/cbradar\/wp-content\/uploads\/2026\/03\/freepik__mo-removendo-erva-daninha-pela-raiz-em-gramado-ver__63001.jpeg","datePublished":"2026-03-12T19:35:26+00:00","author":{"@id":"https:\/\/www.correiobraziliense.com.br\/cbradar\/#\/schema\/person\/7356666e12ec0ee53f348ee5db227032"},"description":"Ervas daninhas podem tomar conta do gramado, mas alguns cuidados simples ajudam a controlar o problema sem prejudicar a grama.","breadcrumb":{"@id":"https:\/\/www.correiobraziliense.com.br\/cbradar\/como-eliminar-ervas-daninhas-do-jardim-sem-prejudicar-a-grama\/#breadcrumb"},"inLanguage":"pt-BR","potentialAction":[{"@type":"ReadAction","target":["https:\/\/www.correiobraziliense.com.br\/cbradar\/como-eliminar-ervas-daninhas-do-jardim-sem-prejudicar-a-grama\/"]}]},{"@type":"ImageObject","inLanguage":"pt-BR","@id":"https:\/\/www.correiobraziliense.com.br\/cbradar\/como-eliminar-ervas-daninhas-do-jardim-sem-prejudicar-a-grama\/#primaryimage","url":"https:\/\/www.correiobraziliense.com.br\/cbradar\/wp-content\/uploads\/2026\/03\/freepik__mo-removendo-erva-daninha-pela-raiz-em-gramado-ver__63001.jpeg","contentUrl":"https:\/\/www.correiobraziliense.com.br\/cbradar\/wp-content\/uploads\/2026\/03\/freepik__mo-removendo-erva-daninha-pela-raiz-em-gramado-ver__63001.jpeg","width":1280,"height":720,"caption":"Ervas daninhas competem com a grama por \u00e1gua, luz e nutrientes do solo"},{"@type":"BreadcrumbList","@id":"https:\/\/www.correiobraziliense.com.br\/cbradar\/como-eliminar-ervas-daninhas-do-jardim-sem-prejudicar-a-grama\/#breadcrumb","itemListElement":[{"@type":"ListItem","position":1,"name":"In\u00edcio","item":"https:\/\/www.correiobraziliense.com.br\/cbradar\/"},{"@type":"ListItem","position":2,"name":"Como eliminar ervas daninhas do jardim sem prejudicar a grama"}]},{"@type":"WebSite","@id":"https:\/\/www.correiobraziliense.com.br\/cbradar\/#website","url":"https:\/\/www.correiobraziliense.com.br\/cbradar\/","name":"Correio Braziliense - Radar","description":"Acompanhe as \u00faltimas not\u00edcias e fique bem informado sobre tudo o que acontece no Brasil e no mundo.","potentialAction":[{"@type":"SearchAction","target":{"@type":"EntryPoint","urlTemplate":"https:\/\/www.correiobraziliense.com.br\/cbradar\/?s={search_term_string}"},"query-input":{"@type":"PropertyValueSpecification","valueRequired":true,"valueName":"search_term_string"}}],"inLanguage":"pt-BR"},{"@type":"Person","@id":"https:\/\/www.correiobraziliense.com.br\/cbradar\/#\/schema\/person\/7356666e12ec0ee53f348ee5db227032","name":"Daniely Cardoso","image":{"@type":"ImageObject","inLanguage":"pt-BR","@id":"https:\/\/www.correiobraziliense.com.br\/cbradar\/#\/schema\/person\/image\/","url":"https:\/\/secure.gravatar.com\/avatar\/4b80ddbd124d1f071b626d52d62e5dff?s=96&d=mm&r=g","contentUrl":"https:\/\/secure.gravatar.com\/avatar\/4b80ddbd124d1f071b626d52d62e5dff?s=96&d=mm&r=g","caption":"Daniely Cardoso"},"description":"Redatora nos portais CB Radar e EM Foco, formada pela Universidade Federal de Goi\u00e1s, em Goi\u00e2nia. Apaixonada por comunica\u00e7\u00e3o, arte, decora\u00e7\u00e3o e tend\u00eancias, atuo na produ\u00e7\u00e3o de conte\u00fados envolventes sobre curiosidades, moda, beleza e paisagismo, sempre com um olhar atento \u00e0s novidades do momento.","sameAs":["https:\/\/www.correiobraziliense.com.br\/cbradar"],"url":"https:\/\/www.correiobraziliense.com.br\/cbradar\/author\/danielymyth\/"}]}},"_links":{"self":[{"href":"https:\/\/www.correiobraziliense.com.br\/cbradar\/wp-json\/wp\/v2\/posts\/206543","targetHints":{"allow":["GET"]}}],"collection":[{"href":"https:\/\/www.correiobraziliense.com.br\/cbradar\/wp-json\/wp\/v2\/posts"}],"about":[{"href":"https:\/\/www.correiobraziliense.com.br\/cbradar\/wp-json\/wp\/v2\/types\/post"}],"author":[{"embeddable":true,"href":"https:\/\/www.correiobraziliense.com.br\/cbradar\/wp-json\/wp\/v2\/users\/9"}],"replies":[{"embeddable":true,"href":"https:\/\/www.correiobraziliense.com.br\/cbradar\/wp-json\/wp\/v2\/comments?post=206543"}],"version-history":[{"count":2,"href":"https:\/\/www.correiobraziliense.com.br\/cbradar\/wp-json\/wp\/v2\/posts\/206543\/revisions"}],"predecessor-version":[{"id":206702,"href":"https:\/\/www.correiobraziliense.com.br\/cbradar\/wp-json\/wp\/v2\/posts\/206543\/revisions\/206702"}],"wp:featuredmedia":[{"embeddable":true,"href":"https:\/\/www.correiobraziliense.com.br\/cbradar\/wp-json\/wp\/v2\/media\/207031"}],"wp:attachment":[{"href":"https:\/\/www.correiobraziliense.com.br\/cbradar\/wp-json\/wp\/v2\/media?parent=206543"}],"wp:term":[{"taxonomy":"category","embeddable":true,"href":"https:\/\/www.correiobraziliense.com.br\/cbradar\/wp-json\/wp\/v2\/categories?post=206543"},{"taxonomy":"post_tag","embeddable":true,"href":"https:\/\/www.correiobraziliense.com.br\/cbradar\/wp-json\/wp\/v2\/tags?post=206543"}],"curies":[{"name":"wp","href":"https:\/\/api.w.org\/{rel}","templated":true}]}}