{"id":206544,"date":"2026-03-12T17:45:32","date_gmt":"2026-03-12T20:45:32","guid":{"rendered":"https:\/\/www.correiobraziliense.com.br\/cbradar\/?p=206544"},"modified":"2026-03-11T16:09:24","modified_gmt":"2026-03-11T19:09:24","slug":"8-vegetais-perenes-que-voce-planta-uma-vez-e-pode-colher-por-muitos-anos","status":"publish","type":"post","link":"https:\/\/www.correiobraziliense.com.br\/cbradar\/8-vegetais-perenes-que-voce-planta-uma-vez-e-pode-colher-por-muitos-anos\/","title":{"rendered":"8 vegetais perenes que voc\u00ea planta uma vez e pode colher por muitos anos"},"content":{"rendered":"\n<p>Imagine colher <b>cebolinha fresquinha<\/b> quase todo dia, sem precisar plantar de novo toda hora. Ao contr\u00e1rio do que muita gente pensa, nem todos os <b>alimentos da horta<\/b> exigem replantio anual. Alguns vegetais perenes, quando bem instalados no canteiro, produzem por v\u00e1rios ciclos, reduzem o trabalho e garantem colheitas constantes para a fam\u00edlia.<\/p>\n\n\n\n<h2 class=\"wp-block-heading\">O que s\u00e3o vegetais perenes e por que ajudam tanto na rotina?<\/h2>\n\n\n\n<p>Vegetais <b>perenes s\u00e3o<\/b> aqueles que, depois do plantio inicial, continuam vivos por v\u00e1rios anos, permitindo m\u00faltiplas colheitas sem precisar come\u00e7ar tudo do zero. Diferente das <b>hortali\u00e7as anuais<\/b>, que nascem, crescem e morrem em poucos meses, as perenes seguem produzindo, com fases de maior ou menor intensidade conforme a esta\u00e7\u00e3o.<\/p>\n\n\n\n<p>Na pr\u00e1tica, isso significa menos gasto com <b>sementes e<\/b> menos tempo cavando canteiro e mais prote\u00e7\u00e3o para o solo. Como t\u00eam ra\u00edzes mais profundas, melhoram a <b>estrutura da<\/b> terra, seguram melhor a umidade e deixam o jardim mais est\u00e1vel e f\u00e9rtil, algo perfeito para quintais urbanos ou pequenas hortas dom\u00e9sticas.<\/p>\n\n\n<div class=\"wp-block-image\">\n<figure class=\"aligncenter size-large\"><img decoding=\"async\" width=\"1024\" height=\"576\" src=\"https:\/\/www.correiobraziliense.com.br\/cbradar\/wp-content\/uploads\/2026\/02\/Gemini_Generated_Image_wdx6tjwdx6tjwdx6-1-1024x576.png\" alt=\"\" class=\"wp-image-200367\" srcset=\"https:\/\/www.correiobraziliense.com.br\/cbradar\/wp-content\/uploads\/2026\/02\/Gemini_Generated_Image_wdx6tjwdx6tjwdx6-1-1024x576.png 1024w, https:\/\/www.correiobraziliense.com.br\/cbradar\/wp-content\/uploads\/2026\/02\/Gemini_Generated_Image_wdx6tjwdx6tjwdx6-1-300x169.png 300w, https:\/\/www.correiobraziliense.com.br\/cbradar\/wp-content\/uploads\/2026\/02\/Gemini_Generated_Image_wdx6tjwdx6tjwdx6-1-768x432.png 768w, https:\/\/www.correiobraziliense.com.br\/cbradar\/wp-content\/uploads\/2026\/02\/Gemini_Generated_Image_wdx6tjwdx6tjwdx6-1-750x422.png 750w, https:\/\/www.correiobraziliense.com.br\/cbradar\/wp-content\/uploads\/2026\/02\/Gemini_Generated_Image_wdx6tjwdx6tjwdx6-1-1140x641.png 1140w, https:\/\/www.correiobraziliense.com.br\/cbradar\/wp-content\/uploads\/2026\/02\/Gemini_Generated_Image_wdx6tjwdx6tjwdx6-1.png 1280w\" sizes=\"(max-width: 1024px) 100vw, 1024px\" \/><figcaption class=\"wp-element-caption\">Ter um p\u00e9 de boldo em casa \u00e9 quase um cl\u00e1ssico das hortas dom\u00e9sticas, e a boa not\u00edcia \u00e9 que ele \u00e9 f\u00e1cil de cultivar<\/figcaption><\/figure><\/div>\n\n\n<p>Leia tamb\u00e9m:&nbsp;<a href=\"https:\/\/www.correiobraziliense.com.br\/cbradar\/pouco-popular-fora-do-nordeste-essa-fruta-refrescante-ajuda-na-hidratacao-na-saciedade-e-pode-ser-plantada-no-quintal-2\/\" target=\"_blank\" rel=\"noopener\">Pouco popular fora do Nordeste, essa fruta refrescante ajuda na hidrata\u00e7\u00e3o, na saciedade e pode ser plantada no quintal<\/a><\/p>\n\n\n\n<h2 class=\"wp-block-heading\">Quais s\u00e3o 8 vegetais perenes que valem muito a pena plantar?<\/h2>\n\n\n\n<p>Diversas esp\u00e9cies se destacam pela capacidade de produzir por <b>anos seguidos<\/b>, desde que recebam luz, solo rico e regas regulares. A seguir, 8 vegetais perenes muito comuns em hortas familiares: <b>aspargo<\/b>, <b>alcachofra<\/b>, <b>cebolinha<\/b>, alho-por\u00f3 perene, ruibarbo, espinafre-perene (ou espinafre-da-Nova-Zel\u00e2ndia), ora-pro-n\u00f3bis e couve-perene.<\/p>\n\n\n\n<ul class=\"wp-block-list\">\n<li><b>Aspargo:<\/b> exige um pouco de paci\u00eancia no come\u00e7o, pois leva cerca de dois a tr\u00eas anos para produzir bem, mas depois pode dar brotos <b>tenros por<\/b> mais de uma d\u00e9cada.<\/li>\n<\/ul>\n\n\n\n<figure class=\"wp-block-embed is-type-rich is-provider-pinterest wp-block-embed-pinterest\"><div class=\"wp-block-embed__wrapper\">\n<iframe loading=\"lazy\" title=\"Home &amp; Gardening Tips - Asparagus is a perennial vegetable that offers an incredible return on investment. Plant it once, and with proper care, you can enjoy fresh, homegrown spears every spring for up to 30 years. 1. Choosing the Right Location Asparagus thrives in sunny spots with well-drained soil. Select a permanent location in your garden, as this plant will stay in the same spot for decades. 2. Preparing the Soil Enrich your soil with compost or aged manure before planting. Asparagus prefers slightly acidic to neutral soil with a pH between 6.5 and 7.5. Good drainage is crucial to prevent root rot. 3. Planting Asparagus Crowns Plant crowns (young asparagus roots) in early spring. Dig a trench about 8 inches deep and place the crowns 12\u201318 inches apart. Cover them with 2\u20133 inches of s\" src=\"https:\/\/assets.pinterest.com\/ext\/embed.html?id=388365167896262012&#038;src=oembed\" height=\"663\" width=\"450\" frameborder=\"0\" scrolling=\"no\" ><\/iframe>\n<\/div><\/figure>\n\n\n\n<ul class=\"wp-block-list\">\n<li><b>Alcachofra:<\/b> forma touceiras robustas que, em clima adequado, produzem bot\u00f5es florais <b>comest\u00edveis por<\/b> v\u00e1rios ciclos, desde que se renovem as brota\u00e7\u00f5es mais velhas.<\/li>\n<\/ul>\n\n\n\n<figure class=\"wp-block-embed is-type-rich is-provider-pinterest wp-block-embed-pinterest\"><div class=\"wp-block-embed__wrapper\">\n<iframe loading=\"lazy\" title=\"Alcachofra\" src=\"https:\/\/assets.pinterest.com\/ext\/embed.html?id=42221315251350283&#038;src=oembed\" height=\"899\" width=\"450\" frameborder=\"0\" scrolling=\"no\" ><\/iframe>\n<\/div><\/figure>\n\n\n\n<ul class=\"wp-block-list\">\n<li><b>Cebolinha:<\/b> um dos exemplos mais simples de vegetal perene; rebrota sempre ap\u00f3s o corte, bastando manter o <b>solo f\u00e9rtil<\/b> e dividir os tufos de tempos em tempos.<\/li>\n<\/ul>\n\n\n\n<figure class=\"wp-block-embed is-type-rich is-provider-pinterest wp-block-embed-pinterest\"><div class=\"wp-block-embed__wrapper\">\n<iframe loading=\"lazy\" title=\"como ter cebolinha bonita em vaso? dicas de cultivo de cebolinha. horta em apartamento.\" src=\"https:\/\/assets.pinterest.com\/ext\/embed.html?id=714242822169369239&#038;src=oembed\" height=\"899\" width=\"450\" frameborder=\"0\" scrolling=\"no\" ><\/iframe>\n<\/div><\/figure>\n\n\n\n<ul class=\"wp-block-list\">\n<li><b>Alho-por\u00f3 perene:<\/b> lembra o alho-por\u00f3 comum, mas rebrotando e formando novos brotos ao redor da <b>planta-m\u00e3e<\/b>, o que prolonga seu tempo de perman\u00eancia no canteiro.<\/li>\n<\/ul>\n\n\n\n<figure class=\"wp-block-embed is-type-rich is-provider-pinterest wp-block-embed-pinterest\"><div class=\"wp-block-embed__wrapper\">\n<iframe loading=\"lazy\" title=\"5 Dicas Para Esta Planta Fascinante\" src=\"https:\/\/assets.pinterest.com\/ext\/embed.html?id=337066353382999547&#038;src=oembed\" height=\"899\" width=\"450\" frameborder=\"0\" scrolling=\"no\" ><\/iframe>\n<\/div><\/figure>\n\n\n\n<ul class=\"wp-block-list\">\n<li><b>Ruibarbo:<\/b> muito usado em doces e compotas em alguns pa\u00edses, cria grandes touceiras de onde se colhem os <b>talos por<\/b> muitos anos; as folhas n\u00e3o s\u00e3o consumidas.<\/li>\n<\/ul>\n\n\n\n<figure class=\"wp-block-embed is-type-rich is-provider-pinterest wp-block-embed-pinterest\"><div class=\"wp-block-embed__wrapper\">\n<iframe loading=\"lazy\" title=\"How to Harvest Rhubarb (NEVER Cut It!)\" src=\"https:\/\/assets.pinterest.com\/ext\/embed.html?id=3237030973768339&#038;src=oembed\" height=\"735\" width=\"450\" frameborder=\"0\" scrolling=\"no\" ><\/iframe>\n<\/div><\/figure>\n\n\n\n<ul class=\"wp-block-list\">\n<li><b>Espinafre-perene:<\/b> tamb\u00e9m chamado espinafre-da-Nova-Zel\u00e2ndia ou espinafre tropical, cresce como planta rasteira e oferece folhas para <b>colheitas frequentes<\/b>.<\/li>\n<\/ul>\n\n\n\n<figure class=\"wp-block-embed is-type-rich is-provider-pinterest wp-block-embed-pinterest\"><div class=\"wp-block-embed__wrapper\">\n<iframe loading=\"lazy\" title=\" \" src=\"https:\/\/assets.pinterest.com\/ext\/embed.html?id=607563806022474281&#038;src=oembed\" height=\"699\" width=\"450\" frameborder=\"0\" scrolling=\"no\" ><\/iframe>\n<\/div><\/figure>\n\n\n\n<ul class=\"wp-block-list\">\n<li><b>Ora-pro-n\u00f3bis:<\/b> trepadeira r\u00fastica, de folhas comest\u00edveis e muito nutritivas, famosa na culin\u00e1ria mineira; vai bem em cercas e <b>estruturas de<\/b> apoio.<\/li>\n<\/ul>\n\n\n\n<figure class=\"wp-block-embed is-type-rich is-provider-pinterest wp-block-embed-pinterest\"><div class=\"wp-block-embed__wrapper\">\n<iframe loading=\"lazy\" title=\"Voc\u00ea j\u00e1 ouviu falar na planta Ora-pro-nobis? Sabia que ela \u00e9 uma fonte riqu\u00edssima de nutrientes e prote\u00ednas? Se voc\u00ea quer descobrir tudo sobre essa incr\u00edvel planta, n\u00e3o pode perder este v\u00eddeo! Deixe o mundo mais verde com a Plantei ! #plantas #orapronobis #cuidadoscomasplantas #lojaplantei #biologia #botanica #saltogrande#gardencenter\" src=\"https:\/\/assets.pinterest.com\/ext\/embed.html?id=127719339428157069&#038;src=oembed\" height=\"899\" width=\"450\" frameborder=\"0\" scrolling=\"no\" ><\/iframe>\n<\/div><\/figure>\n\n\n\n<ul class=\"wp-block-list\">\n<li><b>Couve-perene:<\/b> variedades de couve que, bem conduzidas, seguem produtivas por anos, sendo podadas com regularidade para estimular <b>brota\u00e7\u00f5es novas<\/b>.<\/li>\n<\/ul>\n\n\n\n<figure class=\"wp-block-embed is-type-rich is-provider-pinterest wp-block-embed-pinterest\"><div class=\"wp-block-embed__wrapper\">\n<iframe loading=\"lazy\" title=\"Quer aprender comigo? Acesse o site do meu perfil\" src=\"https:\/\/assets.pinterest.com\/ext\/embed.html?id=1122100063388640198&#038;src=oembed\" height=\"899\" width=\"450\" frameborder=\"0\" scrolling=\"no\" ><\/iframe>\n<\/div><\/figure>\n\n\n\n<h2 class=\"wp-block-heading\">Como plantar vegetais perenes e manter a produ\u00e7\u00e3o por v\u00e1rios anos?<\/h2>\n\n\n\n<p>Como essas plantas v\u00e3o ficar <b>muito tempo<\/b> no mesmo lugar, vale caprichar na prepara\u00e7\u00e3o inicial. Escolha um ponto bem ensolarado, com boa drenagem, corrija a acidez se necess\u00e1rio e misture bastante <b>mat\u00e9ria org\u00e2nica<\/b> ao solo. Pense como um investimento: um esfor\u00e7o maior no come\u00e7o que volta em colheitas prolongadas e menos trabalho depois.<\/p>\n\n\n\n<p>O plantio e o manejo s\u00e3o simples no dia a dia: algumas esp\u00e9cies preferem mudas, rizomas ou coroas, como o aspargo e o ruibarbo, enquanto cebolinha, alho-por\u00f3 perene, espinafre-perene e couve-perene podem ser multiplicados por divis\u00e3o de touceiras ou estacas. Aduba\u00e7\u00f5es peri\u00f3dicas com <b>composto e<\/b> esterco bem curtido e coberturas verdes ajudam a manter tudo <b>forte e<\/b> produtivo.<\/p>\n\n\n\n<h2 class=\"wp-block-heading\">Quais cuidados aumentam a durabilidade da horta perene?<\/h2>\n\n\n\n<p>Para que os vegetais perenes sigam produzindo por anos, alguns h\u00e1bitos simples fazem muita diferen\u00e7a. A cobertura do <b>solo com<\/b> palha, folhas secas ou restos de poda ajuda a segurar a umidade, diminui o nascimento de mato e protege a vida <b>invis\u00edvel do<\/b> solo, sobretudo em regi\u00f5es de ver\u00e3o quente.<\/p>\n\n\n\n<p>Outro ponto importante \u00e9 renovar as touceiras mais antigas, principalmente de cebolinha, alho-por\u00f3 perene e couve-perene, a cada dois ou tr\u00eas anos, dividindo-as em novas mudas. Em esp\u00e9cies que crescem demais, como ora-pro-n\u00f3bis e alcachofra, podas de forma\u00e7\u00e3o e a retirada de ramos velhos mant\u00eam a planta equilibrada, facilitam a <b>colheita e<\/b> garantem que a horta permane\u00e7a produtiva e <b>saud\u00e1vel por<\/b> muito tempo.<\/p>\n","protected":false},"excerpt":{"rendered":"<p>Imagine colher cebolinha fresquinha quase todo dia, sem precisar plantar de novo toda hora. Ao contr\u00e1rio do que muita gente pensa, nem todos os alimentos da horta exigem replantio anual. Alguns vegetais perenes, quando bem instalados no canteiro, produzem por v\u00e1rios ciclos, reduzem o trabalho e garantem colheitas constantes para a fam\u00edlia. O que s\u00e3o [&hellip;]<\/p>\n","protected":false},"author":9,"featured_media":207033,"comment_status":"open","ping_status":"open","sticky":false,"template":"","format":"standard","meta":{"_yoast_wpseo_focuskw":"vegetais perenes","_yoast_wpseo_title":"","_yoast_wpseo_metadesc":"Alguns vegetais podem produzir por v\u00e1rios anos na horta, garantindo colheitas frequentes e menos trabalho com replantio.","jnews-multi-image_gallery":[],"jnews_single_post":{"format":"standard"},"jnews_primary_category":[],"jnews_social_meta":[],"jnews_override_counter":[],"footnotes":""},"categories":[136],"tags":[15958,1308,15959],"class_list":["post-206544","post","type-post","status-publish","format-standard","has-post-thumbnail","hentry","category-jardinagem","tag-plantar-vegetais","tag-vegetais","tag-vegetais-na-horta"],"yoast_head":"<!-- This site is optimized with the Yoast SEO plugin v24.6 - https:\/\/yoast.com\/wordpress\/plugins\/seo\/ -->\n<title>8 vegetais perenes que voc\u00ea planta uma vez e pode colher por muitos anos - Correio Braziliense - Radar<\/title>\n<meta name=\"description\" content=\"Alguns vegetais podem produzir por v\u00e1rios anos na horta, garantindo colheitas frequentes e menos trabalho com replantio.\" \/>\n<meta name=\"robots\" content=\"index, follow, max-snippet:-1, max-image-preview:large, max-video-preview:-1\" \/>\n<link rel=\"canonical\" href=\"https:\/\/www.correiobraziliense.com.br\/cbradar\/8-vegetais-perenes-que-voce-planta-uma-vez-e-pode-colher-por-muitos-anos\/\" \/>\n<meta property=\"og:locale\" content=\"pt_BR\" \/>\n<meta property=\"og:type\" content=\"article\" \/>\n<meta property=\"og:title\" content=\"8 vegetais perenes que voc\u00ea planta uma vez e pode colher por muitos anos - Correio Braziliense - Radar\" \/>\n<meta property=\"og:description\" content=\"Alguns vegetais podem produzir por v\u00e1rios anos na horta, garantindo colheitas frequentes e menos trabalho com replantio.\" \/>\n<meta property=\"og:url\" content=\"https:\/\/www.correiobraziliense.com.br\/cbradar\/8-vegetais-perenes-que-voce-planta-uma-vez-e-pode-colher-por-muitos-anos\/\" \/>\n<meta property=\"og:site_name\" content=\"Correio Braziliense - Radar\" \/>\n<meta property=\"article:published_time\" content=\"2026-03-12T20:45:32+00:00\" \/>\n<meta property=\"og:image\" content=\"https:\/\/www.correiobraziliense.com.br\/cbradar\/wp-content\/uploads\/2026\/03\/freepik__canteiro-de-horta-domstica-com-vrias-plantas-peren__63002.jpeg\" \/>\n\t<meta property=\"og:image:width\" content=\"1280\" \/>\n\t<meta property=\"og:image:height\" content=\"720\" \/>\n\t<meta property=\"og:image:type\" content=\"image\/jpeg\" \/>\n<meta name=\"author\" content=\"Daniely Cardoso\" \/>\n<meta name=\"twitter:card\" content=\"summary_large_image\" \/>\n<meta name=\"twitter:label1\" content=\"Escrito por\" \/>\n\t<meta name=\"twitter:data1\" content=\"Daniely Cardoso\" \/>\n\t<meta name=\"twitter:label2\" content=\"Est. tempo de leitura\" \/>\n\t<meta name=\"twitter:data2\" content=\"5 minutos\" \/>\n<!-- \/ Yoast SEO plugin. -->","yoast_head_json":{"title":"8 vegetais perenes que voc\u00ea planta uma vez e pode colher por muitos anos - Correio Braziliense - Radar","description":"Alguns vegetais podem produzir por v\u00e1rios anos na horta, garantindo colheitas frequentes e menos trabalho com replantio.","robots":{"index":"index","follow":"follow","max-snippet":"max-snippet:-1","max-image-preview":"max-image-preview:large","max-video-preview":"max-video-preview:-1"},"canonical":"https:\/\/www.correiobraziliense.com.br\/cbradar\/8-vegetais-perenes-que-voce-planta-uma-vez-e-pode-colher-por-muitos-anos\/","og_locale":"pt_BR","og_type":"article","og_title":"8 vegetais perenes que voc\u00ea planta uma vez e pode colher por muitos anos - Correio Braziliense - Radar","og_description":"Alguns vegetais podem produzir por v\u00e1rios anos na horta, garantindo colheitas frequentes e menos trabalho com replantio.","og_url":"https:\/\/www.correiobraziliense.com.br\/cbradar\/8-vegetais-perenes-que-voce-planta-uma-vez-e-pode-colher-por-muitos-anos\/","og_site_name":"Correio Braziliense - Radar","article_published_time":"2026-03-12T20:45:32+00:00","og_image":[{"width":1280,"height":720,"url":"https:\/\/www.correiobraziliense.com.br\/cbradar\/wp-content\/uploads\/2026\/03\/freepik__canteiro-de-horta-domstica-com-vrias-plantas-peren__63002.jpeg","type":"image\/jpeg"}],"author":"Daniely Cardoso","twitter_card":"summary_large_image","twitter_misc":{"Escrito por":"Daniely Cardoso","Est. tempo de leitura":"5 minutos"},"schema":{"@context":"https:\/\/schema.org","@graph":[{"@type":"WebPage","@id":"https:\/\/www.correiobraziliense.com.br\/cbradar\/8-vegetais-perenes-que-voce-planta-uma-vez-e-pode-colher-por-muitos-anos\/","url":"https:\/\/www.correiobraziliense.com.br\/cbradar\/8-vegetais-perenes-que-voce-planta-uma-vez-e-pode-colher-por-muitos-anos\/","name":"8 vegetais perenes que voc\u00ea planta uma vez e pode colher por muitos anos - Correio Braziliense - Radar","isPartOf":{"@id":"https:\/\/www.correiobraziliense.com.br\/cbradar\/#website"},"primaryImageOfPage":{"@id":"https:\/\/www.correiobraziliense.com.br\/cbradar\/8-vegetais-perenes-que-voce-planta-uma-vez-e-pode-colher-por-muitos-anos\/#primaryimage"},"image":{"@id":"https:\/\/www.correiobraziliense.com.br\/cbradar\/8-vegetais-perenes-que-voce-planta-uma-vez-e-pode-colher-por-muitos-anos\/#primaryimage"},"thumbnailUrl":"https:\/\/www.correiobraziliense.com.br\/cbradar\/wp-content\/uploads\/2026\/03\/freepik__canteiro-de-horta-domstica-com-vrias-plantas-peren__63002.jpeg","datePublished":"2026-03-12T20:45:32+00:00","author":{"@id":"https:\/\/www.correiobraziliense.com.br\/cbradar\/#\/schema\/person\/7356666e12ec0ee53f348ee5db227032"},"description":"Alguns vegetais podem produzir por v\u00e1rios anos na horta, garantindo colheitas frequentes e menos trabalho com replantio.","breadcrumb":{"@id":"https:\/\/www.correiobraziliense.com.br\/cbradar\/8-vegetais-perenes-que-voce-planta-uma-vez-e-pode-colher-por-muitos-anos\/#breadcrumb"},"inLanguage":"pt-BR","potentialAction":[{"@type":"ReadAction","target":["https:\/\/www.correiobraziliense.com.br\/cbradar\/8-vegetais-perenes-que-voce-planta-uma-vez-e-pode-colher-por-muitos-anos\/"]}]},{"@type":"ImageObject","inLanguage":"pt-BR","@id":"https:\/\/www.correiobraziliense.com.br\/cbradar\/8-vegetais-perenes-que-voce-planta-uma-vez-e-pode-colher-por-muitos-anos\/#primaryimage","url":"https:\/\/www.correiobraziliense.com.br\/cbradar\/wp-content\/uploads\/2026\/03\/freepik__canteiro-de-horta-domstica-com-vrias-plantas-peren__63002.jpeg","contentUrl":"https:\/\/www.correiobraziliense.com.br\/cbradar\/wp-content\/uploads\/2026\/03\/freepik__canteiro-de-horta-domstica-com-vrias-plantas-peren__63002.jpeg","width":1280,"height":720,"caption":"Alguns vegetais s\u00e3o considerados perenes e produzem por v\u00e1rios ciclos"},{"@type":"BreadcrumbList","@id":"https:\/\/www.correiobraziliense.com.br\/cbradar\/8-vegetais-perenes-que-voce-planta-uma-vez-e-pode-colher-por-muitos-anos\/#breadcrumb","itemListElement":[{"@type":"ListItem","position":1,"name":"In\u00edcio","item":"https:\/\/www.correiobraziliense.com.br\/cbradar\/"},{"@type":"ListItem","position":2,"name":"8 vegetais perenes que voc\u00ea planta uma vez e pode colher por muitos anos"}]},{"@type":"WebSite","@id":"https:\/\/www.correiobraziliense.com.br\/cbradar\/#website","url":"https:\/\/www.correiobraziliense.com.br\/cbradar\/","name":"Correio Braziliense - Radar","description":"Acompanhe as \u00faltimas not\u00edcias e fique bem informado sobre tudo o que acontece no Brasil e no mundo.","potentialAction":[{"@type":"SearchAction","target":{"@type":"EntryPoint","urlTemplate":"https:\/\/www.correiobraziliense.com.br\/cbradar\/?s={search_term_string}"},"query-input":{"@type":"PropertyValueSpecification","valueRequired":true,"valueName":"search_term_string"}}],"inLanguage":"pt-BR"},{"@type":"Person","@id":"https:\/\/www.correiobraziliense.com.br\/cbradar\/#\/schema\/person\/7356666e12ec0ee53f348ee5db227032","name":"Daniely Cardoso","image":{"@type":"ImageObject","inLanguage":"pt-BR","@id":"https:\/\/www.correiobraziliense.com.br\/cbradar\/#\/schema\/person\/image\/","url":"https:\/\/secure.gravatar.com\/avatar\/4b80ddbd124d1f071b626d52d62e5dff?s=96&d=mm&r=g","contentUrl":"https:\/\/secure.gravatar.com\/avatar\/4b80ddbd124d1f071b626d52d62e5dff?s=96&d=mm&r=g","caption":"Daniely Cardoso"},"description":"Redatora nos portais CB Radar e EM Foco, formada pela Universidade Federal de Goi\u00e1s, em Goi\u00e2nia. Apaixonada por comunica\u00e7\u00e3o, arte, decora\u00e7\u00e3o e tend\u00eancias, atuo na produ\u00e7\u00e3o de conte\u00fados envolventes sobre curiosidades, moda, beleza e paisagismo, sempre com um olhar atento \u00e0s novidades do momento.","sameAs":["https:\/\/www.correiobraziliense.com.br\/cbradar"],"url":"https:\/\/www.correiobraziliense.com.br\/cbradar\/author\/danielymyth\/"}]}},"_links":{"self":[{"href":"https:\/\/www.correiobraziliense.com.br\/cbradar\/wp-json\/wp\/v2\/posts\/206544","targetHints":{"allow":["GET"]}}],"collection":[{"href":"https:\/\/www.correiobraziliense.com.br\/cbradar\/wp-json\/wp\/v2\/posts"}],"about":[{"href":"https:\/\/www.correiobraziliense.com.br\/cbradar\/wp-json\/wp\/v2\/types\/post"}],"author":[{"embeddable":true,"href":"https:\/\/www.correiobraziliense.com.br\/cbradar\/wp-json\/wp\/v2\/users\/9"}],"replies":[{"embeddable":true,"href":"https:\/\/www.correiobraziliense.com.br\/cbradar\/wp-json\/wp\/v2\/comments?post=206544"}],"version-history":[{"count":2,"href":"https:\/\/www.correiobraziliense.com.br\/cbradar\/wp-json\/wp\/v2\/posts\/206544\/revisions"}],"predecessor-version":[{"id":206703,"href":"https:\/\/www.correiobraziliense.com.br\/cbradar\/wp-json\/wp\/v2\/posts\/206544\/revisions\/206703"}],"wp:featuredmedia":[{"embeddable":true,"href":"https:\/\/www.correiobraziliense.com.br\/cbradar\/wp-json\/wp\/v2\/media\/207033"}],"wp:attachment":[{"href":"https:\/\/www.correiobraziliense.com.br\/cbradar\/wp-json\/wp\/v2\/media?parent=206544"}],"wp:term":[{"taxonomy":"category","embeddable":true,"href":"https:\/\/www.correiobraziliense.com.br\/cbradar\/wp-json\/wp\/v2\/categories?post=206544"},{"taxonomy":"post_tag","embeddable":true,"href":"https:\/\/www.correiobraziliense.com.br\/cbradar\/wp-json\/wp\/v2\/tags?post=206544"}],"curies":[{"name":"wp","href":"https:\/\/api.w.org\/{rel}","templated":true}]}}