{"id":206545,"date":"2026-03-12T19:05:39","date_gmt":"2026-03-12T22:05:39","guid":{"rendered":"https:\/\/www.correiobraziliense.com.br\/cbradar\/?p=206545"},"modified":"2026-03-11T16:04:51","modified_gmt":"2026-03-11T19:04:51","slug":"esse-vegetal-pouco-conhecido-pode-ajudar-a-fortalecer-os-ossos-e-melhorar-a-digestao","status":"publish","type":"post","link":"https:\/\/www.correiobraziliense.com.br\/cbradar\/esse-vegetal-pouco-conhecido-pode-ajudar-a-fortalecer-os-ossos-e-melhorar-a-digestao\/","title":{"rendered":"Esse vegetal pouco conhecido pode ajudar a fortalecer os ossos e melhorar a digest\u00e3o"},"content":{"rendered":"\n<p>Voc\u00ea j\u00e1 passou pela feira, olhou para o <strong>nabo<\/strong> e pensou que ele n\u00e3o tinha muita gra\u00e7a, quase deixando de lado um legume que pode ajudar na sa\u00fade dos ossos e na digest\u00e3o? Muita gente faz isso, mas esse alimento simples vem chamando a aten\u00e7\u00e3o de <strong>nutricionistas<\/strong> por ser barato, vers\u00e1til e capaz de deixar o dia a dia mais saud\u00e1vel sem exigir grandes mudan\u00e7as na rotina.<\/p>\n\n\n\n<h2 class=\"wp-block-heading\">Como o nabo fortalece os ossos no dia a dia<\/h2>\n\n\n\n<p>A rela\u00e7\u00e3o entre o <strong>nabo<\/strong> e ossos mais fortes vem do seu conte\u00fado de c\u00e1lcio, <strong>vitamina K<\/strong>, magn\u00e9sio e outros <strong>minerais<\/strong> que participam da forma\u00e7\u00e3o e manuten\u00e7\u00e3o \u00f3ssea. Ele n\u00e3o substitui leite ou derivados, mas funciona como um \u00f3timo complemento, principalmente quando consumimos a raiz e as folhas, que s\u00e3o ainda mais ricas em nutrientes.<\/p>\n\n\n\n<p>Estudos observam que quem consome mais folhas verdes, como as de <strong>nabo<\/strong>, tende a ter melhor <strong>densidade<\/strong> mineral \u00f3ssea ao longo da vida. Nutrientes como vitamina K e magn\u00e9sio ajudam o corpo a usar melhor o c\u00e1lcio, enquanto <strong>antioxidantes<\/strong> do nabo podem reduzir inflama\u00e7\u00f5es que, com o tempo, prejudicam a estrutura dos ossos e aumentam o risco de fraturas.<\/p>\n\n\n<div class=\"wp-block-image\">\n<figure class=\"aligncenter size-large\"><img decoding=\"async\" width=\"1024\" height=\"576\" src=\"https:\/\/www.correiobraziliense.com.br\/cbradar\/wp-content\/uploads\/2026\/02\/Gemini_Generated_Image_u8wbvpu8wbvpu8wb-1-1024x576.png\" alt=\"\" class=\"wp-image-184770\" srcset=\"https:\/\/www.correiobraziliense.com.br\/cbradar\/wp-content\/uploads\/2026\/02\/Gemini_Generated_Image_u8wbvpu8wbvpu8wb-1-1024x576.png 1024w, https:\/\/www.correiobraziliense.com.br\/cbradar\/wp-content\/uploads\/2026\/02\/Gemini_Generated_Image_u8wbvpu8wbvpu8wb-1-300x169.png 300w, https:\/\/www.correiobraziliense.com.br\/cbradar\/wp-content\/uploads\/2026\/02\/Gemini_Generated_Image_u8wbvpu8wbvpu8wb-1-768x432.png 768w, https:\/\/www.correiobraziliense.com.br\/cbradar\/wp-content\/uploads\/2026\/02\/Gemini_Generated_Image_u8wbvpu8wbvpu8wb-1-750x422.png 750w, https:\/\/www.correiobraziliense.com.br\/cbradar\/wp-content\/uploads\/2026\/02\/Gemini_Generated_Image_u8wbvpu8wbvpu8wb-1-1140x641.png 1140w, https:\/\/www.correiobraziliense.com.br\/cbradar\/wp-content\/uploads\/2026\/02\/Gemini_Generated_Image_u8wbvpu8wbvpu8wb-1.png 1280w\" sizes=\"(max-width: 1024px) 100vw, 1024px\" \/><figcaption class=\"wp-element-caption\">Al\u00e9m disso, esse vegetal oferece compostos com a\u00e7\u00e3o antioxidante que ajudam a reduzir o estresse oxidativo<\/figcaption><\/figure><\/div>\n\n\n<p>Leia tamb\u00e9m:\u00a0<a href=\"https:\/\/www.correiobraziliense.com.br\/cbradar\/pouco-popular-fora-do-nordeste-essa-fruta-refrescante-ajuda-na-hidratacao-na-saciedade-e-pode-ser-plantada-no-quintal-2\/\" target=\"_blank\" rel=\"noopener\">Pouco popular fora do Nordeste, essa fruta refrescante ajuda na hidrata\u00e7\u00e3o, na saciedade e pode ser plantada no quintal<\/a><\/p>\n\n\n\n<h2 class=\"wp-block-heading\">De que forma o nabo ajuda a digest\u00e3o a funcionar melhor<\/h2>\n\n\n\n<p>Quando o assunto \u00e9 digest\u00e3o, o <strong>nabo<\/strong> se destaca pelo bom teor de <strong>fibras<\/strong> e pelos compostos t\u00edpicos das hortali\u00e7as cruc\u00edferas, da mesma fam\u00edlia do <strong>br\u00f3colis<\/strong> e da couve. As fibras ajudam o intestino a funcionar com mais regularidade, aumentam o volume do bolo fecal e colaboram para uma <strong>flora<\/strong> intestinal mais equilibrada, principalmente quando h\u00e1 boa ingest\u00e3o de \u00e1gua.<\/p>\n\n\n\n<p>Al\u00e9m das fibras insol\u00faveis, que atuam diretamente na forma\u00e7\u00e3o das fezes, o nabo tamb\u00e9m oferece fibras sol\u00faveis, que servem de alimento para as bact\u00e9rias ben\u00e9ficas do intestino. A fermenta\u00e7\u00e3o dessas fibras gera subst\u00e2ncias que protegem a <strong>mucosa<\/strong> intestinal e podem dar uma forcinha ao <strong>sistema<\/strong> imunol\u00f3gico, deixando a <strong>digest\u00e3o<\/strong> mais confort\u00e1vel e diminuindo a sensa\u00e7\u00e3o de incha\u00e7o em muitas pessoas.<\/p>\n\n\n\n<h2 class=\"wp-block-heading\">Como incluir o nabo na rotina de forma simples e gostosa<\/h2>\n\n\n\n<p>Muita gente n\u00e3o usa o <strong>nabo<\/strong> porque acha o sabor forte ou n\u00e3o sabe como preparar, mas, na pr\u00e1tica, ele \u00e9 bem vers\u00e1til e pode substituir outros legumes em v\u00e1rias receitas. Pode ser consumido cru, cozido, assado ou refogado, com a raiz trazendo um sabor suave e levemente <strong>picante<\/strong>, e as folhas lembrando outras <strong>verduras<\/strong> comuns no dia a dia. Se voc\u00ea gosta de ouvir especialistas, separamos esse v\u00eddeo do canal da <a href=\"https:\/\/www.youtube.com\/@NutricionistaPatriciaLeite\" target=\"_blank\" rel=\"noreferrer noopener\">Nutricionista Patricia Leite<\/a> mostrando mais detalhes dos benef\u00edcios do nabo:<\/p>\n\n\n\n<figure class=\"wp-block-embed is-type-video is-provider-youtube wp-block-embed-youtube wp-embed-aspect-16-9 wp-has-aspect-ratio\"><div class=\"wp-block-embed__wrapper\">\n<div class=\"jeg_video_container jeg_video_content\"><iframe loading=\"lazy\" title=\"Benef\u00edcios do NABO para EMAGRECER, Baixar A\u00c7\u00daCAR NO SANGUE, INTESTINO e Mais! (Low Carb)\" width=\"500\" height=\"281\" src=\"https:\/\/www.youtube.com\/embed\/iSETrg2uHfE?feature=oembed\" frameborder=\"0\" allow=\"accelerometer; autoplay; clipboard-write; encrypted-media; gyroscope; picture-in-picture; web-share\" referrerpolicy=\"strict-origin-when-cross-origin\" allowfullscreen><\/iframe><\/div>\n<\/div><\/figure>\n\n\n\n<p>Para facilitar, vale ter algumas ideias prontas para usar o nabo em diferentes refei\u00e7\u00f5es, sem complicar o preparo e aproveitando tanto as ra\u00edzes quanto as folhas. Veja algumas formas simples de colocar esse legume no prato:<\/p>\n\n\n\n<ul class=\"wp-block-list\">\n<li>Adicionar fatias finas de <strong>nabo cru<\/strong> \u00e0s saladas, junto com alface, tomate e <strong>cenoura<\/strong>;<\/li>\n\n\n\n<li>Preparar <strong>sopas<\/strong> com a raiz em cubos, combinada com batata, cenoura e carne <strong>magra<\/strong>;<\/li>\n\n\n\n<li>Refogar as <strong>folhas<\/strong> de nabo com alho e azeite, como se faz com couve ou <strong>espinafre<\/strong>;<\/li>\n\n\n\n<li>Assar o nabo em peda\u00e7os, temperado com <strong>ervas<\/strong>, como acompanhamento para aves ou <strong>peixes<\/strong>;<\/li>\n\n\n\n<li>Usar o nabo em <strong>ensopados<\/strong> de legumes para aumentar o teor de fibras do <strong>prato<\/strong>.<\/li>\n<\/ul>\n\n\n\n<h2 class=\"wp-block-heading\">Qual \u00e9 o papel do nabo em uma alimenta\u00e7\u00e3o equilibrada hoje<\/h2>\n\n\n\n<p>No cen\u00e1rio atual, em 2026, em que muita gente busca alimentos mais <strong>naturais<\/strong> e menos processados, o <strong>nabo<\/strong> aparece como uma op\u00e7\u00e3o barata, f\u00e1cil de encontrar e que rende bastante na cozinha. Ele n\u00e3o \u00e9 um \u201csuperalimento\u201d m\u00e1gico, mas soma pontos importantes quando combinado a outros h\u00e1bitos saud\u00e1veis, como atividade f\u00edsica, bom sono, hidrata\u00e7\u00e3o adequada e <strong>acompanhamento<\/strong> profissional quando necess\u00e1rio.<\/p>\n\n\n\n<p>Ao lado de fontes de c\u00e1lcio, vitamina D e boas prote\u00ednas, o nabo contribui para ossos mais <strong>resistentes<\/strong> ao longo do envelhecimento e para um intestino mais regulado. Em uma alimenta\u00e7\u00e3o pensada para cuidar do corpo como um todo, incluir vegetais ricos em <strong>fibras<\/strong>, como o nabo, \u00e9 um passo simples e acess\u00edvel para melhorar o conforto digestivo e trazer mais variedade e cor para o prato do dia a dia.<\/p>\n","protected":false},"excerpt":{"rendered":"<p>Voc\u00ea j\u00e1 passou pela feira, olhou para o nabo e pensou que ele n\u00e3o tinha muita gra\u00e7a, quase deixando de lado um legume que pode ajudar na sa\u00fade dos ossos e na digest\u00e3o? Muita gente faz isso, mas esse alimento simples vem chamando a aten\u00e7\u00e3o de nutricionistas por ser barato, vers\u00e1til e capaz de deixar [&hellip;]<\/p>\n","protected":false},"author":9,"featured_media":163243,"comment_status":"open","ping_status":"open","sticky":false,"template":"","format":"standard","meta":{"_yoast_wpseo_focuskw":"nabo na digest\u00e3o","_yoast_wpseo_title":"","_yoast_wpseo_metadesc":"Um vegetal simples e barato pode ajudar a fortalecer os ossos e contribuir para uma digest\u00e3o mais equilibrada no dia a dia.","jnews-multi-image_gallery":[],"jnews_single_post":{"format":"standard"},"jnews_primary_category":[],"jnews_social_meta":[],"jnews_override_counter":[],"footnotes":""},"categories":[119,4404],"post_tag":[3051,2316,565,1071],"class_list":["post-206545","post","type-post","status-publish","format-standard","has-post-thumbnail","hentry","category-bem-estar","category-saude","tag-digestao","tag-nabo","tag-saude","tag-vegetal"],"yoast_head":"<!-- This site is optimized with the Yoast SEO plugin v24.6 - https:\/\/yoast.com\/wordpress\/plugins\/seo\/ -->\n<title>Esse vegetal pouco conhecido pode ajudar a fortalecer os ossos e melhorar a digest\u00e3o - Correio Braziliense - Radar<\/title>\n<meta name=\"description\" content=\"Um vegetal simples e barato pode ajudar a fortalecer os ossos e contribuir para uma digest\u00e3o mais equilibrada no dia a dia.\" \/>\n<meta name=\"robots\" content=\"index, follow, max-snippet:-1, max-image-preview:large, max-video-preview:-1\" \/>\n<link rel=\"canonical\" href=\"https:\/\/www.correiobraziliense.com.br\/cbradar\/esse-vegetal-pouco-conhecido-pode-ajudar-a-fortalecer-os-ossos-e-melhorar-a-digestao\/\" \/>\n<meta property=\"og:locale\" content=\"pt_BR\" \/>\n<meta property=\"og:type\" content=\"article\" \/>\n<meta property=\"og:title\" content=\"Esse vegetal pouco conhecido pode ajudar a fortalecer os ossos e melhorar a digest\u00e3o - Correio Braziliense - Radar\" \/>\n<meta property=\"og:description\" content=\"Um vegetal simples e barato pode ajudar a fortalecer os ossos e contribuir para uma digest\u00e3o mais equilibrada no dia a dia.\" \/>\n<meta property=\"og:url\" content=\"https:\/\/www.correiobraziliense.com.br\/cbradar\/esse-vegetal-pouco-conhecido-pode-ajudar-a-fortalecer-os-ossos-e-melhorar-a-digestao\/\" \/>\n<meta property=\"og:site_name\" content=\"Correio Braziliense - Radar\" \/>\n<meta property=\"article:published_time\" content=\"2026-03-12T22:05:39+00:00\" \/>\n<meta property=\"og:image\" content=\"https:\/\/www.correiobraziliense.com.br\/cbradar\/wp-content\/uploads\/2025\/12\/freepik__imagem-realista-de-couvenabo-plnatada-em-vaso__82555-1.jpeg\" \/>\n\t<meta property=\"og:image:width\" content=\"1280\" \/>\n\t<meta property=\"og:image:height\" content=\"720\" \/>\n\t<meta property=\"og:image:type\" content=\"image\/jpeg\" \/>\n<meta name=\"author\" content=\"Daniely Cardoso\" \/>\n<meta name=\"twitter:card\" content=\"summary_large_image\" \/>\n<meta name=\"twitter:label1\" content=\"Escrito por\" \/>\n\t<meta name=\"twitter:data1\" content=\"Daniely Cardoso\" \/>\n\t<meta name=\"twitter:label2\" content=\"Est. tempo de leitura\" \/>\n\t<meta name=\"twitter:data2\" content=\"5 minutos\" \/>\n<!-- \/ Yoast SEO plugin. -->","yoast_head_json":{"title":"Esse vegetal pouco conhecido pode ajudar a fortalecer os ossos e melhorar a digest\u00e3o - Correio Braziliense - Radar","description":"Um vegetal simples e barato pode ajudar a fortalecer os ossos e contribuir para uma digest\u00e3o mais equilibrada no dia a dia.","robots":{"index":"index","follow":"follow","max-snippet":"max-snippet:-1","max-image-preview":"max-image-preview:large","max-video-preview":"max-video-preview:-1"},"canonical":"https:\/\/www.correiobraziliense.com.br\/cbradar\/esse-vegetal-pouco-conhecido-pode-ajudar-a-fortalecer-os-ossos-e-melhorar-a-digestao\/","og_locale":"pt_BR","og_type":"article","og_title":"Esse vegetal pouco conhecido pode ajudar a fortalecer os ossos e melhorar a digest\u00e3o - Correio Braziliense - Radar","og_description":"Um vegetal simples e barato pode ajudar a fortalecer os ossos e contribuir para uma digest\u00e3o mais equilibrada no dia a dia.","og_url":"https:\/\/www.correiobraziliense.com.br\/cbradar\/esse-vegetal-pouco-conhecido-pode-ajudar-a-fortalecer-os-ossos-e-melhorar-a-digestao\/","og_site_name":"Correio Braziliense - Radar","article_published_time":"2026-03-12T22:05:39+00:00","og_image":[{"width":1280,"height":720,"url":"https:\/\/www.correiobraziliense.com.br\/cbradar\/wp-content\/uploads\/2025\/12\/freepik__imagem-realista-de-couvenabo-plnatada-em-vaso__82555-1.jpeg","type":"image\/jpeg"}],"author":"Daniely Cardoso","twitter_card":"summary_large_image","twitter_misc":{"Escrito por":"Daniely Cardoso","Est. tempo de leitura":"5 minutos"},"schema":{"@context":"https:\/\/schema.org","@graph":[{"@type":"WebPage","@id":"https:\/\/www.correiobraziliense.com.br\/cbradar\/esse-vegetal-pouco-conhecido-pode-ajudar-a-fortalecer-os-ossos-e-melhorar-a-digestao\/","url":"https:\/\/www.correiobraziliense.com.br\/cbradar\/esse-vegetal-pouco-conhecido-pode-ajudar-a-fortalecer-os-ossos-e-melhorar-a-digestao\/","name":"Esse vegetal pouco conhecido pode ajudar a fortalecer os ossos e melhorar a digest\u00e3o - Correio Braziliense - Radar","isPartOf":{"@id":"https:\/\/www.correiobraziliense.com.br\/cbradar\/#website"},"primaryImageOfPage":{"@id":"https:\/\/www.correiobraziliense.com.br\/cbradar\/esse-vegetal-pouco-conhecido-pode-ajudar-a-fortalecer-os-ossos-e-melhorar-a-digestao\/#primaryimage"},"image":{"@id":"https:\/\/www.correiobraziliense.com.br\/cbradar\/esse-vegetal-pouco-conhecido-pode-ajudar-a-fortalecer-os-ossos-e-melhorar-a-digestao\/#primaryimage"},"thumbnailUrl":"https:\/\/www.correiobraziliense.com.br\/cbradar\/wp-content\/uploads\/2025\/12\/freepik__imagem-realista-de-couvenabo-plnatada-em-vaso__82555-1.jpeg","datePublished":"2026-03-12T22:05:39+00:00","author":{"@id":"https:\/\/www.correiobraziliense.com.br\/cbradar\/#\/schema\/person\/7356666e12ec0ee53f348ee5db227032"},"description":"Um vegetal simples e barato pode ajudar a fortalecer os ossos e contribuir para uma digest\u00e3o mais equilibrada no dia a dia.","breadcrumb":{"@id":"https:\/\/www.correiobraziliense.com.br\/cbradar\/esse-vegetal-pouco-conhecido-pode-ajudar-a-fortalecer-os-ossos-e-melhorar-a-digestao\/#breadcrumb"},"inLanguage":"pt-BR","potentialAction":[{"@type":"ReadAction","target":["https:\/\/www.correiobraziliense.com.br\/cbradar\/esse-vegetal-pouco-conhecido-pode-ajudar-a-fortalecer-os-ossos-e-melhorar-a-digestao\/"]}]},{"@type":"ImageObject","inLanguage":"pt-BR","@id":"https:\/\/www.correiobraziliense.com.br\/cbradar\/esse-vegetal-pouco-conhecido-pode-ajudar-a-fortalecer-os-ossos-e-melhorar-a-digestao\/#primaryimage","url":"https:\/\/www.correiobraziliense.com.br\/cbradar\/wp-content\/uploads\/2025\/12\/freepik__imagem-realista-de-couvenabo-plnatada-em-vaso__82555-1.jpeg","contentUrl":"https:\/\/www.correiobraziliense.com.br\/cbradar\/wp-content\/uploads\/2025\/12\/freepik__imagem-realista-de-couvenabo-plnatada-em-vaso__82555-1.jpeg","width":1280,"height":720,"caption":"O nabo \u00e9 fonte de fibras que ajudam no funcionamento do sistema digestivo"},{"@type":"BreadcrumbList","@id":"https:\/\/www.correiobraziliense.com.br\/cbradar\/esse-vegetal-pouco-conhecido-pode-ajudar-a-fortalecer-os-ossos-e-melhorar-a-digestao\/#breadcrumb","itemListElement":[{"@type":"ListItem","position":1,"name":"In\u00edcio","item":"https:\/\/www.correiobraziliense.com.br\/cbradar\/"},{"@type":"ListItem","position":2,"name":"Esse vegetal pouco conhecido pode ajudar a fortalecer os ossos e melhorar a digest\u00e3o"}]},{"@type":"WebSite","@id":"https:\/\/www.correiobraziliense.com.br\/cbradar\/#website","url":"https:\/\/www.correiobraziliense.com.br\/cbradar\/","name":"Correio Braziliense - Radar","description":"Acompanhe as \u00faltimas not\u00edcias e fique bem informado sobre tudo o que acontece no Brasil e no mundo.","potentialAction":[{"@type":"SearchAction","target":{"@type":"EntryPoint","urlTemplate":"https:\/\/www.correiobraziliense.com.br\/cbradar\/?s={search_term_string}"},"query-input":{"@type":"PropertyValueSpecification","valueRequired":true,"valueName":"search_term_string"}}],"inLanguage":"pt-BR"},{"@type":"Person","@id":"https:\/\/www.correiobraziliense.com.br\/cbradar\/#\/schema\/person\/7356666e12ec0ee53f348ee5db227032","name":"Daniely Cardoso","image":{"@type":"ImageObject","inLanguage":"pt-BR","@id":"https:\/\/www.correiobraziliense.com.br\/cbradar\/#\/schema\/person\/image\/","url":"https:\/\/secure.gravatar.com\/avatar\/4b80ddbd124d1f071b626d52d62e5dff?s=96&d=mm&r=g","contentUrl":"https:\/\/secure.gravatar.com\/avatar\/4b80ddbd124d1f071b626d52d62e5dff?s=96&d=mm&r=g","caption":"Daniely Cardoso"},"description":"Redatora nos portais CB Radar e EM Foco, formada pela Universidade Federal de Goi\u00e1s, em Goi\u00e2nia. Apaixonada por comunica\u00e7\u00e3o, arte, decora\u00e7\u00e3o e tend\u00eancias, atuo na produ\u00e7\u00e3o de conte\u00fados envolventes sobre curiosidades, moda, beleza e paisagismo, sempre com um olhar atento \u00e0s novidades do momento.","sameAs":["https:\/\/www.correiobraziliense.com.br\/cbradar"],"url":"https:\/\/www.correiobraziliense.com.br\/cbradar\/author\/danielymyth\/"}]}},"_links":{"self":[{"href":"https:\/\/www.correiobraziliense.com.br\/cbradar\/wp-json\/wp\/v2\/posts\/206545","targetHints":{"allow":["GET"]}}],"collection":[{"href":"https:\/\/www.correiobraziliense.com.br\/cbradar\/wp-json\/wp\/v2\/posts"}],"about":[{"href":"https:\/\/www.correiobraziliense.com.br\/cbradar\/wp-json\/wp\/v2\/types\/post"}],"author":[{"embeddable":true,"href":"https:\/\/www.correiobraziliense.com.br\/cbradar\/wp-json\/wp\/v2\/users\/9"}],"replies":[{"embeddable":true,"href":"https:\/\/www.correiobraziliense.com.br\/cbradar\/wp-json\/wp\/v2\/comments?post=206545"}],"version-history":[{"count":2,"href":"https:\/\/www.correiobraziliense.com.br\/cbradar\/wp-json\/wp\/v2\/posts\/206545\/revisions"}],"predecessor-version":[{"id":206716,"href":"https:\/\/www.correiobraziliense.com.br\/cbradar\/wp-json\/wp\/v2\/posts\/206545\/revisions\/206716"}],"wp:featuredmedia":[{"embeddable":true,"href":"https:\/\/www.correiobraziliense.com.br\/cbradar\/wp-json\/wp\/v2\/media\/163243"}],"wp:attachment":[{"href":"https:\/\/www.correiobraziliense.com.br\/cbradar\/wp-json\/wp\/v2\/media?parent=206545"}],"wp:term":[{"taxonomy":"category","embeddable":true,"href":"https:\/\/www.correiobraziliense.com.br\/cbradar\/wp-json\/wp\/v2\/categories?post=206545"},{"taxonomy":"post_tag","embeddable":true,"href":"https:\/\/www.correiobraziliense.com.br\/cbradar\/wp-json\/wp\/v2\/post_tag?post=206545"}],"curies":[{"name":"wp","href":"https:\/\/api.w.org\/{rel}","templated":true}]}}