{"id":206546,"date":"2026-03-12T19:55:46","date_gmt":"2026-03-12T22:55:46","guid":{"rendered":"https:\/\/www.correiobraziliense.com.br\/cbradar\/?p=206546"},"modified":"2026-03-11T16:09:53","modified_gmt":"2026-03-11T19:09:53","slug":"como-controlar-ervas-invasoras-no-gramado-sem-usar-herbicidas-fortes","status":"publish","type":"post","link":"https:\/\/www.correiobraziliense.com.br\/cbradar\/como-controlar-ervas-invasoras-no-gramado-sem-usar-herbicidas-fortes\/","title":{"rendered":"Como controlar ervas invasoras no gramado sem usar herbicidas fortes"},"content":{"rendered":"\n<p>Voc\u00ea j\u00e1 olhou para o <b>gramado<\/b> sonhando com um tapete verdinho, mas s\u00f3 enxergou manchinhas de <b>ervas invasoras<\/b> aparecendo por todo lado? Controlar essas plantas sem recorrer a <b>herbicidas<\/b> fortes \u00e9 totalmente poss\u00edvel, combinando cuidados simples do dia a dia, aten\u00e7\u00e3o constante e pequenas interven\u00e7\u00f5es pontuais que protegem o solo, os bichinhos e a sa\u00fade de quem usa o jardim.<\/p>\n\n\n\n<h2 class=\"wp-block-heading\">O que s\u00e3o ervas invasoras no gramado e por que elas aparecem?<\/h2>\n\n\n\n<p>As <b>ervas invasoras<\/b>, tamb\u00e9m chamadas de plantas daninhas, s\u00e3o aquelas que \u201caproveitam qualquer brecha\u201d entre os tufos de <b>grama<\/b> para crescer. Elas competem por luz, \u00e1gua e <b>nutrientes<\/b>, e tendem a se espalhar r\u00e1pido, principalmente em \u00e1reas compactadas, mal drenadas ou com falhas de cobertura.<\/p>\n\n\n\n<p>Muitas chegam trazidas pelo <b>vento<\/b>, p\u00e1ssaros, terra contaminada ou at\u00e9 grudadas em cal\u00e7ados e <b>ferramentas<\/b>. Quando a grama est\u00e1 enfraquecida por cortes muito baixos, falta de <b>aduba\u00e7\u00e3o<\/b>, pisoteio intenso ou irriga\u00e7\u00e3o irregular, o gramado fica vulner\u00e1vel e esp\u00e9cies como tiririca, trevos e poaia se instalam com facilidade.<\/p>\n\n\n<div class=\"wp-block-image\">\n<figure class=\"aligncenter size-full\"><img decoding=\"async\" width=\"1280\" height=\"720\" src=\"https:\/\/www.correiobraziliense.com.br\/cbradar\/wp-content\/uploads\/2026\/03\/Gemini_Generated_Image_hl4nn1hl4nn1hl4n-1.png\" alt=\"\" class=\"wp-image-206699\" srcset=\"https:\/\/www.correiobraziliense.com.br\/cbradar\/wp-content\/uploads\/2026\/03\/Gemini_Generated_Image_hl4nn1hl4nn1hl4n-1.png 1280w, https:\/\/www.correiobraziliense.com.br\/cbradar\/wp-content\/uploads\/2026\/03\/Gemini_Generated_Image_hl4nn1hl4nn1hl4n-1-300x169.png 300w, https:\/\/www.correiobraziliense.com.br\/cbradar\/wp-content\/uploads\/2026\/03\/Gemini_Generated_Image_hl4nn1hl4nn1hl4n-1-768x432.png 768w, https:\/\/www.correiobraziliense.com.br\/cbradar\/wp-content\/uploads\/2026\/03\/Gemini_Generated_Image_hl4nn1hl4nn1hl4n-1-750x422.png 750w, https:\/\/www.correiobraziliense.com.br\/cbradar\/wp-content\/uploads\/2026\/03\/Gemini_Generated_Image_hl4nn1hl4nn1hl4n-1-1140x641.png 1140w\" sizes=\"(max-width: 1280px) 100vw, 1280px\" \/><figcaption class=\"wp-element-caption\">As ervas daninhas s\u00e3o plantas que crescem onde n\u00e3o foram convidadas, competindo com a grama por luz, \u00e1gua e nutrientes<\/figcaption><\/figure><\/div>\n\n\n<p>Leia tamb\u00e9m:&nbsp;<a href=\"https:\/\/www.correiobraziliense.com.br\/cbradar\/pouco-popular-fora-do-nordeste-essa-fruta-refrescante-ajuda-na-hidratacao-na-saciedade-e-pode-ser-plantada-no-quintal-2\/\" target=\"_blank\" rel=\"noopener\">Pouco popular fora do Nordeste, essa fruta refrescante ajuda na hidrata\u00e7\u00e3o, na saciedade e pode ser plantada no quintal<\/a><\/p>\n\n\n\n<h2 class=\"wp-block-heading\">Como funciona o controle de ervas invasoras sem herbicidas fortes?<\/h2>\n\n\n\n<p>O controle sem produtos qu\u00edmicos agressivos se apoia em tr\u00eas pilares: <b>preven\u00e7\u00e3o<\/b>, remo\u00e7\u00e3o mec\u00e2nica e uso de solu\u00e7\u00f5es de baixo impacto. A ideia \u00e9 fortalecer a <b>grama<\/b> para que ela mesma dificulte o avan\u00e7o das plantas indesejadas, em vez de depender sempre de <b>venenos<\/b>.<\/p>\n\n\n\n<p>Esse manejo integrado leva em conta o tipo de <b>grama<\/b>, o clima da regi\u00e3o, a forma de irriga\u00e7\u00e3o e o modo de corte. Com essa vis\u00e3o mais ampla, o gramado fica mais <b>est\u00e1vel<\/b>, com menos manchas e falhas, e a necessidade de aplica\u00e7\u00f5es qu\u00edmicas repetidas diminui <b>bastante<\/b>.<\/p>\n\n\n\n<h2 class=\"wp-block-heading\">Quais s\u00e3o as principais t\u00e9cnicas pr\u00e1ticas para controlar plantas daninhas naturalmente<\/h2>\n\n\n\n<p>Algumas atitudes simples, feitas com <b>regularidade<\/b>, j\u00e1 reduzem bastante a presen\u00e7a de ervas invasoras. Elas s\u00e3o f\u00e1ceis de aplicar no dia a dia e n\u00e3o exigem equipamentos <b>caros<\/b>, apenas um pouco de aten\u00e7\u00e3o e <b>const\u00e2ncia<\/b> nos cuidados com o jardim. Separamos esse v\u00eddeo do canal <a href=\"https:\/\/www.youtube.com\/@SpagnholPlantas1\">Spagnhol Plantas<\/a> mostrando mais como acabar com o mato da grama:<\/p>\n\n\n\n<figure class=\"wp-block-embed is-type-video is-provider-youtube wp-block-embed-youtube wp-embed-aspect-16-9 wp-has-aspect-ratio\"><div class=\"wp-block-embed__wrapper\">\n<div class=\"jeg_video_container jeg_video_content\"><iframe loading=\"lazy\" title=\"O SEGREDO para um Gramado PERFEITO: M\u00e9todo R\u00e1pido Para Eliminar o Mato!\" width=\"500\" height=\"281\" src=\"https:\/\/www.youtube.com\/embed\/-Rb9KCgh05Y?feature=oembed\" frameborder=\"0\" allow=\"accelerometer; autoplay; clipboard-write; encrypted-media; gyroscope; picture-in-picture; web-share\" referrerpolicy=\"strict-origin-when-cross-origin\" allowfullscreen><\/iframe><\/div>\n<\/div><\/figure>\n\n\n\n<p>Essas pr\u00e1ticas ajudam tanto em gramados pequenos quanto em \u00e1reas maiores, tornando o controle das plantas daninhas algo natural da <b>rotina<\/b>, e n\u00e3o um problema de \u00faltima hora: observar sempre a \u00e9poca mais chuvosa, refor\u00e7ar a <b>aduba\u00e7\u00e3o<\/b> ap\u00f3s per\u00edodos de estresse e evitar ac\u00famulo de <b>folhas<\/b> secas sobre a grama.<\/p>\n\n\n\n<ul class=\"wp-block-list\">\n<li><strong>Ajuste da altura do corte:<\/strong> manter a <b>grama<\/b> um pouco mais alta sombreia o solo e dificulta a germina\u00e7\u00e3o das sementes <b>invasoras<\/b>, ajudando a manter a superf\u00edcie mais <b>uniforme<\/b>.<\/li>\n\n\n\n<li><strong>Remo\u00e7\u00e3o manual ou com ferramentas:<\/strong> em manchas pequenas, arrancar com <b>enxadinha<\/b>, saca-mato ou \u00e0 m\u00e3o (com luvas) \u00e9 bem eficiente, principalmente se tirar <b>raiz<\/b> ou bulbo, evitando que a planta rebrote com a mesma <b>for\u00e7a<\/b>.<\/li>\n\n\n\n<li><strong>Aera\u00e7\u00e3o do solo:<\/strong> furar o solo com ferramentas pr\u00f3prias reduz a <b>compacta\u00e7\u00e3o<\/b>, melhora a entrada de \u00e1gua e <b>nutrientes<\/b> e fortalece a grama, permitindo um crescimento mais <b>profundo<\/b> das ra\u00edzes.<\/li>\n\n\n\n<li><strong>Cobertura com areia ou substrato:<\/strong> nivelar desn\u00edveis leves preenche espa\u00e7os <b>vazios<\/b> e dificulta que sementes recebam luz suficiente para <b>brotar<\/b>, al\u00e9m de melhorar ligeiramente a <b>drenagem<\/b> superficial.<\/li>\n\n\n\n<li><strong>Aduba\u00e7\u00e3o equilibrada:<\/strong> adubos <b>org\u00e2nicos<\/b> ou de baixa concentra\u00e7\u00e3o, na \u00e9poca certa, estimulam a grama e reduzem a for\u00e7a das <b>invasoras<\/b>, mantendo o solo mais <b>f\u00e9rtil<\/b> e est\u00e1vel.<\/li>\n<\/ul>\n\n\n\n<h2 class=\"wp-block-heading\">Quais alternativas naturais podem complementar o manejo do gramado<\/h2>\n\n\n\n<p>Al\u00e9m das tarefas b\u00e1sicas, algumas estrat\u00e9gias extras podem ajudar em pontos espec\u00edficos, como bordas de <b>cal\u00e7adas<\/b> ou cantos mais problem\u00e1ticos. Elas n\u00e3o substituem o cuidado di\u00e1rio, mas funcionam como <b>refor\u00e7o<\/b> sem precisar apelar para herbicidas fortes, especialmente em \u00e1reas de <b>circula\u00e7\u00e3o<\/b> intensa.<\/p>\n\n\n\n<figure class=\"wp-block-embed is-type-rich is-provider-pinterest wp-block-embed-pinterest\"><div class=\"wp-block-embed__wrapper\">\n<iframe loading=\"lazy\" title=\" \" src=\"https:\/\/assets.pinterest.com\/ext\/embed.html?id=45387908740518990&#038;src=oembed\" height=\"699\" width=\"450\" frameborder=\"0\" scrolling=\"no\" ><\/iframe>\n<\/div><\/figure>\n\n\n\n<p>Entre essas alternativas, vale considerar o uso de capina <b>t\u00e9rmica<\/b> em frestas de pisos, coberturas org\u00e2nicas em <b>canteiros<\/b> para reduzir o banco de sementes e at\u00e9 a corre\u00e7\u00e3o do <b>pH<\/b> com base em uma an\u00e1lise simples de solo. Criar o h\u00e1bito de observar o gramado semanalmente facilita arrancar invasoras ainda pequenas, antes que produzam <b>sementes<\/b>.<\/p>\n\n\n\n<h2 class=\"wp-block-heading\">Como cuidar do gramado a longo prazo e evitar o retorno das invasoras<\/h2>\n\n\n\n<p>Manter o gramado saud\u00e1vel \u00e9 um processo <b>cont\u00ednuo<\/b>, n\u00e3o um esfor\u00e7o de um fim de semana s\u00f3. Cortar na altura correta, regar de forma moderada e profunda, adubar com <b>planejamento<\/b> e remover as plantas daninhas com frequ\u00eancia cria um ambiente em que a grama leva <b>vantagem<\/b>.<\/p>\n\n\n\n<p>Ao evitar herbicidas fortes, voc\u00ea tamb\u00e9m protege <b>minhocas<\/b> e microrganismos que melhoram o solo naturalmente, deixando o gramado mais <b>resistente<\/b>. Com o tempo, o n\u00famero de invasoras tende a diminuir, e o espa\u00e7o verde se mant\u00e9m bonito, funcional e mais seguro para crian\u00e7as, animais de <b>estima\u00e7\u00e3o<\/b> e para quem gosta de curtir o jardim descal\u00e7o.<\/p>\n","protected":false},"excerpt":{"rendered":"<p>Voc\u00ea j\u00e1 olhou para o gramado sonhando com um tapete verdinho, mas s\u00f3 enxergou manchinhas de ervas invasoras aparecendo por todo lado? Controlar essas plantas sem recorrer a herbicidas fortes \u00e9 totalmente poss\u00edvel, combinando cuidados simples do dia a dia, aten\u00e7\u00e3o constante e pequenas interven\u00e7\u00f5es pontuais que protegem o solo, os bichinhos e a sa\u00fade [&hellip;]<\/p>\n","protected":false},"author":9,"featured_media":207034,"comment_status":"open","ping_status":"open","sticky":false,"template":"","format":"standard","meta":{"_yoast_wpseo_focuskw":"ervas invasoras no gramado","_yoast_wpseo_title":"","_yoast_wpseo_metadesc":"Com alguns cuidados simples \u00e9 poss\u00edvel controlar ervas invasoras no gramado sem usar herbicidas fortes e manter o jardim saud\u00e1vel.","jnews-multi-image_gallery":[],"jnews_single_post":{"format":"standard"},"jnews_primary_category":[],"jnews_social_meta":[],"jnews_override_counter":[],"footnotes":""},"categories":[136],"tags":[15961,326,733],"class_list":["post-206546","post","type-post","status-publish","format-standard","has-post-thumbnail","hentry","category-jardinagem","tag-ervas-invasoras","tag-gramado","tag-jardim"],"yoast_head":"<!-- This site is optimized with the Yoast SEO plugin v24.6 - https:\/\/yoast.com\/wordpress\/plugins\/seo\/ -->\n<title>Como controlar ervas invasoras no gramado sem usar herbicidas fortes - Correio Braziliense - Radar<\/title>\n<meta name=\"description\" content=\"Com alguns cuidados simples \u00e9 poss\u00edvel controlar ervas invasoras no gramado sem usar herbicidas fortes e manter o jardim saud\u00e1vel.\" \/>\n<meta name=\"robots\" content=\"index, follow, max-snippet:-1, max-image-preview:large, max-video-preview:-1\" \/>\n<link rel=\"canonical\" href=\"https:\/\/www.correiobraziliense.com.br\/cbradar\/como-controlar-ervas-invasoras-no-gramado-sem-usar-herbicidas-fortes\/\" \/>\n<meta property=\"og:locale\" content=\"pt_BR\" \/>\n<meta property=\"og:type\" content=\"article\" \/>\n<meta property=\"og:title\" content=\"Como controlar ervas invasoras no gramado sem usar herbicidas fortes - Correio Braziliense - Radar\" \/>\n<meta property=\"og:description\" content=\"Com alguns cuidados simples \u00e9 poss\u00edvel controlar ervas invasoras no gramado sem usar herbicidas fortes e manter o jardim saud\u00e1vel.\" \/>\n<meta property=\"og:url\" content=\"https:\/\/www.correiobraziliense.com.br\/cbradar\/como-controlar-ervas-invasoras-no-gramado-sem-usar-herbicidas-fortes\/\" \/>\n<meta property=\"og:site_name\" content=\"Correio Braziliense - Radar\" \/>\n<meta property=\"article:published_time\" content=\"2026-03-12T22:55:46+00:00\" \/>\n<meta property=\"og:image\" content=\"https:\/\/www.correiobraziliense.com.br\/cbradar\/wp-content\/uploads\/2026\/03\/freepik__gramado-residencial-verde-sendo-cuidado-manualment__63003.jpeg\" \/>\n\t<meta property=\"og:image:width\" content=\"1280\" \/>\n\t<meta property=\"og:image:height\" content=\"720\" \/>\n\t<meta property=\"og:image:type\" content=\"image\/jpeg\" \/>\n<meta name=\"author\" content=\"Daniely Cardoso\" \/>\n<meta name=\"twitter:card\" content=\"summary_large_image\" \/>\n<meta name=\"twitter:label1\" content=\"Escrito por\" \/>\n\t<meta name=\"twitter:data1\" content=\"Daniely Cardoso\" \/>\n\t<meta name=\"twitter:label2\" content=\"Est. tempo de leitura\" \/>\n\t<meta name=\"twitter:data2\" content=\"5 minutos\" \/>\n<!-- \/ Yoast SEO plugin. -->","yoast_head_json":{"title":"Como controlar ervas invasoras no gramado sem usar herbicidas fortes - Correio Braziliense - Radar","description":"Com alguns cuidados simples \u00e9 poss\u00edvel controlar ervas invasoras no gramado sem usar herbicidas fortes e manter o jardim saud\u00e1vel.","robots":{"index":"index","follow":"follow","max-snippet":"max-snippet:-1","max-image-preview":"max-image-preview:large","max-video-preview":"max-video-preview:-1"},"canonical":"https:\/\/www.correiobraziliense.com.br\/cbradar\/como-controlar-ervas-invasoras-no-gramado-sem-usar-herbicidas-fortes\/","og_locale":"pt_BR","og_type":"article","og_title":"Como controlar ervas invasoras no gramado sem usar herbicidas fortes - Correio Braziliense - Radar","og_description":"Com alguns cuidados simples \u00e9 poss\u00edvel controlar ervas invasoras no gramado sem usar herbicidas fortes e manter o jardim saud\u00e1vel.","og_url":"https:\/\/www.correiobraziliense.com.br\/cbradar\/como-controlar-ervas-invasoras-no-gramado-sem-usar-herbicidas-fortes\/","og_site_name":"Correio Braziliense - Radar","article_published_time":"2026-03-12T22:55:46+00:00","og_image":[{"width":1280,"height":720,"url":"https:\/\/www.correiobraziliense.com.br\/cbradar\/wp-content\/uploads\/2026\/03\/freepik__gramado-residencial-verde-sendo-cuidado-manualment__63003.jpeg","type":"image\/jpeg"}],"author":"Daniely Cardoso","twitter_card":"summary_large_image","twitter_misc":{"Escrito por":"Daniely Cardoso","Est. tempo de leitura":"5 minutos"},"schema":{"@context":"https:\/\/schema.org","@graph":[{"@type":"WebPage","@id":"https:\/\/www.correiobraziliense.com.br\/cbradar\/como-controlar-ervas-invasoras-no-gramado-sem-usar-herbicidas-fortes\/","url":"https:\/\/www.correiobraziliense.com.br\/cbradar\/como-controlar-ervas-invasoras-no-gramado-sem-usar-herbicidas-fortes\/","name":"Como controlar ervas invasoras no gramado sem usar herbicidas fortes - Correio Braziliense - Radar","isPartOf":{"@id":"https:\/\/www.correiobraziliense.com.br\/cbradar\/#website"},"primaryImageOfPage":{"@id":"https:\/\/www.correiobraziliense.com.br\/cbradar\/como-controlar-ervas-invasoras-no-gramado-sem-usar-herbicidas-fortes\/#primaryimage"},"image":{"@id":"https:\/\/www.correiobraziliense.com.br\/cbradar\/como-controlar-ervas-invasoras-no-gramado-sem-usar-herbicidas-fortes\/#primaryimage"},"thumbnailUrl":"https:\/\/www.correiobraziliense.com.br\/cbradar\/wp-content\/uploads\/2026\/03\/freepik__gramado-residencial-verde-sendo-cuidado-manualment__63003.jpeg","datePublished":"2026-03-12T22:55:46+00:00","author":{"@id":"https:\/\/www.correiobraziliense.com.br\/cbradar\/#\/schema\/person\/7356666e12ec0ee53f348ee5db227032"},"description":"Com alguns cuidados simples \u00e9 poss\u00edvel controlar ervas invasoras no gramado sem usar herbicidas fortes e manter o jardim saud\u00e1vel.","breadcrumb":{"@id":"https:\/\/www.correiobraziliense.com.br\/cbradar\/como-controlar-ervas-invasoras-no-gramado-sem-usar-herbicidas-fortes\/#breadcrumb"},"inLanguage":"pt-BR","potentialAction":[{"@type":"ReadAction","target":["https:\/\/www.correiobraziliense.com.br\/cbradar\/como-controlar-ervas-invasoras-no-gramado-sem-usar-herbicidas-fortes\/"]}]},{"@type":"ImageObject","inLanguage":"pt-BR","@id":"https:\/\/www.correiobraziliense.com.br\/cbradar\/como-controlar-ervas-invasoras-no-gramado-sem-usar-herbicidas-fortes\/#primaryimage","url":"https:\/\/www.correiobraziliense.com.br\/cbradar\/wp-content\/uploads\/2026\/03\/freepik__gramado-residencial-verde-sendo-cuidado-manualment__63003.jpeg","contentUrl":"https:\/\/www.correiobraziliense.com.br\/cbradar\/wp-content\/uploads\/2026\/03\/freepik__gramado-residencial-verde-sendo-cuidado-manualment__63003.jpeg","width":1280,"height":720,"caption":"Remover ervas manualmente pode ajudar a controlar a infesta\u00e7\u00e3o no jardim"},{"@type":"BreadcrumbList","@id":"https:\/\/www.correiobraziliense.com.br\/cbradar\/como-controlar-ervas-invasoras-no-gramado-sem-usar-herbicidas-fortes\/#breadcrumb","itemListElement":[{"@type":"ListItem","position":1,"name":"In\u00edcio","item":"https:\/\/www.correiobraziliense.com.br\/cbradar\/"},{"@type":"ListItem","position":2,"name":"Como controlar ervas invasoras no gramado sem usar herbicidas fortes"}]},{"@type":"WebSite","@id":"https:\/\/www.correiobraziliense.com.br\/cbradar\/#website","url":"https:\/\/www.correiobraziliense.com.br\/cbradar\/","name":"Correio Braziliense - Radar","description":"Acompanhe as \u00faltimas not\u00edcias e fique bem informado sobre tudo o que acontece no Brasil e no mundo.","potentialAction":[{"@type":"SearchAction","target":{"@type":"EntryPoint","urlTemplate":"https:\/\/www.correiobraziliense.com.br\/cbradar\/?s={search_term_string}"},"query-input":{"@type":"PropertyValueSpecification","valueRequired":true,"valueName":"search_term_string"}}],"inLanguage":"pt-BR"},{"@type":"Person","@id":"https:\/\/www.correiobraziliense.com.br\/cbradar\/#\/schema\/person\/7356666e12ec0ee53f348ee5db227032","name":"Daniely Cardoso","image":{"@type":"ImageObject","inLanguage":"pt-BR","@id":"https:\/\/www.correiobraziliense.com.br\/cbradar\/#\/schema\/person\/image\/","url":"https:\/\/secure.gravatar.com\/avatar\/4b80ddbd124d1f071b626d52d62e5dff?s=96&d=mm&r=g","contentUrl":"https:\/\/secure.gravatar.com\/avatar\/4b80ddbd124d1f071b626d52d62e5dff?s=96&d=mm&r=g","caption":"Daniely Cardoso"},"description":"Redatora nos portais CB Radar e EM Foco, formada pela Universidade Federal de Goi\u00e1s, em Goi\u00e2nia. Apaixonada por comunica\u00e7\u00e3o, arte, decora\u00e7\u00e3o e tend\u00eancias, atuo na produ\u00e7\u00e3o de conte\u00fados envolventes sobre curiosidades, moda, beleza e paisagismo, sempre com um olhar atento \u00e0s novidades do momento.","sameAs":["https:\/\/www.correiobraziliense.com.br\/cbradar"],"url":"https:\/\/www.correiobraziliense.com.br\/cbradar\/author\/danielymyth\/"}]}},"_links":{"self":[{"href":"https:\/\/www.correiobraziliense.com.br\/cbradar\/wp-json\/wp\/v2\/posts\/206546","targetHints":{"allow":["GET"]}}],"collection":[{"href":"https:\/\/www.correiobraziliense.com.br\/cbradar\/wp-json\/wp\/v2\/posts"}],"about":[{"href":"https:\/\/www.correiobraziliense.com.br\/cbradar\/wp-json\/wp\/v2\/types\/post"}],"author":[{"embeddable":true,"href":"https:\/\/www.correiobraziliense.com.br\/cbradar\/wp-json\/wp\/v2\/users\/9"}],"replies":[{"embeddable":true,"href":"https:\/\/www.correiobraziliense.com.br\/cbradar\/wp-json\/wp\/v2\/comments?post=206546"}],"version-history":[{"count":2,"href":"https:\/\/www.correiobraziliense.com.br\/cbradar\/wp-json\/wp\/v2\/posts\/206546\/revisions"}],"predecessor-version":[{"id":206709,"href":"https:\/\/www.correiobraziliense.com.br\/cbradar\/wp-json\/wp\/v2\/posts\/206546\/revisions\/206709"}],"wp:featuredmedia":[{"embeddable":true,"href":"https:\/\/www.correiobraziliense.com.br\/cbradar\/wp-json\/wp\/v2\/media\/207034"}],"wp:attachment":[{"href":"https:\/\/www.correiobraziliense.com.br\/cbradar\/wp-json\/wp\/v2\/media?parent=206546"}],"wp:term":[{"taxonomy":"category","embeddable":true,"href":"https:\/\/www.correiobraziliense.com.br\/cbradar\/wp-json\/wp\/v2\/categories?post=206546"},{"taxonomy":"post_tag","embeddable":true,"href":"https:\/\/www.correiobraziliense.com.br\/cbradar\/wp-json\/wp\/v2\/tags?post=206546"}],"curies":[{"name":"wp","href":"https:\/\/api.w.org\/{rel}","templated":true}]}}