{"id":206565,"date":"2026-03-13T07:25:00","date_gmt":"2026-03-13T10:25:00","guid":{"rendered":"https:\/\/www.correiobraziliense.com.br\/cbradar\/?p=206565"},"modified":"2026-03-12T08:48:28","modified_gmt":"2026-03-12T11:48:28","slug":"o-que-acontece-com-seus-musculos-quando-voce-toma-magnesio-e-potassio-juntos","status":"publish","type":"post","link":"https:\/\/www.correiobraziliense.com.br\/cbradar\/o-que-acontece-com-seus-musculos-quando-voce-toma-magnesio-e-potassio-juntos\/","title":{"rendered":"O que acontece com seus m\u00fasculos quando voc\u00ea toma magn\u00e9sio e pot\u00e1ssio juntos"},"content":{"rendered":"\n<p>A recupera\u00e7\u00e3o f\u00edsica acelera muito quando voc\u00ea consome <strong>magn\u00e9sio e pot\u00e1ssio juntos<\/strong> na rotina di\u00e1ria. Essa combina\u00e7\u00e3o exata de minerais melhora o relaxamento das fibras e acaba com as c\u00e3ibras noturnas severas que prejudicam o seu descanso.<\/p>\n\n\n\n<h2 class=\"wp-block-heading\">Por que as fibras musculares precisam desses minerais exatos?<\/h2>\n\n\n\n<p>O corpo humano funciona atrav\u00e9s de pequenos impulsos el\u00e9tricos constantes. O pot\u00e1ssio atua diretamente como um mensageiro qu\u00edmico que ordena a contra\u00e7\u00e3o vigorosa do m\u00fasculo durante atividades f\u00edsicas pesadas ou caminhadas leves pelas ruas movimentadas.<\/p>\n\n\n\n<p>Logo em seguida, a fibra precisa retornar ao seu estado de repouso original. \u00c9 nesse momento que o magn\u00e9sio entra em a\u00e7\u00e3o, bloqueando o c\u00e1lcio excessivo e garantindo o relaxamento total da estrutura celular para evitar dores de tens\u00e3o agudas.<\/p>\n\n\n<div class=\"wp-block-image\">\n<figure class=\"aligncenter size-full\"><img decoding=\"async\" width=\"1280\" height=\"720\" src=\"https:\/\/www.correiobraziliense.com.br\/cbradar\/wp-content\/uploads\/2026\/03\/imagem_2026-03-11_004031490.png\" alt=\"Detalhe macro de m\u00e3os preparando espinafre e sementes de ab\u00f3bora.\" class=\"wp-image-206578\" srcset=\"https:\/\/www.correiobraziliense.com.br\/cbradar\/wp-content\/uploads\/2026\/03\/imagem_2026-03-11_004031490.png 1280w, https:\/\/www.correiobraziliense.com.br\/cbradar\/wp-content\/uploads\/2026\/03\/imagem_2026-03-11_004031490-300x169.png 300w, https:\/\/www.correiobraziliense.com.br\/cbradar\/wp-content\/uploads\/2026\/03\/imagem_2026-03-11_004031490-768x432.png 768w, https:\/\/www.correiobraziliense.com.br\/cbradar\/wp-content\/uploads\/2026\/03\/imagem_2026-03-11_004031490-750x422.png 750w, https:\/\/www.correiobraziliense.com.br\/cbradar\/wp-content\/uploads\/2026\/03\/imagem_2026-03-11_004031490-1140x641.png 1140w\" sizes=\"(max-width: 1280px) 100vw, 1280px\" \/><figcaption class=\"wp-element-caption\">Detalhe macro de m\u00e3os preparando espinafre e sementes de ab\u00f3bora.<\/figcaption><\/figure><\/div>\n\n\n<h2 class=\"wp-block-heading\">Como a defici\u00eancia nutricional afeta o desempenho f\u00edsico humano?<\/h2>\n\n\n\n<p>A falta desses eletr\u00f3litos gera falhas na comunica\u00e7\u00e3o entre o c\u00e9rebro e o tecido motor. A transpira\u00e7\u00e3o excessiva em dias quentes elimina reservas gigantescas desses importantes compostos org\u00e2nicos pela pele.<\/p>\n\n\n\n<p>Esse esgotamento biol\u00f3gico repentino causa espasmos violentos e fadiga precoce. Atletas que ignoram a reposi\u00e7\u00e3o adequada sofrem severas quedas no rendimento e aumentam o risco de les\u00f5es articulares graves durante os treinos di\u00e1rios nas academias de muscula\u00e7\u00e3o.<\/p>\n\n\n\n<h2 class=\"wp-block-heading\">Quais alimentos fornecem essa dupla poderosa naturalmente?<\/h2>\n\n\n\n<p>Uma dieta rica e colorida fornece todas as doses di\u00e1rias recomendadas por especialistas em nutri\u00e7\u00e3o esportiva. Inserir vegetais escuros e gr\u00e3os inteiros no card\u00e1pio protege o sistema neuromuscular sem a necessidade de gastar dinheiro com suplementos caros da farm\u00e1cia.<\/p>\n\n\n\n<p>A natureza oferece op\u00e7\u00f5es acess\u00edveis para manter os seus estoques minerais sempre elevados. Anote os itens mais nutritivos para adicionar na sua pr\u00f3xima lista de compras do supermercado:<\/p>\n\n\n\n<ul class=\"wp-block-list\">\n<li><strong>Banana da terra<\/strong>: uma fonte cl\u00e1ssica que garante energia r\u00e1pida e alta concentra\u00e7\u00e3o eletrol\u00edtica para o dia.<\/li>\n\n\n\n<li><strong>Semente de ab\u00f3bora<\/strong>: entrega uma carga gigante de gorduras boas e atua na prote\u00e7\u00e3o celular di\u00e1ria.<\/li>\n\n\n\n<li><strong>Espinafre fresco<\/strong>: folhas verdes que ajudam a limpar o sangue e nutrir profundamente os tecidos moles.<\/li>\n\n\n\n<li><strong>Feij\u00e3o preto<\/strong>: a base da culin\u00e1ria nacional que blinda o cora\u00e7\u00e3o e fortalece toda a imunidade humana.<\/li>\n<\/ul>\n\n\n<div class=\"wp-block-image\">\n<figure class=\"aligncenter size-full\"><img decoding=\"async\" width=\"1280\" height=\"720\" src=\"https:\/\/www.correiobraziliense.com.br\/cbradar\/wp-content\/uploads\/2026\/03\/imagem_2026-03-11_004038832.png\" alt=\"Mulher em momento de pausa e hidrata\u00e7\u00e3o em uma academia.\" class=\"wp-image-206579\" srcset=\"https:\/\/www.correiobraziliense.com.br\/cbradar\/wp-content\/uploads\/2026\/03\/imagem_2026-03-11_004038832.png 1280w, https:\/\/www.correiobraziliense.com.br\/cbradar\/wp-content\/uploads\/2026\/03\/imagem_2026-03-11_004038832-300x169.png 300w, https:\/\/www.correiobraziliense.com.br\/cbradar\/wp-content\/uploads\/2026\/03\/imagem_2026-03-11_004038832-768x432.png 768w, https:\/\/www.correiobraziliense.com.br\/cbradar\/wp-content\/uploads\/2026\/03\/imagem_2026-03-11_004038832-750x422.png 750w, https:\/\/www.correiobraziliense.com.br\/cbradar\/wp-content\/uploads\/2026\/03\/imagem_2026-03-11_004038832-1140x641.png 1140w\" sizes=\"(max-width: 1280px) 100vw, 1280px\" \/><figcaption class=\"wp-element-caption\">Mulher em momento de pausa e hidrata\u00e7\u00e3o em uma academia.<\/figcaption><\/figure><\/div>\n\n\n<p>No v\u00eddeo a seguir, o <strong><em>Dr. Leandro Portela<\/em><\/strong>, com mais de 38 mil seguidores, fala um pouco dessa combina\u00e7\u00e3o:<\/p>\n\n\n\n<blockquote class=\"instagram-media\" data-instgrm-captioned data-instgrm-permalink=\"https:\/\/www.instagram.com\/reel\/DNjTaVsP6h5\/?utm_source=ig_embed&amp;utm_campaign=loading\" data-instgrm-version=\"14\" style=\" background:#FFF; border:0; border-radius:3px; box-shadow:0 0 1px 0 rgba(0,0,0,0.5),0 1px 10px 0 rgba(0,0,0,0.15); margin: 1px; max-width:540px; min-width:326px; padding:0; width:99.375%; width:-webkit-calc(100% - 2px); width:calc(100% - 2px);\"><div style=\"padding:16px;\"> <a href=\"https:\/\/www.instagram.com\/reel\/DNjTaVsP6h5\/?utm_source=ig_embed&amp;utm_campaign=loading\" style=\" background:#FFFFFF; line-height:0; padding:0 0; text-align:center; text-decoration:none; width:100%;\" target=\"_blank\"> <div style=\" display: flex; flex-direction: row; align-items: center;\"> <div style=\"background-color: #F4F4F4; border-radius: 50%; flex-grow: 0; height: 40px; margin-right: 14px; width: 40px;\"><\/div> <div style=\"display: flex; flex-direction: column; flex-grow: 1; justify-content: center;\"> <div style=\" background-color: #F4F4F4; border-radius: 4px; flex-grow: 0; height: 14px; margin-bottom: 6px; width: 100px;\"><\/div> <div style=\" background-color: #F4F4F4; border-radius: 4px; flex-grow: 0; height: 14px; width: 60px;\"><\/div><\/div><\/div><div style=\"padding: 19% 0;\"><\/div> <div style=\"display:block; height:50px; margin:0 auto 12px; width:50px;\"><svg width=\"50px\" height=\"50px\" viewBox=\"0 0 60 60\" version=\"1.1\" xmlns=\"https:\/\/www.w3.org\/2000\/svg\" xmlns:xlink=\"https:\/\/www.w3.org\/1999\/xlink\"><g stroke=\"none\" stroke-width=\"1\" fill=\"none\" fill-rule=\"evenodd\"><g transform=\"translate(-511.000000, -20.000000)\" fill=\"#000000\"><g><path d=\"M556.869,30.41 C554.814,30.41 553.148,32.076 553.148,34.131 C553.148,36.186 554.814,37.852 556.869,37.852 C558.924,37.852 560.59,36.186 560.59,34.131 C560.59,32.076 558.924,30.41 556.869,30.41 M541,60.657 C535.114,60.657 530.342,55.887 530.342,50 C530.342,44.114 535.114,39.342 541,39.342 C546.887,39.342 551.658,44.114 551.658,50 C551.658,55.887 546.887,60.657 541,60.657 M541,33.886 C532.1,33.886 524.886,41.1 524.886,50 C524.886,58.899 532.1,66.113 541,66.113 C549.9,66.113 557.115,58.899 557.115,50 C557.115,41.1 549.9,33.886 541,33.886 M565.378,62.101 C565.244,65.022 564.756,66.606 564.346,67.663 C563.803,69.06 563.154,70.057 562.106,71.106 C561.058,72.155 560.06,72.803 558.662,73.347 C557.607,73.757 556.021,74.244 553.102,74.378 C549.944,74.521 548.997,74.552 541,74.552 C533.003,74.552 532.056,74.521 528.898,74.378 C525.979,74.244 524.393,73.757 523.338,73.347 C521.94,72.803 520.942,72.155 519.894,71.106 C518.846,70.057 518.197,69.06 517.654,67.663 C517.244,66.606 516.755,65.022 516.623,62.101 C516.479,58.943 516.448,57.996 516.448,50 C516.448,42.003 516.479,41.056 516.623,37.899 C516.755,34.978 517.244,33.391 517.654,32.338 C518.197,30.938 518.846,29.942 519.894,28.894 C520.942,27.846 521.94,27.196 523.338,26.654 C524.393,26.244 525.979,25.756 528.898,25.623 C532.057,25.479 533.004,25.448 541,25.448 C548.997,25.448 549.943,25.479 553.102,25.623 C556.021,25.756 557.607,26.244 558.662,26.654 C560.06,27.196 561.058,27.846 562.106,28.894 C563.154,29.942 563.803,30.938 564.346,32.338 C564.756,33.391 565.244,34.978 565.378,37.899 C565.522,41.056 565.552,42.003 565.552,50 C565.552,57.996 565.522,58.943 565.378,62.101 M570.82,37.631 C570.674,34.438 570.167,32.258 569.425,30.349 C568.659,28.377 567.633,26.702 565.965,25.035 C564.297,23.368 562.623,22.342 560.652,21.575 C558.743,20.834 556.562,20.326 553.369,20.18 C550.169,20.033 549.148,20 541,20 C532.853,20 531.831,20.033 528.631,20.18 C525.438,20.326 523.257,20.834 521.349,21.575 C519.376,22.342 517.703,23.368 516.035,25.035 C514.368,26.702 513.342,28.377 512.574,30.349 C511.834,32.258 511.326,34.438 511.181,37.631 C511.035,40.831 511,41.851 511,50 C511,58.147 511.035,59.17 511.181,62.369 C511.326,65.562 511.834,67.743 512.574,69.651 C513.342,71.625 514.368,73.296 516.035,74.965 C517.703,76.634 519.376,77.658 521.349,78.425 C523.257,79.167 525.438,79.673 528.631,79.82 C531.831,79.965 532.853,80.001 541,80.001 C549.148,80.001 550.169,79.965 553.369,79.82 C556.562,79.673 558.743,79.167 560.652,78.425 C562.623,77.658 564.297,76.634 565.965,74.965 C567.633,73.296 568.659,71.625 569.425,69.651 C570.167,67.743 570.674,65.562 570.82,62.369 C570.966,59.17 571,58.147 571,50 C571,41.851 570.966,40.831 570.82,37.631\"><\/path><\/g><\/g><\/g><\/svg><\/div><div style=\"padding-top: 8px;\"> <div style=\" color:#3897f0; font-family:Arial,sans-serif; font-size:14px; font-style:normal; font-weight:550; line-height:18px;\">Ver essa foto no Instagram<\/div><\/div><div style=\"padding: 12.5% 0;\"><\/div> <div style=\"display: flex; flex-direction: row; margin-bottom: 14px; align-items: center;\"><div> <div style=\"background-color: #F4F4F4; border-radius: 50%; height: 12.5px; width: 12.5px; transform: translateX(0px) translateY(7px);\"><\/div> <div style=\"background-color: #F4F4F4; height: 12.5px; transform: rotate(-45deg) translateX(3px) translateY(1px); width: 12.5px; flex-grow: 0; margin-right: 14px; margin-left: 2px;\"><\/div> <div style=\"background-color: #F4F4F4; border-radius: 50%; height: 12.5px; width: 12.5px; transform: translateX(9px) translateY(-18px);\"><\/div><\/div><div style=\"margin-left: 8px;\"> <div style=\" background-color: #F4F4F4; border-radius: 50%; flex-grow: 0; height: 20px; width: 20px;\"><\/div> <div style=\" width: 0; height: 0; border-top: 2px solid transparent; border-left: 6px solid #f4f4f4; border-bottom: 2px solid transparent; transform: translateX(16px) translateY(-4px) rotate(30deg)\"><\/div><\/div><div style=\"margin-left: auto;\"> <div style=\" width: 0px; border-top: 8px solid #F4F4F4; border-right: 8px solid transparent; transform: translateY(16px);\"><\/div> <div style=\" background-color: #F4F4F4; flex-grow: 0; height: 12px; width: 16px; transform: translateY(-4px);\"><\/div> <div style=\" width: 0; height: 0; border-top: 8px solid #F4F4F4; border-left: 8px solid transparent; transform: translateY(-4px) translateX(8px);\"><\/div><\/div><\/div> <div style=\"display: flex; flex-direction: column; flex-grow: 1; justify-content: center; margin-bottom: 24px;\"> <div style=\" background-color: #F4F4F4; border-radius: 4px; flex-grow: 0; height: 14px; margin-bottom: 6px; width: 224px;\"><\/div> <div style=\" background-color: #F4F4F4; border-radius: 4px; flex-grow: 0; height: 14px; width: 144px;\"><\/div><\/div><\/a><p style=\" color:#c9c8cd; font-family:Arial,sans-serif; font-size:14px; line-height:17px; margin-bottom:0; margin-top:8px; overflow:hidden; padding:8px 0 7px; text-align:center; text-overflow:ellipsis; white-space:nowrap;\"><a href=\"https:\/\/www.instagram.com\/reel\/DNjTaVsP6h5\/?utm_source=ig_embed&amp;utm_campaign=loading\" style=\" color:#c9c8cd; font-family:Arial,sans-serif; font-size:14px; font-style:normal; font-weight:normal; line-height:17px; text-decoration:none;\" target=\"_blank\">Um post compartilhado por Dr. Leandro Portela (@drleandroportela)<\/a><\/p><\/div><\/blockquote>\n<script async src=\"\/\/www.instagram.com\/embed.js\"><\/script>\n\n\n\n<h2 class=\"wp-block-heading\">A suplementa\u00e7\u00e3o em c\u00e1psulas \u00e9 segura para o est\u00f4mago?<\/h2>\n\n\n\n<p>O uso de vers\u00f5es sint\u00e9ticas ajuda pacientes com fortes restri\u00e7\u00f5es alimentares ou idosos com baixa absor\u00e7\u00e3o intestinal. F\u00f3rmulas modernas como o <strong>bisglicinato<\/strong> oferecem alta toler\u00e2ncia g\u00e1strica e n\u00e3o causam inflama\u00e7\u00f5es ou irrita\u00e7\u00f5es severas na sens\u00edvel mucosa digestiva.<\/p>\n\n\n\n<p><strong><a href=\"https:\/\/www.who.int\/news-room\/fact-sheets\/detail\/healthy-diet\" target=\"_blank\" rel=\"noreferrer noopener\">Diretrizes cl\u00ednicas publicadas pela Organiza\u00e7\u00e3o Mundial da Sa\u00fade (OMS)<\/a><\/strong> ressaltam a import\u00e2ncia do equil\u00edbrio nutricional absoluto. Doses alt\u00edssimas tomadas sem crit\u00e9rio geram quadros de diarreia aguda e sobrecarregam o funcionamento normal dos rins em adultos.<\/p>\n\n\n\n<h3 class=\"wp-block-heading\">Qual \u00e9 o melhor hor\u00e1rio para tomar a dose di\u00e1ria?<\/h3>\n\n\n\n<p>Ingerir as c\u00e1psulas no per\u00edodo da noite otimiza imensamente o relaxamento do sistema nervoso central. A presen\u00e7a qu\u00edmica desses minerais facilita a produ\u00e7\u00e3o natural de melatonina, garantindo um ciclo de sono reparador e sem sobressaltos f\u00edsicos na madrugada.<\/p>\n\n\n\n<h2 class=\"wp-block-heading\">O que os estudos m\u00e9dicos indicam sobre o cora\u00e7\u00e3o?<\/h2>\n\n\n\n<p>O cora\u00e7\u00e3o tamb\u00e9m \u00e9 um m\u00fasculo forte que trabalha sem interrup\u00e7\u00f5es ao longo de toda a vida humana. Manter os eletr\u00f3litos estabilizados previne arritmias perigosas e regula a press\u00e3o arterial de pacientes que sofrem constantemente com a temida hipertens\u00e3o cr\u00f4nica.<\/p>\n\n\n\n<p>A <a href=\"https:\/\/pt.wikipedia.org\/wiki\/Fisiologia_cardiovascular\" target=\"_blank\" rel=\"noreferrer noopener\">fisiologia cardiovascular<\/a> exige um compasso r\u00edtmico perfeito para bombear o sangue oxigenado para as extremidades do corpo. Consumir fontes limpas de nutrientes constr\u00f3i uma barreira biol\u00f3gica s\u00f3lida contra infartos e melhora a sua resist\u00eancia cardiovascular a longo prazo.<\/p>\n\n\n<div class=\"wp-block-image\">\n<figure class=\"aligncenter size-full\"><img decoding=\"async\" width=\"1280\" height=\"720\" src=\"https:\/\/www.correiobraziliense.com.br\/cbradar\/wp-content\/uploads\/2026\/03\/imagem_2026-03-11_004046789.png\" alt=\"Vis\u00e3o em primeira pessoa de escolhas alimentares ricas em minerais.\" class=\"wp-image-206577\" srcset=\"https:\/\/www.correiobraziliense.com.br\/cbradar\/wp-content\/uploads\/2026\/03\/imagem_2026-03-11_004046789.png 1280w, https:\/\/www.correiobraziliense.com.br\/cbradar\/wp-content\/uploads\/2026\/03\/imagem_2026-03-11_004046789-300x169.png 300w, https:\/\/www.correiobraziliense.com.br\/cbradar\/wp-content\/uploads\/2026\/03\/imagem_2026-03-11_004046789-768x432.png 768w, https:\/\/www.correiobraziliense.com.br\/cbradar\/wp-content\/uploads\/2026\/03\/imagem_2026-03-11_004046789-750x422.png 750w, https:\/\/www.correiobraziliense.com.br\/cbradar\/wp-content\/uploads\/2026\/03\/imagem_2026-03-11_004046789-1140x641.png 1140w\" sizes=\"(max-width: 1280px) 100vw, 1280px\" \/><figcaption class=\"wp-element-caption\">Vis\u00e3o em primeira pessoa de escolhas alimentares ricas em minerais.<\/figcaption><\/figure><\/div>\n\n\n<h2 class=\"wp-block-heading\">Qualquer pessoa pode iniciar o consumo desses nutrientes combinados?<\/h2>\n\n\n\n<p>A partir dos <strong>40 anos<\/strong>, a imensa maioria da popula\u00e7\u00e3o adulta saud\u00e1vel relata melhoras fant\u00e1sticas ao equilibrar a ingest\u00e3o desses compostos. A sensa\u00e7\u00e3o de leveza muscular matinal e o al\u00edvio das tens\u00f5es no pesco\u00e7o aparecem em poucos dias de readequa\u00e7\u00e3o.<\/p>\n\n\n\n<p>O conte\u00fado puramente informativo orienta bons h\u00e1bitos preventivos na cozinha, mas portadores de disfun\u00e7\u00f5es renais exigem avalia\u00e7\u00e3o m\u00e9dica cautelosa antes de qualquer altera\u00e7\u00e3o di\u00e1ria. A an\u00e1lise cl\u00ednica criteriosa garante que a inclus\u00e3o org\u00e2nica ocorra de forma individualizada e totalmente alinhada ao seu hist\u00f3rico biol\u00f3gico.<\/p>\n","protected":false},"excerpt":{"rendered":"<p>A recupera\u00e7\u00e3o f\u00edsica acelera muito quando voc\u00ea consome magn\u00e9sio e pot\u00e1ssio juntos na rotina di\u00e1ria. Essa combina\u00e7\u00e3o exata de minerais melhora o relaxamento das fibras e acaba com as c\u00e3ibras noturnas severas que prejudicam o seu descanso. Por que as fibras musculares precisam desses minerais exatos? O corpo humano funciona atrav\u00e9s de pequenos impulsos el\u00e9tricos [&hellip;]<\/p>\n","protected":false},"author":11,"featured_media":207303,"comment_status":"open","ping_status":"open","sticky":false,"template":"","format":"standard","meta":{"_yoast_wpseo_focuskw":"magn\u00e9sio e pot\u00e1ssio juntos","_yoast_wpseo_title":"","_yoast_wpseo_metadesc":"Sofre com espasmos noturnos frequentes? A uni\u00e3o exata desses dois minerais alivia a tens\u00e3o f\u00edsica e acelera a regenera\u00e7\u00e3o das suas fibras corporais.","jnews-multi-image_gallery":[],"jnews_single_post":{"format":"standard"},"jnews_primary_category":[],"jnews_social_meta":[],"jnews_override_counter":[],"footnotes":""},"categories":[119],"tags":[9282,7674,1318],"class_list":["post-206565","post","type-post","status-publish","format-standard","has-post-thumbnail","hentry","category-bem-estar","tag-magnesio-2","tag-musculo-2","tag-saude-2"],"yoast_head":"<!-- This site is optimized with the Yoast SEO plugin v24.6 - https:\/\/yoast.com\/wordpress\/plugins\/seo\/ -->\n<title>O que acontece com seus m\u00fasculos quando voc\u00ea toma magn\u00e9sio e pot\u00e1ssio juntos - Correio Braziliense - Radar<\/title>\n<meta name=\"description\" content=\"Sofre com espasmos noturnos frequentes? A uni\u00e3o exata desses dois minerais alivia a tens\u00e3o f\u00edsica e acelera a regenera\u00e7\u00e3o das suas fibras corporais.\" \/>\n<meta name=\"robots\" content=\"index, follow, max-snippet:-1, max-image-preview:large, max-video-preview:-1\" \/>\n<link rel=\"canonical\" href=\"https:\/\/www.correiobraziliense.com.br\/cbradar\/o-que-acontece-com-seus-musculos-quando-voce-toma-magnesio-e-potassio-juntos\/\" \/>\n<meta property=\"og:locale\" content=\"pt_BR\" \/>\n<meta property=\"og:type\" content=\"article\" \/>\n<meta property=\"og:title\" content=\"O que acontece com seus m\u00fasculos quando voc\u00ea toma magn\u00e9sio e pot\u00e1ssio juntos - Correio Braziliense - Radar\" \/>\n<meta property=\"og:description\" content=\"Sofre com espasmos noturnos frequentes? A uni\u00e3o exata desses dois minerais alivia a tens\u00e3o f\u00edsica e acelera a regenera\u00e7\u00e3o das suas fibras corporais.\" \/>\n<meta property=\"og:url\" content=\"https:\/\/www.correiobraziliense.com.br\/cbradar\/o-que-acontece-com-seus-musculos-quando-voce-toma-magnesio-e-potassio-juntos\/\" \/>\n<meta property=\"og:site_name\" content=\"Correio Braziliense - Radar\" \/>\n<meta property=\"article:published_time\" content=\"2026-03-13T10:25:00+00:00\" \/>\n<meta property=\"og:image\" content=\"https:\/\/www.correiobraziliense.com.br\/cbradar\/wp-content\/uploads\/2026\/03\/freepik__prato-simples-sobre-mesa-de-cozinha-com-banana-da-__33486.jpeg\" \/>\n\t<meta property=\"og:image:width\" content=\"1280\" \/>\n\t<meta property=\"og:image:height\" content=\"720\" \/>\n\t<meta property=\"og:image:type\" content=\"image\/jpeg\" \/>\n<meta name=\"author\" content=\"Paulo Custodio\" \/>\n<meta name=\"twitter:card\" content=\"summary_large_image\" \/>\n<meta name=\"twitter:label1\" content=\"Escrito por\" \/>\n\t<meta name=\"twitter:data1\" content=\"Paulo Custodio\" \/>\n\t<meta name=\"twitter:label2\" content=\"Est. tempo de leitura\" \/>\n\t<meta name=\"twitter:data2\" content=\"5 minutos\" \/>\n<!-- \/ Yoast SEO plugin. -->","yoast_head_json":{"title":"O que acontece com seus m\u00fasculos quando voc\u00ea toma magn\u00e9sio e pot\u00e1ssio juntos - Correio Braziliense - Radar","description":"Sofre com espasmos noturnos frequentes? A uni\u00e3o exata desses dois minerais alivia a tens\u00e3o f\u00edsica e acelera a regenera\u00e7\u00e3o das suas fibras corporais.","robots":{"index":"index","follow":"follow","max-snippet":"max-snippet:-1","max-image-preview":"max-image-preview:large","max-video-preview":"max-video-preview:-1"},"canonical":"https:\/\/www.correiobraziliense.com.br\/cbradar\/o-que-acontece-com-seus-musculos-quando-voce-toma-magnesio-e-potassio-juntos\/","og_locale":"pt_BR","og_type":"article","og_title":"O que acontece com seus m\u00fasculos quando voc\u00ea toma magn\u00e9sio e pot\u00e1ssio juntos - Correio Braziliense - Radar","og_description":"Sofre com espasmos noturnos frequentes? A uni\u00e3o exata desses dois minerais alivia a tens\u00e3o f\u00edsica e acelera a regenera\u00e7\u00e3o das suas fibras corporais.","og_url":"https:\/\/www.correiobraziliense.com.br\/cbradar\/o-que-acontece-com-seus-musculos-quando-voce-toma-magnesio-e-potassio-juntos\/","og_site_name":"Correio Braziliense - Radar","article_published_time":"2026-03-13T10:25:00+00:00","og_image":[{"width":1280,"height":720,"url":"https:\/\/www.correiobraziliense.com.br\/cbradar\/wp-content\/uploads\/2026\/03\/freepik__prato-simples-sobre-mesa-de-cozinha-com-banana-da-__33486.jpeg","type":"image\/jpeg"}],"author":"Paulo Custodio","twitter_card":"summary_large_image","twitter_misc":{"Escrito por":"Paulo Custodio","Est. tempo de leitura":"5 minutos"},"schema":{"@context":"https:\/\/schema.org","@graph":[{"@type":"WebPage","@id":"https:\/\/www.correiobraziliense.com.br\/cbradar\/o-que-acontece-com-seus-musculos-quando-voce-toma-magnesio-e-potassio-juntos\/","url":"https:\/\/www.correiobraziliense.com.br\/cbradar\/o-que-acontece-com-seus-musculos-quando-voce-toma-magnesio-e-potassio-juntos\/","name":"O que acontece com seus m\u00fasculos quando voc\u00ea toma magn\u00e9sio e pot\u00e1ssio juntos - Correio Braziliense - Radar","isPartOf":{"@id":"https:\/\/www.correiobraziliense.com.br\/cbradar\/#website"},"primaryImageOfPage":{"@id":"https:\/\/www.correiobraziliense.com.br\/cbradar\/o-que-acontece-com-seus-musculos-quando-voce-toma-magnesio-e-potassio-juntos\/#primaryimage"},"image":{"@id":"https:\/\/www.correiobraziliense.com.br\/cbradar\/o-que-acontece-com-seus-musculos-quando-voce-toma-magnesio-e-potassio-juntos\/#primaryimage"},"thumbnailUrl":"https:\/\/www.correiobraziliense.com.br\/cbradar\/wp-content\/uploads\/2026\/03\/freepik__prato-simples-sobre-mesa-de-cozinha-com-banana-da-__33486.jpeg","datePublished":"2026-03-13T10:25:00+00:00","author":{"@id":"https:\/\/www.correiobraziliense.com.br\/cbradar\/#\/schema\/person\/4cec7857301a9a1a2ef249893cd908d3"},"description":"Sofre com espasmos noturnos frequentes? A uni\u00e3o exata desses dois minerais alivia a tens\u00e3o f\u00edsica e acelera a regenera\u00e7\u00e3o das suas fibras corporais.","breadcrumb":{"@id":"https:\/\/www.correiobraziliense.com.br\/cbradar\/o-que-acontece-com-seus-musculos-quando-voce-toma-magnesio-e-potassio-juntos\/#breadcrumb"},"inLanguage":"pt-BR","potentialAction":[{"@type":"ReadAction","target":["https:\/\/www.correiobraziliense.com.br\/cbradar\/o-que-acontece-com-seus-musculos-quando-voce-toma-magnesio-e-potassio-juntos\/"]}]},{"@type":"ImageObject","inLanguage":"pt-BR","@id":"https:\/\/www.correiobraziliense.com.br\/cbradar\/o-que-acontece-com-seus-musculos-quando-voce-toma-magnesio-e-potassio-juntos\/#primaryimage","url":"https:\/\/www.correiobraziliense.com.br\/cbradar\/wp-content\/uploads\/2026\/03\/freepik__prato-simples-sobre-mesa-de-cozinha-com-banana-da-__33486.jpeg","contentUrl":"https:\/\/www.correiobraziliense.com.br\/cbradar\/wp-content\/uploads\/2026\/03\/freepik__prato-simples-sobre-mesa-de-cozinha-com-banana-da-__33486.jpeg","width":1280,"height":720,"caption":"A combina\u00e7\u00e3o de magn\u00e9sio e pot\u00e1ssio contribui para o equil\u00edbrio eletrol\u00edtico e para a recupera\u00e7\u00e3o muscular ap\u00f3s esfor\u00e7o f\u00edsico"},{"@type":"BreadcrumbList","@id":"https:\/\/www.correiobraziliense.com.br\/cbradar\/o-que-acontece-com-seus-musculos-quando-voce-toma-magnesio-e-potassio-juntos\/#breadcrumb","itemListElement":[{"@type":"ListItem","position":1,"name":"In\u00edcio","item":"https:\/\/www.correiobraziliense.com.br\/cbradar\/"},{"@type":"ListItem","position":2,"name":"O que acontece com seus m\u00fasculos quando voc\u00ea toma magn\u00e9sio e pot\u00e1ssio juntos"}]},{"@type":"WebSite","@id":"https:\/\/www.correiobraziliense.com.br\/cbradar\/#website","url":"https:\/\/www.correiobraziliense.com.br\/cbradar\/","name":"Correio Braziliense - Radar","description":"Acompanhe as \u00faltimas not\u00edcias e fique bem informado sobre tudo o que acontece no Brasil e no mundo.","potentialAction":[{"@type":"SearchAction","target":{"@type":"EntryPoint","urlTemplate":"https:\/\/www.correiobraziliense.com.br\/cbradar\/?s={search_term_string}"},"query-input":{"@type":"PropertyValueSpecification","valueRequired":true,"valueName":"search_term_string"}}],"inLanguage":"pt-BR"},{"@type":"Person","@id":"https:\/\/www.correiobraziliense.com.br\/cbradar\/#\/schema\/person\/4cec7857301a9a1a2ef249893cd908d3","name":"Paulo Custodio","image":{"@type":"ImageObject","inLanguage":"pt-BR","@id":"https:\/\/www.correiobraziliense.com.br\/cbradar\/#\/schema\/person\/image\/","url":"https:\/\/secure.gravatar.com\/avatar\/bcd67168d1534e8fcf4f45c726a87cea?s=96&d=mm&r=g","contentUrl":"https:\/\/secure.gravatar.com\/avatar\/bcd67168d1534e8fcf4f45c726a87cea?s=96&d=mm&r=g","caption":"Paulo Custodio"},"sameAs":["https:\/\/www.correiobraziliense.com.br\/cbradar"],"url":"https:\/\/www.correiobraziliense.com.br\/cbradar\/author\/paulomyth\/"}]}},"_links":{"self":[{"href":"https:\/\/www.correiobraziliense.com.br\/cbradar\/wp-json\/wp\/v2\/posts\/206565","targetHints":{"allow":["GET"]}}],"collection":[{"href":"https:\/\/www.correiobraziliense.com.br\/cbradar\/wp-json\/wp\/v2\/posts"}],"about":[{"href":"https:\/\/www.correiobraziliense.com.br\/cbradar\/wp-json\/wp\/v2\/types\/post"}],"author":[{"embeddable":true,"href":"https:\/\/www.correiobraziliense.com.br\/cbradar\/wp-json\/wp\/v2\/users\/11"}],"replies":[{"embeddable":true,"href":"https:\/\/www.correiobraziliense.com.br\/cbradar\/wp-json\/wp\/v2\/comments?post=206565"}],"version-history":[{"count":1,"href":"https:\/\/www.correiobraziliense.com.br\/cbradar\/wp-json\/wp\/v2\/posts\/206565\/revisions"}],"predecessor-version":[{"id":206580,"href":"https:\/\/www.correiobraziliense.com.br\/cbradar\/wp-json\/wp\/v2\/posts\/206565\/revisions\/206580"}],"wp:featuredmedia":[{"embeddable":true,"href":"https:\/\/www.correiobraziliense.com.br\/cbradar\/wp-json\/wp\/v2\/media\/207303"}],"wp:attachment":[{"href":"https:\/\/www.correiobraziliense.com.br\/cbradar\/wp-json\/wp\/v2\/media?parent=206565"}],"wp:term":[{"taxonomy":"category","embeddable":true,"href":"https:\/\/www.correiobraziliense.com.br\/cbradar\/wp-json\/wp\/v2\/categories?post=206565"},{"taxonomy":"post_tag","embeddable":true,"href":"https:\/\/www.correiobraziliense.com.br\/cbradar\/wp-json\/wp\/v2\/tags?post=206565"}],"curies":[{"name":"wp","href":"https:\/\/api.w.org\/{rel}","templated":true}]}}