{"id":206672,"date":"2026-03-12T08:25:00","date_gmt":"2026-03-12T11:25:00","guid":{"rendered":"https:\/\/www.correiobraziliense.com.br\/cbradar\/?p=206672"},"modified":"2026-03-11T08:56:01","modified_gmt":"2026-03-11T11:56:01","slug":"no-interior-do-rio-grande-do-sul-uma-cidade-cresce-com-forte-tradicao-europeia-e-chama-atencao-pela-sensacao-de-seguranca","status":"publish","type":"post","link":"https:\/\/www.correiobraziliense.com.br\/cbradar\/no-interior-do-rio-grande-do-sul-uma-cidade-cresce-com-forte-tradicao-europeia-e-chama-atencao-pela-sensacao-de-seguranca\/","title":{"rendered":"No interior do Rio Grande do Sul, uma cidade cresce com forte tradi\u00e7\u00e3o europeia e chama aten\u00e7\u00e3o pela sensa\u00e7\u00e3o de seguran\u00e7a"},"content":{"rendered":"\n<p>Em plena <strong>Serra Ga\u00facha<\/strong>, a 120 km de <strong>Porto Alegre<\/strong>, existe uma cidade onde vizinhos se cumprimentam em dialeto v\u00eaneto e as portas das casas ficam abertas at\u00e9 tarde. <strong>Bento Gon\u00e7alves<\/strong> combina tradi\u00e7\u00e3o europeia de 150 anos com \u00edndices de seguran\u00e7a que surpreendem at\u00e9 quem j\u00e1 mora ali no Rio Grande do Sul.<\/p>\n\n\n\n<h2 class=\"wp-block-heading\">Uma cidade italiana que batizaram com nome de general ga\u00facho<\/h2>\n\n\n\n<p>Antes de virar munic\u00edpio, o lugar era chamado de <strong>Cruzinha<\/strong>, por causa de uma cruz r\u00fastica fincada na beira da trilha onde tropeiros paravam para descansar. Em <strong>1870<\/strong>, o governo imperial criou a <strong>Col\u00f4nia Dona Isabel<\/strong>. Cinco anos depois, na v\u00e9spera de Natal de <strong>1875<\/strong>, os primeiros imigrantes do norte da <strong>It\u00e1lia<\/strong> subiram a serra carregando pouco al\u00e9m de sementes de uva e vontade de recome\u00e7ar. A maioria vinha da regi\u00e3o do <strong>V\u00eaneto<\/strong>.<\/p>\n\n\n\n<p>Na emancipa\u00e7\u00e3o, em <strong>1890<\/strong>, o munic\u00edpio ganhou o nome do general <strong>Bento Gon\u00e7alves da Silva<\/strong>, l\u00edder da <strong>Revolu\u00e7\u00e3o Farroupilha<\/strong>. O curioso \u00e9 que o general nunca nasceu, viveu ou sequer passou pela regi\u00e3o. A homenagem foi pol\u00edtica, mas a alma da cidade sempre foi italiana.<\/p>\n\n\n<div class=\"wp-block-image\">\n<figure class=\"aligncenter size-large\"><img decoding=\"async\" width=\"1024\" height=\"576\" src=\"https:\/\/www.correiobraziliense.com.br\/cbradar\/wp-content\/uploads\/2025\/12\/bento-goncalves_1764910459357-1024x576.jpg\" alt=\"No interior do Rio Grande do Sul, uma cidade cresce com forte tradi\u00e7\u00e3o europeia e chama aten\u00e7\u00e3o pela sensa\u00e7\u00e3o de seguran\u00e7a\" class=\"wp-image-150377\" srcset=\"https:\/\/www.correiobraziliense.com.br\/cbradar\/wp-content\/uploads\/2025\/12\/bento-goncalves_1764910459357-1024x576.jpg 1024w, https:\/\/www.correiobraziliense.com.br\/cbradar\/wp-content\/uploads\/2025\/12\/bento-goncalves_1764910459357-300x169.jpg 300w, https:\/\/www.correiobraziliense.com.br\/cbradar\/wp-content\/uploads\/2025\/12\/bento-goncalves_1764910459357-768x432.jpg 768w, https:\/\/www.correiobraziliense.com.br\/cbradar\/wp-content\/uploads\/2025\/12\/bento-goncalves_1764910459357-750x422.jpg 750w, https:\/\/www.correiobraziliense.com.br\/cbradar\/wp-content\/uploads\/2025\/12\/bento-goncalves_1764910459357-1140x641.jpg 1140w, https:\/\/www.correiobraziliense.com.br\/cbradar\/wp-content\/uploads\/2025\/12\/bento-goncalves_1764910459357.jpg 1280w\" sizes=\"(max-width: 1024px) 100vw, 1024px\" \/><figcaption class=\"wp-element-caption\">Bento Gon\u00e7alves, capital do vinho na Serra Ga\u00facha-RS, oferece roteiros como Vale dos Vinhedos, Maria Fuma\u00e7a e Caminhos de Pedra para enoturismo aut\u00eantico. \/\/ Cr\u00e9ditos: depositphotos.com \/ lltrarbach<\/figcaption><\/figure><\/div>\n\n\n<h2 class=\"wp-block-heading\">Por que a sensa\u00e7\u00e3o de seguran\u00e7a chama tanta aten\u00e7\u00e3o?<\/h2>\n\n\n\n<p>Porque os n\u00fameros confirmam o que os moradores sentem. Em 2024, a capital do vinho encerrou o ano com os menores \u00edndices de roubo a pedestres, roubo e furto de ve\u00edculos dos \u00faltimos 15 anos, segundo dados divulgados pela <a href=\"https:\/\/www.ssp.rs.gov.br\/caxias-do-sul-e-bento-goncalves-registram-reducao-nos-indices-de-mortes-violentas-intencionais-em-2024\" target=\"_blank\" rel=\"noreferrer noopener\"><strong>Secretaria de Seguran\u00e7a P\u00fablica do RS<\/strong><\/a>. Em 2025, os crimes violentos letais ca\u00edram mais 30% e o roubo de ve\u00edculos diminuiu pela metade.<\/p>\n\n\n\n<p>A cidade \u00e9 sede do <strong>3\u00ba Batalh\u00e3o de Policiamento de \u00c1reas Tur\u00edsticas (3\u00ba BPAT)<\/strong>, unidade da <strong>Brigada Militar<\/strong> dedicada exclusivamente a munic\u00edpios com voca\u00e7\u00e3o tur\u00edstica. Esse modelo integra Guarda Civil Municipal, Pol\u00edcia Civil e videomonitoramento, o que explica por que moradores e visitantes caminham pelas ruas do centro e pelo <strong>Vale dos Vinhedos<\/strong> com tranquilidade mesmo \u00e0 noite.<\/p>\n\n\n\n<p>Bento Gon\u00e7alves, na Serra Ga\u00facha, consolidou-se como a capital brasileira da uva e do vinho, oferecendo um roteiro rico em hist\u00f3ria, gastronomia e experi\u00eancias sensoriais. O v\u00eddeo \u00e9 do canal <strong>Apure Guria!<\/strong>, que conta com mais de <strong>140 mil inscritos<\/strong> e \u00e9 focado em roteiros detalhados, dicas de viagem e gastronomia, com uma abordagem bem pr\u00f3xima e informativa.<\/p>\n\n\n\n<figure class=\"wp-block-embed aligncenter is-type-video is-provider-youtube wp-block-embed-youtube wp-embed-aspect-16-9 wp-has-aspect-ratio\"><div class=\"wp-block-embed__wrapper\">\n<div class=\"jeg_video_container jeg_video_content\"><iframe loading=\"lazy\" title=\"BENTO GON\u00c7ALVES NA SERRA GA\u00daCHA: melhores atra\u00e7\u00f5es, Vale dos Vinhedos, Caminhos de Pedra e vin\u00edcolas\" width=\"500\" height=\"281\" src=\"https:\/\/www.youtube.com\/embed\/Z8wgewnrex8?feature=oembed\" frameborder=\"0\" allow=\"accelerometer; autoplay; clipboard-write; encrypted-media; gyroscope; picture-in-picture; web-share\" referrerpolicy=\"strict-origin-when-cross-origin\" allowfullscreen><\/iframe><\/div>\n<\/div><\/figure>\n\n\n\n<h2 class=\"wp-block-heading\">Qual \u00e9 a heran\u00e7a europeia que se v\u00ea nas ruas?<\/h2>\n\n\n\n<p><strong>A tradi\u00e7\u00e3o italiana marca a cidade de formas que v\u00e3o al\u00e9m da gastronomia.<\/strong> A <a href=\"https:\/\/www.fenavinho.com.br\/a-fenavinho\" target=\"_blank\" rel=\"noreferrer noopener\"><strong>Fenavinho<\/strong><\/a>, Festa Nacional do Vinho, nasceu em <strong>1967<\/strong> e na primeira edi\u00e7\u00e3o j\u00e1 trouxe um presidente da Rep\u00fablica a uma cidade ainda cercada por estradas de terra. Em 2025, a 20\u00aa edi\u00e7\u00e3o celebrou os 150 anos da imigra\u00e7\u00e3o com jogos coloniais como corrida de carriola, cabo de guerra e o fazer b\u00edgoli, uma massa artesanal preparada na hora, de gera\u00e7\u00e3o em gera\u00e7\u00e3o.<\/p>\n\n\n\n<p>O <strong>Caminhos de Pedra<\/strong> preserva casas centen\u00e1rias de alvenaria constru\u00eddas pelos imigrantes, com cantinas, moinhos e ateli\u00eas de artesanato que funcionam dentro das constru\u00e7\u00f5es originais. O roteiro recebe cerca de 390 mil visitantes por ano. O <a href=\"https:\/\/www.valedosvinhedos.com.br\/\" target=\"_blank\" rel=\"noreferrer noopener\"><strong>Vale dos Vinhedos<\/strong><\/a> foi a primeira regi\u00e3o do <strong>Brasil<\/strong> a obter Indica\u00e7\u00e3o de Proced\u00eancia (2002) e Denomina\u00e7\u00e3o de Origem para vinhos (2012), segundo a <a href=\"https:\/\/www.embrapa.br\/indicacoes-geograficas-de-vinhos-do-brasil\/ig-registrada\/do-vale-dos-vinhedos\" target=\"_blank\" rel=\"noreferrer noopener\"><strong>Embrapa<\/strong><\/a>. Para quem mora ali, isso significa ter parreirais a poucos minutos de casa.<\/p>\n\n\n\n<h2 class=\"wp-block-heading\">Como \u00e9 o dia a dia de quem mora na capital do vinho?<\/h2>\n\n\n\n<p><strong>Segundo o <a href=\"https:\/\/www.ibge.gov.br\/cidades-e-estados\/rs\/bento-goncalves.html\" target=\"_blank\" rel=\"noreferrer noopener\">IBGE<\/a>, Bento Gon\u00e7alves tem 123 mil habitantes (Censo 2022), IDHM de 0,778 e PIB per capita de R$ 73.589. <\/strong>A escolariza\u00e7\u00e3o entre 6 e 14 anos ultrapassa 98%. A economia se apoia na ind\u00fastria moveleira, nas vin\u00edcolas e no turismo, o que mant\u00e9m o desemprego abaixo da m\u00e9dia nacional e os sal\u00e1rios acima do mercado regional.<\/p>\n\n\n\n<p>O bairro <strong>S\u00e3o Bento<\/strong> \u00e9 a refer\u00eancia de alto padr\u00e3o, com vista panor\u00e2mica e proximidade da Via Gastron\u00f4mica. O <strong>Centro<\/strong> passa por revitaliza\u00e7\u00e3o e atrai quem prefere ter com\u00e9rcio, hospital e escolas a poucos passos. A cidade conta com campus da <strong>Universidade de Caxias do Sul (UCS)<\/strong>, unidade do <strong>Instituto Federal do Rio Grande do Sul (IFRS)<\/strong> e o <strong>Hospital Tacchini<\/strong>, refer\u00eancia em sa\u00fade na serra. Feiras coloniais aos s\u00e1bados e cantinas familiares completam a rotina de quem fez de Bento o endere\u00e7o fixo.<\/p>\n\n\n<div class=\"wp-block-image\">\n<figure class=\"aligncenter size-large\"><img decoding=\"async\" width=\"1024\" height=\"576\" src=\"https:\/\/www.correiobraziliense.com.br\/cbradar\/wp-content\/uploads\/2025\/12\/bento-goncalves_1764910537863-1024x576.jpg\" alt=\"No interior do Rio Grande do Sul, uma cidade cresce com forte tradi\u00e7\u00e3o europeia e chama aten\u00e7\u00e3o pela sensa\u00e7\u00e3o de seguran\u00e7a\" class=\"wp-image-150380\" srcset=\"https:\/\/www.correiobraziliense.com.br\/cbradar\/wp-content\/uploads\/2025\/12\/bento-goncalves_1764910537863-1024x576.jpg 1024w, https:\/\/www.correiobraziliense.com.br\/cbradar\/wp-content\/uploads\/2025\/12\/bento-goncalves_1764910537863-300x169.jpg 300w, https:\/\/www.correiobraziliense.com.br\/cbradar\/wp-content\/uploads\/2025\/12\/bento-goncalves_1764910537863-768x432.jpg 768w, https:\/\/www.correiobraziliense.com.br\/cbradar\/wp-content\/uploads\/2025\/12\/bento-goncalves_1764910537863-750x422.jpg 750w, https:\/\/www.correiobraziliense.com.br\/cbradar\/wp-content\/uploads\/2025\/12\/bento-goncalves_1764910537863-1140x641.jpg 1140w, https:\/\/www.correiobraziliense.com.br\/cbradar\/wp-content\/uploads\/2025\/12\/bento-goncalves_1764910537863.jpg 1280w\" sizes=\"(max-width: 1024px) 100vw, 1024px\" \/><figcaption class=\"wp-element-caption\">Curta Bento Gon\u00e7alves com vinhos gostosos, queijos fresquinhos e trilhas leves pela serra, no clima acolhedor e festivo do cora\u00e7\u00e3o italiano do RS!\u200b \/\/ Cr\u00e9ditos: depositphotos.com \/ lltrarbach<\/figcaption><\/figure><\/div>\n\n\n<p><strong>Leia tamb\u00e9m: <a href=\"https:\/\/www.correiobraziliense.com.br\/cbradar\/com-qualidade-de-vida-muito-alta-e-33-ilhas-esta-capital-e-a-2a-melhor-do-brasil-para-viver-e-lidera-em-saude-e-inovacao-hoje\/\" target=\"_blank\" rel=\"noreferrer noopener\">Com qualidade de vida muito alta e 33 ilhas, esta capital \u00e9 a 2\u00aa melhor do Brasil para viver e hoje lidera em sa\u00fade e inova\u00e7\u00e3o.<\/a><\/strong><\/p>\n\n\n\n<h2 class=\"wp-block-heading\">Quando o clima favorece cada esta\u00e7\u00e3o na serra?<\/h2>\n\n\n\n<p>O inverno seco e frio \u00e9 a marca registrada. No ver\u00e3o, as tardes podem passar dos 30\u00b0C, mas as noites refrescam.<\/p>\n\n\n<div class=\"wp-block-image\">\n<figure class=\"aligncenter size-full\"><img decoding=\"async\" width=\"1280\" height=\"466\" src=\"https:\/\/www.correiobraziliense.com.br\/cbradar\/wp-content\/uploads\/2026\/03\/convertido-34.jpg\" alt=\"\" class=\"wp-image-206741\" srcset=\"https:\/\/www.correiobraziliense.com.br\/cbradar\/wp-content\/uploads\/2026\/03\/convertido-34.jpg 1280w, https:\/\/www.correiobraziliense.com.br\/cbradar\/wp-content\/uploads\/2026\/03\/convertido-34-300x109.jpg 300w, https:\/\/www.correiobraziliense.com.br\/cbradar\/wp-content\/uploads\/2026\/03\/convertido-34-768x280.jpg 768w, https:\/\/www.correiobraziliense.com.br\/cbradar\/wp-content\/uploads\/2026\/03\/convertido-34-750x273.jpg 750w, https:\/\/www.correiobraziliense.com.br\/cbradar\/wp-content\/uploads\/2026\/03\/convertido-34-1140x415.jpg 1140w\" sizes=\"(max-width: 1280px) 100vw, 1280px\" \/><\/figure><\/div>\n\n\n<p><em>Temperaturas aproximadas com base no <a href=\"https:\/\/www.climatempo.com.br\/climatologia\/350\/bentogoncalves-rs\" target=\"_blank\" rel=\"noreferrer noopener\"><strong>Climatempo<\/strong><\/a>. Condi\u00e7\u00f5es podem variar.<\/em><\/p>\n\n\n<div class=\"wp-block-image\">\n<figure class=\"aligncenter size-large\"><img decoding=\"async\" width=\"1024\" height=\"576\" src=\"https:\/\/www.correiobraziliense.com.br\/cbradar\/wp-content\/uploads\/2025\/12\/G-2025-12-05T020619.862-1024x576.png\" alt=\"A joia da serra ga\u00facha onde vin\u00edcolas e o tradicional maria-fuma\u00e7a fazem turistas se apaixonarem\" class=\"wp-image-150395\" srcset=\"https:\/\/www.correiobraziliense.com.br\/cbradar\/wp-content\/uploads\/2025\/12\/G-2025-12-05T020619.862-1024x576.png 1024w, https:\/\/www.correiobraziliense.com.br\/cbradar\/wp-content\/uploads\/2025\/12\/G-2025-12-05T020619.862-300x169.png 300w, https:\/\/www.correiobraziliense.com.br\/cbradar\/wp-content\/uploads\/2025\/12\/G-2025-12-05T020619.862-768x432.png 768w, https:\/\/www.correiobraziliense.com.br\/cbradar\/wp-content\/uploads\/2025\/12\/G-2025-12-05T020619.862-750x422.png 750w, https:\/\/www.correiobraziliense.com.br\/cbradar\/wp-content\/uploads\/2025\/12\/G-2025-12-05T020619.862-1140x641.png 1140w, https:\/\/www.correiobraziliense.com.br\/cbradar\/wp-content\/uploads\/2025\/12\/G-2025-12-05T020619.862.png 1280w\" sizes=\"(max-width: 1024px) 100vw, 1024px\" \/><figcaption class=\"wp-element-caption\">Aborde o Trem Maria Fuma\u00e7a em Bento Gon\u00e7alves e viva a emo\u00e7\u00e3o dos imigrantes italianos entre vinhedos, fuma\u00e7a e melodias que tocam a alma ga\u00facha. \/\/ Cr\u00e9ditos: Wikip\u00e9dia<\/figcaption><\/figure><\/div>\n\n\n<h2 class=\"wp-block-heading\">Como chegar \u00e0 capital do vinho saindo de Porto Alegre?<\/h2>\n\n\n\n<p>Bento Gon\u00e7alves fica a 120 km de Porto Alegre pela <strong>BR-470<\/strong>, cerca de 1h40 de carro. O aeroporto mais pr\u00f3ximo \u00e9 o <strong>Hugo Cantergiani<\/strong>, em <strong>Caxias do Sul<\/strong>, a 45 km. \u00d4nibus partem da rodovi\u00e1ria da capital com frequ\u00eancia ao longo do dia.<\/p>\n\n\n\n<h2 class=\"wp-block-heading\">A cidade onde seguran\u00e7a e tradi\u00e7\u00e3o andam juntas<\/h2>\n\n\n\n<p><strong>Bento Gon\u00e7alves re\u00fane o que muitas cidades brasileiras buscam sem encontrar: <\/strong>\u00edndices de criminalidade em queda cont\u00ednua, uma identidade cultural viva que atravessa 150 anos e um cotidiano marcado por h\u00e1bitos herdados do <strong>V\u00eaneto<\/strong>, da mesa farta ao dialeto que ainda ecoa nas ruas da serra.<\/p>\n\n\n\n<p>Voc\u00ea precisa conhecer Bento Gon\u00e7alves e sentir, logo na primeira caminhada pelo centro, por que tanta gente troca a capital por uma cidade onde o vinho, a calma e o italiano fazem parte do endere\u00e7o.<\/p>\n","protected":false},"excerpt":{"rendered":"<p>Em plena Serra Ga\u00facha, a 120 km de Porto Alegre, existe uma cidade onde vizinhos se cumprimentam em dialeto v\u00eaneto e as portas das casas ficam abertas at\u00e9 tarde. Bento Gon\u00e7alves combina tradi\u00e7\u00e3o europeia de 150 anos com \u00edndices de seguran\u00e7a que surpreendem at\u00e9 quem j\u00e1 mora ali no Rio Grande do Sul. Uma cidade [&hellip;]<\/p>\n","protected":false},"author":8,"featured_media":206748,"comment_status":"open","ping_status":"open","sticky":false,"template":"","format":"standard","meta":{"_yoast_wpseo_focuskw":"Rio Grande do Sul","_yoast_wpseo_title":"","_yoast_wpseo_metadesc":"No interior do Rio Grande do Sul, uma cidade cresce com forte tradi\u00e7\u00e3o europeia e chama aten\u00e7\u00e3o pela sensa\u00e7\u00e3o de seguran\u00e7a","jnews-multi-image_gallery":[],"jnews_single_post":{"format":"standard"},"jnews_primary_category":[],"jnews_social_meta":[],"jnews_override_counter":[],"footnotes":""},"categories":[108,111],"tags":[10200,217],"class_list":["post-206672","post","type-post","status-publish","format-standard","has-post-thumbnail","hentry","category-cidades","category-turismo","tag-bento-goncalves","tag-rio-grande-do-sul"],"yoast_head":"<!-- This site is optimized with the Yoast SEO plugin v24.6 - https:\/\/yoast.com\/wordpress\/plugins\/seo\/ -->\n<title>No interior do Rio Grande do Sul, uma cidade cresce com forte tradi\u00e7\u00e3o europeia e chama aten\u00e7\u00e3o pela sensa\u00e7\u00e3o de seguran\u00e7a - Correio Braziliense - Radar<\/title>\n<meta name=\"description\" content=\"No interior do Rio Grande do Sul, uma cidade cresce com forte tradi\u00e7\u00e3o europeia e chama aten\u00e7\u00e3o pela sensa\u00e7\u00e3o de seguran\u00e7a\" \/>\n<meta name=\"robots\" content=\"index, follow, max-snippet:-1, max-image-preview:large, max-video-preview:-1\" \/>\n<link rel=\"canonical\" href=\"https:\/\/www.correiobraziliense.com.br\/cbradar\/no-interior-do-rio-grande-do-sul-uma-cidade-cresce-com-forte-tradicao-europeia-e-chama-atencao-pela-sensacao-de-seguranca\/\" \/>\n<meta property=\"og:locale\" content=\"pt_BR\" \/>\n<meta property=\"og:type\" content=\"article\" \/>\n<meta property=\"og:title\" content=\"No interior do Rio Grande do Sul, uma cidade cresce com forte tradi\u00e7\u00e3o europeia e chama aten\u00e7\u00e3o pela sensa\u00e7\u00e3o de seguran\u00e7a - Correio Braziliense - Radar\" \/>\n<meta property=\"og:description\" content=\"No interior do Rio Grande do Sul, uma cidade cresce com forte tradi\u00e7\u00e3o europeia e chama aten\u00e7\u00e3o pela sensa\u00e7\u00e3o de seguran\u00e7a\" \/>\n<meta property=\"og:url\" content=\"https:\/\/www.correiobraziliense.com.br\/cbradar\/no-interior-do-rio-grande-do-sul-uma-cidade-cresce-com-forte-tradicao-europeia-e-chama-atencao-pela-sensacao-de-seguranca\/\" \/>\n<meta property=\"og:site_name\" content=\"Correio Braziliense - Radar\" \/>\n<meta property=\"article:published_time\" content=\"2026-03-12T11:25:00+00:00\" \/>\n<meta property=\"og:image\" content=\"https:\/\/www.correiobraziliense.com.br\/cbradar\/wp-content\/uploads\/2026\/03\/aaa-2026-03-11T085446.458.png\" \/>\n\t<meta property=\"og:image:width\" content=\"1280\" \/>\n\t<meta property=\"og:image:height\" content=\"720\" \/>\n\t<meta property=\"og:image:type\" content=\"image\/png\" \/>\n<meta name=\"author\" content=\"Maura Pereira\" \/>\n<meta name=\"twitter:card\" content=\"summary_large_image\" \/>\n<meta name=\"twitter:label1\" content=\"Escrito por\" \/>\n\t<meta name=\"twitter:data1\" content=\"Maura Pereira\" \/>\n\t<meta name=\"twitter:label2\" content=\"Est. tempo de leitura\" \/>\n\t<meta name=\"twitter:data2\" content=\"7 minutos\" \/>\n<!-- \/ Yoast SEO plugin. -->","yoast_head_json":{"title":"No interior do Rio Grande do Sul, uma cidade cresce com forte tradi\u00e7\u00e3o europeia e chama aten\u00e7\u00e3o pela sensa\u00e7\u00e3o de seguran\u00e7a - Correio Braziliense - Radar","description":"No interior do Rio Grande do Sul, uma cidade cresce com forte tradi\u00e7\u00e3o europeia e chama aten\u00e7\u00e3o pela sensa\u00e7\u00e3o de seguran\u00e7a","robots":{"index":"index","follow":"follow","max-snippet":"max-snippet:-1","max-image-preview":"max-image-preview:large","max-video-preview":"max-video-preview:-1"},"canonical":"https:\/\/www.correiobraziliense.com.br\/cbradar\/no-interior-do-rio-grande-do-sul-uma-cidade-cresce-com-forte-tradicao-europeia-e-chama-atencao-pela-sensacao-de-seguranca\/","og_locale":"pt_BR","og_type":"article","og_title":"No interior do Rio Grande do Sul, uma cidade cresce com forte tradi\u00e7\u00e3o europeia e chama aten\u00e7\u00e3o pela sensa\u00e7\u00e3o de seguran\u00e7a - Correio Braziliense - Radar","og_description":"No interior do Rio Grande do Sul, uma cidade cresce com forte tradi\u00e7\u00e3o europeia e chama aten\u00e7\u00e3o pela sensa\u00e7\u00e3o de seguran\u00e7a","og_url":"https:\/\/www.correiobraziliense.com.br\/cbradar\/no-interior-do-rio-grande-do-sul-uma-cidade-cresce-com-forte-tradicao-europeia-e-chama-atencao-pela-sensacao-de-seguranca\/","og_site_name":"Correio Braziliense - Radar","article_published_time":"2026-03-12T11:25:00+00:00","og_image":[{"width":1280,"height":720,"url":"https:\/\/www.correiobraziliense.com.br\/cbradar\/wp-content\/uploads\/2026\/03\/aaa-2026-03-11T085446.458.png","type":"image\/png"}],"author":"Maura Pereira","twitter_card":"summary_large_image","twitter_misc":{"Escrito por":"Maura Pereira","Est. tempo de leitura":"7 minutos"},"schema":{"@context":"https:\/\/schema.org","@graph":[{"@type":"WebPage","@id":"https:\/\/www.correiobraziliense.com.br\/cbradar\/no-interior-do-rio-grande-do-sul-uma-cidade-cresce-com-forte-tradicao-europeia-e-chama-atencao-pela-sensacao-de-seguranca\/","url":"https:\/\/www.correiobraziliense.com.br\/cbradar\/no-interior-do-rio-grande-do-sul-uma-cidade-cresce-com-forte-tradicao-europeia-e-chama-atencao-pela-sensacao-de-seguranca\/","name":"No interior do Rio Grande do Sul, uma cidade cresce com forte tradi\u00e7\u00e3o europeia e chama aten\u00e7\u00e3o pela sensa\u00e7\u00e3o de seguran\u00e7a - Correio Braziliense - Radar","isPartOf":{"@id":"https:\/\/www.correiobraziliense.com.br\/cbradar\/#website"},"primaryImageOfPage":{"@id":"https:\/\/www.correiobraziliense.com.br\/cbradar\/no-interior-do-rio-grande-do-sul-uma-cidade-cresce-com-forte-tradicao-europeia-e-chama-atencao-pela-sensacao-de-seguranca\/#primaryimage"},"image":{"@id":"https:\/\/www.correiobraziliense.com.br\/cbradar\/no-interior-do-rio-grande-do-sul-uma-cidade-cresce-com-forte-tradicao-europeia-e-chama-atencao-pela-sensacao-de-seguranca\/#primaryimage"},"thumbnailUrl":"https:\/\/www.correiobraziliense.com.br\/cbradar\/wp-content\/uploads\/2026\/03\/aaa-2026-03-11T085446.458.png","datePublished":"2026-03-12T11:25:00+00:00","author":{"@id":"https:\/\/www.correiobraziliense.com.br\/cbradar\/#\/schema\/person\/4053c651a9bfc785afc6f4cbc9032fd3"},"description":"No interior do Rio Grande do Sul, uma cidade cresce com forte tradi\u00e7\u00e3o europeia e chama aten\u00e7\u00e3o pela sensa\u00e7\u00e3o de seguran\u00e7a","breadcrumb":{"@id":"https:\/\/www.correiobraziliense.com.br\/cbradar\/no-interior-do-rio-grande-do-sul-uma-cidade-cresce-com-forte-tradicao-europeia-e-chama-atencao-pela-sensacao-de-seguranca\/#breadcrumb"},"inLanguage":"pt-BR","potentialAction":[{"@type":"ReadAction","target":["https:\/\/www.correiobraziliense.com.br\/cbradar\/no-interior-do-rio-grande-do-sul-uma-cidade-cresce-com-forte-tradicao-europeia-e-chama-atencao-pela-sensacao-de-seguranca\/"]}]},{"@type":"ImageObject","inLanguage":"pt-BR","@id":"https:\/\/www.correiobraziliense.com.br\/cbradar\/no-interior-do-rio-grande-do-sul-uma-cidade-cresce-com-forte-tradicao-europeia-e-chama-atencao-pela-sensacao-de-seguranca\/#primaryimage","url":"https:\/\/www.correiobraziliense.com.br\/cbradar\/wp-content\/uploads\/2026\/03\/aaa-2026-03-11T085446.458.png","contentUrl":"https:\/\/www.correiobraziliense.com.br\/cbradar\/wp-content\/uploads\/2026\/03\/aaa-2026-03-11T085446.458.png","width":1280,"height":720,"caption":"A tradi\u00e7\u00e3o italiana marca a cidade de formas que v\u00e3o al\u00e9m da gastronomia. \/ Imagem ilustrativa"},{"@type":"BreadcrumbList","@id":"https:\/\/www.correiobraziliense.com.br\/cbradar\/no-interior-do-rio-grande-do-sul-uma-cidade-cresce-com-forte-tradicao-europeia-e-chama-atencao-pela-sensacao-de-seguranca\/#breadcrumb","itemListElement":[{"@type":"ListItem","position":1,"name":"In\u00edcio","item":"https:\/\/www.correiobraziliense.com.br\/cbradar\/"},{"@type":"ListItem","position":2,"name":"No interior do Rio Grande do Sul, uma cidade cresce com forte tradi\u00e7\u00e3o europeia e chama aten\u00e7\u00e3o pela sensa\u00e7\u00e3o de seguran\u00e7a"}]},{"@type":"WebSite","@id":"https:\/\/www.correiobraziliense.com.br\/cbradar\/#website","url":"https:\/\/www.correiobraziliense.com.br\/cbradar\/","name":"Correio Braziliense - Radar","description":"Acompanhe as \u00faltimas not\u00edcias e fique bem informado sobre tudo o que acontece no Brasil e no mundo.","potentialAction":[{"@type":"SearchAction","target":{"@type":"EntryPoint","urlTemplate":"https:\/\/www.correiobraziliense.com.br\/cbradar\/?s={search_term_string}"},"query-input":{"@type":"PropertyValueSpecification","valueRequired":true,"valueName":"search_term_string"}}],"inLanguage":"pt-BR"},{"@type":"Person","@id":"https:\/\/www.correiobraziliense.com.br\/cbradar\/#\/schema\/person\/4053c651a9bfc785afc6f4cbc9032fd3","name":"Maura Pereira","image":{"@type":"ImageObject","inLanguage":"pt-BR","@id":"https:\/\/www.correiobraziliense.com.br\/cbradar\/#\/schema\/person\/image\/","url":"https:\/\/secure.gravatar.com\/avatar\/3effd6bdadfa447f15089c7f7144eaa6?s=96&d=mm&r=g","contentUrl":"https:\/\/secure.gravatar.com\/avatar\/3effd6bdadfa447f15089c7f7144eaa6?s=96&d=mm&r=g","caption":"Maura Pereira"},"sameAs":["https:\/\/www.correiobraziliense.com.br\/"],"url":"https:\/\/www.correiobraziliense.com.br\/cbradar\/author\/mauramyth\/"}]}},"_links":{"self":[{"href":"https:\/\/www.correiobraziliense.com.br\/cbradar\/wp-json\/wp\/v2\/posts\/206672","targetHints":{"allow":["GET"]}}],"collection":[{"href":"https:\/\/www.correiobraziliense.com.br\/cbradar\/wp-json\/wp\/v2\/posts"}],"about":[{"href":"https:\/\/www.correiobraziliense.com.br\/cbradar\/wp-json\/wp\/v2\/types\/post"}],"author":[{"embeddable":true,"href":"https:\/\/www.correiobraziliense.com.br\/cbradar\/wp-json\/wp\/v2\/users\/8"}],"replies":[{"embeddable":true,"href":"https:\/\/www.correiobraziliense.com.br\/cbradar\/wp-json\/wp\/v2\/comments?post=206672"}],"version-history":[{"count":13,"href":"https:\/\/www.correiobraziliense.com.br\/cbradar\/wp-json\/wp\/v2\/posts\/206672\/revisions"}],"predecessor-version":[{"id":206749,"href":"https:\/\/www.correiobraziliense.com.br\/cbradar\/wp-json\/wp\/v2\/posts\/206672\/revisions\/206749"}],"wp:featuredmedia":[{"embeddable":true,"href":"https:\/\/www.correiobraziliense.com.br\/cbradar\/wp-json\/wp\/v2\/media\/206748"}],"wp:attachment":[{"href":"https:\/\/www.correiobraziliense.com.br\/cbradar\/wp-json\/wp\/v2\/media?parent=206672"}],"wp:term":[{"taxonomy":"category","embeddable":true,"href":"https:\/\/www.correiobraziliense.com.br\/cbradar\/wp-json\/wp\/v2\/categories?post=206672"},{"taxonomy":"post_tag","embeddable":true,"href":"https:\/\/www.correiobraziliense.com.br\/cbradar\/wp-json\/wp\/v2\/tags?post=206672"}],"curies":[{"name":"wp","href":"https:\/\/api.w.org\/{rel}","templated":true}]}}