{"id":206673,"date":"2026-03-12T11:45:00","date_gmt":"2026-03-12T14:45:00","guid":{"rendered":"https:\/\/www.correiobraziliense.com.br\/cbradar\/?p=206673"},"modified":"2026-03-11T09:09:26","modified_gmt":"2026-03-11T12:09:26","slug":"a-cidade-do-interior-do-ceara-que-cresceu-em-silencio-e-hoje-e-uma-das-mais-organizadas-do-nordeste","status":"publish","type":"post","link":"https:\/\/www.correiobraziliense.com.br\/cbradar\/a-cidade-do-interior-do-ceara-que-cresceu-em-silencio-e-hoje-e-uma-das-mais-organizadas-do-nordeste\/","title":{"rendered":"A cidade do interior do Cear\u00e1 que cresceu em sil\u00eancio e hoje \u00e9 uma das mais organizadas do Nordeste"},"content":{"rendered":"\n<p>A 238 km de <strong>Fortaleza<\/strong>, no norte do <strong>Cear\u00e1<\/strong>, uma cidade do interior com ruas largas e sobrados coloniais guarda um feito que mudou a ci\u00eancia mundial. <strong>Sobral<\/strong> cresceu sem alarde, mas hoje lidera rankings de desenvolvimento e educa\u00e7\u00e3o que cidades muito maiores n\u00e3o alcan\u00e7am.<\/p>\n\n\n\n<h2 class=\"wp-block-heading\">Como uma cidade do interior lidera a educa\u00e7\u00e3o do Brasil?<\/h2>\n\n\n\n<p><strong>Com gest\u00e3o p\u00fablica focada em resultados. Em 2000, mais de 40% das crian\u00e7as sobralenses de oito anos terminavam a segunda s\u00e9rie sem saber ler.<\/strong> A prefeitura reestruturou toda a rede: criou concursos para professores, implantou avalia\u00e7\u00f5es externas bimestrais e montou um sistema de metas por escola. O <strong>Programa de Alfabetiza\u00e7\u00e3o na Idade Certa (PAIC)<\/strong>, criado em Sobral, foi depois adotado pelo <strong>Cear\u00e1<\/strong> inteiro e inspirou o programa federal.<\/p>\n\n\n\n<p>O resultado impressiona. Sobral saiu da posi\u00e7\u00e3o 1.366\u00aa no <strong>\u00cdndice de Desenvolvimento da Educa\u00e7\u00e3o B\u00e1sica (IDEB)<\/strong> para o 1\u00ba lugar entre todos os munic\u00edpios brasileiros com mais de 100 mil habitantes. O <strong>Banco Mundial<\/strong> estudou o caso e publicou relat\u00f3rio sobre a f\u00f3rmula sobralense. Em 2022, a cidade tamb\u00e9m liderou o <a href=\"https:\/\/www.ipece.ce.gov.br\/2025\/02\/26\/tres-municipios-tem-o-melhor-idm-do-ceara-sobral-eusebio-e-marco\/\" target=\"_blank\" rel=\"noreferrer noopener\"><strong>\u00cdndice de Desenvolvimento Municipal (IDM)<\/strong><\/a> do Cear\u00e1, \u00e0 frente de Fortaleza.<\/p>\n\n\n<div class=\"wp-block-image\">\n<figure class=\"aligncenter size-large\"><img decoding=\"async\" width=\"1024\" height=\"576\" src=\"https:\/\/www.correiobraziliense.com.br\/cbradar\/wp-content\/uploads\/2025\/12\/G-2025-12-14T002412.286-1024x576.png\" alt=\"A cidade do interior do Nordeste onde cientistas comprovaram a teoria de Einstein durante um eclipse solar\" class=\"wp-image-155842\" srcset=\"https:\/\/www.correiobraziliense.com.br\/cbradar\/wp-content\/uploads\/2025\/12\/G-2025-12-14T002412.286-1024x576.png 1024w, https:\/\/www.correiobraziliense.com.br\/cbradar\/wp-content\/uploads\/2025\/12\/G-2025-12-14T002412.286-300x169.png 300w, https:\/\/www.correiobraziliense.com.br\/cbradar\/wp-content\/uploads\/2025\/12\/G-2025-12-14T002412.286-768x432.png 768w, https:\/\/www.correiobraziliense.com.br\/cbradar\/wp-content\/uploads\/2025\/12\/G-2025-12-14T002412.286-750x422.png 750w, https:\/\/www.correiobraziliense.com.br\/cbradar\/wp-content\/uploads\/2025\/12\/G-2025-12-14T002412.286-1140x641.png 1140w, https:\/\/www.correiobraziliense.com.br\/cbradar\/wp-content\/uploads\/2025\/12\/G-2025-12-14T002412.286.png 1280w\" sizes=\"(max-width: 1024px) 100vw, 1024px\" \/><figcaption class=\"wp-element-caption\">Viva Sobral al\u00e9m do \u00f3bvio! Ruas hist\u00f3ricas, rio Acara\u00fa e pra\u00e7as animadas criam cen\u00e1rios perfeitos para fotos, encontros e descobertas culturais. \/\/ Cr\u00e9ditos: Wikip\u00e9dia<\/figcaption><\/figure><\/div>\n\n\n<h2 class=\"wp-block-heading\">O que o Financial Times viu em Sobral?<\/h2>\n\n\n\n<p><strong>O grupo jornal\u00edstico brit\u00e2nico apontou a cidade tr\u00eas vezes (2011\/12, 2013\/14 e 2017\/18) como uma das dez cidades do futuro das Am\u00e9ricas<\/strong>. Sobral foi a \u00fanica cidade brasileira do seu porte na lista. O reconhecimento reflete uma combina\u00e7\u00e3o rara para o interior nordestino: economia diversificada, infraestrutura em expans\u00e3o e \u00edndices sociais em ascens\u00e3o cont\u00ednua.<\/p>\n\n\n\n<p>Segundo o <a href=\"https:\/\/www.ibge.gov.br\/cidades-e-estados\/ce\/sobral.html\" target=\"_blank\" rel=\"noreferrer noopener\"><strong>IBGE<\/strong><\/a>, a cidade tem 203 mil habitantes (Censo 2022), IDHM de 0,714 e escolariza\u00e7\u00e3o de quase 99% entre 6 e 14 anos. A economia se apoia na ind\u00fastria cal\u00e7adista, na minera\u00e7\u00e3o, no com\u00e9rcio regional e num setor de servi\u00e7os que atende todo o norte cearense. Sobral \u00e9 a segunda maior economia do interior do estado.<\/p>\n\n\n\n<p>Sobral, localizada a 332 km de Fortaleza, \u00e9 uma das cidades mais importantes do interior do Cear\u00e1, destacando-se como um polo econ\u00f3mico e educativo. O v\u00eddeo \u00e9 do canal <strong>Cidades do Interior<\/strong>, que conta com mais de <strong>14 mil inscritos<\/strong>, e apresenta as raz\u00f5es pelas quais Sobral \u00e9 uma excelente op\u00e7\u00e3o para morar ou visitar:<\/p>\n\n\n\n<figure class=\"wp-block-embed aligncenter is-type-video is-provider-youtube wp-block-embed-youtube wp-embed-aspect-16-9 wp-has-aspect-ratio\"><div class=\"wp-block-embed__wrapper\">\n<div class=\"jeg_video_container jeg_video_content\"><iframe loading=\"lazy\" title=\"\u00c9 BOM MORAR EM SOBRAL - CE? | DESCUBRA como \u00e9 morar nessa CIDADE do INTERIOR DO CEAR\u00c1!\" width=\"500\" height=\"281\" src=\"https:\/\/www.youtube.com\/embed\/87zPvP-aFg0?feature=oembed\" frameborder=\"0\" allow=\"accelerometer; autoplay; clipboard-write; encrypted-media; gyroscope; picture-in-picture; web-share\" referrerpolicy=\"strict-origin-when-cross-origin\" allowfullscreen><\/iframe><\/div>\n<\/div><\/figure>\n\n\n\n<h2 class=\"wp-block-heading\">VLT, ciclovias e patrim\u00f4nio: a cidade que se organizou<\/h2>\n\n\n\n<p>Sobral \u00e9 uma das poucas cidades do interior do <strong>Brasil<\/strong> a contar com <strong>Ve\u00edculo Leve sobre Trilhos (VLT)<\/strong>. O sistema, operado pelo <a href=\"https:\/\/www.metrofor.ce.gov.br\/vlt-sobral\/\" target=\"_blank\" rel=\"noreferrer noopener\"><strong>Metrofor<\/strong><\/a>, tem duas linhas que somam 12,5 km, 12 esta\u00e7\u00f5es e transportam cerca de 4,8 mil pessoas por dia. A Linha Sul liga os bairros Sumar\u00e9 e Cohab II. A Linha Norte conecta Junco ao Novo Recanto.<\/p>\n\n\n\n<p>A estrutura urbana inclui ciclovias, pra\u00e7as revitalizadas e a Margem Esquerda do <strong>Rio Acara\u00fa<\/strong>, espa\u00e7o p\u00fablico com quadras esportivas, anfiteatro e biblioteca. O centro hist\u00f3rico, tombado pelo <a href=\"http:\/\/portal.iphan.gov.br\/pagina\/detalhes\/242\/\" target=\"_blank\" rel=\"noreferrer noopener\"><strong>IPHAN<\/strong><\/a> em 1999, \u00e9 um dos maiores conjuntos arquitet\u00f4nicos protegidos do pa\u00eds, com 1.247 im\u00f3veis que v\u00e3o do colonial ao art d\u00e9co.<\/p>\n\n\n<div class=\"wp-block-image\">\n<figure class=\"aligncenter size-large\"><img decoding=\"async\" width=\"1024\" height=\"576\" src=\"https:\/\/www.correiobraziliense.com.br\/cbradar\/wp-content\/uploads\/2025\/07\/Edicoes-49-1024x576.png\" alt=\"3 cidades brasileiras com as melhores taxas de aprova\u00e7\u00e3o no ENEM\" class=\"wp-image-71782\" srcset=\"https:\/\/www.correiobraziliense.com.br\/cbradar\/wp-content\/uploads\/2025\/07\/Edicoes-49-1024x576.png 1024w, https:\/\/www.correiobraziliense.com.br\/cbradar\/wp-content\/uploads\/2025\/07\/Edicoes-49-300x169.png 300w, https:\/\/www.correiobraziliense.com.br\/cbradar\/wp-content\/uploads\/2025\/07\/Edicoes-49-768x432.png 768w, https:\/\/www.correiobraziliense.com.br\/cbradar\/wp-content\/uploads\/2025\/07\/Edicoes-49-750x422.png 750w, https:\/\/www.correiobraziliense.com.br\/cbradar\/wp-content\/uploads\/2025\/07\/Edicoes-49-1140x641.png 1140w, https:\/\/www.correiobraziliense.com.br\/cbradar\/wp-content\/uploads\/2025\/07\/Edicoes-49.png 1280w\" sizes=\"(max-width: 1024px) 100vw, 1024px\" \/><figcaption class=\"wp-element-caption\">O turismo em Sobral \u00e9 uma imers\u00e3o na arquitetura colonial e na alma do povo cearense, com roteiros que podem ser feitos a p\u00e9. \/\/ Wikimedia Commons<\/figcaption><\/figure><\/div>\n\n\n<h2 class=\"wp-block-heading\">O eclipse que colocou o sert\u00e3o no mapa da ci\u00eancia<\/h2>\n\n\n\n<p>Na manh\u00e3 de 29 de maio de <strong>1919<\/strong>, o c\u00e9u de Sobral amanheceu nublado. Pouco antes das 9h, as nuvens se abriram e a <strong>Lua<\/strong> encobriu o <strong>Sol<\/strong> por cinco minutos. Astr\u00f4nomos ingleses e brasileiros, instalados na Pra\u00e7a do Patroc\u00ednio com telesc\u00f3pios e c\u00e2meras, fotografaram 12 estrelas pr\u00f3ximas \u00e0 borda solar. As imagens registradas em Sobral foram decisivas para comprovar a <strong>Teoria da Relatividade Geral<\/strong> de <strong>Albert Einstein<\/strong>, conforme reconhecido pela <strong>Royal Astronomical Society<\/strong> em novembro daquele ano.<\/p>\n\n\n\n<p>A outra expedi\u00e7\u00e3o, na <strong>Ilha do Pr\u00edncipe<\/strong> (\u00c1frica), foi prejudicada pelo mau tempo e registrou apenas seis estrelas. Sobral entregou as placas fotogr\u00e1ficas mais n\u00edtidas. Hoje, a cidade mant\u00e9m o <a href=\"http:\/\/www.mast.br\/sobral\/eclipse.html\" target=\"_blank\" rel=\"noreferrer noopener\"><strong>Museu do Eclipse<\/strong><\/a> no mesmo local onde os cientistas montaram seus equipamentos, com acervo permanente e um telesc\u00f3pio entre os mais potentes do Norte e Nordeste.<\/p>\n\n\n<div class=\"wp-block-image\">\n<figure class=\"aligncenter size-large\"><img decoding=\"async\" width=\"1024\" height=\"576\" src=\"https:\/\/www.correiobraziliense.com.br\/cbradar\/wp-content\/uploads\/2025\/12\/G-2025-12-14T002525.680-1024x576.png\" alt=\"A cidade do interior do Nordeste onde cientistas comprovaram a teoria de Einstein durante um eclipse solar\" class=\"wp-image-155841\" srcset=\"https:\/\/www.correiobraziliense.com.br\/cbradar\/wp-content\/uploads\/2025\/12\/G-2025-12-14T002525.680-1024x576.png 1024w, https:\/\/www.correiobraziliense.com.br\/cbradar\/wp-content\/uploads\/2025\/12\/G-2025-12-14T002525.680-300x169.png 300w, https:\/\/www.correiobraziliense.com.br\/cbradar\/wp-content\/uploads\/2025\/12\/G-2025-12-14T002525.680-768x432.png 768w, https:\/\/www.correiobraziliense.com.br\/cbradar\/wp-content\/uploads\/2025\/12\/G-2025-12-14T002525.680-750x422.png 750w, https:\/\/www.correiobraziliense.com.br\/cbradar\/wp-content\/uploads\/2025\/12\/G-2025-12-14T002525.680-1140x641.png 1140w, https:\/\/www.correiobraziliense.com.br\/cbradar\/wp-content\/uploads\/2025\/12\/G-2025-12-14T002525.680.png 1280w\" sizes=\"(max-width: 1024px) 100vw, 1024px\" \/><figcaption class=\"wp-element-caption\">Em Sobral d\u00e1 pra tomar sorvete na Pra\u00e7a S\u00e3o Jo\u00e3o, ver o p\u00f4r do sol no rio, passar no Becco do Cotovelo e fechar o dia com foto no Arco de F\u00e1tima. \/\/ Cr\u00e9ditos: Wikip\u00e9dia<\/figcaption><\/figure><\/div>\n\n\n<p><strong>Leia tamb\u00e9m: <a href=\"https:\/\/www.correiobraziliense.com.br\/cbradar\/com-qualidade-de-vida-muito-alta-e-33-ilhas-esta-capital-e-a-2a-melhor-do-brasil-para-viver-e-lidera-em-saude-e-inovacao-hoje\/\" target=\"_blank\" rel=\"noreferrer noopener\">Com qualidade de vida muito alta e 33 ilhas, esta capital \u00e9 a 2\u00aa melhor do Brasil para viver e hoje lidera em sa\u00fade e inova\u00e7\u00e3o.<\/a><\/strong><\/p>\n\n\n\n<h2 class=\"wp-block-heading\">Quando o clima favorece a visita ao norte do Cear\u00e1?<\/h2>\n\n\n\n<p>Sobral tem clima tropical quente, com temperatura m\u00e9dia anual de 26\u00b0C e picos que podem passar dos 36\u00b0C nos meses mais secos. A esta\u00e7\u00e3o chuvosa concentra-se no primeiro semestre.<\/p>\n\n\n<div class=\"wp-block-image\">\n<figure class=\"aligncenter size-full\"><img decoding=\"async\" width=\"1280\" height=\"366\" src=\"https:\/\/www.correiobraziliense.com.br\/cbradar\/wp-content\/uploads\/2026\/03\/convertido-35.jpg\" alt=\"\" class=\"wp-image-206758\" srcset=\"https:\/\/www.correiobraziliense.com.br\/cbradar\/wp-content\/uploads\/2026\/03\/convertido-35.jpg 1280w, https:\/\/www.correiobraziliense.com.br\/cbradar\/wp-content\/uploads\/2026\/03\/convertido-35-300x86.jpg 300w, https:\/\/www.correiobraziliense.com.br\/cbradar\/wp-content\/uploads\/2026\/03\/convertido-35-768x220.jpg 768w, https:\/\/www.correiobraziliense.com.br\/cbradar\/wp-content\/uploads\/2026\/03\/convertido-35-750x214.jpg 750w, https:\/\/www.correiobraziliense.com.br\/cbradar\/wp-content\/uploads\/2026\/03\/convertido-35-1140x326.jpg 1140w\" sizes=\"(max-width: 1280px) 100vw, 1280px\" \/><\/figure><\/div>\n\n\n<p><em>Temperaturas aproximadas com base no <a href=\"https:\/\/www.climatempo.com.br\/climatologia\/995\/sobral-ce\" target=\"_blank\" rel=\"noreferrer noopener\"><strong>Climatempo<\/strong><\/a>. Condi\u00e7\u00f5es podem variar.<\/em><\/p>\n\n\n\n<h2 class=\"wp-block-heading\">A cidade que o Brasil ainda n\u00e3o percebeu<\/h2>\n\n\n\n<p><strong>Sobral juntou ci\u00eancia, educa\u00e7\u00e3o e planejamento urbano de um jeito que poucas cidades brasileiras conseguiram. <\/strong>Do eclipse que mudou a f\u00edsica ao VLT que corta o sert\u00e3o, a Princesa do Norte prova que desenvolvimento n\u00e3o depende de latitude nem de tamanho.<\/p>\n\n\n\n<p>Voc\u00ea precisa conhecer Sobral e ver de perto como uma cidade do interior do Cear\u00e1 se transformou sem precisar pedir licen\u00e7a a ningu\u00e9m.<\/p>\n","protected":false},"excerpt":{"rendered":"<p>A 238 km de Fortaleza, no norte do Cear\u00e1, uma cidade do interior com ruas largas e sobrados coloniais guarda um feito que mudou a ci\u00eancia mundial. Sobral cresceu sem alarde, mas hoje lidera rankings de desenvolvimento e educa\u00e7\u00e3o que cidades muito maiores n\u00e3o alcan\u00e7am. Como uma cidade do interior lidera a educa\u00e7\u00e3o do Brasil? [&hellip;]<\/p>\n","protected":false},"author":8,"featured_media":206770,"comment_status":"open","ping_status":"open","sticky":false,"template":"","format":"standard","meta":{"_yoast_wpseo_focuskw":"cidade do interior","_yoast_wpseo_title":"","_yoast_wpseo_metadesc":"Cidade do interior do Cear\u00e1 cresceu de forma discreta e hoje se destaca pela organiza\u00e7\u00e3o, infraestrutura e qualidade urbana.","jnews-multi-image_gallery":[],"jnews_single_post":{"format":"standard"},"jnews_primary_category":[],"jnews_social_meta":[],"jnews_override_counter":[],"footnotes":""},"categories":[108,111],"tags":[1460,12771],"class_list":["post-206673","post","type-post","status-publish","format-standard","has-post-thumbnail","hentry","category-cidades","category-turismo","tag-ceara","tag-sobral"],"yoast_head":"<!-- This site is optimized with the Yoast SEO plugin v24.6 - https:\/\/yoast.com\/wordpress\/plugins\/seo\/ -->\n<title>A cidade do interior do Cear\u00e1 que cresceu em sil\u00eancio e hoje \u00e9 uma das mais organizadas do Nordeste - Correio Braziliense - Radar<\/title>\n<meta name=\"description\" content=\"Cidade do interior do Cear\u00e1 cresceu de forma discreta e hoje se destaca pela organiza\u00e7\u00e3o, infraestrutura e qualidade urbana.\" \/>\n<meta name=\"robots\" content=\"index, follow, max-snippet:-1, max-image-preview:large, max-video-preview:-1\" \/>\n<link rel=\"canonical\" href=\"https:\/\/www.correiobraziliense.com.br\/cbradar\/a-cidade-do-interior-do-ceara-que-cresceu-em-silencio-e-hoje-e-uma-das-mais-organizadas-do-nordeste\/\" \/>\n<meta property=\"og:locale\" content=\"pt_BR\" \/>\n<meta property=\"og:type\" content=\"article\" \/>\n<meta property=\"og:title\" content=\"A cidade do interior do Cear\u00e1 que cresceu em sil\u00eancio e hoje \u00e9 uma das mais organizadas do Nordeste - Correio Braziliense - Radar\" \/>\n<meta property=\"og:description\" content=\"Cidade do interior do Cear\u00e1 cresceu de forma discreta e hoje se destaca pela organiza\u00e7\u00e3o, infraestrutura e qualidade urbana.\" \/>\n<meta property=\"og:url\" content=\"https:\/\/www.correiobraziliense.com.br\/cbradar\/a-cidade-do-interior-do-ceara-que-cresceu-em-silencio-e-hoje-e-uma-das-mais-organizadas-do-nordeste\/\" \/>\n<meta property=\"og:site_name\" content=\"Correio Braziliense - Radar\" \/>\n<meta property=\"article:published_time\" content=\"2026-03-12T14:45:00+00:00\" \/>\n<meta property=\"og:image\" content=\"https:\/\/www.correiobraziliense.com.br\/cbradar\/wp-content\/uploads\/2026\/03\/aaa-2026-03-11T090728.216.png\" \/>\n\t<meta property=\"og:image:width\" content=\"1280\" \/>\n\t<meta property=\"og:image:height\" content=\"720\" \/>\n\t<meta property=\"og:image:type\" content=\"image\/png\" \/>\n<meta name=\"author\" content=\"Maura Pereira\" \/>\n<meta name=\"twitter:card\" content=\"summary_large_image\" \/>\n<meta name=\"twitter:label1\" content=\"Escrito por\" \/>\n\t<meta name=\"twitter:data1\" content=\"Maura Pereira\" \/>\n\t<meta name=\"twitter:label2\" content=\"Est. tempo de leitura\" \/>\n\t<meta name=\"twitter:data2\" content=\"6 minutos\" \/>\n<!-- \/ Yoast SEO plugin. -->","yoast_head_json":{"title":"A cidade do interior do Cear\u00e1 que cresceu em sil\u00eancio e hoje \u00e9 uma das mais organizadas do Nordeste - Correio Braziliense - Radar","description":"Cidade do interior do Cear\u00e1 cresceu de forma discreta e hoje se destaca pela organiza\u00e7\u00e3o, infraestrutura e qualidade urbana.","robots":{"index":"index","follow":"follow","max-snippet":"max-snippet:-1","max-image-preview":"max-image-preview:large","max-video-preview":"max-video-preview:-1"},"canonical":"https:\/\/www.correiobraziliense.com.br\/cbradar\/a-cidade-do-interior-do-ceara-que-cresceu-em-silencio-e-hoje-e-uma-das-mais-organizadas-do-nordeste\/","og_locale":"pt_BR","og_type":"article","og_title":"A cidade do interior do Cear\u00e1 que cresceu em sil\u00eancio e hoje \u00e9 uma das mais organizadas do Nordeste - Correio Braziliense - Radar","og_description":"Cidade do interior do Cear\u00e1 cresceu de forma discreta e hoje se destaca pela organiza\u00e7\u00e3o, infraestrutura e qualidade urbana.","og_url":"https:\/\/www.correiobraziliense.com.br\/cbradar\/a-cidade-do-interior-do-ceara-que-cresceu-em-silencio-e-hoje-e-uma-das-mais-organizadas-do-nordeste\/","og_site_name":"Correio Braziliense - Radar","article_published_time":"2026-03-12T14:45:00+00:00","og_image":[{"width":1280,"height":720,"url":"https:\/\/www.correiobraziliense.com.br\/cbradar\/wp-content\/uploads\/2026\/03\/aaa-2026-03-11T090728.216.png","type":"image\/png"}],"author":"Maura Pereira","twitter_card":"summary_large_image","twitter_misc":{"Escrito por":"Maura Pereira","Est. tempo de leitura":"6 minutos"},"schema":{"@context":"https:\/\/schema.org","@graph":[{"@type":"WebPage","@id":"https:\/\/www.correiobraziliense.com.br\/cbradar\/a-cidade-do-interior-do-ceara-que-cresceu-em-silencio-e-hoje-e-uma-das-mais-organizadas-do-nordeste\/","url":"https:\/\/www.correiobraziliense.com.br\/cbradar\/a-cidade-do-interior-do-ceara-que-cresceu-em-silencio-e-hoje-e-uma-das-mais-organizadas-do-nordeste\/","name":"A cidade do interior do Cear\u00e1 que cresceu em sil\u00eancio e hoje \u00e9 uma das mais organizadas do Nordeste - Correio Braziliense - Radar","isPartOf":{"@id":"https:\/\/www.correiobraziliense.com.br\/cbradar\/#website"},"primaryImageOfPage":{"@id":"https:\/\/www.correiobraziliense.com.br\/cbradar\/a-cidade-do-interior-do-ceara-que-cresceu-em-silencio-e-hoje-e-uma-das-mais-organizadas-do-nordeste\/#primaryimage"},"image":{"@id":"https:\/\/www.correiobraziliense.com.br\/cbradar\/a-cidade-do-interior-do-ceara-que-cresceu-em-silencio-e-hoje-e-uma-das-mais-organizadas-do-nordeste\/#primaryimage"},"thumbnailUrl":"https:\/\/www.correiobraziliense.com.br\/cbradar\/wp-content\/uploads\/2026\/03\/aaa-2026-03-11T090728.216.png","datePublished":"2026-03-12T14:45:00+00:00","author":{"@id":"https:\/\/www.correiobraziliense.com.br\/cbradar\/#\/schema\/person\/4053c651a9bfc785afc6f4cbc9032fd3"},"description":"Cidade do interior do Cear\u00e1 cresceu de forma discreta e hoje se destaca pela organiza\u00e7\u00e3o, infraestrutura e qualidade urbana.","breadcrumb":{"@id":"https:\/\/www.correiobraziliense.com.br\/cbradar\/a-cidade-do-interior-do-ceara-que-cresceu-em-silencio-e-hoje-e-uma-das-mais-organizadas-do-nordeste\/#breadcrumb"},"inLanguage":"pt-BR","potentialAction":[{"@type":"ReadAction","target":["https:\/\/www.correiobraziliense.com.br\/cbradar\/a-cidade-do-interior-do-ceara-que-cresceu-em-silencio-e-hoje-e-uma-das-mais-organizadas-do-nordeste\/"]}]},{"@type":"ImageObject","inLanguage":"pt-BR","@id":"https:\/\/www.correiobraziliense.com.br\/cbradar\/a-cidade-do-interior-do-ceara-que-cresceu-em-silencio-e-hoje-e-uma-das-mais-organizadas-do-nordeste\/#primaryimage","url":"https:\/\/www.correiobraziliense.com.br\/cbradar\/wp-content\/uploads\/2026\/03\/aaa-2026-03-11T090728.216.png","contentUrl":"https:\/\/www.correiobraziliense.com.br\/cbradar\/wp-content\/uploads\/2026\/03\/aaa-2026-03-11T090728.216.png","width":1280,"height":720,"caption":"Sobral \u00e9 uma das poucas cidades do interior do Brasil a contar com Ve\u00edculo Leve sobre Trilhos (VLT). \/ Imagem ilustrativa"},{"@type":"BreadcrumbList","@id":"https:\/\/www.correiobraziliense.com.br\/cbradar\/a-cidade-do-interior-do-ceara-que-cresceu-em-silencio-e-hoje-e-uma-das-mais-organizadas-do-nordeste\/#breadcrumb","itemListElement":[{"@type":"ListItem","position":1,"name":"In\u00edcio","item":"https:\/\/www.correiobraziliense.com.br\/cbradar\/"},{"@type":"ListItem","position":2,"name":"A cidade do interior do Cear\u00e1 que cresceu em sil\u00eancio e hoje \u00e9 uma das mais organizadas do Nordeste"}]},{"@type":"WebSite","@id":"https:\/\/www.correiobraziliense.com.br\/cbradar\/#website","url":"https:\/\/www.correiobraziliense.com.br\/cbradar\/","name":"Correio Braziliense - Radar","description":"Acompanhe as \u00faltimas not\u00edcias e fique bem informado sobre tudo o que acontece no Brasil e no mundo.","potentialAction":[{"@type":"SearchAction","target":{"@type":"EntryPoint","urlTemplate":"https:\/\/www.correiobraziliense.com.br\/cbradar\/?s={search_term_string}"},"query-input":{"@type":"PropertyValueSpecification","valueRequired":true,"valueName":"search_term_string"}}],"inLanguage":"pt-BR"},{"@type":"Person","@id":"https:\/\/www.correiobraziliense.com.br\/cbradar\/#\/schema\/person\/4053c651a9bfc785afc6f4cbc9032fd3","name":"Maura Pereira","image":{"@type":"ImageObject","inLanguage":"pt-BR","@id":"https:\/\/www.correiobraziliense.com.br\/cbradar\/#\/schema\/person\/image\/","url":"https:\/\/secure.gravatar.com\/avatar\/3effd6bdadfa447f15089c7f7144eaa6?s=96&d=mm&r=g","contentUrl":"https:\/\/secure.gravatar.com\/avatar\/3effd6bdadfa447f15089c7f7144eaa6?s=96&d=mm&r=g","caption":"Maura Pereira"},"sameAs":["https:\/\/www.correiobraziliense.com.br\/"],"url":"https:\/\/www.correiobraziliense.com.br\/cbradar\/author\/mauramyth\/"}]}},"_links":{"self":[{"href":"https:\/\/www.correiobraziliense.com.br\/cbradar\/wp-json\/wp\/v2\/posts\/206673","targetHints":{"allow":["GET"]}}],"collection":[{"href":"https:\/\/www.correiobraziliense.com.br\/cbradar\/wp-json\/wp\/v2\/posts"}],"about":[{"href":"https:\/\/www.correiobraziliense.com.br\/cbradar\/wp-json\/wp\/v2\/types\/post"}],"author":[{"embeddable":true,"href":"https:\/\/www.correiobraziliense.com.br\/cbradar\/wp-json\/wp\/v2\/users\/8"}],"replies":[{"embeddable":true,"href":"https:\/\/www.correiobraziliense.com.br\/cbradar\/wp-json\/wp\/v2\/comments?post=206673"}],"version-history":[{"count":12,"href":"https:\/\/www.correiobraziliense.com.br\/cbradar\/wp-json\/wp\/v2\/posts\/206673\/revisions"}],"predecessor-version":[{"id":206772,"href":"https:\/\/www.correiobraziliense.com.br\/cbradar\/wp-json\/wp\/v2\/posts\/206673\/revisions\/206772"}],"wp:featuredmedia":[{"embeddable":true,"href":"https:\/\/www.correiobraziliense.com.br\/cbradar\/wp-json\/wp\/v2\/media\/206770"}],"wp:attachment":[{"href":"https:\/\/www.correiobraziliense.com.br\/cbradar\/wp-json\/wp\/v2\/media?parent=206673"}],"wp:term":[{"taxonomy":"category","embeddable":true,"href":"https:\/\/www.correiobraziliense.com.br\/cbradar\/wp-json\/wp\/v2\/categories?post=206673"},{"taxonomy":"post_tag","embeddable":true,"href":"https:\/\/www.correiobraziliense.com.br\/cbradar\/wp-json\/wp\/v2\/tags?post=206673"}],"curies":[{"name":"wp","href":"https:\/\/api.w.org\/{rel}","templated":true}]}}