{"id":206679,"date":"2026-03-12T15:25:00","date_gmt":"2026-03-12T18:25:00","guid":{"rendered":"https:\/\/www.correiobraziliense.com.br\/cbradar\/?p=206679"},"modified":"2026-03-11T09:27:00","modified_gmt":"2026-03-11T12:27:00","slug":"cresce-29-o-numero-de-brasileiros-se-mudando-para-essa-cidade-de-santa-catarina-com-alta-qualidade-de-vida-pertinho-do-mar","status":"publish","type":"post","link":"https:\/\/www.correiobraziliense.com.br\/cbradar\/cresce-29-o-numero-de-brasileiros-se-mudando-para-essa-cidade-de-santa-catarina-com-alta-qualidade-de-vida-pertinho-do-mar\/","title":{"rendered":"Cresce 29% o n\u00famero de brasileiros se mudando para essa cidade de Santa Catarina com alta qualidade de vida pertinho do mar"},"content":{"rendered":"\n<p>Entre o mar e uma muralha de arranha-c\u00e9us que s\u00f3 cresce, <strong>Balne\u00e1rio Cambori\u00fa<\/strong> virou sin\u00f4nimo de morar bem no litoral sul. A cidade de 45 km\u00b2 no norte de <strong>Santa Catarina<\/strong> abriga seis dos dez pr\u00e9dios mais altos do pa\u00eds, recebe at\u00e9 2 milh\u00f5es de visitantes por ver\u00e3o e segue atraindo brasileiros de todos os estados que trocam a capital pela orla.<\/p>\n\n\n\n<h2 class=\"wp-block-heading\">De vila de veraneio a Dubai brasileira em seis d\u00e9cadas<\/h2>\n\n\n\n<p>At\u00e9 os anos 1920, o que hoje \u00e9 Balne\u00e1rio Cambori\u00fa era uma faixa de areia onde fam\u00edlias de origem alem\u00e3 do <strong>Vale do Itaja\u00ed<\/strong> montavam casas de veraneio. O banho de mar nem era h\u00e1bito: o litoral servia para pesca e tratamentos medicinais. A emancipa\u00e7\u00e3o veio s\u00f3 em <strong>1964<\/strong>. A inaugura\u00e7\u00e3o da <strong>BR-101<\/strong>, em 1971, conectou a cidade ao resto do pa\u00eds e acelerou uma transforma\u00e7\u00e3o que n\u00e3o parou mais.<\/p>\n\n\n\n<p>O apelido de &#8220;Dubai brasileira&#8221; surgiu com a verticaliza\u00e7\u00e3o intensa das \u00faltimas duas d\u00e9cadas. Hoje, o <strong>Yachthouse Residence Club<\/strong> (294 metros, 81 andares) \u00e9 o edif\u00edcio residencial mais alto do <strong>Brasil<\/strong>. Logo atr\u00e1s vem o <strong>One Tower<\/strong> (290 metros). E a <strong>Senna Tower<\/strong>, em projeto, promete ultrapassar 500 metros de altura, o que a colocaria entre os maiores do mundo.<\/p>\n\n\n<div class=\"wp-block-image\">\n<figure class=\"aligncenter size-large\"><img decoding=\"async\" width=\"1024\" height=\"576\" src=\"https:\/\/www.correiobraziliense.com.br\/cbradar\/wp-content\/uploads\/2025\/10\/Balneario-Camboriu_1761017614241-1024x576.jpg\" alt=\"Cresce 29% o n\u00famero de brasileiros se mudando para essa cidade de Santa Catarina com alta qualidade de vida pertinho do mar\" class=\"wp-image-123125\" srcset=\"https:\/\/www.correiobraziliense.com.br\/cbradar\/wp-content\/uploads\/2025\/10\/Balneario-Camboriu_1761017614241-1024x576.jpg 1024w, https:\/\/www.correiobraziliense.com.br\/cbradar\/wp-content\/uploads\/2025\/10\/Balneario-Camboriu_1761017614241-300x169.jpg 300w, https:\/\/www.correiobraziliense.com.br\/cbradar\/wp-content\/uploads\/2025\/10\/Balneario-Camboriu_1761017614241-768x432.jpg 768w, https:\/\/www.correiobraziliense.com.br\/cbradar\/wp-content\/uploads\/2025\/10\/Balneario-Camboriu_1761017614241-750x422.jpg 750w, https:\/\/www.correiobraziliense.com.br\/cbradar\/wp-content\/uploads\/2025\/10\/Balneario-Camboriu_1761017614241-1140x641.jpg 1140w, https:\/\/www.correiobraziliense.com.br\/cbradar\/wp-content\/uploads\/2025\/10\/Balneario-Camboriu_1761017614241.jpg 1280w\" sizes=\"(max-width: 1024px) 100vw, 1024px\" \/><figcaption class=\"wp-element-caption\">Balne\u00e1rio Cambori\u00fa \u00e9 um destino tur\u00edstico famoso em Santa Catarina, conhecido por suas praias urbanas. \/\/ Cr\u00e9ditos: depositphotos.com \/ Keola<\/figcaption><\/figure><\/div>\n\n\n<h2 class=\"wp-block-heading\">Por que tanta gente escolhe BC para morar?<\/h2>\n\n\n\n<p>Os n\u00fameros explicam. Segundo o <a href=\"https:\/\/www.ibge.gov.br\/cidades-e-estados\/sc\/balneario-camboriu.html\" target=\"_blank\" rel=\"noreferrer noopener\"><strong>IBGE<\/strong><\/a>, a cidade tem 139 mil habitantes (Censo 2022), popula\u00e7\u00e3o estimada em 151 mil (2025) e IDHM de 0,845, o segundo mais alto de Santa Catarina e entre os cinco maiores do Brasil. <strong>O crescimento populacional foi de quase 29% <\/strong>entre os dois \u00faltimos censos, com ritmo anual acima de 2%.<\/p>\n\n\n\n<p>A cidade lidera o ranking nacional do metro quadrado mais caro: R$ 14.906 em dezembro de 2025, segundo o <strong>\u00cdndice FipeZAP<\/strong>, \u00e0 frente de S\u00e3o Paulo e Rio de Janeiro. Esse valor reflete a escassez de terrenos na orla (restam menos de dez lotes de frente para o mar) e a demanda constante por im\u00f3veis de alto padr\u00e3o. Dado curioso: 45,2% dos moradores vivem em im\u00f3veis alugados, a maior propor\u00e7\u00e3o entre cidades com mais de 100 mil habitantes no pa\u00eds. Isso mostra que muita gente chega antes de comprar.<\/p>\n\n\n\n<p>Balne\u00e1rio Cambori\u00fa, em Santa Catarina, \u00e9 uma das cidades mais ic\u00f3nicas do Brasil, conhecida mundialmente pelo seu Skyline imponente e pela alcunha de <strong>&#8220;Dubai Brasileira&#8221;<\/strong>. O v\u00eddeo \u00e9 do canal <strong>Cidades &amp; Cia<\/strong>, que conta com mais de <strong>240 mil inscritos<\/strong>, e apresenta um guia detalhado sobre esta cidade surpreendente:<\/p>\n\n\n\n<figure class=\"wp-block-embed aligncenter is-type-video is-provider-youtube wp-block-embed-youtube wp-embed-aspect-16-9 wp-has-aspect-ratio\"><div class=\"wp-block-embed__wrapper\">\n<div class=\"jeg_video_container jeg_video_content\"><iframe loading=\"lazy\" title=\"CONHE\u00c7A A BEL\u00cdSSIMA BALNE\u00c1RIO CAMBORI\u00da EM SANTA CATARINA, UMA CIDADE SURPREENDENTE!\" width=\"500\" height=\"281\" src=\"https:\/\/www.youtube.com\/embed\/TKWA2TP6zeo?feature=oembed\" frameborder=\"0\" allow=\"accelerometer; autoplay; clipboard-write; encrypted-media; gyroscope; picture-in-picture; web-share\" referrerpolicy=\"strict-origin-when-cross-origin\" allowfullscreen><\/iframe><\/div>\n<\/div><\/figure>\n\n\n\n<h2 class=\"wp-block-heading\">Como \u00e9 o dia a dia de quem mora na orla?<\/h2>\n\n\n\n<p>A rotina em BC mistura praia e cidade grande. A <strong>Praia Central<\/strong>, com quase 7 km de extens\u00e3o, recebeu alargamento da faixa de areia em 2021 e ganhou mais espa\u00e7o para caminhada e esportes. A <strong>Avenida Atl\u00e2ntica<\/strong> concentra restaurantes, caf\u00e9s e o cal\u00e7ad\u00e3o que acompanha toda a orla. Na <strong>Barra Norte<\/strong>, o <strong>Deck do Pontal Norte<\/strong> (800 metros de passarela sobre o mar) virou ponto de encontro para moradores.<\/p>\n\n\n\n<p>A infraestrutura acompanha o crescimento. BC conta com hospitais, escolas p\u00fablicas e privadas bem avaliadas, cinco shopping centers e transporte urbano integrado pela <strong>BR-101<\/strong>. O aeroporto mais pr\u00f3ximo \u00e9 o de <strong>Navegantes<\/strong>, a 35 km (14 km via balsa). <strong>Florian\u00f3polis<\/strong> fica a 85 km. A seguran\u00e7a \u00e9 outro ponto que pesa na decis\u00e3o de morar: a cidade aparece entre as mais seguras de Santa Catarina no ranking <strong>Connected Smart Cities<\/strong>.<\/p>\n\n\n<div class=\"wp-block-image\">\n<figure class=\"aligncenter size-large\"><img decoding=\"async\" width=\"1024\" height=\"576\" src=\"https:\/\/www.correiobraziliense.com.br\/cbradar\/wp-content\/uploads\/2025\/06\/Balneario-Camboriu_1750468947713-1024x576.jpg\" alt=\"A \u201cDubai brasileira\u201d a 80 km de Florian\u00f3polis \u00e9 l\u00edder em qualidade de vida e abriga o metro quadrado mais valorizado do pa\u00eds\" class=\"wp-image-56622\" srcset=\"https:\/\/www.correiobraziliense.com.br\/cbradar\/wp-content\/uploads\/2025\/06\/Balneario-Camboriu_1750468947713-1024x576.jpg 1024w, https:\/\/www.correiobraziliense.com.br\/cbradar\/wp-content\/uploads\/2025\/06\/Balneario-Camboriu_1750468947713-300x169.jpg 300w, https:\/\/www.correiobraziliense.com.br\/cbradar\/wp-content\/uploads\/2025\/06\/Balneario-Camboriu_1750468947713-768x432.jpg 768w, https:\/\/www.correiobraziliense.com.br\/cbradar\/wp-content\/uploads\/2025\/06\/Balneario-Camboriu_1750468947713-750x422.jpg 750w, https:\/\/www.correiobraziliense.com.br\/cbradar\/wp-content\/uploads\/2025\/06\/Balneario-Camboriu_1750468947713-1140x641.jpg 1140w, https:\/\/www.correiobraziliense.com.br\/cbradar\/wp-content\/uploads\/2025\/06\/Balneario-Camboriu_1750468947713.jpg 1280w\" sizes=\"(max-width: 1024px) 100vw, 1024px\" \/><figcaption class=\"wp-element-caption\">Balne\u00e1rio Cambori\u00fa \u00e9 um dos destinos tur\u00edsticos mais procurados do Brasil, famoso por suas praias e arranha-c\u00e9us. \/\/ Cr\u00e9ditos: depositphotos.com \/ sergio_pulp<\/figcaption><\/figure><\/div>\n\n\n<h2 class=\"wp-block-heading\">O que fazer em Balne\u00e1rio Cambori\u00fa al\u00e9m da praia?<\/h2>\n\n\n\n<p>A cidade tem uma densidade de atra\u00e7\u00f5es rara para o litoral brasileiro. Da adrenalina ao contemplativo, algumas paradas para moradores e visitantes:<\/p>\n\n\n\n<ul class=\"wp-block-list\">\n<li><strong>Parque Unipraias<\/strong>: 47 bondinhos a\u00e9reos ligam a Barra Sul \u00e0 Praia de Laranjeiras, passando pela Esta\u00e7\u00e3o Mata Atl\u00e2ntica. Inclui tirolesa ZipRider (750 metros) e tren\u00f3 de montanha Youhooo.<\/li>\n\n\n\n<li><strong>Cristo Luz<\/strong>: monumento de 33 metros no topo de um morro a 150 metros de altura, com restaurante, bar e shows ao vivo. \u00c0 noite, a ilumina\u00e7\u00e3o colorida \u00e9 vis\u00edvel de toda a Praia Central.<\/li>\n\n\n\n<li><strong>Roda-gigante Big Wheel<\/strong>: na Barra Norte, com cabines climatizadas e vista panor\u00e2mica da orla. Passeio de 20 minutos, especialmente bonito ao p\u00f4r do sol.<\/li>\n\n\n\n<li><strong>Praias agrestes pela Rodovia Interpraias<\/strong>: Taquaras, Taquarinhas, Estaleiro e Estaleirinho, com mata preservada e \u00e1guas cristalinas, longe da agita\u00e7\u00e3o do centro.<\/li>\n\n\n\n<li><strong>Oceanic Aquarium<\/strong>: mais de 130 esp\u00e9cies em 30 habitats, na Barra Sul. Programa para dias de chuva ou para fam\u00edlias com crian\u00e7as.<\/li>\n<\/ul>\n\n\n<div class=\"wp-block-image\">\n<figure class=\"aligncenter size-large\"><img decoding=\"async\" width=\"1024\" height=\"576\" src=\"https:\/\/www.correiobraziliense.com.br\/cbradar\/wp-content\/uploads\/2025\/02\/Balneario-Camboriu_1739517788752-1024x576.jpg\" alt=\"Cresce 29% o n\u00famero de brasileiros se mudando para essa cidade de Santa Catarina com alta qualidade de vida pertinho do mar\" class=\"wp-image-2709\" srcset=\"https:\/\/www.correiobraziliense.com.br\/cbradar\/wp-content\/uploads\/2025\/02\/Balneario-Camboriu_1739517788752-1024x576.jpg 1024w, https:\/\/www.correiobraziliense.com.br\/cbradar\/wp-content\/uploads\/2025\/02\/Balneario-Camboriu_1739517788752-300x169.jpg 300w, https:\/\/www.correiobraziliense.com.br\/cbradar\/wp-content\/uploads\/2025\/02\/Balneario-Camboriu_1739517788752-768x432.jpg 768w, https:\/\/www.correiobraziliense.com.br\/cbradar\/wp-content\/uploads\/2025\/02\/Balneario-Camboriu_1739517788752-750x422.jpg 750w, https:\/\/www.correiobraziliense.com.br\/cbradar\/wp-content\/uploads\/2025\/02\/Balneario-Camboriu_1739517788752-1140x641.jpg 1140w, https:\/\/www.correiobraziliense.com.br\/cbradar\/wp-content\/uploads\/2025\/02\/Balneario-Camboriu_1739517788752.jpg 1280w\" sizes=\"(max-width: 1024px) 100vw, 1024px\" \/><figcaption class=\"wp-element-caption\">Com mar azul e energia vibrante, Balne\u00e1rio Cambori\u00fa inspira quem busca viver com qualidade e estilo. \/\/ Cr\u00e9ditos: depositphotos.com \/ diegograndi<\/figcaption><\/figure><\/div>\n\n\n<p><strong>Leia tamb\u00e9m: <a href=\"https:\/\/www.correiobraziliense.com.br\/cbradar\/com-qualidade-de-vida-muito-alta-e-33-ilhas-esta-capital-e-a-2a-melhor-do-brasil-para-viver-e-lidera-em-saude-e-inovacao-hoje\/\" target=\"_blank\" rel=\"noreferrer noopener\">Com qualidade de vida muito alta e 33 ilhas, esta capital \u00e9 a 2\u00aa melhor do Brasil para viver e hoje lidera em sa\u00fade e inova\u00e7\u00e3o.<\/a><\/strong><\/p>\n\n\n\n<h2 class=\"wp-block-heading\">Quando o clima favorece a vida em BC?<\/h2>\n\n\n\n<p><strong>O ver\u00e3o \u00e9 quente e lotado, com a popula\u00e7\u00e3o saltando de 150 mil para quase 2 milh\u00f5es. <\/strong>O inverno \u00e9 mais tranquilo e ameno, ideal para quem mora na cidade e quer aproveitar a orla sem multid\u00e3o.<\/p>\n\n\n<div class=\"wp-block-image\">\n<figure class=\"aligncenter size-full\"><img decoding=\"async\" width=\"1280\" height=\"466\" src=\"https:\/\/www.correiobraziliense.com.br\/cbradar\/wp-content\/uploads\/2026\/03\/convertido-38.jpg\" alt=\"\" class=\"wp-image-206795\" srcset=\"https:\/\/www.correiobraziliense.com.br\/cbradar\/wp-content\/uploads\/2026\/03\/convertido-38.jpg 1280w, https:\/\/www.correiobraziliense.com.br\/cbradar\/wp-content\/uploads\/2026\/03\/convertido-38-300x109.jpg 300w, https:\/\/www.correiobraziliense.com.br\/cbradar\/wp-content\/uploads\/2026\/03\/convertido-38-768x280.jpg 768w, https:\/\/www.correiobraziliense.com.br\/cbradar\/wp-content\/uploads\/2026\/03\/convertido-38-750x273.jpg 750w, https:\/\/www.correiobraziliense.com.br\/cbradar\/wp-content\/uploads\/2026\/03\/convertido-38-1140x415.jpg 1140w\" sizes=\"(max-width: 1280px) 100vw, 1280px\" \/><\/figure><\/div>\n\n\n<p><em>Temperaturas aproximadas com base no <a href=\"https:\/\/www.climatempo.com.br\/climatologia\/1176\/balneariocamboriu-sc\" target=\"_blank\" rel=\"noreferrer noopener\"><strong>Climatempo<\/strong><\/a>. Condi\u00e7\u00f5es podem variar.<\/em><\/p>\n\n\n\n<h2 class=\"wp-block-heading\">Como chegar \u00e0 Dubai brasileira?<\/h2>\n\n\n\n<p>O aeroporto mais pr\u00f3ximo \u00e9 o de <strong>Navegantes<\/strong>, a 35 km (ou 14 km via balsa pelo rio Itaja\u00ed). De <strong>Florian\u00f3polis<\/strong>, s\u00e3o 85 km pela BR-101, cerca de 1h15 de carro. De <strong>Curitiba<\/strong>, a dist\u00e2ncia \u00e9 de 200 km, aproximadamente 2h30. A BR-101 corta a regi\u00e3o e conecta BC ao litoral inteiro de Santa Catarina.<\/p>\n\n\n\n<h2 class=\"wp-block-heading\">A cidade que cresce para o alto e atrai o Brasil inteiro<\/h2>\n\n\n\n<p><strong>Balne\u00e1rio Cambori\u00fa \u00e9 rara porque junta litoral, infraestrutura de cidade grande e indicadores sociais que rivalizam com as melhores capitais do pa\u00eds.<\/strong> O crescimento vertical n\u00e3o para, mas a orla, as praias agrestes e a vida de bairro continuam ali, a poucos passos dos arranha-c\u00e9us.<\/p>\n\n\n\n<p>Voc\u00ea precisa caminhar pela Avenida Atl\u00e2ntica ao fim da tarde, olhar para cima e entender por que tanta gente decidiu trocar o endere\u00e7o antigo por um CEP de frente para o mar em Santa Catarina.<\/p>\n","protected":false},"excerpt":{"rendered":"<p>Entre o mar e uma muralha de arranha-c\u00e9us que s\u00f3 cresce, Balne\u00e1rio Cambori\u00fa virou sin\u00f4nimo de morar bem no litoral sul. A cidade de 45 km\u00b2 no norte de Santa Catarina abriga seis dos dez pr\u00e9dios mais altos do pa\u00eds, recebe at\u00e9 2 milh\u00f5es de visitantes por ver\u00e3o e segue atraindo brasileiros de todos os [&hellip;]<\/p>\n","protected":false},"author":8,"featured_media":56621,"comment_status":"open","ping_status":"open","sticky":false,"template":"","format":"standard","meta":{"_yoast_wpseo_focuskw":"santa catarina","_yoast_wpseo_title":"","_yoast_wpseo_metadesc":"Cidade de Santa Catarina pr\u00f3xima ao mar registra aumento de 29% na chegada de novos moradores, atra\u00eddos pela qualidade de vida.","jnews-multi-image_gallery":[],"jnews_single_post":{"format":"standard"},"jnews_primary_category":[],"jnews_social_meta":[],"jnews_override_counter":[],"footnotes":""},"categories":[108,111],"post_tag":[700,851],"class_list":["post-206679","post","type-post","status-publish","format-standard","has-post-thumbnail","hentry","category-cidades","category-turismo","tag-balneario-camboriu","tag-santa-catarina"],"yoast_head":"<!-- This site is optimized with the Yoast SEO plugin v24.6 - https:\/\/yoast.com\/wordpress\/plugins\/seo\/ -->\n<title>Cresce 29% o n\u00famero de brasileiros se mudando para essa cidade de Santa Catarina com alta qualidade de vida pertinho do mar - Correio Braziliense - Radar<\/title>\n<meta name=\"description\" content=\"Cidade de Santa Catarina pr\u00f3xima ao mar registra aumento de 29% na chegada de novos moradores, atra\u00eddos pela qualidade de vida.\" \/>\n<meta name=\"robots\" content=\"index, follow, max-snippet:-1, max-image-preview:large, max-video-preview:-1\" \/>\n<link rel=\"canonical\" href=\"https:\/\/www.correiobraziliense.com.br\/cbradar\/cresce-29-o-numero-de-brasileiros-se-mudando-para-essa-cidade-de-santa-catarina-com-alta-qualidade-de-vida-pertinho-do-mar\/\" \/>\n<meta property=\"og:locale\" content=\"pt_BR\" \/>\n<meta property=\"og:type\" content=\"article\" \/>\n<meta property=\"og:title\" content=\"Cresce 29% o n\u00famero de brasileiros se mudando para essa cidade de Santa Catarina com alta qualidade de vida pertinho do mar - Correio Braziliense - Radar\" \/>\n<meta property=\"og:description\" content=\"Cidade de Santa Catarina pr\u00f3xima ao mar registra aumento de 29% na chegada de novos moradores, atra\u00eddos pela qualidade de vida.\" \/>\n<meta property=\"og:url\" content=\"https:\/\/www.correiobraziliense.com.br\/cbradar\/cresce-29-o-numero-de-brasileiros-se-mudando-para-essa-cidade-de-santa-catarina-com-alta-qualidade-de-vida-pertinho-do-mar\/\" \/>\n<meta property=\"og:site_name\" content=\"Correio Braziliense - Radar\" \/>\n<meta property=\"article:published_time\" content=\"2026-03-12T18:25:00+00:00\" \/>\n<meta property=\"og:image\" content=\"https:\/\/www.correiobraziliense.com.br\/cbradar\/wp-content\/uploads\/2025\/06\/Balneario-Camboriu_1750468924535.jpg\" \/>\n\t<meta property=\"og:image:width\" content=\"1280\" \/>\n\t<meta property=\"og:image:height\" content=\"720\" \/>\n\t<meta property=\"og:image:type\" content=\"image\/jpeg\" \/>\n<meta name=\"author\" content=\"Maura Pereira\" \/>\n<meta name=\"twitter:card\" content=\"summary_large_image\" \/>\n<meta name=\"twitter:label1\" content=\"Escrito por\" \/>\n\t<meta name=\"twitter:data1\" content=\"Maura Pereira\" \/>\n\t<meta name=\"twitter:label2\" content=\"Est. tempo de leitura\" \/>\n\t<meta name=\"twitter:data2\" content=\"7 minutos\" \/>\n<!-- \/ Yoast SEO plugin. -->","yoast_head_json":{"title":"Cresce 29% o n\u00famero de brasileiros se mudando para essa cidade de Santa Catarina com alta qualidade de vida pertinho do mar - Correio Braziliense - Radar","description":"Cidade de Santa Catarina pr\u00f3xima ao mar registra aumento de 29% na chegada de novos moradores, atra\u00eddos pela qualidade de vida.","robots":{"index":"index","follow":"follow","max-snippet":"max-snippet:-1","max-image-preview":"max-image-preview:large","max-video-preview":"max-video-preview:-1"},"canonical":"https:\/\/www.correiobraziliense.com.br\/cbradar\/cresce-29-o-numero-de-brasileiros-se-mudando-para-essa-cidade-de-santa-catarina-com-alta-qualidade-de-vida-pertinho-do-mar\/","og_locale":"pt_BR","og_type":"article","og_title":"Cresce 29% o n\u00famero de brasileiros se mudando para essa cidade de Santa Catarina com alta qualidade de vida pertinho do mar - Correio Braziliense - Radar","og_description":"Cidade de Santa Catarina pr\u00f3xima ao mar registra aumento de 29% na chegada de novos moradores, atra\u00eddos pela qualidade de vida.","og_url":"https:\/\/www.correiobraziliense.com.br\/cbradar\/cresce-29-o-numero-de-brasileiros-se-mudando-para-essa-cidade-de-santa-catarina-com-alta-qualidade-de-vida-pertinho-do-mar\/","og_site_name":"Correio Braziliense - Radar","article_published_time":"2026-03-12T18:25:00+00:00","og_image":[{"width":1280,"height":720,"url":"https:\/\/www.correiobraziliense.com.br\/cbradar\/wp-content\/uploads\/2025\/06\/Balneario-Camboriu_1750468924535.jpg","type":"image\/jpeg"}],"author":"Maura Pereira","twitter_card":"summary_large_image","twitter_misc":{"Escrito por":"Maura Pereira","Est. tempo de leitura":"7 minutos"},"schema":{"@context":"https:\/\/schema.org","@graph":[{"@type":"WebPage","@id":"https:\/\/www.correiobraziliense.com.br\/cbradar\/cresce-29-o-numero-de-brasileiros-se-mudando-para-essa-cidade-de-santa-catarina-com-alta-qualidade-de-vida-pertinho-do-mar\/","url":"https:\/\/www.correiobraziliense.com.br\/cbradar\/cresce-29-o-numero-de-brasileiros-se-mudando-para-essa-cidade-de-santa-catarina-com-alta-qualidade-de-vida-pertinho-do-mar\/","name":"Cresce 29% o n\u00famero de brasileiros se mudando para essa cidade de Santa Catarina com alta qualidade de vida pertinho do mar - Correio Braziliense - Radar","isPartOf":{"@id":"https:\/\/www.correiobraziliense.com.br\/cbradar\/#website"},"primaryImageOfPage":{"@id":"https:\/\/www.correiobraziliense.com.br\/cbradar\/cresce-29-o-numero-de-brasileiros-se-mudando-para-essa-cidade-de-santa-catarina-com-alta-qualidade-de-vida-pertinho-do-mar\/#primaryimage"},"image":{"@id":"https:\/\/www.correiobraziliense.com.br\/cbradar\/cresce-29-o-numero-de-brasileiros-se-mudando-para-essa-cidade-de-santa-catarina-com-alta-qualidade-de-vida-pertinho-do-mar\/#primaryimage"},"thumbnailUrl":"https:\/\/www.correiobraziliense.com.br\/cbradar\/wp-content\/uploads\/2025\/06\/Balneario-Camboriu_1750468924535.jpg","datePublished":"2026-03-12T18:25:00+00:00","author":{"@id":"https:\/\/www.correiobraziliense.com.br\/cbradar\/#\/schema\/person\/4053c651a9bfc785afc6f4cbc9032fd3"},"description":"Cidade de Santa Catarina pr\u00f3xima ao mar registra aumento de 29% na chegada de novos moradores, atra\u00eddos pela qualidade de vida.","breadcrumb":{"@id":"https:\/\/www.correiobraziliense.com.br\/cbradar\/cresce-29-o-numero-de-brasileiros-se-mudando-para-essa-cidade-de-santa-catarina-com-alta-qualidade-de-vida-pertinho-do-mar\/#breadcrumb"},"inLanguage":"pt-BR","potentialAction":[{"@type":"ReadAction","target":["https:\/\/www.correiobraziliense.com.br\/cbradar\/cresce-29-o-numero-de-brasileiros-se-mudando-para-essa-cidade-de-santa-catarina-com-alta-qualidade-de-vida-pertinho-do-mar\/"]}]},{"@type":"ImageObject","inLanguage":"pt-BR","@id":"https:\/\/www.correiobraziliense.com.br\/cbradar\/cresce-29-o-numero-de-brasileiros-se-mudando-para-essa-cidade-de-santa-catarina-com-alta-qualidade-de-vida-pertinho-do-mar\/#primaryimage","url":"https:\/\/www.correiobraziliense.com.br\/cbradar\/wp-content\/uploads\/2025\/06\/Balneario-Camboriu_1750468924535.jpg","contentUrl":"https:\/\/www.correiobraziliense.com.br\/cbradar\/wp-content\/uploads\/2025\/06\/Balneario-Camboriu_1750468924535.jpg","width":1280,"height":720,"caption":"A cidade possui infraestrutura moderna, arranha-c\u00e9us \u00e0 beira-mar e op\u00e7\u00f5es de lazer variadas. \/\/ Cr\u00e9ditos: depositphotos.com \/ sergio_pulp"},{"@type":"BreadcrumbList","@id":"https:\/\/www.correiobraziliense.com.br\/cbradar\/cresce-29-o-numero-de-brasileiros-se-mudando-para-essa-cidade-de-santa-catarina-com-alta-qualidade-de-vida-pertinho-do-mar\/#breadcrumb","itemListElement":[{"@type":"ListItem","position":1,"name":"In\u00edcio","item":"https:\/\/www.correiobraziliense.com.br\/cbradar\/"},{"@type":"ListItem","position":2,"name":"Cresce 29% o n\u00famero de brasileiros se mudando para essa cidade de Santa Catarina com alta qualidade de vida pertinho do mar"}]},{"@type":"WebSite","@id":"https:\/\/www.correiobraziliense.com.br\/cbradar\/#website","url":"https:\/\/www.correiobraziliense.com.br\/cbradar\/","name":"Correio Braziliense - Radar","description":"Acompanhe as \u00faltimas not\u00edcias e fique bem informado sobre tudo o que acontece no Brasil e no mundo.","potentialAction":[{"@type":"SearchAction","target":{"@type":"EntryPoint","urlTemplate":"https:\/\/www.correiobraziliense.com.br\/cbradar\/?s={search_term_string}"},"query-input":{"@type":"PropertyValueSpecification","valueRequired":true,"valueName":"search_term_string"}}],"inLanguage":"pt-BR"},{"@type":"Person","@id":"https:\/\/www.correiobraziliense.com.br\/cbradar\/#\/schema\/person\/4053c651a9bfc785afc6f4cbc9032fd3","name":"Maura Pereira","image":{"@type":"ImageObject","inLanguage":"pt-BR","@id":"https:\/\/www.correiobraziliense.com.br\/cbradar\/#\/schema\/person\/image\/","url":"https:\/\/secure.gravatar.com\/avatar\/3effd6bdadfa447f15089c7f7144eaa6?s=96&d=mm&r=g","contentUrl":"https:\/\/secure.gravatar.com\/avatar\/3effd6bdadfa447f15089c7f7144eaa6?s=96&d=mm&r=g","caption":"Maura Pereira"},"sameAs":["https:\/\/www.correiobraziliense.com.br\/"],"url":"https:\/\/www.correiobraziliense.com.br\/cbradar\/author\/mauramyth\/"}]}},"_links":{"self":[{"href":"https:\/\/www.correiobraziliense.com.br\/cbradar\/wp-json\/wp\/v2\/posts\/206679","targetHints":{"allow":["GET"]}}],"collection":[{"href":"https:\/\/www.correiobraziliense.com.br\/cbradar\/wp-json\/wp\/v2\/posts"}],"about":[{"href":"https:\/\/www.correiobraziliense.com.br\/cbradar\/wp-json\/wp\/v2\/types\/post"}],"author":[{"embeddable":true,"href":"https:\/\/www.correiobraziliense.com.br\/cbradar\/wp-json\/wp\/v2\/users\/8"}],"replies":[{"embeddable":true,"href":"https:\/\/www.correiobraziliense.com.br\/cbradar\/wp-json\/wp\/v2\/comments?post=206679"}],"version-history":[{"count":5,"href":"https:\/\/www.correiobraziliense.com.br\/cbradar\/wp-json\/wp\/v2\/posts\/206679\/revisions"}],"predecessor-version":[{"id":206799,"href":"https:\/\/www.correiobraziliense.com.br\/cbradar\/wp-json\/wp\/v2\/posts\/206679\/revisions\/206799"}],"wp:featuredmedia":[{"embeddable":true,"href":"https:\/\/www.correiobraziliense.com.br\/cbradar\/wp-json\/wp\/v2\/media\/56621"}],"wp:attachment":[{"href":"https:\/\/www.correiobraziliense.com.br\/cbradar\/wp-json\/wp\/v2\/media?parent=206679"}],"wp:term":[{"taxonomy":"category","embeddable":true,"href":"https:\/\/www.correiobraziliense.com.br\/cbradar\/wp-json\/wp\/v2\/categories?post=206679"},{"taxonomy":"post_tag","embeddable":true,"href":"https:\/\/www.correiobraziliense.com.br\/cbradar\/wp-json\/wp\/v2\/post_tag?post=206679"}],"curies":[{"name":"wp","href":"https:\/\/api.w.org\/{rel}","templated":true}]}}