{"id":206724,"date":"2026-03-12T06:15:20","date_gmt":"2026-03-12T09:15:20","guid":{"rendered":"https:\/\/www.correiobraziliense.com.br\/cbradar\/?p=206724"},"modified":"2026-03-11T15:51:59","modified_gmt":"2026-03-11T18:51:59","slug":"uma-fruta-comum-pode-ajudar-a-pele-o-intestino-e-ainda-matar-a-vontade-de-comer-doce","status":"publish","type":"post","link":"https:\/\/www.correiobraziliense.com.br\/cbradar\/uma-fruta-comum-pode-ajudar-a-pele-o-intestino-e-ainda-matar-a-vontade-de-comer-doce\/","title":{"rendered":"Uma fruta comum pode ajudar a pele, o intestino e ainda matar a vontade de comer doce"},"content":{"rendered":"\n<p>Imagine abrir a geladeira num dia quente e encontrar uma <b>goiaba vermelha<\/b> bem madura, perfumada, pronta para ser saboreada. Al\u00e9m de matar a vontade de comer um <b>doce natural<\/b>, essa fruta simples e acess\u00edvel pode fazer muito pela sua sa\u00fade, principalmente se aparecer com frequ\u00eancia no seu prato.<\/p>\n\n\n\n<h2 class=\"wp-block-heading\">O que torna a goiaba vermelha uma fruta t\u00e3o especial para a sa\u00fade<\/h2>\n\n\n\n<p>A <b>goiaba vermelha<\/b> vem ganhando espa\u00e7o n\u00e3o s\u00f3 pelo sabor adocicado, mas por ser vista como uma fruta funcional, que ajuda a <b>cuidar do corpo<\/b> no dia a dia. A cor intensa da polpa n\u00e3o \u00e9 por acaso: ela indica a presen\u00e7a de carotenoides, como o licopeno, al\u00e9m de vitamina C, fibras e minerais como o pot\u00e1ssio.<\/p>\n\n\n\n<p>O <b>licopeno<\/b> e a vitamina C formam uma dupla poderosa de prote\u00e7\u00e3o das c\u00e9lulas, ajudando a reduzir os efeitos do chamado \u201cdesgaste natural\u201d do organismo. J\u00e1 as <b>fibras da casca<\/b> e da polpa ajudam no intestino, aumentam a sensa\u00e7\u00e3o de saciedade e podem at\u00e9 colaborar no controle do peso quando combinadas com uma alimenta\u00e7\u00e3o equilibrada.<\/p>\n\n\n<div class=\"wp-block-image\">\n<figure class=\"aligncenter size-large\"><img decoding=\"async\" width=\"1024\" height=\"576\" src=\"https:\/\/www.correiobraziliense.com.br\/cbradar\/wp-content\/uploads\/2026\/01\/unnamed-22-1-1024x576.jpg\" alt=\"\" class=\"wp-image-167886\" srcset=\"https:\/\/www.correiobraziliense.com.br\/cbradar\/wp-content\/uploads\/2026\/01\/unnamed-22-1-1024x576.jpg 1024w, https:\/\/www.correiobraziliense.com.br\/cbradar\/wp-content\/uploads\/2026\/01\/unnamed-22-1-300x169.jpg 300w, https:\/\/www.correiobraziliense.com.br\/cbradar\/wp-content\/uploads\/2026\/01\/unnamed-22-1-768x432.jpg 768w, https:\/\/www.correiobraziliense.com.br\/cbradar\/wp-content\/uploads\/2026\/01\/unnamed-22-1-750x422.jpg 750w, https:\/\/www.correiobraziliense.com.br\/cbradar\/wp-content\/uploads\/2026\/01\/unnamed-22-1-1140x641.jpg 1140w, https:\/\/www.correiobraziliense.com.br\/cbradar\/wp-content\/uploads\/2026\/01\/unnamed-22-1.jpg 1280w\" sizes=\"(max-width: 1024px) 100vw, 1024px\" \/><figcaption class=\"wp-element-caption\">A fruta \u00e9 conhecida especialmente pela grande quantidade de vitamina C<\/figcaption><\/figure><\/div>\n\n\n<p>Leia tamb\u00e9m:&nbsp;<a href=\"https:\/\/www.correiobraziliense.com.br\/cbradar\/a-folha-verde-que-muita-gente-ignora-na-feira-pode-ajudar-o-intestino-e-ainda-e-facil-de-plantar-em-casa\/\" target=\"_blank\" rel=\"noopener\">A folha verde que muita gente ignora na feira pode ajudar o intestino e ainda \u00e9 f\u00e1cil de plantar em casa<\/a><\/p>\n\n\n\n<h2 class=\"wp-block-heading\">Como os antioxidantes da goiaba vermelha agem no organismo<\/h2>\n\n\n\n<p>No dia a dia, o corpo produz <b>radicais livres<\/b>, subst\u00e2ncias ligadas ao envelhecimento precoce das c\u00e9lulas e a pequenos danos internos. Os <b>antioxidantes naturais<\/b> da goiaba vermelha ajudam a \u201cequilibrar esse jogo\u201d, contribuindo para que esses radicais n\u00e3o se acumulem em excesso.<\/p>\n\n\n\n<p>Na goiaba vermelha, alguns componentes se destacam pela a\u00e7\u00e3o combinada no organismo:<\/p>\n\n\n\n<ul class=\"wp-block-list\">\n<li><strong>Licopeno<\/strong>: pigmento avermelhado associado \u00e0 prote\u00e7\u00e3o das c\u00e9lulas;<\/li>\n\n\n\n<li><strong>Vitamina C<\/strong>: antioxidante importante e ligada \u00e0 forma\u00e7\u00e3o de col\u00e1geno;<\/li>\n\n\n\n<li><strong>Compostos fen\u00f3licos<\/strong>: ajudam a complementar o efeito protetor;<\/li>\n\n\n\n<li><strong>Fibras alimentares<\/strong>: favorecem a sa\u00fade intestinal e o bem-estar geral.<\/li>\n<\/ul>\n\n\n\n<h2 class=\"wp-block-heading\">De que forma a goiaba vermelha pode ajudar na sa\u00fade da pele<\/h2>\n\n\n\n<p>Quem busca uma <b>pele mais firme<\/b> e bem cuidada costuma pensar logo em cremes e tratamentos, mas a alimenta\u00e7\u00e3o tamb\u00e9m faz diferen\u00e7a. A rela\u00e7\u00e3o entre goiaba vermelha e sa\u00fade da pele aparece principalmente por causa do licopeno e da vitamina C, que participam de processos ligados \u00e0 estrutura e <b>renova\u00e7\u00e3o cut\u00e2nea<\/b>. Se voc\u00ea gosta de ouvir especialistas, separamos esse v\u00eddeo do canal da <a href=\"https:\/\/www.youtube.com\/@AngelaXavier\" target=\"_blank\" rel=\"noreferrer noopener\">Angela Xavier<\/a> mostrando com mais detalhes os benef\u00edcios dessa fruta:<\/p>\n\n\n\n<figure class=\"wp-block-embed is-type-video is-provider-youtube wp-block-embed-youtube wp-embed-aspect-16-9 wp-has-aspect-ratio\"><div class=\"wp-block-embed__wrapper\">\n<div class=\"jeg_video_container jeg_video_content\"><iframe loading=\"lazy\" title=\"O que a goiaba tem a ver com diabetes, sistema nervoso, sistema intestinal e com inflama\u00e7\u00f5es?\" width=\"500\" height=\"281\" src=\"https:\/\/www.youtube.com\/embed\/cH_hDBDwCFk?feature=oembed\" frameborder=\"0\" allow=\"accelerometer; autoplay; clipboard-write; encrypted-media; gyroscope; picture-in-picture; web-share\" referrerpolicy=\"strict-origin-when-cross-origin\" allowfullscreen><\/iframe><\/div>\n<\/div><\/figure>\n\n\n\n<p>A <b>vitamina C<\/b> ajuda na produ\u00e7\u00e3o de col\u00e1geno, prote\u00edna que d\u00e1 sustenta\u00e7\u00e3o \u00e0 pele, enquanto o <b>licopeno<\/b> atua como um \u201cescudo\u201d contra danos causados pelos radicais livres. Somado a isso, o consumo de frutas ricas em \u00e1gua contribui para a hidrata\u00e7\u00e3o geral do corpo, complementando cuidados como sono adequado, uso de protetor solar e evitar o cigarro.<\/p>\n\n\n\n<h2 class=\"wp-block-heading\">Como incluir a goiaba vermelha no dia a dia de maneira simples e equilibrada<\/h2>\n\n\n\n<p>Colocar a <b>goiaba vermelha<\/b> na rotina n\u00e3o precisa ser complicado: ela \u00e9 f\u00e1cil de encontrar em feiras e mercados e pode ser consumida o ano inteiro em muitas regi\u00f5es. De prefer\u00eancia, vale apostar na fruta in natura, bem lavada e com casca, para aproveitar melhor <b>fibras e vitaminas<\/b>.<\/p>\n\n\n\n<p>Ela combina com caf\u00e9s da manh\u00e3, lanches e at\u00e9 receitas mais criativas, desde que o a\u00e7\u00facar e as gorduras n\u00e3o sejam exagerados. Alguns jeitos pr\u00e1ticos de usar a goiaba vermelha incluem sucos, vitaminas, saladas de frutas, geleias caseiras com pouco a\u00e7\u00facar e at\u00e9 bolos simples, ajudando a deixar o card\u00e1pio mais <b>colorido e nutritivo<\/b> sem perder o <b>prazer<\/b> de comer bem.<\/p>\n","protected":false},"excerpt":{"rendered":"<p>Imagine abrir a geladeira num dia quente e encontrar uma goiaba vermelha bem madura, perfumada, pronta para ser saboreada. Al\u00e9m de matar a vontade de comer um doce natural, essa fruta simples e acess\u00edvel pode fazer muito pela sua sa\u00fade, principalmente se aparecer com frequ\u00eancia no seu prato. O que torna a goiaba vermelha uma [&hellip;]<\/p>\n","protected":false},"author":9,"featured_media":207022,"comment_status":"open","ping_status":"open","sticky":false,"template":"","format":"standard","meta":{"_yoast_wpseo_focuskw":"benef\u00edcios da goiaba","_yoast_wpseo_title":"","_yoast_wpseo_metadesc":"Uma fruta vermelha comum na feira re\u00fane antioxidantes, fibras e vitaminas que podem ajudar a proteger o corpo e melhorar o bem-estar.","jnews-multi-image_gallery":[],"jnews_single_post":{"format":"standard"},"jnews_primary_category":[],"jnews_social_meta":[],"jnews_override_counter":[],"footnotes":""},"categories":[119,4404],"post_tag":[13183,615,918],"class_list":["post-206724","post","type-post","status-publish","format-standard","has-post-thumbnail","hentry","category-bem-estar","category-saude","tag-beneficios-da-goiaba","tag-fruta","tag-goiaba"],"yoast_head":"<!-- This site is optimized with the Yoast SEO plugin v24.6 - https:\/\/yoast.com\/wordpress\/plugins\/seo\/ -->\n<title>Uma fruta comum pode ajudar a pele, o intestino e ainda matar a vontade de comer doce - Correio Braziliense - Radar<\/title>\n<meta name=\"description\" content=\"Uma fruta vermelha comum na feira re\u00fane antioxidantes, fibras e vitaminas que podem ajudar a proteger o corpo e melhorar o bem-estar.\" \/>\n<meta name=\"robots\" content=\"index, follow, max-snippet:-1, max-image-preview:large, max-video-preview:-1\" \/>\n<link rel=\"canonical\" href=\"https:\/\/www.correiobraziliense.com.br\/cbradar\/uma-fruta-comum-pode-ajudar-a-pele-o-intestino-e-ainda-matar-a-vontade-de-comer-doce\/\" \/>\n<meta property=\"og:locale\" content=\"pt_BR\" \/>\n<meta property=\"og:type\" content=\"article\" \/>\n<meta property=\"og:title\" content=\"Uma fruta comum pode ajudar a pele, o intestino e ainda matar a vontade de comer doce - Correio Braziliense - Radar\" \/>\n<meta property=\"og:description\" content=\"Uma fruta vermelha comum na feira re\u00fane antioxidantes, fibras e vitaminas que podem ajudar a proteger o corpo e melhorar o bem-estar.\" \/>\n<meta property=\"og:url\" content=\"https:\/\/www.correiobraziliense.com.br\/cbradar\/uma-fruta-comum-pode-ajudar-a-pele-o-intestino-e-ainda-matar-a-vontade-de-comer-doce\/\" \/>\n<meta property=\"og:site_name\" content=\"Correio Braziliense - Radar\" \/>\n<meta property=\"article:published_time\" content=\"2026-03-12T09:15:20+00:00\" \/>\n<meta property=\"og:image\" content=\"https:\/\/www.correiobraziliense.com.br\/cbradar\/wp-content\/uploads\/2026\/03\/freepik__goiaba-vermelha-madura-cortada-ao-meio-sobre-tbua-__62991.jpeg\" \/>\n\t<meta property=\"og:image:width\" content=\"1280\" \/>\n\t<meta property=\"og:image:height\" content=\"720\" \/>\n\t<meta property=\"og:image:type\" content=\"image\/jpeg\" \/>\n<meta name=\"author\" content=\"Daniely Cardoso\" \/>\n<meta name=\"twitter:card\" content=\"summary_large_image\" \/>\n<meta name=\"twitter:label1\" content=\"Escrito por\" \/>\n\t<meta name=\"twitter:data1\" content=\"Daniely Cardoso\" \/>\n\t<meta name=\"twitter:label2\" content=\"Est. tempo de leitura\" \/>\n\t<meta name=\"twitter:data2\" content=\"4 minutos\" \/>\n<!-- \/ Yoast SEO plugin. -->","yoast_head_json":{"title":"Uma fruta comum pode ajudar a pele, o intestino e ainda matar a vontade de comer doce - Correio Braziliense - Radar","description":"Uma fruta vermelha comum na feira re\u00fane antioxidantes, fibras e vitaminas que podem ajudar a proteger o corpo e melhorar o bem-estar.","robots":{"index":"index","follow":"follow","max-snippet":"max-snippet:-1","max-image-preview":"max-image-preview:large","max-video-preview":"max-video-preview:-1"},"canonical":"https:\/\/www.correiobraziliense.com.br\/cbradar\/uma-fruta-comum-pode-ajudar-a-pele-o-intestino-e-ainda-matar-a-vontade-de-comer-doce\/","og_locale":"pt_BR","og_type":"article","og_title":"Uma fruta comum pode ajudar a pele, o intestino e ainda matar a vontade de comer doce - Correio Braziliense - Radar","og_description":"Uma fruta vermelha comum na feira re\u00fane antioxidantes, fibras e vitaminas que podem ajudar a proteger o corpo e melhorar o bem-estar.","og_url":"https:\/\/www.correiobraziliense.com.br\/cbradar\/uma-fruta-comum-pode-ajudar-a-pele-o-intestino-e-ainda-matar-a-vontade-de-comer-doce\/","og_site_name":"Correio Braziliense - Radar","article_published_time":"2026-03-12T09:15:20+00:00","og_image":[{"width":1280,"height":720,"url":"https:\/\/www.correiobraziliense.com.br\/cbradar\/wp-content\/uploads\/2026\/03\/freepik__goiaba-vermelha-madura-cortada-ao-meio-sobre-tbua-__62991.jpeg","type":"image\/jpeg"}],"author":"Daniely Cardoso","twitter_card":"summary_large_image","twitter_misc":{"Escrito por":"Daniely Cardoso","Est. tempo de leitura":"4 minutos"},"schema":{"@context":"https:\/\/schema.org","@graph":[{"@type":"WebPage","@id":"https:\/\/www.correiobraziliense.com.br\/cbradar\/uma-fruta-comum-pode-ajudar-a-pele-o-intestino-e-ainda-matar-a-vontade-de-comer-doce\/","url":"https:\/\/www.correiobraziliense.com.br\/cbradar\/uma-fruta-comum-pode-ajudar-a-pele-o-intestino-e-ainda-matar-a-vontade-de-comer-doce\/","name":"Uma fruta comum pode ajudar a pele, o intestino e ainda matar a vontade de comer doce - Correio Braziliense - Radar","isPartOf":{"@id":"https:\/\/www.correiobraziliense.com.br\/cbradar\/#website"},"primaryImageOfPage":{"@id":"https:\/\/www.correiobraziliense.com.br\/cbradar\/uma-fruta-comum-pode-ajudar-a-pele-o-intestino-e-ainda-matar-a-vontade-de-comer-doce\/#primaryimage"},"image":{"@id":"https:\/\/www.correiobraziliense.com.br\/cbradar\/uma-fruta-comum-pode-ajudar-a-pele-o-intestino-e-ainda-matar-a-vontade-de-comer-doce\/#primaryimage"},"thumbnailUrl":"https:\/\/www.correiobraziliense.com.br\/cbradar\/wp-content\/uploads\/2026\/03\/freepik__goiaba-vermelha-madura-cortada-ao-meio-sobre-tbua-__62991.jpeg","datePublished":"2026-03-12T09:15:20+00:00","author":{"@id":"https:\/\/www.correiobraziliense.com.br\/cbradar\/#\/schema\/person\/7356666e12ec0ee53f348ee5db227032"},"description":"Uma fruta vermelha comum na feira re\u00fane antioxidantes, fibras e vitaminas que podem ajudar a proteger o corpo e melhorar o bem-estar.","breadcrumb":{"@id":"https:\/\/www.correiobraziliense.com.br\/cbradar\/uma-fruta-comum-pode-ajudar-a-pele-o-intestino-e-ainda-matar-a-vontade-de-comer-doce\/#breadcrumb"},"inLanguage":"pt-BR","potentialAction":[{"@type":"ReadAction","target":["https:\/\/www.correiobraziliense.com.br\/cbradar\/uma-fruta-comum-pode-ajudar-a-pele-o-intestino-e-ainda-matar-a-vontade-de-comer-doce\/"]}]},{"@type":"ImageObject","inLanguage":"pt-BR","@id":"https:\/\/www.correiobraziliense.com.br\/cbradar\/uma-fruta-comum-pode-ajudar-a-pele-o-intestino-e-ainda-matar-a-vontade-de-comer-doce\/#primaryimage","url":"https:\/\/www.correiobraziliense.com.br\/cbradar\/wp-content\/uploads\/2026\/03\/freepik__goiaba-vermelha-madura-cortada-ao-meio-sobre-tbua-__62991.jpeg","contentUrl":"https:\/\/www.correiobraziliense.com.br\/cbradar\/wp-content\/uploads\/2026\/03\/freepik__goiaba-vermelha-madura-cortada-ao-meio-sobre-tbua-__62991.jpeg","width":1280,"height":720,"caption":"A goiaba \u00e9 rica em vitamina C, nutriente importante para o sistema imunol\u00f3gico"},{"@type":"BreadcrumbList","@id":"https:\/\/www.correiobraziliense.com.br\/cbradar\/uma-fruta-comum-pode-ajudar-a-pele-o-intestino-e-ainda-matar-a-vontade-de-comer-doce\/#breadcrumb","itemListElement":[{"@type":"ListItem","position":1,"name":"In\u00edcio","item":"https:\/\/www.correiobraziliense.com.br\/cbradar\/"},{"@type":"ListItem","position":2,"name":"Uma fruta comum pode ajudar a pele, o intestino e ainda matar a vontade de comer doce"}]},{"@type":"WebSite","@id":"https:\/\/www.correiobraziliense.com.br\/cbradar\/#website","url":"https:\/\/www.correiobraziliense.com.br\/cbradar\/","name":"Correio Braziliense - Radar","description":"Acompanhe as \u00faltimas not\u00edcias e fique bem informado sobre tudo o que acontece no Brasil e no mundo.","potentialAction":[{"@type":"SearchAction","target":{"@type":"EntryPoint","urlTemplate":"https:\/\/www.correiobraziliense.com.br\/cbradar\/?s={search_term_string}"},"query-input":{"@type":"PropertyValueSpecification","valueRequired":true,"valueName":"search_term_string"}}],"inLanguage":"pt-BR"},{"@type":"Person","@id":"https:\/\/www.correiobraziliense.com.br\/cbradar\/#\/schema\/person\/7356666e12ec0ee53f348ee5db227032","name":"Daniely Cardoso","image":{"@type":"ImageObject","inLanguage":"pt-BR","@id":"https:\/\/www.correiobraziliense.com.br\/cbradar\/#\/schema\/person\/image\/","url":"https:\/\/secure.gravatar.com\/avatar\/4b80ddbd124d1f071b626d52d62e5dff?s=96&d=mm&r=g","contentUrl":"https:\/\/secure.gravatar.com\/avatar\/4b80ddbd124d1f071b626d52d62e5dff?s=96&d=mm&r=g","caption":"Daniely Cardoso"},"description":"Redatora nos portais CB Radar e EM Foco, formada pela Universidade Federal de Goi\u00e1s, em Goi\u00e2nia. Apaixonada por comunica\u00e7\u00e3o, arte, decora\u00e7\u00e3o e tend\u00eancias, atuo na produ\u00e7\u00e3o de conte\u00fados envolventes sobre curiosidades, moda, beleza e paisagismo, sempre com um olhar atento \u00e0s novidades do momento.","sameAs":["https:\/\/www.correiobraziliense.com.br\/cbradar"],"url":"https:\/\/www.correiobraziliense.com.br\/cbradar\/author\/danielymyth\/"}]}},"_links":{"self":[{"href":"https:\/\/www.correiobraziliense.com.br\/cbradar\/wp-json\/wp\/v2\/posts\/206724","targetHints":{"allow":["GET"]}}],"collection":[{"href":"https:\/\/www.correiobraziliense.com.br\/cbradar\/wp-json\/wp\/v2\/posts"}],"about":[{"href":"https:\/\/www.correiobraziliense.com.br\/cbradar\/wp-json\/wp\/v2\/types\/post"}],"author":[{"embeddable":true,"href":"https:\/\/www.correiobraziliense.com.br\/cbradar\/wp-json\/wp\/v2\/users\/9"}],"replies":[{"embeddable":true,"href":"https:\/\/www.correiobraziliense.com.br\/cbradar\/wp-json\/wp\/v2\/comments?post=206724"}],"version-history":[{"count":2,"href":"https:\/\/www.correiobraziliense.com.br\/cbradar\/wp-json\/wp\/v2\/posts\/206724\/revisions"}],"predecessor-version":[{"id":206745,"href":"https:\/\/www.correiobraziliense.com.br\/cbradar\/wp-json\/wp\/v2\/posts\/206724\/revisions\/206745"}],"wp:featuredmedia":[{"embeddable":true,"href":"https:\/\/www.correiobraziliense.com.br\/cbradar\/wp-json\/wp\/v2\/media\/207022"}],"wp:attachment":[{"href":"https:\/\/www.correiobraziliense.com.br\/cbradar\/wp-json\/wp\/v2\/media?parent=206724"}],"wp:term":[{"taxonomy":"category","embeddable":true,"href":"https:\/\/www.correiobraziliense.com.br\/cbradar\/wp-json\/wp\/v2\/categories?post=206724"},{"taxonomy":"post_tag","embeddable":true,"href":"https:\/\/www.correiobraziliense.com.br\/cbradar\/wp-json\/wp\/v2\/post_tag?post=206724"}],"curies":[{"name":"wp","href":"https:\/\/api.w.org\/{rel}","templated":true}]}}