{"id":206725,"date":"2026-03-12T09:25:24","date_gmt":"2026-03-12T12:25:24","guid":{"rendered":"https:\/\/www.correiobraziliense.com.br\/cbradar\/?p=206725"},"modified":"2026-03-11T15:54:54","modified_gmt":"2026-03-11T18:54:54","slug":"essa-raiz-simples-da-cozinha-voltou-a-chamar-atencao-por-ajudar-na-digestao-e-no-conforto-do-estomago","status":"publish","type":"post","link":"https:\/\/www.correiobraziliense.com.br\/cbradar\/essa-raiz-simples-da-cozinha-voltou-a-chamar-atencao-por-ajudar-na-digestao-e-no-conforto-do-estomago\/","title":{"rendered":"Essa raiz simples da cozinha voltou a chamar aten\u00e7\u00e3o por ajudar na digest\u00e3o e no conforto do est\u00f4mago"},"content":{"rendered":"\n<p>Voc\u00ea j\u00e1 reparou como o <b>gengibre<\/b> come\u00e7ou a aparecer em tudo, do ch\u00e1 da av\u00f3 ao shot <b>\u201cdetox\u201d<\/b> da academia? Essa raiz ganhou espa\u00e7o na rotina de quem busca aliviar desconfortos digestivos, cuidar melhor da <b>sa\u00fade<\/b> e, de quebra, dar mais sabor \u00e0s refei\u00e7\u00f5es. Em 2026, com o interesse crescente por ingredientes naturais, o gengibre continua em foco tanto no dia a dia quanto nas pesquisas cient\u00edficas.<\/p>\n\n\n\n<h2 class=\"wp-block-heading\">O que \u00e9 o gengibre e por que ele faz tanto sucesso<\/h2>\n\n\n\n<p>O <b>gengibre<\/b> \u00e9 um rizoma, a parte subterr\u00e2nea do caule de uma planta origin\u00e1ria da <b>\u00c1sia<\/b>, hoje muito cultivada no Brasil. Seu aroma forte e sabor levemente picante combinam com ch\u00e1s, sucos, pratos salgados e at\u00e9 <b>doces<\/b>. Ele aparece fresco, em p\u00f3, desidratado, em c\u00e1psulas e extratos.<\/p>\n\n\n\n<p>Entre seus principais componentes est\u00e3o os <b>ginger\u00f3is<\/b> e shoga\u00f3is, subst\u00e2ncias estudadas por seu poss\u00edvel papel em processos inflamat\u00f3rios e digestivos. Na pr\u00e1tica, \u00e9 um daqueles ingredientes que funciona tanto na <b>cozinha<\/b> quanto como apoio em alguns cuidados com a <b>sa\u00fade<\/b>.<\/p>\n\n\n<div class=\"wp-block-image\">\n<figure class=\"aligncenter size-large\"><img decoding=\"async\" width=\"1024\" height=\"576\" src=\"https:\/\/www.correiobraziliense.com.br\/cbradar\/wp-content\/uploads\/2026\/02\/Gemini_Generated_Image_8mkoz28mkoz28mko-2-1024x576.png\" alt=\"\" class=\"wp-image-189471\" srcset=\"https:\/\/www.correiobraziliense.com.br\/cbradar\/wp-content\/uploads\/2026\/02\/Gemini_Generated_Image_8mkoz28mkoz28mko-2-1024x576.png 1024w, https:\/\/www.correiobraziliense.com.br\/cbradar\/wp-content\/uploads\/2026\/02\/Gemini_Generated_Image_8mkoz28mkoz28mko-2-300x169.png 300w, https:\/\/www.correiobraziliense.com.br\/cbradar\/wp-content\/uploads\/2026\/02\/Gemini_Generated_Image_8mkoz28mkoz28mko-2-768x432.png 768w, https:\/\/www.correiobraziliense.com.br\/cbradar\/wp-content\/uploads\/2026\/02\/Gemini_Generated_Image_8mkoz28mkoz28mko-2-750x422.png 750w, https:\/\/www.correiobraziliense.com.br\/cbradar\/wp-content\/uploads\/2026\/02\/Gemini_Generated_Image_8mkoz28mkoz28mko-2-1140x641.png 1140w, https:\/\/www.correiobraziliense.com.br\/cbradar\/wp-content\/uploads\/2026\/02\/Gemini_Generated_Image_8mkoz28mkoz28mko-2.png 1280w\" sizes=\"(max-width: 1024px) 100vw, 1024px\" \/><figcaption class=\"wp-element-caption\">Quando a digest\u00e3o est\u00e1 mais eficiente, o abd\u00f4men tende a ficar menos distendido<\/figcaption><\/figure><\/div>\n\n\n<p>Leia tamb\u00e9m:&nbsp;<a href=\"https:\/\/www.correiobraziliense.com.br\/cbradar\/a-folha-verde-que-muita-gente-ignora-na-feira-pode-ajudar-o-intestino-e-ainda-e-facil-de-plantar-em-casa\/\" target=\"_blank\" rel=\"noopener\">A folha verde que muita gente ignora na feira pode ajudar o intestino e ainda \u00e9 f\u00e1cil de plantar em casa<\/a><\/p>\n\n\n\n<h2 class=\"wp-block-heading\">O gengibre realmente tem a\u00e7\u00e3o anti-inflamat\u00f3ria<\/h2>\n\n\n\n<p>A express\u00e3o <b>gengibre anti-inflamat\u00f3rio<\/b> n\u00e3o \u00e9 \u00e0 toa: estudos apontam que alguns compostos da raiz podem atuar na modula\u00e7\u00e3o de subst\u00e2ncias envolvidas em processos inflamat\u00f3rios. Isso vale tanto para inflama\u00e7\u00f5es mais <b>pontuais<\/b> quanto para quadros de car\u00e1ter cr\u00f4nico, sempre em contexto de <b>pesquisa<\/b> controlada.<\/p>\n\n\n\n<p>Na vida real, ele costuma ser visto como um aliado complementar, e n\u00e3o como substituto de <b>rem\u00e9dios<\/b>. Em uma rotina que inclui alimenta\u00e7\u00e3o equilibrada, acompanhamento m\u00e9dico e, se preciso, tratamento espec\u00edfico, o gengibre pode <b>somar<\/b>. Mas o uso deve ser ajustado \u00e0 realidade de cada pessoa, principalmente em caso de doen\u00e7as pr\u00e9-existentes ou uso cont\u00ednuo de <b>medicamentos<\/b>.<\/p>\n\n\n\n<h2 class=\"wp-block-heading\">Como o gengibre pode ajudar na digest\u00e3o do dia a dia<\/h2>\n\n\n\n<p>Muita gente recorre ao <b>gengibre<\/b> para digest\u00e3o quando sente enjoo leve, gases ou aquela sensa\u00e7\u00e3o de est\u00f4mago pesado depois de uma refei\u00e7\u00e3o maior. Pesquisas indicam que a raiz pode favorecer o esvaziamento do <b>est\u00f4mago<\/b> e a movimenta\u00e7\u00e3o do trato digestivo, ajudando a digest\u00e3o a acontecer de forma mais confort\u00e1vel para algumas <b>pessoas<\/b>.<\/p>\n\n\n\n<p>Em viagens, em enjoos matinais leves ou ap\u00f3s um prato muito pesado, ele costuma aparecer em forma de ch\u00e1, balas ou peda\u00e7os <b>cristalizados<\/b>. Ainda assim, gestantes, pessoas com gastrite, \u00falcera ou condi\u00e7\u00f5es cr\u00f4nicas devem conversar com um profissional de <b>sa\u00fade<\/b> antes de consumir em grandes quantidades ou por muito <b>tempo<\/b>. Se voc\u00ea gosta de ouvir especialistas, separamos esse v\u00eddeo do canal <a href=\"https:\/\/www.youtube.com\/@DrChristianAguiar\" target=\"_blank\" rel=\"noreferrer noopener\">Dr. Christian Aguiar &#8211; Contra a Corrente <\/a> mostrando mais detalhes do gengibre:<\/p>\n\n\n\n<figure class=\"wp-block-embed is-type-video is-provider-youtube wp-block-embed-youtube wp-embed-aspect-16-9 wp-has-aspect-ratio\"><div class=\"wp-block-embed__wrapper\">\n<div class=\"jeg_video_container jeg_video_content\"><iframe loading=\"lazy\" title=\"Gengibre: Benef\u00edcios Comprovados e Como Usar na Dieta\" width=\"500\" height=\"281\" src=\"https:\/\/www.youtube.com\/embed\/-XWKzYMg250?feature=oembed\" frameborder=\"0\" allow=\"accelerometer; autoplay; clipboard-write; encrypted-media; gyroscope; picture-in-picture; web-share\" referrerpolicy=\"strict-origin-when-cross-origin\" allowfullscreen><\/iframe><\/div>\n<\/div><\/figure>\n\n\n\n<h2 class=\"wp-block-heading\">Formas seguras e simples de consumir gengibre no cotidiano<\/h2>\n\n\n\n<p>Se voc\u00ea quer incluir o <b>gengibre<\/b> na rotina, h\u00e1 jeitos f\u00e1ceis de fazer isso sem exagero. A forma fresca, ralada ou em <b>fatias<\/b>, \u00e9 uma das mais comuns, mas tamb\u00e9m existem vers\u00f5es em p\u00f3, em ch\u00e1s prontos, c\u00e1psulas e extratos, que costumam ser usados em situa\u00e7\u00f5es mais <b>espec\u00edficas<\/b>.<\/p>\n\n\n\n<p>Veja algumas formas pr\u00e1ticas de usar o gengibre no dia a dia:<\/p>\n\n\n\n<ul class=\"wp-block-list\">\n<li><strong>Ch\u00e1 de gengibre:<\/strong> lascas frescas em \u00e1gua quente, puro ou com <b>lim\u00e3o<\/b>.<\/li>\n\n\n\n<li><strong>Suco com gengibre:<\/strong> batido com frutas <b>c\u00edtricas<\/b> ou <b>vegetais<\/b>.<\/li>\n\n\n\n<li><strong>Tempero de pratos:<\/strong> em <b>marinadas<\/b>, sopas, refogados e <b>molhos<\/b>.<\/li>\n\n\n\n<li><strong>Vers\u00f5es industrializadas:<\/strong> balas, shots prontos e bebidas <b>funcionais<\/b>.<\/li>\n<\/ul>\n\n\n\n<figure class=\"wp-block-embed is-type-rich is-provider-pinterest wp-block-embed-pinterest\"><div class=\"wp-block-embed__wrapper\">\n<iframe loading=\"lazy\" title=\"Benef\u00edcios do gengibre\" src=\"https:\/\/assets.pinterest.com\/ext\/embed.html?id=4785143350501899&#038;src=oembed\" height=\"899\" width=\"450\" frameborder=\"0\" scrolling=\"no\" ><\/iframe>\n<\/div><\/figure>\n\n\n\n<h2 class=\"wp-block-heading\">O gengibre \u00e9 suficiente para cuidar da inflama\u00e7\u00e3o e da digest\u00e3o<\/h2>\n\n\n\n<p>Apesar de toda a fama, o <b>gengibre<\/b> n\u00e3o \u00e9 solu\u00e7\u00e3o m\u00e1gica para inflama\u00e7\u00e3o ou problemas digestivos. Ele pode ter papel interessante como parte de um conjunto maior de cuidados: alimenta\u00e7\u00e3o <b>variada<\/b>, boa hidrata\u00e7\u00e3o, sono adequado, manejo do estresse e acompanhamento profissional quando <b>necess\u00e1rio<\/b>.<\/p>\n\n\n\n<p>Inclu\u00eddo de forma equilibrada em refei\u00e7\u00f5es e bebidas, o gengibre oferece <b>sabor<\/b>, conforto e compostos que seguem sendo estudados. A tend\u00eancia \u00e9 que novas pesquisas tragam mais clareza sobre doses, tempo de uso e efeitos em diferentes grupos, ajudando cada pessoa a usar essa raiz de forma mais <b>consciente<\/b>, segura e <b>proveitosa<\/b>.<\/p>\n","protected":false},"excerpt":{"rendered":"<p>Voc\u00ea j\u00e1 reparou como o gengibre come\u00e7ou a aparecer em tudo, do ch\u00e1 da av\u00f3 ao shot \u201cdetox\u201d da academia? Essa raiz ganhou espa\u00e7o na rotina de quem busca aliviar desconfortos digestivos, cuidar melhor da sa\u00fade e, de quebra, dar mais sabor \u00e0s refei\u00e7\u00f5es. Em 2026, com o interesse crescente por ingredientes naturais, o gengibre [&hellip;]<\/p>\n","protected":false},"author":9,"featured_media":207025,"comment_status":"open","ping_status":"open","sticky":false,"template":"","format":"standard","meta":{"_yoast_wpseo_focuskw":"gengibre","_yoast_wpseo_title":"","_yoast_wpseo_metadesc":"Uma raiz usada em ch\u00e1s e receitas pode ajudar na digest\u00e3o e ter a\u00e7\u00e3o anti-inflamat\u00f3ria quando inclu\u00edda com equil\u00edbrio na rotina.","jnews-multi-image_gallery":[],"jnews_single_post":{"format":"standard"},"jnews_primary_category":[],"jnews_social_meta":[],"jnews_override_counter":[],"footnotes":""},"categories":[119,4404],"post_tag":[1802,1659,8917],"class_list":["post-206725","post","type-post","status-publish","format-standard","has-post-thumbnail","hentry","category-bem-estar","category-saude","tag-anti-inflamatorio","tag-gengibre","tag-raiz"],"yoast_head":"<!-- This site is optimized with the Yoast SEO plugin v24.6 - https:\/\/yoast.com\/wordpress\/plugins\/seo\/ -->\n<title>Essa raiz simples da cozinha voltou a chamar aten\u00e7\u00e3o por ajudar na digest\u00e3o e no conforto do est\u00f4mago - Correio Braziliense - Radar<\/title>\n<meta name=\"description\" content=\"Uma raiz usada em ch\u00e1s e receitas pode ajudar na digest\u00e3o e ter a\u00e7\u00e3o anti-inflamat\u00f3ria quando inclu\u00edda com equil\u00edbrio na rotina.\" \/>\n<meta name=\"robots\" content=\"index, follow, max-snippet:-1, max-image-preview:large, max-video-preview:-1\" \/>\n<link rel=\"canonical\" href=\"https:\/\/www.correiobraziliense.com.br\/cbradar\/essa-raiz-simples-da-cozinha-voltou-a-chamar-atencao-por-ajudar-na-digestao-e-no-conforto-do-estomago\/\" \/>\n<meta property=\"og:locale\" content=\"pt_BR\" \/>\n<meta property=\"og:type\" content=\"article\" \/>\n<meta property=\"og:title\" content=\"Essa raiz simples da cozinha voltou a chamar aten\u00e7\u00e3o por ajudar na digest\u00e3o e no conforto do est\u00f4mago - Correio Braziliense - Radar\" \/>\n<meta property=\"og:description\" content=\"Uma raiz usada em ch\u00e1s e receitas pode ajudar na digest\u00e3o e ter a\u00e7\u00e3o anti-inflamat\u00f3ria quando inclu\u00edda com equil\u00edbrio na rotina.\" \/>\n<meta property=\"og:url\" content=\"https:\/\/www.correiobraziliense.com.br\/cbradar\/essa-raiz-simples-da-cozinha-voltou-a-chamar-atencao-por-ajudar-na-digestao-e-no-conforto-do-estomago\/\" \/>\n<meta property=\"og:site_name\" content=\"Correio Braziliense - Radar\" \/>\n<meta property=\"article:published_time\" content=\"2026-03-12T12:25:24+00:00\" \/>\n<meta property=\"og:image\" content=\"https:\/\/www.correiobraziliense.com.br\/cbradar\/wp-content\/uploads\/2026\/03\/freepik__raiz-de-gengibre-fresca-cortada-em-fatias-sobre-tb__62996.jpeg\" \/>\n\t<meta property=\"og:image:width\" content=\"1280\" \/>\n\t<meta property=\"og:image:height\" content=\"720\" \/>\n\t<meta property=\"og:image:type\" content=\"image\/jpeg\" \/>\n<meta name=\"author\" content=\"Daniely Cardoso\" \/>\n<meta name=\"twitter:card\" content=\"summary_large_image\" \/>\n<meta name=\"twitter:label1\" content=\"Escrito por\" \/>\n\t<meta name=\"twitter:data1\" content=\"Daniely Cardoso\" \/>\n\t<meta name=\"twitter:label2\" content=\"Est. tempo de leitura\" \/>\n\t<meta name=\"twitter:data2\" content=\"4 minutos\" \/>\n<!-- \/ Yoast SEO plugin. -->","yoast_head_json":{"title":"Essa raiz simples da cozinha voltou a chamar aten\u00e7\u00e3o por ajudar na digest\u00e3o e no conforto do est\u00f4mago - Correio Braziliense - Radar","description":"Uma raiz usada em ch\u00e1s e receitas pode ajudar na digest\u00e3o e ter a\u00e7\u00e3o anti-inflamat\u00f3ria quando inclu\u00edda com equil\u00edbrio na rotina.","robots":{"index":"index","follow":"follow","max-snippet":"max-snippet:-1","max-image-preview":"max-image-preview:large","max-video-preview":"max-video-preview:-1"},"canonical":"https:\/\/www.correiobraziliense.com.br\/cbradar\/essa-raiz-simples-da-cozinha-voltou-a-chamar-atencao-por-ajudar-na-digestao-e-no-conforto-do-estomago\/","og_locale":"pt_BR","og_type":"article","og_title":"Essa raiz simples da cozinha voltou a chamar aten\u00e7\u00e3o por ajudar na digest\u00e3o e no conforto do est\u00f4mago - Correio Braziliense - Radar","og_description":"Uma raiz usada em ch\u00e1s e receitas pode ajudar na digest\u00e3o e ter a\u00e7\u00e3o anti-inflamat\u00f3ria quando inclu\u00edda com equil\u00edbrio na rotina.","og_url":"https:\/\/www.correiobraziliense.com.br\/cbradar\/essa-raiz-simples-da-cozinha-voltou-a-chamar-atencao-por-ajudar-na-digestao-e-no-conforto-do-estomago\/","og_site_name":"Correio Braziliense - Radar","article_published_time":"2026-03-12T12:25:24+00:00","og_image":[{"width":1280,"height":720,"url":"https:\/\/www.correiobraziliense.com.br\/cbradar\/wp-content\/uploads\/2026\/03\/freepik__raiz-de-gengibre-fresca-cortada-em-fatias-sobre-tb__62996.jpeg","type":"image\/jpeg"}],"author":"Daniely Cardoso","twitter_card":"summary_large_image","twitter_misc":{"Escrito por":"Daniely Cardoso","Est. tempo de leitura":"4 minutos"},"schema":{"@context":"https:\/\/schema.org","@graph":[{"@type":"WebPage","@id":"https:\/\/www.correiobraziliense.com.br\/cbradar\/essa-raiz-simples-da-cozinha-voltou-a-chamar-atencao-por-ajudar-na-digestao-e-no-conforto-do-estomago\/","url":"https:\/\/www.correiobraziliense.com.br\/cbradar\/essa-raiz-simples-da-cozinha-voltou-a-chamar-atencao-por-ajudar-na-digestao-e-no-conforto-do-estomago\/","name":"Essa raiz simples da cozinha voltou a chamar aten\u00e7\u00e3o por ajudar na digest\u00e3o e no conforto do est\u00f4mago - Correio Braziliense - Radar","isPartOf":{"@id":"https:\/\/www.correiobraziliense.com.br\/cbradar\/#website"},"primaryImageOfPage":{"@id":"https:\/\/www.correiobraziliense.com.br\/cbradar\/essa-raiz-simples-da-cozinha-voltou-a-chamar-atencao-por-ajudar-na-digestao-e-no-conforto-do-estomago\/#primaryimage"},"image":{"@id":"https:\/\/www.correiobraziliense.com.br\/cbradar\/essa-raiz-simples-da-cozinha-voltou-a-chamar-atencao-por-ajudar-na-digestao-e-no-conforto-do-estomago\/#primaryimage"},"thumbnailUrl":"https:\/\/www.correiobraziliense.com.br\/cbradar\/wp-content\/uploads\/2026\/03\/freepik__raiz-de-gengibre-fresca-cortada-em-fatias-sobre-tb__62996.jpeg","datePublished":"2026-03-12T12:25:24+00:00","author":{"@id":"https:\/\/www.correiobraziliense.com.br\/cbradar\/#\/schema\/person\/7356666e12ec0ee53f348ee5db227032"},"description":"Uma raiz usada em ch\u00e1s e receitas pode ajudar na digest\u00e3o e ter a\u00e7\u00e3o anti-inflamat\u00f3ria quando inclu\u00edda com equil\u00edbrio na rotina.","breadcrumb":{"@id":"https:\/\/www.correiobraziliense.com.br\/cbradar\/essa-raiz-simples-da-cozinha-voltou-a-chamar-atencao-por-ajudar-na-digestao-e-no-conforto-do-estomago\/#breadcrumb"},"inLanguage":"pt-BR","potentialAction":[{"@type":"ReadAction","target":["https:\/\/www.correiobraziliense.com.br\/cbradar\/essa-raiz-simples-da-cozinha-voltou-a-chamar-atencao-por-ajudar-na-digestao-e-no-conforto-do-estomago\/"]}]},{"@type":"ImageObject","inLanguage":"pt-BR","@id":"https:\/\/www.correiobraziliense.com.br\/cbradar\/essa-raiz-simples-da-cozinha-voltou-a-chamar-atencao-por-ajudar-na-digestao-e-no-conforto-do-estomago\/#primaryimage","url":"https:\/\/www.correiobraziliense.com.br\/cbradar\/wp-content\/uploads\/2026\/03\/freepik__raiz-de-gengibre-fresca-cortada-em-fatias-sobre-tb__62996.jpeg","contentUrl":"https:\/\/www.correiobraziliense.com.br\/cbradar\/wp-content\/uploads\/2026\/03\/freepik__raiz-de-gengibre-fresca-cortada-em-fatias-sobre-tb__62996.jpeg","width":1280,"height":720,"caption":"O gengibre cont\u00e9m compostos bioativos como o gingerol, associados ao sabor picante da raiz"},{"@type":"BreadcrumbList","@id":"https:\/\/www.correiobraziliense.com.br\/cbradar\/essa-raiz-simples-da-cozinha-voltou-a-chamar-atencao-por-ajudar-na-digestao-e-no-conforto-do-estomago\/#breadcrumb","itemListElement":[{"@type":"ListItem","position":1,"name":"In\u00edcio","item":"https:\/\/www.correiobraziliense.com.br\/cbradar\/"},{"@type":"ListItem","position":2,"name":"Essa raiz simples da cozinha voltou a chamar aten\u00e7\u00e3o por ajudar na digest\u00e3o e no conforto do est\u00f4mago"}]},{"@type":"WebSite","@id":"https:\/\/www.correiobraziliense.com.br\/cbradar\/#website","url":"https:\/\/www.correiobraziliense.com.br\/cbradar\/","name":"Correio Braziliense - Radar","description":"Acompanhe as \u00faltimas not\u00edcias e fique bem informado sobre tudo o que acontece no Brasil e no mundo.","potentialAction":[{"@type":"SearchAction","target":{"@type":"EntryPoint","urlTemplate":"https:\/\/www.correiobraziliense.com.br\/cbradar\/?s={search_term_string}"},"query-input":{"@type":"PropertyValueSpecification","valueRequired":true,"valueName":"search_term_string"}}],"inLanguage":"pt-BR"},{"@type":"Person","@id":"https:\/\/www.correiobraziliense.com.br\/cbradar\/#\/schema\/person\/7356666e12ec0ee53f348ee5db227032","name":"Daniely Cardoso","image":{"@type":"ImageObject","inLanguage":"pt-BR","@id":"https:\/\/www.correiobraziliense.com.br\/cbradar\/#\/schema\/person\/image\/","url":"https:\/\/secure.gravatar.com\/avatar\/4b80ddbd124d1f071b626d52d62e5dff?s=96&d=mm&r=g","contentUrl":"https:\/\/secure.gravatar.com\/avatar\/4b80ddbd124d1f071b626d52d62e5dff?s=96&d=mm&r=g","caption":"Daniely Cardoso"},"description":"Redatora nos portais CB Radar e EM Foco, formada pela Universidade Federal de Goi\u00e1s, em Goi\u00e2nia. Apaixonada por comunica\u00e7\u00e3o, arte, decora\u00e7\u00e3o e tend\u00eancias, atuo na produ\u00e7\u00e3o de conte\u00fados envolventes sobre curiosidades, moda, beleza e paisagismo, sempre com um olhar atento \u00e0s novidades do momento.","sameAs":["https:\/\/www.correiobraziliense.com.br\/cbradar"],"url":"https:\/\/www.correiobraziliense.com.br\/cbradar\/author\/danielymyth\/"}]}},"_links":{"self":[{"href":"https:\/\/www.correiobraziliense.com.br\/cbradar\/wp-json\/wp\/v2\/posts\/206725","targetHints":{"allow":["GET"]}}],"collection":[{"href":"https:\/\/www.correiobraziliense.com.br\/cbradar\/wp-json\/wp\/v2\/posts"}],"about":[{"href":"https:\/\/www.correiobraziliense.com.br\/cbradar\/wp-json\/wp\/v2\/types\/post"}],"author":[{"embeddable":true,"href":"https:\/\/www.correiobraziliense.com.br\/cbradar\/wp-json\/wp\/v2\/users\/9"}],"replies":[{"embeddable":true,"href":"https:\/\/www.correiobraziliense.com.br\/cbradar\/wp-json\/wp\/v2\/comments?post=206725"}],"version-history":[{"count":2,"href":"https:\/\/www.correiobraziliense.com.br\/cbradar\/wp-json\/wp\/v2\/posts\/206725\/revisions"}],"predecessor-version":[{"id":206747,"href":"https:\/\/www.correiobraziliense.com.br\/cbradar\/wp-json\/wp\/v2\/posts\/206725\/revisions\/206747"}],"wp:featuredmedia":[{"embeddable":true,"href":"https:\/\/www.correiobraziliense.com.br\/cbradar\/wp-json\/wp\/v2\/media\/207025"}],"wp:attachment":[{"href":"https:\/\/www.correiobraziliense.com.br\/cbradar\/wp-json\/wp\/v2\/media?parent=206725"}],"wp:term":[{"taxonomy":"category","embeddable":true,"href":"https:\/\/www.correiobraziliense.com.br\/cbradar\/wp-json\/wp\/v2\/categories?post=206725"},{"taxonomy":"post_tag","embeddable":true,"href":"https:\/\/www.correiobraziliense.com.br\/cbradar\/wp-json\/wp\/v2\/post_tag?post=206725"}],"curies":[{"name":"wp","href":"https:\/\/api.w.org\/{rel}","templated":true}]}}