{"id":206728,"date":"2026-03-12T12:55:36","date_gmt":"2026-03-12T15:55:36","guid":{"rendered":"https:\/\/www.correiobraziliense.com.br\/cbradar\/?p=206728"},"modified":"2026-03-11T15:58:05","modified_gmt":"2026-03-11T18:58:05","slug":"a-fruta-diferente-que-esta-chamando-atencao-nas-feiras-pode-ajudar-a-dar-mais-energia-no-dia-a-dia","status":"publish","type":"post","link":"https:\/\/www.correiobraziliense.com.br\/cbradar\/a-fruta-diferente-que-esta-chamando-atencao-nas-feiras-pode-ajudar-a-dar-mais-energia-no-dia-a-dia\/","title":{"rendered":"A fruta diferente que est\u00e1 chamando aten\u00e7\u00e3o nas feiras pode ajudar a dar mais energia no dia a dia"},"content":{"rendered":"\n<p>Imagine chegar em casa depois de um <b>dia<\/b> corrido e ter \u00e0 disposi\u00e7\u00e3o uma fruta doce, cremosa e que ainda ajuda a dar aquela forcinha na <b>disposi\u00e7\u00e3o<\/b>. \u00c9 assim que a <strong>atemoia<\/strong>, resultado do cruzamento da cherimoia com a pinha, vem conquistando espa\u00e7o na mesa de muitas fam\u00edlias, unindo sabor marcante, praticidade no consumo e bons <b>benef\u00edcios<\/b> para o corpo ao longo do dia.<\/p>\n\n\n\n<h2 class=\"wp-block-heading\">Atemoia \u00e9 realmente uma fruta que ajuda na energia di\u00e1ria?<\/h2>\n\n\n\n<p>Quando falamos em <b>atemoia<\/b>, logo vem \u00e0 mente uma fruta ligada \u00e0 energia e vitalidade. Ela \u00e9 rica em <b>carboidratos<\/b> naturais, que o corpo usa como combust\u00edvel, al\u00e9m de pequenas quantidades de prote\u00ednas e gorduras que ajudam a manter a sensa\u00e7\u00e3o de saciedade por mais tempo.<\/p>\n\n\n\n<p>Por ter essa combina\u00e7\u00e3o <b>equilibrada<\/b>, a atemoia contribui para que a glicemia fique mais est\u00e1vel, evitando aqueles momentos de pico de a\u00e7\u00facar seguidos de <b>cansa\u00e7o<\/b>. Assim, pode ser uma aliada de quem busca manter o ritmo em um dia cheio, sem depender apenas de <b>caf\u00e9<\/b> ou bebidas energ\u00e9ticas.<\/p>\n\n\n<div class=\"wp-block-image\">\n<figure class=\"aligncenter size-large\"><img decoding=\"async\" width=\"1024\" height=\"576\" src=\"https:\/\/www.correiobraziliense.com.br\/cbradar\/wp-content\/uploads\/2026\/02\/Gemini_Generated_Image_333kfc333kfc333k-2-1024x576.png\" alt=\"\" class=\"wp-image-188765\" srcset=\"https:\/\/www.correiobraziliense.com.br\/cbradar\/wp-content\/uploads\/2026\/02\/Gemini_Generated_Image_333kfc333kfc333k-2-1024x576.png 1024w, https:\/\/www.correiobraziliense.com.br\/cbradar\/wp-content\/uploads\/2026\/02\/Gemini_Generated_Image_333kfc333kfc333k-2-300x169.png 300w, https:\/\/www.correiobraziliense.com.br\/cbradar\/wp-content\/uploads\/2026\/02\/Gemini_Generated_Image_333kfc333kfc333k-2-768x432.png 768w, https:\/\/www.correiobraziliense.com.br\/cbradar\/wp-content\/uploads\/2026\/02\/Gemini_Generated_Image_333kfc333kfc333k-2-750x422.png 750w, https:\/\/www.correiobraziliense.com.br\/cbradar\/wp-content\/uploads\/2026\/02\/Gemini_Generated_Image_333kfc333kfc333k-2-1140x641.png 1140w, https:\/\/www.correiobraziliense.com.br\/cbradar\/wp-content\/uploads\/2026\/02\/Gemini_Generated_Image_333kfc333kfc333k-2.png 1280w\" sizes=\"(max-width: 1024px) 100vw, 1024px\" \/><figcaption class=\"wp-element-caption\">Outro ponto relevante \u00e9 a presen\u00e7a de pot\u00e1ssio, mineral importante para a contra\u00e7\u00e3o muscular e o equil\u00edbrio de l\u00edquidos<\/figcaption><\/figure><\/div>\n\n\n<p>Leia tamb\u00e9m:&nbsp;<a href=\"https:\/\/www.correiobraziliense.com.br\/cbradar\/a-folha-verde-que-muita-gente-ignora-na-feira-pode-ajudar-o-intestino-e-ainda-e-facil-de-plantar-em-casa\/\" target=\"_blank\" rel=\"noopener\">A folha verde que muita gente ignora na feira pode ajudar o intestino e ainda \u00e9 f\u00e1cil de plantar em casa<\/a><\/p>\n\n\n\n<h2 class=\"wp-block-heading\">Como a atemoia ajuda o corpo a se manter mais disposto?<\/h2>\n\n\n\n<p>A principal fonte de energia da <b>atemoia<\/b> est\u00e1 em seus carboidratos naturais, acompanhados de fibras que desaceleram a absor\u00e7\u00e3o do a\u00e7\u00facar. Isso torna a libera\u00e7\u00e3o de energia mais <b>gradual<\/b>, ajudando a manter a saciedade e a evitar aquela queda brusca de disposi\u00e7\u00e3o depois de comer algo muito <b>doce<\/b>.<\/p>\n\n\n\n<p>Al\u00e9m disso, a fruta oferece vitaminas do complexo B, vitamina C, pot\u00e1ssio e <b>magn\u00e9sio<\/b>, nutrientes ligados ao metabolismo energ\u00e9tico, \u00e0 prote\u00e7\u00e3o das c\u00e9lulas e ao bom funcionamento dos <b>m\u00fasculos<\/b> e do sistema nervoso. N\u00e3o \u00e9 um \u201cestimulante imediato\u201d, mas um apoio constante para tarefas <b>f\u00edsicas<\/b> e mentais do dia a dia.<\/p>\n\n\n\n<h2 class=\"wp-block-heading\">Quais s\u00e3o formas simples e gostosas de consumir atemoia?<\/h2>\n\n\n\n<p>A maneira mais pr\u00e1tica de consumir a <b>atemoia<\/b> \u00e9 ao natural: basta escolher uma fruta madura, abrir e retirar a polpa com uma colher, descartando as sementes. Ela funciona muito bem como lanche entre as refei\u00e7\u00f5es, substituindo sobremesas a\u00e7ucaradas e matando a vontade de <b>doce<\/b> com um sabor naturalmente <b>intenso<\/b>. Separamos esse v\u00eddeo do canal <a href=\"https:\/\/www.youtube.com\/@Dicasdesaudeoficial\" target=\"_blank\" rel=\"noreferrer noopener\">Dicas para Sa\u00fade Oficial<\/a> mostrando mais benef\u00edcios dessa fruta:<\/p>\n\n\n\n<figure class=\"wp-block-embed is-type-video is-provider-youtube wp-block-embed-youtube wp-embed-aspect-16-9 wp-has-aspect-ratio\"><div class=\"wp-block-embed__wrapper\">\n<div class=\"jeg_video_container jeg_video_content\"><iframe loading=\"lazy\" title=\"Os 10 Benef\u00edcios da Atemoia Para Sa\u00fade! | Dicas de Sa\u00fade\" width=\"500\" height=\"281\" src=\"https:\/\/www.youtube.com\/embed\/orCnkcvvdkk?feature=oembed\" frameborder=\"0\" allow=\"accelerometer; autoplay; clipboard-write; encrypted-media; gyroscope; picture-in-picture; web-share\" referrerpolicy=\"strict-origin-when-cross-origin\" allowfullscreen><\/iframe><\/div>\n<\/div><\/figure>\n\n\n\n<p>Tamb\u00e9m \u00e9 f\u00e1cil incluir a atemoia em caf\u00e9s da manh\u00e3 ou lanches refor\u00e7ados, combinando com iogurte, <b>aveia<\/b>, granola ou outras frutas. Em dias quentes, vale congelar peda\u00e7os da polpa para usar em sobremesas geladas, smoothies ou picol\u00e9s caseiros, mantendo a textura cremosa e <b>refrescante<\/b>, al\u00e9m de preservar melhor algumas de suas <b>vitaminas<\/b>.<\/p>\n\n\n\n<ul class=\"wp-block-list\">\n<li>Consumir a <b>atemoia<\/b> in natura em lanches r\u00e1pidos.<\/li>\n\n\n\n<li>Adicionar a fruta a saladas, com folhas verdes e outras <b>frutas<\/b>.<\/li>\n\n\n\n<li>Preparar vitaminas e <b>smoothies<\/b> com leite ou bebida vegetal.<\/li>\n\n\n\n<li>Usar a polpa em sorvetes e <b>picol\u00e9s<\/b> feitos em casa.<\/li>\n<\/ul>\n\n\n\n<h2 class=\"wp-block-heading\">Em quais momentos do dia a atemoia pode ser uma boa escolha?<\/h2>\n\n\n\n<p>A atemoia combina bem com momentos que pedem um pouco mais de <b>disposi\u00e7\u00e3o<\/b>, como antes de uma caminhada, um treino leve ou um per\u00edodo longo de estudo e <b>trabalho<\/b>. Nesses casos, ela entra como uma alternativa mais natural a snacks industrializados cheios de a\u00e7\u00facar e <b>aditivos<\/b>.<\/p>\n\n\n\n<figure class=\"wp-block-embed is-type-rich is-provider-pinterest wp-block-embed-pinterest\"><div class=\"wp-block-embed__wrapper\">\n<iframe loading=\"lazy\" title=\"Conhe\u00e7a agora a diferen\u00e7a entre Fruta Pinha e Atemoia, pois apesar de serem parecidas e da mesma fam\u00edlia, s\u00e3o frutas diferentes. E voc\u00ea, sabia a diferen\u00e7a entre essas 2 frutas maravilhosas? Voc\u00ea quer aprender a cultivar plantas e alimentos 100% saud\u00e1veis no conforto da sua casa? Mesmo com pouco espa\u00e7o e sem gasta dinheiro voc\u00ea consegue. Clique no link da Bio e aproveite o desconto por tempo limitado. #pinha #atemoia #frutapinha#horta #hortacaseirasemsegredos #plantas #plantar #curso #cursod...\" src=\"https:\/\/assets.pinterest.com\/ext\/embed.html?id=220183869278244230&#038;src=oembed\" height=\"899\" width=\"450\" frameborder=\"0\" scrolling=\"no\" ><\/iframe>\n<\/div><\/figure>\n\n\n\n<p>Seu consumo pode fazer parte da <b>rotina<\/b> de diferentes idades, desde que respeitadas orienta\u00e7\u00f5es individuais, principalmente para quem precisa controlar a ingest\u00e3o de <b>a\u00e7\u00facar<\/b>. Inserida em uma alimenta\u00e7\u00e3o variada, com outras frutas, legumes, gr\u00e3os integrais e boas fontes de <b>prote\u00edna<\/b>, ajuda o corpo a se manter mais firme para enfrentar o dia.<\/p>\n\n\n\n<ol class=\"wp-block-list\">\n<li>Incluir a <b>atemoia<\/b> em pelo menos uma refei\u00e7\u00e3o ou lanche di\u00e1rio.<\/li>\n\n\n\n<li>Escolher frutas maduras, com casca firme e sem muitas partes <b>escurecidas<\/b>.<\/li>\n\n\n\n<li>Combinar a atemoia com prote\u00edna e mais fibras para aumentar a <b>saciedade<\/b>.<\/li>\n\n\n\n<li>Observar como o corpo reage em termos de energia e <b>bem-estar<\/b> ap\u00f3s o consumo.<\/li>\n<\/ol>\n\n\n\n<p>No fim, a atemoia \u00e9 mais uma op\u00e7\u00e3o saborosa entre as frutas que oferecem <b>energia<\/b> de forma equilibrada. Com textura cremosa e um doce natural, pode se tornar parte do dia a dia de quem busca mais disposi\u00e7\u00e3o, desde que venha acompanhada de h\u00e1bitos <b>saud\u00e1veis<\/b>, como boa hidrata\u00e7\u00e3o, sono de qualidade e pr\u00e1tica regular de <b>atividade<\/b> f\u00edsica.<\/p>\n","protected":false},"excerpt":{"rendered":"<p>Imagine chegar em casa depois de um dia corrido e ter \u00e0 disposi\u00e7\u00e3o uma fruta doce, cremosa e que ainda ajuda a dar aquela forcinha na disposi\u00e7\u00e3o. \u00c9 assim que a atemoia, resultado do cruzamento da cherimoia com a pinha, vem conquistando espa\u00e7o na mesa de muitas fam\u00edlias, unindo sabor marcante, praticidade no consumo e [&hellip;]<\/p>\n","protected":false},"author":9,"featured_media":153774,"comment_status":"open","ping_status":"open","sticky":false,"template":"","format":"standard","meta":{"_yoast_wpseo_focuskw":"Atemoia na alimenta\u00e7\u00e3o","_yoast_wpseo_title":"","_yoast_wpseo_metadesc":"Uma fruta doce e cremosa vem chamando aten\u00e7\u00e3o por seu sabor e por ajudar na energia do dia a dia de forma natural.","jnews-multi-image_gallery":[],"jnews_single_post":{"format":"standard"},"jnews_primary_category":[],"jnews_social_meta":[],"jnews_override_counter":[],"footnotes":""},"categories":[119,4404],"post_tag":[11565,8927,15965],"class_list":["post-206728","post","type-post","status-publish","format-standard","has-post-thumbnail","hentry","category-bem-estar","category-saude","tag-atemoia","tag-fruto","tag-turbinar-sua-disposicao"],"yoast_head":"<!-- This site is optimized with the Yoast SEO plugin v24.6 - https:\/\/yoast.com\/wordpress\/plugins\/seo\/ -->\n<title>A fruta diferente que est\u00e1 chamando aten\u00e7\u00e3o nas feiras pode ajudar a dar mais energia no dia a dia - Correio Braziliense - Radar<\/title>\n<meta name=\"description\" content=\"Uma fruta doce e cremosa vem chamando aten\u00e7\u00e3o por seu sabor e por ajudar na energia do dia a dia de forma natural.\" \/>\n<meta name=\"robots\" content=\"index, follow, max-snippet:-1, max-image-preview:large, max-video-preview:-1\" \/>\n<link rel=\"canonical\" href=\"https:\/\/www.correiobraziliense.com.br\/cbradar\/a-fruta-diferente-que-esta-chamando-atencao-nas-feiras-pode-ajudar-a-dar-mais-energia-no-dia-a-dia\/\" \/>\n<meta property=\"og:locale\" content=\"pt_BR\" \/>\n<meta property=\"og:type\" content=\"article\" \/>\n<meta property=\"og:title\" content=\"A fruta diferente que est\u00e1 chamando aten\u00e7\u00e3o nas feiras pode ajudar a dar mais energia no dia a dia - Correio Braziliense - Radar\" \/>\n<meta property=\"og:description\" content=\"Uma fruta doce e cremosa vem chamando aten\u00e7\u00e3o por seu sabor e por ajudar na energia do dia a dia de forma natural.\" \/>\n<meta property=\"og:url\" content=\"https:\/\/www.correiobraziliense.com.br\/cbradar\/a-fruta-diferente-que-esta-chamando-atencao-nas-feiras-pode-ajudar-a-dar-mais-energia-no-dia-a-dia\/\" \/>\n<meta property=\"og:site_name\" content=\"Correio Braziliense - Radar\" \/>\n<meta property=\"article:published_time\" content=\"2026-03-12T15:55:36+00:00\" \/>\n<meta property=\"og:image\" content=\"https:\/\/www.correiobraziliense.com.br\/cbradar\/wp-content\/uploads\/2025\/12\/freepik__faa-uma-imagem-realista-da-rvore-da-atemia-dando-u__4558.png\" \/>\n\t<meta property=\"og:image:width\" content=\"1280\" \/>\n\t<meta property=\"og:image:height\" content=\"720\" \/>\n\t<meta property=\"og:image:type\" content=\"image\/png\" \/>\n<meta name=\"author\" content=\"Daniely Cardoso\" \/>\n<meta name=\"twitter:card\" content=\"summary_large_image\" \/>\n<meta name=\"twitter:label1\" content=\"Escrito por\" \/>\n\t<meta name=\"twitter:data1\" content=\"Daniely Cardoso\" \/>\n\t<meta name=\"twitter:label2\" content=\"Est. tempo de leitura\" \/>\n\t<meta name=\"twitter:data2\" content=\"5 minutos\" \/>\n<!-- \/ Yoast SEO plugin. -->","yoast_head_json":{"title":"A fruta diferente que est\u00e1 chamando aten\u00e7\u00e3o nas feiras pode ajudar a dar mais energia no dia a dia - Correio Braziliense - Radar","description":"Uma fruta doce e cremosa vem chamando aten\u00e7\u00e3o por seu sabor e por ajudar na energia do dia a dia de forma natural.","robots":{"index":"index","follow":"follow","max-snippet":"max-snippet:-1","max-image-preview":"max-image-preview:large","max-video-preview":"max-video-preview:-1"},"canonical":"https:\/\/www.correiobraziliense.com.br\/cbradar\/a-fruta-diferente-que-esta-chamando-atencao-nas-feiras-pode-ajudar-a-dar-mais-energia-no-dia-a-dia\/","og_locale":"pt_BR","og_type":"article","og_title":"A fruta diferente que est\u00e1 chamando aten\u00e7\u00e3o nas feiras pode ajudar a dar mais energia no dia a dia - Correio Braziliense - Radar","og_description":"Uma fruta doce e cremosa vem chamando aten\u00e7\u00e3o por seu sabor e por ajudar na energia do dia a dia de forma natural.","og_url":"https:\/\/www.correiobraziliense.com.br\/cbradar\/a-fruta-diferente-que-esta-chamando-atencao-nas-feiras-pode-ajudar-a-dar-mais-energia-no-dia-a-dia\/","og_site_name":"Correio Braziliense - Radar","article_published_time":"2026-03-12T15:55:36+00:00","og_image":[{"width":1280,"height":720,"url":"https:\/\/www.correiobraziliense.com.br\/cbradar\/wp-content\/uploads\/2025\/12\/freepik__faa-uma-imagem-realista-da-rvore-da-atemia-dando-u__4558.png","type":"image\/png"}],"author":"Daniely Cardoso","twitter_card":"summary_large_image","twitter_misc":{"Escrito por":"Daniely Cardoso","Est. tempo de leitura":"5 minutos"},"schema":{"@context":"https:\/\/schema.org","@graph":[{"@type":"WebPage","@id":"https:\/\/www.correiobraziliense.com.br\/cbradar\/a-fruta-diferente-que-esta-chamando-atencao-nas-feiras-pode-ajudar-a-dar-mais-energia-no-dia-a-dia\/","url":"https:\/\/www.correiobraziliense.com.br\/cbradar\/a-fruta-diferente-que-esta-chamando-atencao-nas-feiras-pode-ajudar-a-dar-mais-energia-no-dia-a-dia\/","name":"A fruta diferente que est\u00e1 chamando aten\u00e7\u00e3o nas feiras pode ajudar a dar mais energia no dia a dia - Correio Braziliense - Radar","isPartOf":{"@id":"https:\/\/www.correiobraziliense.com.br\/cbradar\/#website"},"primaryImageOfPage":{"@id":"https:\/\/www.correiobraziliense.com.br\/cbradar\/a-fruta-diferente-que-esta-chamando-atencao-nas-feiras-pode-ajudar-a-dar-mais-energia-no-dia-a-dia\/#primaryimage"},"image":{"@id":"https:\/\/www.correiobraziliense.com.br\/cbradar\/a-fruta-diferente-que-esta-chamando-atencao-nas-feiras-pode-ajudar-a-dar-mais-energia-no-dia-a-dia\/#primaryimage"},"thumbnailUrl":"https:\/\/www.correiobraziliense.com.br\/cbradar\/wp-content\/uploads\/2025\/12\/freepik__faa-uma-imagem-realista-da-rvore-da-atemia-dando-u__4558.png","datePublished":"2026-03-12T15:55:36+00:00","author":{"@id":"https:\/\/www.correiobraziliense.com.br\/cbradar\/#\/schema\/person\/7356666e12ec0ee53f348ee5db227032"},"description":"Uma fruta doce e cremosa vem chamando aten\u00e7\u00e3o por seu sabor e por ajudar na energia do dia a dia de forma natural.","breadcrumb":{"@id":"https:\/\/www.correiobraziliense.com.br\/cbradar\/a-fruta-diferente-que-esta-chamando-atencao-nas-feiras-pode-ajudar-a-dar-mais-energia-no-dia-a-dia\/#breadcrumb"},"inLanguage":"pt-BR","potentialAction":[{"@type":"ReadAction","target":["https:\/\/www.correiobraziliense.com.br\/cbradar\/a-fruta-diferente-que-esta-chamando-atencao-nas-feiras-pode-ajudar-a-dar-mais-energia-no-dia-a-dia\/"]}]},{"@type":"ImageObject","inLanguage":"pt-BR","@id":"https:\/\/www.correiobraziliense.com.br\/cbradar\/a-fruta-diferente-que-esta-chamando-atencao-nas-feiras-pode-ajudar-a-dar-mais-energia-no-dia-a-dia\/#primaryimage","url":"https:\/\/www.correiobraziliense.com.br\/cbradar\/wp-content\/uploads\/2025\/12\/freepik__faa-uma-imagem-realista-da-rvore-da-atemia-dando-u__4558.png","contentUrl":"https:\/\/www.correiobraziliense.com.br\/cbradar\/wp-content\/uploads\/2025\/12\/freepik__faa-uma-imagem-realista-da-rvore-da-atemia-dando-u__4558.png","width":1280,"height":720,"caption":"A atem\u00f3ia \u00e9 uma fruta h\u00edbrida originada do cruzamento entre a cherim\u00f3ia e a pinha"},{"@type":"BreadcrumbList","@id":"https:\/\/www.correiobraziliense.com.br\/cbradar\/a-fruta-diferente-que-esta-chamando-atencao-nas-feiras-pode-ajudar-a-dar-mais-energia-no-dia-a-dia\/#breadcrumb","itemListElement":[{"@type":"ListItem","position":1,"name":"In\u00edcio","item":"https:\/\/www.correiobraziliense.com.br\/cbradar\/"},{"@type":"ListItem","position":2,"name":"A fruta diferente que est\u00e1 chamando aten\u00e7\u00e3o nas feiras pode ajudar a dar mais energia no dia a dia"}]},{"@type":"WebSite","@id":"https:\/\/www.correiobraziliense.com.br\/cbradar\/#website","url":"https:\/\/www.correiobraziliense.com.br\/cbradar\/","name":"Correio Braziliense - Radar","description":"Acompanhe as \u00faltimas not\u00edcias e fique bem informado sobre tudo o que acontece no Brasil e no mundo.","potentialAction":[{"@type":"SearchAction","target":{"@type":"EntryPoint","urlTemplate":"https:\/\/www.correiobraziliense.com.br\/cbradar\/?s={search_term_string}"},"query-input":{"@type":"PropertyValueSpecification","valueRequired":true,"valueName":"search_term_string"}}],"inLanguage":"pt-BR"},{"@type":"Person","@id":"https:\/\/www.correiobraziliense.com.br\/cbradar\/#\/schema\/person\/7356666e12ec0ee53f348ee5db227032","name":"Daniely Cardoso","image":{"@type":"ImageObject","inLanguage":"pt-BR","@id":"https:\/\/www.correiobraziliense.com.br\/cbradar\/#\/schema\/person\/image\/","url":"https:\/\/secure.gravatar.com\/avatar\/4b80ddbd124d1f071b626d52d62e5dff?s=96&d=mm&r=g","contentUrl":"https:\/\/secure.gravatar.com\/avatar\/4b80ddbd124d1f071b626d52d62e5dff?s=96&d=mm&r=g","caption":"Daniely Cardoso"},"description":"Redatora nos portais CB Radar e EM Foco, formada pela Universidade Federal de Goi\u00e1s, em Goi\u00e2nia. Apaixonada por comunica\u00e7\u00e3o, arte, decora\u00e7\u00e3o e tend\u00eancias, atuo na produ\u00e7\u00e3o de conte\u00fados envolventes sobre curiosidades, moda, beleza e paisagismo, sempre com um olhar atento \u00e0s novidades do momento.","sameAs":["https:\/\/www.correiobraziliense.com.br\/cbradar"],"url":"https:\/\/www.correiobraziliense.com.br\/cbradar\/author\/danielymyth\/"}]}},"_links":{"self":[{"href":"https:\/\/www.correiobraziliense.com.br\/cbradar\/wp-json\/wp\/v2\/posts\/206728","targetHints":{"allow":["GET"]}}],"collection":[{"href":"https:\/\/www.correiobraziliense.com.br\/cbradar\/wp-json\/wp\/v2\/posts"}],"about":[{"href":"https:\/\/www.correiobraziliense.com.br\/cbradar\/wp-json\/wp\/v2\/types\/post"}],"author":[{"embeddable":true,"href":"https:\/\/www.correiobraziliense.com.br\/cbradar\/wp-json\/wp\/v2\/users\/9"}],"replies":[{"embeddable":true,"href":"https:\/\/www.correiobraziliense.com.br\/cbradar\/wp-json\/wp\/v2\/comments?post=206728"}],"version-history":[{"count":2,"href":"https:\/\/www.correiobraziliense.com.br\/cbradar\/wp-json\/wp\/v2\/posts\/206728\/revisions"}],"predecessor-version":[{"id":206756,"href":"https:\/\/www.correiobraziliense.com.br\/cbradar\/wp-json\/wp\/v2\/posts\/206728\/revisions\/206756"}],"wp:featuredmedia":[{"embeddable":true,"href":"https:\/\/www.correiobraziliense.com.br\/cbradar\/wp-json\/wp\/v2\/media\/153774"}],"wp:attachment":[{"href":"https:\/\/www.correiobraziliense.com.br\/cbradar\/wp-json\/wp\/v2\/media?parent=206728"}],"wp:term":[{"taxonomy":"category","embeddable":true,"href":"https:\/\/www.correiobraziliense.com.br\/cbradar\/wp-json\/wp\/v2\/categories?post=206728"},{"taxonomy":"post_tag","embeddable":true,"href":"https:\/\/www.correiobraziliense.com.br\/cbradar\/wp-json\/wp\/v2\/post_tag?post=206728"}],"curies":[{"name":"wp","href":"https:\/\/api.w.org\/{rel}","templated":true}]}}