{"id":206729,"date":"2026-03-12T13:05:42","date_gmt":"2026-03-12T16:05:42","guid":{"rendered":"https:\/\/www.correiobraziliense.com.br\/cbradar\/?p=206729"},"modified":"2026-03-11T16:08:23","modified_gmt":"2026-03-11T19:08:23","slug":"o-tempero-tradicional-das-panelas-brasileiras-pode-ajudar-no-conforto-digestivo","status":"publish","type":"post","link":"https:\/\/www.correiobraziliense.com.br\/cbradar\/o-tempero-tradicional-das-panelas-brasileiras-pode-ajudar-no-conforto-digestivo\/","title":{"rendered":"O tempero tradicional das panelas brasileiras pode ajudar no conforto digestivo"},"content":{"rendered":"\n<p>Voc\u00ea j\u00e1 colocou uma <b>folha de louro<\/b> no feij\u00e3o \u201cporque sempre foi assim\u201d, sem pensar muito no motivo? Esse <b>h\u00e1bito t\u00e3o comum<\/b> na cozinha brasileira vai al\u00e9m do sabor: muitas pessoas acreditam que o louro ajuda na digest\u00e3o e traz mais conforto depois das refei\u00e7\u00f5es, unindo tradi\u00e7\u00e3o, aroma e <b>bem-estar<\/b> no dia a dia.<\/p>\n\n\n\n<h2 class=\"wp-block-heading\">O que \u00e9 o louro e por que ele \u00e9 t\u00e3o presente na cozinha do dia a dia<\/h2>\n\n\n\n<p>O louro, ou <b>folha de louro<\/b>, vem da planta <em>Laurus nobilis<\/em>, origin\u00e1ria da regi\u00e3o do Mediterr\u00e2neo. Suas folhas, geralmente usadas secas, s\u00e3o colocadas inteiras em preparos como <b>feij\u00e3o, sopas<\/b>, molhos e ensopados, e retiradas antes de servir.<\/p>\n\n\n\n<p>Ele combina especialmente bem com pratos de <b>cozimento lento<\/b>, ajudando a equilibrar sabores fortes e reduzindo odores marcantes de alguns alimentos, como gr\u00e3os e carnes. Por ser f\u00e1cil de encontrar em <b>mercados e feiras<\/b>, acabou virando tempero \u201cfixo\u201d em muitas receitas <b>caseiras<\/b>.<\/p>\n\n\n<div class=\"wp-block-image\">\n<figure class=\"aligncenter size-full\"><img decoding=\"async\" width=\"1280\" height=\"720\" src=\"https:\/\/www.correiobraziliense.com.br\/cbradar\/wp-content\/uploads\/2026\/03\/Gemini_Generated_Image_lwnacwlwnacwlwna-1.png\" alt=\"\" class=\"wp-image-206763\" srcset=\"https:\/\/www.correiobraziliense.com.br\/cbradar\/wp-content\/uploads\/2026\/03\/Gemini_Generated_Image_lwnacwlwnacwlwna-1.png 1280w, https:\/\/www.correiobraziliense.com.br\/cbradar\/wp-content\/uploads\/2026\/03\/Gemini_Generated_Image_lwnacwlwnacwlwna-1-300x169.png 300w, https:\/\/www.correiobraziliense.com.br\/cbradar\/wp-content\/uploads\/2026\/03\/Gemini_Generated_Image_lwnacwlwnacwlwna-1-768x432.png 768w, https:\/\/www.correiobraziliense.com.br\/cbradar\/wp-content\/uploads\/2026\/03\/Gemini_Generated_Image_lwnacwlwnacwlwna-1-750x422.png 750w, https:\/\/www.correiobraziliense.com.br\/cbradar\/wp-content\/uploads\/2026\/03\/Gemini_Generated_Image_lwnacwlwnacwlwna-1-1140x641.png 1140w\" sizes=\"(max-width: 1280px) 100vw, 1280px\" \/><figcaption class=\"wp-element-caption\">O louro, ou folha de louro, vem da planta Laurus nobilis, origin\u00e1ria da regi\u00e3o do Mediterr\u00e2neo<\/figcaption><\/figure><\/div>\n\n\n<p>Leia tamb\u00e9m:&nbsp;<a href=\"https:\/\/www.correiobraziliense.com.br\/cbradar\/a-folha-verde-que-muita-gente-ignora-na-feira-pode-ajudar-o-intestino-e-ainda-e-facil-de-plantar-em-casa\/\" target=\"_blank\" rel=\"noopener\">A folha verde que muita gente ignora na feira pode ajudar o intestino e ainda \u00e9 f\u00e1cil de plantar em casa<\/a><\/p>\n\n\n\n<h2 class=\"wp-block-heading\">Como o louro pode ajudar na digest\u00e3o de forma simples e natural<\/h2>\n\n\n\n<p>Quando se fala em louro e digest\u00e3o, muita gente lembra daquela sensa\u00e7\u00e3o de <b>est\u00f4mago mais leve<\/b> depois de uma refei\u00e7\u00e3o pesada. As folhas concentram <b>\u00f3leos essenciais<\/b> e compostos que podem estimular o funcionamento natural do sistema digestivo, apoiando o corpo no <b>aproveitamento<\/b> dos alimentos.<\/p>\n\n\n\n<p>No dia a dia, o louro costuma ser usado em pratos que tendem a causar mais <b>gases ou desconforto<\/b>, como feij\u00e3o e lentilha. A sabedoria popular associa o uso do tempero a menos incha\u00e7o e menos <b>peso abdominal<\/b>, e essa percep\u00e7\u00e3o tem despertado o interesse de <b>estudos recentes<\/b>.<\/p>\n\n\n\n<h2 class=\"wp-block-heading\">Quais compostos do louro est\u00e3o ligados ao conforto digestivo<\/h2>\n\n\n\n<p>O louro re\u00fane <b>\u00f3leos essenciais<\/b> e subst\u00e2ncias arom\u00e1ticas que atuam em conjunto, como cineol, eugenol, taninos e <b>flavonoides variados<\/b>. Em pequenas quantidades, usadas de forma cont\u00ednua na alimenta\u00e7\u00e3o, esses compostos podem colaborar para um processo digestivo mais <b>confort\u00e1vel<\/b>.<\/p>\n\n\n\n<p>O <b>cineol<\/b>, tamb\u00e9m chamado de eucaliptol, e o <b>eugenol<\/b> aparecem com frequ\u00eancia em pesquisas sobre plantas arom\u00e1ticas. J\u00e1 taninos e flavonoides s\u00e3o conhecidos por sua a\u00e7\u00e3o <b>antioxidante<\/b>, ajudando a proteger as c\u00e9lulas e contribuindo para o equil\u00edbrio geral do organismo. Se voc\u00ea gosta de ouvir especialistas, separamos esse v\u00eddeo do canal <a href=\"https:\/\/www.youtube.com\/@CardioDF\" target=\"_blank\" rel=\"noreferrer noopener\">Cardio DF<\/a> mostrando mais detalhes dessa folha:<\/p>\n\n\n\n<figure class=\"wp-block-embed is-type-video is-provider-youtube wp-block-embed-youtube wp-embed-aspect-16-9 wp-has-aspect-ratio\"><div class=\"wp-block-embed__wrapper\">\n<div class=\"jeg_video_container jeg_video_content\"><iframe loading=\"lazy\" title=\"BEBA CH\u00c1 DE LOURO TODOS OS DIAS e VEJA O QUE ACONTECE COM SEU CORPO (7 BENEF\u00cdCIOS PROVADOS)\" width=\"500\" height=\"281\" src=\"https:\/\/www.youtube.com\/embed\/hj3lu3Ue0r4?feature=oembed\" frameborder=\"0\" allow=\"accelerometer; autoplay; clipboard-write; encrypted-media; gyroscope; picture-in-picture; web-share\" referrerpolicy=\"strict-origin-when-cross-origin\" allowfullscreen><\/iframe><\/div>\n<\/div><\/figure>\n\n\n\n<h2 class=\"wp-block-heading\">Como usar o louro na rotina sem exagero e com mais seguran\u00e7a<\/h2>\n\n\n\n<p>Na pr\u00e1tica, o louro entra na rotina principalmente pela <b>comida de todo dia<\/b>. Em panelas de feij\u00e3o, caldos, ensopados de carne ou frango, costuma-se usar <b>1 ou 2 folhas<\/b> inteiras, que v\u00e3o liberando sabor durante o cozimento e s\u00e3o retiradas antes de <b>servir<\/b>.<\/p>\n\n\n\n<p>Quando se fala em uso regular do louro, \u00e9 importante lembrar que \u201cquanto mais\u201d n\u00e3o significa <b>\u201cmelhor\u201d<\/b>. O ideal \u00e9 manter o consumo moderado e variar as formas de preparo ao longo da semana, sempre dentro de uma alimenta\u00e7\u00e3o <b>equilibrada e<\/b> diversificada.<\/p>\n\n\n\n<ul class=\"wp-block-list\">\n<li>Adicionar <b>1 a 2<\/b> folhas de louro em feij\u00e3o, lentilha ou <b>gr\u00e3o-de-bico<\/b>;<\/li>\n\n\n\n<li>Usar em ensopados de <b>carne, frango<\/b> ou legumes cozidos lentamente;<\/li>\n\n\n\n<li>Preparar infus\u00e3o suave, deixando a <b>folha em \u00e1gua<\/b> quente por alguns minutos e coando antes de <b>beber<\/b>;<\/li>\n\n\n\n<li>Combinar o louro com <b>temperos naturais<\/b>, como alho, cebola, salsinha e <b>cebolinha fresca<\/b>.<\/li>\n<\/ul>\n\n\n\n<figure class=\"wp-block-embed is-type-rich is-provider-pinterest wp-block-embed-pinterest\"><div class=\"wp-block-embed__wrapper\">\n<iframe loading=\"lazy\" title=\"FRANCISCOMARCOSDOSSANTOS | Perfil social\" src=\"https:\/\/assets.pinterest.com\/ext\/embed.html?id=6825836930052694&#038;src=oembed\" height=\"775\" width=\"450\" frameborder=\"0\" scrolling=\"no\" ><\/iframe>\n<\/div><\/figure>\n\n\n\n<h2 class=\"wp-block-heading\">Quando ter aten\u00e7\u00e3o ao usar o louro no dia a dia<\/h2>\n\n\n\n<p>Apesar de ser um <b>tempero comum<\/b>, o louro tamb\u00e9m merece alguns cuidados. O uso excessivo de folhas ou infus\u00f5es muito concentradas n\u00e3o \u00e9 indicado, especialmente para quem tem <b>sensibilidade digestiva<\/b> ou faz uso cont\u00ednuo de <b>medicamentos<\/b>.<\/p>\n\n\n\n<p>Gestantes, pessoas com <b>doen\u00e7as cr\u00f4nicas<\/b> ou em tratamento m\u00e9dico costumam ser orientadas a conversar com um profissional de sa\u00fade antes de consumir ch\u00e1s de louro com frequ\u00eancia. Assim, o tempero segue sendo um aliado da <b>digest\u00e3o<\/b>, mas sempre com bom senso e dentro de um estilo de vida <b>equilibrado<\/b>.<\/p>\n","protected":false},"excerpt":{"rendered":"<p>Voc\u00ea j\u00e1 colocou uma folha de louro no feij\u00e3o \u201cporque sempre foi assim\u201d, sem pensar muito no motivo? Esse h\u00e1bito t\u00e3o comum na cozinha brasileira vai al\u00e9m do sabor: muitas pessoas acreditam que o louro ajuda na digest\u00e3o e traz mais conforto depois das refei\u00e7\u00f5es, unindo tradi\u00e7\u00e3o, aroma e bem-estar no dia a dia. O [&hellip;]<\/p>\n","protected":false},"author":9,"featured_media":207032,"comment_status":"open","ping_status":"open","sticky":false,"template":"","format":"standard","meta":{"_yoast_wpseo_focuskw":"folha de louro","_yoast_wpseo_title":"","_yoast_wpseo_metadesc":"Um tempero muito comum nas panelas pode ter um papel interessante no conforto digestivo e no bem-estar ap\u00f3s as refei\u00e7\u00f5es.","jnews-multi-image_gallery":[],"jnews_single_post":{"format":"standard"},"jnews_primary_category":[],"jnews_social_meta":[],"jnews_override_counter":[],"footnotes":""},"categories":[119,4404],"post_tag":[3051,685,2141],"class_list":["post-206729","post","type-post","status-publish","format-standard","has-post-thumbnail","hentry","category-bem-estar","category-saude","tag-digestao","tag-louro","tag-tempero"],"yoast_head":"<!-- This site is optimized with the Yoast SEO plugin v24.6 - https:\/\/yoast.com\/wordpress\/plugins\/seo\/ -->\n<title>O tempero tradicional das panelas brasileiras pode ajudar no conforto digestivo - Correio Braziliense - Radar<\/title>\n<meta name=\"description\" content=\"Um tempero muito comum nas panelas pode ter um papel interessante no conforto digestivo e no bem-estar ap\u00f3s as refei\u00e7\u00f5es.\" \/>\n<meta name=\"robots\" content=\"index, follow, max-snippet:-1, max-image-preview:large, max-video-preview:-1\" \/>\n<link rel=\"canonical\" href=\"https:\/\/www.correiobraziliense.com.br\/cbradar\/o-tempero-tradicional-das-panelas-brasileiras-pode-ajudar-no-conforto-digestivo\/\" \/>\n<meta property=\"og:locale\" content=\"pt_BR\" \/>\n<meta property=\"og:type\" content=\"article\" \/>\n<meta property=\"og:title\" content=\"O tempero tradicional das panelas brasileiras pode ajudar no conforto digestivo - Correio Braziliense - Radar\" \/>\n<meta property=\"og:description\" content=\"Um tempero muito comum nas panelas pode ter um papel interessante no conforto digestivo e no bem-estar ap\u00f3s as refei\u00e7\u00f5es.\" \/>\n<meta property=\"og:url\" content=\"https:\/\/www.correiobraziliense.com.br\/cbradar\/o-tempero-tradicional-das-panelas-brasileiras-pode-ajudar-no-conforto-digestivo\/\" \/>\n<meta property=\"og:site_name\" content=\"Correio Braziliense - Radar\" \/>\n<meta property=\"article:published_time\" content=\"2026-03-12T16:05:42+00:00\" \/>\n<meta property=\"og:image\" content=\"https:\/\/www.correiobraziliense.com.br\/cbradar\/wp-content\/uploads\/2026\/03\/freepik__panela-de-feijo-cozinhando-no-fogo-com-duas-folhas__63000.jpeg\" \/>\n\t<meta property=\"og:image:width\" content=\"1280\" \/>\n\t<meta property=\"og:image:height\" content=\"720\" \/>\n\t<meta property=\"og:image:type\" content=\"image\/jpeg\" \/>\n<meta name=\"author\" content=\"Daniely Cardoso\" \/>\n<meta name=\"twitter:card\" content=\"summary_large_image\" \/>\n<meta name=\"twitter:label1\" content=\"Escrito por\" \/>\n\t<meta name=\"twitter:data1\" content=\"Daniely Cardoso\" \/>\n\t<meta name=\"twitter:label2\" content=\"Est. tempo de leitura\" \/>\n\t<meta name=\"twitter:data2\" content=\"4 minutos\" \/>\n<!-- \/ Yoast SEO plugin. -->","yoast_head_json":{"title":"O tempero tradicional das panelas brasileiras pode ajudar no conforto digestivo - Correio Braziliense - Radar","description":"Um tempero muito comum nas panelas pode ter um papel interessante no conforto digestivo e no bem-estar ap\u00f3s as refei\u00e7\u00f5es.","robots":{"index":"index","follow":"follow","max-snippet":"max-snippet:-1","max-image-preview":"max-image-preview:large","max-video-preview":"max-video-preview:-1"},"canonical":"https:\/\/www.correiobraziliense.com.br\/cbradar\/o-tempero-tradicional-das-panelas-brasileiras-pode-ajudar-no-conforto-digestivo\/","og_locale":"pt_BR","og_type":"article","og_title":"O tempero tradicional das panelas brasileiras pode ajudar no conforto digestivo - Correio Braziliense - Radar","og_description":"Um tempero muito comum nas panelas pode ter um papel interessante no conforto digestivo e no bem-estar ap\u00f3s as refei\u00e7\u00f5es.","og_url":"https:\/\/www.correiobraziliense.com.br\/cbradar\/o-tempero-tradicional-das-panelas-brasileiras-pode-ajudar-no-conforto-digestivo\/","og_site_name":"Correio Braziliense - Radar","article_published_time":"2026-03-12T16:05:42+00:00","og_image":[{"width":1280,"height":720,"url":"https:\/\/www.correiobraziliense.com.br\/cbradar\/wp-content\/uploads\/2026\/03\/freepik__panela-de-feijo-cozinhando-no-fogo-com-duas-folhas__63000.jpeg","type":"image\/jpeg"}],"author":"Daniely Cardoso","twitter_card":"summary_large_image","twitter_misc":{"Escrito por":"Daniely Cardoso","Est. tempo de leitura":"4 minutos"},"schema":{"@context":"https:\/\/schema.org","@graph":[{"@type":"WebPage","@id":"https:\/\/www.correiobraziliense.com.br\/cbradar\/o-tempero-tradicional-das-panelas-brasileiras-pode-ajudar-no-conforto-digestivo\/","url":"https:\/\/www.correiobraziliense.com.br\/cbradar\/o-tempero-tradicional-das-panelas-brasileiras-pode-ajudar-no-conforto-digestivo\/","name":"O tempero tradicional das panelas brasileiras pode ajudar no conforto digestivo - Correio Braziliense - Radar","isPartOf":{"@id":"https:\/\/www.correiobraziliense.com.br\/cbradar\/#website"},"primaryImageOfPage":{"@id":"https:\/\/www.correiobraziliense.com.br\/cbradar\/o-tempero-tradicional-das-panelas-brasileiras-pode-ajudar-no-conforto-digestivo\/#primaryimage"},"image":{"@id":"https:\/\/www.correiobraziliense.com.br\/cbradar\/o-tempero-tradicional-das-panelas-brasileiras-pode-ajudar-no-conforto-digestivo\/#primaryimage"},"thumbnailUrl":"https:\/\/www.correiobraziliense.com.br\/cbradar\/wp-content\/uploads\/2026\/03\/freepik__panela-de-feijo-cozinhando-no-fogo-com-duas-folhas__63000.jpeg","datePublished":"2026-03-12T16:05:42+00:00","author":{"@id":"https:\/\/www.correiobraziliense.com.br\/cbradar\/#\/schema\/person\/7356666e12ec0ee53f348ee5db227032"},"description":"Um tempero muito comum nas panelas pode ter um papel interessante no conforto digestivo e no bem-estar ap\u00f3s as refei\u00e7\u00f5es.","breadcrumb":{"@id":"https:\/\/www.correiobraziliense.com.br\/cbradar\/o-tempero-tradicional-das-panelas-brasileiras-pode-ajudar-no-conforto-digestivo\/#breadcrumb"},"inLanguage":"pt-BR","potentialAction":[{"@type":"ReadAction","target":["https:\/\/www.correiobraziliense.com.br\/cbradar\/o-tempero-tradicional-das-panelas-brasileiras-pode-ajudar-no-conforto-digestivo\/"]}]},{"@type":"ImageObject","inLanguage":"pt-BR","@id":"https:\/\/www.correiobraziliense.com.br\/cbradar\/o-tempero-tradicional-das-panelas-brasileiras-pode-ajudar-no-conforto-digestivo\/#primaryimage","url":"https:\/\/www.correiobraziliense.com.br\/cbradar\/wp-content\/uploads\/2026\/03\/freepik__panela-de-feijo-cozinhando-no-fogo-com-duas-folhas__63000.jpeg","contentUrl":"https:\/\/www.correiobraziliense.com.br\/cbradar\/wp-content\/uploads\/2026\/03\/freepik__panela-de-feijo-cozinhando-no-fogo-com-duas-folhas__63000.jpeg","width":1280,"height":720,"caption":"Folhas de louro s\u00e3o usadas na culin\u00e1ria para aromatizar feij\u00e3o, carnes e caldos"},{"@type":"BreadcrumbList","@id":"https:\/\/www.correiobraziliense.com.br\/cbradar\/o-tempero-tradicional-das-panelas-brasileiras-pode-ajudar-no-conforto-digestivo\/#breadcrumb","itemListElement":[{"@type":"ListItem","position":1,"name":"In\u00edcio","item":"https:\/\/www.correiobraziliense.com.br\/cbradar\/"},{"@type":"ListItem","position":2,"name":"O tempero tradicional das panelas brasileiras pode ajudar no conforto digestivo"}]},{"@type":"WebSite","@id":"https:\/\/www.correiobraziliense.com.br\/cbradar\/#website","url":"https:\/\/www.correiobraziliense.com.br\/cbradar\/","name":"Correio Braziliense - Radar","description":"Acompanhe as \u00faltimas not\u00edcias e fique bem informado sobre tudo o que acontece no Brasil e no mundo.","potentialAction":[{"@type":"SearchAction","target":{"@type":"EntryPoint","urlTemplate":"https:\/\/www.correiobraziliense.com.br\/cbradar\/?s={search_term_string}"},"query-input":{"@type":"PropertyValueSpecification","valueRequired":true,"valueName":"search_term_string"}}],"inLanguage":"pt-BR"},{"@type":"Person","@id":"https:\/\/www.correiobraziliense.com.br\/cbradar\/#\/schema\/person\/7356666e12ec0ee53f348ee5db227032","name":"Daniely Cardoso","image":{"@type":"ImageObject","inLanguage":"pt-BR","@id":"https:\/\/www.correiobraziliense.com.br\/cbradar\/#\/schema\/person\/image\/","url":"https:\/\/secure.gravatar.com\/avatar\/4b80ddbd124d1f071b626d52d62e5dff?s=96&d=mm&r=g","contentUrl":"https:\/\/secure.gravatar.com\/avatar\/4b80ddbd124d1f071b626d52d62e5dff?s=96&d=mm&r=g","caption":"Daniely Cardoso"},"description":"Redatora nos portais CB Radar e EM Foco, formada pela Universidade Federal de Goi\u00e1s, em Goi\u00e2nia. Apaixonada por comunica\u00e7\u00e3o, arte, decora\u00e7\u00e3o e tend\u00eancias, atuo na produ\u00e7\u00e3o de conte\u00fados envolventes sobre curiosidades, moda, beleza e paisagismo, sempre com um olhar atento \u00e0s novidades do momento.","sameAs":["https:\/\/www.correiobraziliense.com.br\/cbradar"],"url":"https:\/\/www.correiobraziliense.com.br\/cbradar\/author\/danielymyth\/"}]}},"_links":{"self":[{"href":"https:\/\/www.correiobraziliense.com.br\/cbradar\/wp-json\/wp\/v2\/posts\/206729","targetHints":{"allow":["GET"]}}],"collection":[{"href":"https:\/\/www.correiobraziliense.com.br\/cbradar\/wp-json\/wp\/v2\/posts"}],"about":[{"href":"https:\/\/www.correiobraziliense.com.br\/cbradar\/wp-json\/wp\/v2\/types\/post"}],"author":[{"embeddable":true,"href":"https:\/\/www.correiobraziliense.com.br\/cbradar\/wp-json\/wp\/v2\/users\/9"}],"replies":[{"embeddable":true,"href":"https:\/\/www.correiobraziliense.com.br\/cbradar\/wp-json\/wp\/v2\/comments?post=206729"}],"version-history":[{"count":2,"href":"https:\/\/www.correiobraziliense.com.br\/cbradar\/wp-json\/wp\/v2\/posts\/206729\/revisions"}],"predecessor-version":[{"id":206764,"href":"https:\/\/www.correiobraziliense.com.br\/cbradar\/wp-json\/wp\/v2\/posts\/206729\/revisions\/206764"}],"wp:featuredmedia":[{"embeddable":true,"href":"https:\/\/www.correiobraziliense.com.br\/cbradar\/wp-json\/wp\/v2\/media\/207032"}],"wp:attachment":[{"href":"https:\/\/www.correiobraziliense.com.br\/cbradar\/wp-json\/wp\/v2\/media?parent=206729"}],"wp:term":[{"taxonomy":"category","embeddable":true,"href":"https:\/\/www.correiobraziliense.com.br\/cbradar\/wp-json\/wp\/v2\/categories?post=206729"},{"taxonomy":"post_tag","embeddable":true,"href":"https:\/\/www.correiobraziliense.com.br\/cbradar\/wp-json\/wp\/v2\/post_tag?post=206729"}],"curies":[{"name":"wp","href":"https:\/\/api.w.org\/{rel}","templated":true}]}}